{"id":10326,"date":"2025-11-17T12:53:33","date_gmt":"2025-11-17T15:53:33","guid":{"rendered":"https:\/\/www.fiemg.com.br\/fiemg\/noticias\/pleito-antigo-da-fiemg-gasoduto-centro-oeste-e-inaugurado-em-divinopolis-com-presenca-do-governador\/"},"modified":"2025-11-18T09:35:20","modified_gmt":"2025-11-18T12:35:20","slug":"pleito-antigo-da-fiemg-gasoduto-centro-oeste-e-inaugurado-em-divinopolis-com-presenca-do-governador","status":"publish","type":"noticias","link":"https:\/\/www.fiemg.com.br\/fiemg\/noticias\/pleito-antigo-da-fiemg-gasoduto-centro-oeste-e-inaugurado-em-divinopolis-com-presenca-do-governador\/","title":{"rendered":"Pleito antigo da FIEMG, Gasoduto Centro-Oeste \u00e9 inaugurado em Divin\u00f3polis com presen\u00e7a do governador"},"content":{"rendered":"\n<figure class=\"wp-block-image aligncenter size-large\"><img fetchpriority=\"high\" decoding=\"async\" width=\"1024\" height=\"768\" src=\"https:\/\/www.fiemg.com.br\/fiemg\/wp-content\/uploads\/sites\/10\/2025\/11\/Governador-duscurso-inauguracao-gasoduto-1024x768.jpg\" alt=\"\" class=\"wp-image-10331\" srcset=\"https:\/\/www.fiemg.com.br\/fiemg\/wp-content\/uploads\/sites\/10\/2025\/11\/Governador-duscurso-inauguracao-gasoduto-1024x768.jpg 1024w, https:\/\/www.fiemg.com.br\/fiemg\/wp-content\/uploads\/sites\/10\/2025\/11\/Governador-duscurso-inauguracao-gasoduto-300x225.jpg 300w, https:\/\/www.fiemg.com.br\/fiemg\/wp-content\/uploads\/sites\/10\/2025\/11\/Governador-duscurso-inauguracao-gasoduto-768x576.jpg 768w, https:\/\/www.fiemg.com.br\/fiemg\/wp-content\/uploads\/sites\/10\/2025\/11\/Governador-duscurso-inauguracao-gasoduto-1536x1152.jpg 1536w, https:\/\/www.fiemg.com.br\/fiemg\/wp-content\/uploads\/sites\/10\/2025\/11\/Governador-duscurso-inauguracao-gasoduto.jpg 1600w\" sizes=\"(max-width: 1024px) 100vw, 1024px\" \/><\/figure>\n\n\n\n<p>Avan\u00e7o significativo na ind\u00fastria energ\u00e9tica em Minas Gerais, o Gasoduto respons\u00e1vel por levar g\u00e1s natural de Betim a Divin\u00f3polis, foi inaugurado na manh\u00e3 de hoje (17), em Ermida, distrito de Divin\u00f3polis, com a presen\u00e7a de funcion\u00e1rios da GASMIG, empres\u00e1rios, lideran\u00e7as e autoridades, entre eles presidente da FIEMG Regional Centro-Oeste, Eduardo Soares, a vice-prefeita de Divin\u00f3polis, Janete Aparecida, o presidente da GASMIG, Carlos Col\u00f3n, o vice-presidente da CEMIG, Marney Antunes, a secret\u00e1ria de estado de desenvolvimento, Mila Corr\u00eaa e o governador de Minas, Romeu Zema.<\/p>\n\n\n\n<p>A Esta\u00e7\u00e3o de G\u00e1s Ermida \u00e9 o ponto final da linha tronco que passa por Divin\u00f3polis, Ita\u00fana, Mateus Leme, Juatuba, Sarzedo, S\u00e3o Joaquim de Bicas e Igarap\u00e9. Juntos, os munic\u00edpios representam 10% do PIB industrial de Minas Gerais e a expectativa \u00e9 que distribua mais de 190 mil metros c\u00fabicos de g\u00e1s natural por dia.<\/p>\n\n\n\n<p>Para o presidente da FIEMG Regional Centro-Oeste, Eduardo Soares, essa inaugura\u00e7\u00e3o \u00e9 a concretiza\u00e7\u00e3o de anos de articula\u00e7\u00e3o da Federa\u00e7\u00e3o junto \u00e0 GASMIG e ao Governo do Estado, atrav\u00e9s de um di\u00e1logo aberto que buscava o aumento da competitividade para o setor produtivo. \u201cOs benef\u00edcios do g\u00e1s natural incluem efici\u00eancia energ\u00e9tica, redu\u00e7\u00e3o de emiss\u00f5es, economia e consequentemente aumento da competitividade para a ind\u00fastria, por isso, hoje celebramos junto dos nossos pares essa grande conquista pela qual lutamos ao longo dos anos. O Gasoduto passando por Divin\u00f3polis ser\u00e1 um propulsor do desenvolvimento\u201d, enfatizou.<\/p>\n\n\n\n<div class=\"wp-block-columns is-layout-flex wp-container-core-columns-is-layout-28f84493 wp-block-columns-is-layout-flex\">\n<div class=\"wp-block-column is-layout-flow wp-block-column-is-layout-flow\">\n<figure class=\"wp-block-image aligncenter size-large is-resized\"><img decoding=\"async\" width=\"1024\" height=\"768\" src=\"https:\/\/www.fiemg.com.br\/fiemg\/wp-content\/uploads\/sites\/10\/2025\/11\/VP-Regional-Presidnete-Gasmig-1024x768.jpg\" alt=\"\" class=\"wp-image-10327\" style=\"width:456px;height:auto\" srcset=\"https:\/\/www.fiemg.com.br\/fiemg\/wp-content\/uploads\/sites\/10\/2025\/11\/VP-Regional-Presidnete-Gasmig-1024x768.jpg 1024w, https:\/\/www.fiemg.com.br\/fiemg\/wp-content\/uploads\/sites\/10\/2025\/11\/VP-Regional-Presidnete-Gasmig-300x225.jpg 300w, https:\/\/www.fiemg.com.br\/fiemg\/wp-content\/uploads\/sites\/10\/2025\/11\/VP-Regional-Presidnete-Gasmig-768x576.jpg 768w, https:\/\/www.fiemg.com.br\/fiemg\/wp-content\/uploads\/sites\/10\/2025\/11\/VP-Regional-Presidnete-Gasmig-1536x1152.jpg 1536w, https:\/\/www.fiemg.com.br\/fiemg\/wp-content\/uploads\/sites\/10\/2025\/11\/VP-Regional-Presidnete-Gasmig.jpg 1600w\" sizes=\"(max-width: 1024px) 100vw, 1024px\" \/><\/figure>\n<\/div>\n<\/div>\n\n\n\n<p>A GASMIG \u00e9 a distribuidora exclusiva de g\u00e1s canalizado em Minas Gerais e atende atualmente mais 112 mil clientes em mais de 50 munic\u00edpios mineiros O presidente da GASMIG, Carlos Col\u00f3n, falou da relev\u00e2ncia do Centro-Oeste para a economia de Minas destacou a chegada \u00e0 regi\u00e3o como um passo importante para a interioriza\u00e7\u00e3o e universaliza\u00e7\u00e3o do g\u00e1s no estado. \u201cEssa regi\u00e3o \u00e9 um polo industrial de grande relev\u00e2ncia para o estado e necessitava de um sistema canalizado de g\u00e1s natural; com esse novo gasoduto o Centro-Oeste ter\u00e1 acesso a uma fonte de energia mais limpa, econ\u00f4mica, segura e eficiente. O g\u00e1s natural ocupa um lugar de destaque na transi\u00e7\u00e3o para uma matriz energ\u00e9tica mais sustent\u00e1vel contribuindo para redu\u00e7\u00e3o de emiss\u00f5es e fortalecimento da seguran\u00e7a energ\u00e9tica do estado. Ao trazer o g\u00e1s natural canalizado ampliamos as op\u00e7\u00f5es energ\u00e9ticas da regi\u00e3o promovendo maior resili\u00eancia e flexibilidade para a ind\u00fastria e para a sociedade\u201d, destacou.<\/p>\n\n\n\n<div class=\"wp-block-columns is-layout-flex wp-container-core-columns-is-layout-28f84493 wp-block-columns-is-layout-flex\">\n<div class=\"wp-block-column is-layout-flow wp-block-column-is-layout-flow\">\n<figure class=\"wp-block-image size-large\"><img decoding=\"async\" width=\"768\" height=\"1024\" src=\"https:\/\/www.fiemg.com.br\/fiemg\/wp-content\/uploads\/sites\/10\/2025\/11\/VP-regional-Presidente-Cemig-768x1024.jpg\" alt=\"\" class=\"wp-image-10328\" srcset=\"https:\/\/www.fiemg.com.br\/fiemg\/wp-content\/uploads\/sites\/10\/2025\/11\/VP-regional-Presidente-Cemig-768x1024.jpg 768w, https:\/\/www.fiemg.com.br\/fiemg\/wp-content\/uploads\/sites\/10\/2025\/11\/VP-regional-Presidente-Cemig-225x300.jpg 225w, https:\/\/www.fiemg.com.br\/fiemg\/wp-content\/uploads\/sites\/10\/2025\/11\/VP-regional-Presidente-Cemig-1152x1536.jpg 1152w, https:\/\/www.fiemg.com.br\/fiemg\/wp-content\/uploads\/sites\/10\/2025\/11\/VP-regional-Presidente-Cemig.jpg 1200w\" sizes=\"(max-width: 768px) 100vw, 768px\" \/><\/figure>\n<\/div>\n\n\n\n<div class=\"wp-block-column is-layout-flow wp-block-column-is-layout-flow\">\n<figure class=\"wp-block-image size-large\"><img loading=\"lazy\" decoding=\"async\" width=\"768\" height=\"1024\" src=\"https:\/\/www.fiemg.com.br\/fiemg\/wp-content\/uploads\/sites\/10\/2025\/11\/VP-regional-Governador-Zema-768x1024.jpg\" alt=\"\" class=\"wp-image-10329\" srcset=\"https:\/\/www.fiemg.com.br\/fiemg\/wp-content\/uploads\/sites\/10\/2025\/11\/VP-regional-Governador-Zema-768x1024.jpg 768w, https:\/\/www.fiemg.com.br\/fiemg\/wp-content\/uploads\/sites\/10\/2025\/11\/VP-regional-Governador-Zema-225x300.jpg 225w, https:\/\/www.fiemg.com.br\/fiemg\/wp-content\/uploads\/sites\/10\/2025\/11\/VP-regional-Governador-Zema-1152x1536.jpg 1152w, https:\/\/www.fiemg.com.br\/fiemg\/wp-content\/uploads\/sites\/10\/2025\/11\/VP-regional-Governador-Zema.jpg 1200w\" sizes=\"(max-width: 768px) 100vw, 768px\" \/><\/figure>\n<\/div>\n<\/div>\n\n\n\n<p>Com mais de R$ 800 milh\u00f5es em investimento, as obras da linha tronco foram iniciadas em mar\u00e7o de 2024 e geraram 15 mil empregos diretos e indiretos. De acordo com a vice-prefeita de Divin\u00f3polis, Janete Aparecida, a nova fonte energ\u00e9tica coloca o estado novamente com proje\u00e7\u00e3o de crescimento na economia. A l\u00edder do executivo destacou ainda a import\u00e2ncia da FIEMG nessa conquista. \u201cN\u00e3o podemos esquecer da atua\u00e7\u00e3o da FIEMG que j\u00e1 fala disso h\u00e1 anos e entende qual a voca\u00e7\u00e3o da nossa regi\u00e3o. Aumento de emprego e renda s\u00f3 \u00e9 poss\u00edvel com energia; com as fontes que t\u00ednhamos atualmente n\u00e3o seria poss\u00edvel ampliar, a ind\u00fastria n\u00e3o tinha como crescer mais, hoje entramos numa outra seara, podendo oferecer emergia suficiente para atrair novas empresas \u2013 isso \u00e9 caminhar com a economia\u201d, destacou.<\/p>\n\n\n\n<p>A secret\u00e1ria de estado de desenvolvimento, a divinopolitana Mila Corr\u00eaa, contou que desde crian\u00e7a j\u00e1 ouvia sobre o projeto do gasoduto. \u201cEsse \u00e9 um projeto relevante para expans\u00e3o industrial, um ponto diferencial para a cidade e regi\u00e3o. A FIEMG \u00e9 uma grande parceria do Governo do Estado, participou do movimento de quase tr\u00eas d\u00e9cadas de discuss\u00e3o desse projeto que \u00e9 t\u00e3o importante e hoje se torna realidade\u201d.<\/p>\n\n\n\n<p>O Governador Romeu Zema lembrou que o Centro-Oeste recebeu recentemente novas subesta\u00e7\u00f5es da CEMIG e listou futuras obras a serem inauguradas no pr\u00f3ximo ano, destacando que a regi\u00e3o se encontra com grande oferta energ\u00e9tica para atrair investimentos e gerar neg\u00f3cios. \u201cA regi\u00e3o fica ainda mais bem servida, n\u00e3o vai faltar op\u00e7\u00e3o de energia para o setor produtivo, que at\u00e9 pouco tempo encontrava dificuldade. Hoje temos uma economia mais diversificada, cada vez mais menos dependente da minera\u00e7\u00e3o, crescemos acima da m\u00e9dia do Brasil, geramos mais de 1milh\u00e3o de empregos com carteira assinada e acreditamos que Minas vai continuar avan\u00e7ando e prosperando. Entramos num c\u00edrculo virtuoso reflexo do trabalho em equipe\u201d, finalizou.<\/p>\n\n\n\n<p>Para garantir a proximidade e excel\u00eancia aos clientes da regi\u00e3o, foi inaugurado tamb\u00e9m um novo Centro de Distribui\u00e7\u00e3o em Divin\u00f3polis, o CD Oeste, que contar\u00e1 com estrutura e equipe pr\u00f3prias garantindo agilidade operacional, qualidade de atendimento e refor\u00e7ando a atua\u00e7\u00e3o local.<\/p>\n\n\n\n<figure class=\"wp-block-image aligncenter size-large\"><img loading=\"lazy\" decoding=\"async\" width=\"1024\" height=\"768\" src=\"https:\/\/www.fiemg.com.br\/fiemg\/wp-content\/uploads\/sites\/10\/2025\/11\/inauguracao-gasoduto-Ermida-1024x768.jpg\" alt=\"\" class=\"wp-image-10330\" srcset=\"https:\/\/www.fiemg.com.br\/fiemg\/wp-content\/uploads\/sites\/10\/2025\/11\/inauguracao-gasoduto-Ermida-1024x768.jpg 1024w, https:\/\/www.fiemg.com.br\/fiemg\/wp-content\/uploads\/sites\/10\/2025\/11\/inauguracao-gasoduto-Ermida-300x225.jpg 300w, https:\/\/www.fiemg.com.br\/fiemg\/wp-content\/uploads\/sites\/10\/2025\/11\/inauguracao-gasoduto-Ermida-768x576.jpg 768w, https:\/\/www.fiemg.com.br\/fiemg\/wp-content\/uploads\/sites\/10\/2025\/11\/inauguracao-gasoduto-Ermida-1536x1152.jpg 1536w, https:\/\/www.fiemg.com.br\/fiemg\/wp-content\/uploads\/sites\/10\/2025\/11\/inauguracao-gasoduto-Ermida.jpg 1600w\" sizes=\"(max-width: 1024px) 100vw, 1024px\" \/><\/figure>\n","protected":false},"featured_media":10332,"template":"","categories":[],"tags":[],"class_list":["post-10326","noticias","type-noticias","status-publish","has-post-thumbnail","hentry"],"acf":[],"yoast_head":"<!-- This site is optimized with the Yoast SEO plugin v26.2 - https:\/\/yoast.com\/wordpress\/plugins\/seo\/ -->\n<title>Pleito antigo da FIEMG, Gasoduto Centro-Oeste \u00e9 inaugurado em Divin\u00f3polis com presen\u00e7a do governador - FIEMG<\/title>\n<meta name=\"robots\" content=\"index, follow, max-snippet:-1, max-image-preview:large, max-video-preview:-1\" \/>\n<link rel=\"canonical\" href=\"https:\/\/www.fiemg.com.br\/fiemg\/noticias\/pleito-antigo-da-fiemg-gasoduto-centro-oeste-e-inaugurado-em-divinopolis-com-presenca-do-governador\/\" \/>\n<meta property=\"og:locale\" content=\"pt_BR\" \/>\n<meta property=\"og:type\" content=\"article\" \/>\n<meta property=\"og:title\" content=\"Pleito antigo da FIEMG, Gasoduto Centro-Oeste \u00e9 inaugurado em Divin\u00f3polis com presen\u00e7a do governador - FIEMG\" \/>\n<meta property=\"og:description\" content=\"Avan\u00e7o significativo na ind\u00fastria energ\u00e9tica em Minas Gerais, o Gasoduto respons\u00e1vel por levar g\u00e1s natural de Betim a Divin\u00f3polis, foi inaugurado na manh\u00e3 de hoje (17), em Ermida, distrito de Divin\u00f3polis, com a presen\u00e7a de funcion\u00e1rios da GASMIG, empres\u00e1rios, lideran\u00e7as e autoridades, entre eles presidente da FIEMG Regional Centro-Oeste, Eduardo Soares, a vice-prefeita de Divin\u00f3polis, [&hellip;]\" \/>\n<meta property=\"og:url\" content=\"https:\/\/www.fiemg.com.br\/fiemg\/noticias\/pleito-antigo-da-fiemg-gasoduto-centro-oeste-e-inaugurado-em-divinopolis-com-presenca-do-governador\/\" \/>\n<meta property=\"og:site_name\" content=\"FIEMG\" \/>\n<meta property=\"article:modified_time\" content=\"2025-11-18T12:35:20+00:00\" \/>\n<meta property=\"og:image\" content=\"https:\/\/www.fiemg.com.br\/fiemg\/wp-content\/uploads\/sites\/10\/2025\/11\/descerramento-placa-gasoduto-e1763394663902.jpg\" \/>\n\t<meta property=\"og:image:width\" content=\"1333\" \/>\n\t<meta property=\"og:image:height\" content=\"747\" \/>\n\t<meta property=\"og:image:type\" content=\"image\/jpeg\" \/>\n<meta name=\"twitter:card\" content=\"summary_large_image\" \/>\n<meta name=\"twitter:label1\" content=\"Est. tempo de leitura\" \/>\n\t<meta name=\"twitter:data1\" content=\"6 minutos\" \/>\n<script type=\"application\/ld+json\" class=\"yoast-schema-graph\">{\"@context\":\"https:\/\/schema.org\",\"@graph\":[{\"@type\":\"WebPage\",\"@id\":\"https:\/\/www.fiemg.com.br\/fiemg\/noticias\/pleito-antigo-da-fiemg-gasoduto-centro-oeste-e-inaugurado-em-divinopolis-com-presenca-do-governador\/\",\"url\":\"https:\/\/www.fiemg.com.br\/fiemg\/noticias\/pleito-antigo-da-fiemg-gasoduto-centro-oeste-e-inaugurado-em-divinopolis-com-presenca-do-governador\/\",\"name\":\"Pleito antigo da FIEMG, Gasoduto Centro-Oeste \u00e9 inaugurado em Divin\u00f3polis com presen\u00e7a do governador - FIEMG\",\"isPartOf\":{\"@id\":\"https:\/\/www.fiemg.com.br\/fiemg\/#website\"},\"primaryImageOfPage\":{\"@id\":\"https:\/\/www.fiemg.com.br\/fiemg\/noticias\/pleito-antigo-da-fiemg-gasoduto-centro-oeste-e-inaugurado-em-divinopolis-com-presenca-do-governador\/#primaryimage\"},\"image\":{\"@id\":\"https:\/\/www.fiemg.com.br\/fiemg\/noticias\/pleito-antigo-da-fiemg-gasoduto-centro-oeste-e-inaugurado-em-divinopolis-com-presenca-do-governador\/#primaryimage\"},\"thumbnailUrl\":\"https:\/\/www.fiemg.com.br\/fiemg\/wp-content\/uploads\/sites\/10\/2025\/11\/descerramento-placa-gasoduto-e1763394663902.jpg\",\"datePublished\":\"2025-11-17T15:53:33+00:00\",\"dateModified\":\"2025-11-18T12:35:20+00:00\",\"breadcrumb\":{\"@id\":\"https:\/\/www.fiemg.com.br\/fiemg\/noticias\/pleito-antigo-da-fiemg-gasoduto-centro-oeste-e-inaugurado-em-divinopolis-com-presenca-do-governador\/#breadcrumb\"},\"inLanguage\":\"pt-BR\",\"potentialAction\":[{\"@type\":\"ReadAction\",\"target\":[\"https:\/\/www.fiemg.com.br\/fiemg\/noticias\/pleito-antigo-da-fiemg-gasoduto-centro-oeste-e-inaugurado-em-divinopolis-com-presenca-do-governador\/\"]}]},{\"@type\":\"ImageObject\",\"inLanguage\":\"pt-BR\",\"@id\":\"https:\/\/www.fiemg.com.br\/fiemg\/noticias\/pleito-antigo-da-fiemg-gasoduto-centro-oeste-e-inaugurado-em-divinopolis-com-presenca-do-governador\/#primaryimage\",\"url\":\"https:\/\/www.fiemg.com.br\/fiemg\/wp-content\/uploads\/sites\/10\/2025\/11\/descerramento-placa-gasoduto-e1763394663902.jpg\",\"contentUrl\":\"https:\/\/www.fiemg.com.br\/fiemg\/wp-content\/uploads\/sites\/10\/2025\/11\/descerramento-placa-gasoduto-e1763394663902.jpg\",\"width\":1333,\"height\":747},{\"@type\":\"BreadcrumbList\",\"@id\":\"https:\/\/www.fiemg.com.br\/fiemg\/noticias\/pleito-antigo-da-fiemg-gasoduto-centro-oeste-e-inaugurado-em-divinopolis-com-presenca-do-governador\/#breadcrumb\",\"itemListElement\":[{\"@type\":\"ListItem\",\"position\":1,\"name\":\"In\u00edcio\",\"item\":\"https:\/\/www.fiemg.com.br\/fiemg\/\"},{\"@type\":\"ListItem\",\"position\":2,\"name\":\"Pleito antigo da FIEMG, Gasoduto Centro-Oeste \u00e9 inaugurado em Divin\u00f3polis com presen\u00e7a do governador\"}]},{\"@type\":\"WebSite\",\"@id\":\"https:\/\/www.fiemg.com.br\/fiemg\/#website\",\"url\":\"https:\/\/www.fiemg.com.br\/fiemg\/\",\"name\":\"FIEMG\",\"description\":\"Federa\u00e7\u00e3o das Ind\u00fastrias do Estado de Minas Gerais\",\"publisher\":{\"@id\":\"https:\/\/www.fiemg.com.br\/fiemg\/#organization\"},\"potentialAction\":[{\"@type\":\"SearchAction\",\"target\":{\"@type\":\"EntryPoint\",\"urlTemplate\":\"https:\/\/www.fiemg.com.br\/fiemg\/?s={search_term_string}\"},\"query-input\":{\"@type\":\"PropertyValueSpecification\",\"valueRequired\":true,\"valueName\":\"search_term_string\"}}],\"inLanguage\":\"pt-BR\"},{\"@type\":\"Organization\",\"@id\":\"https:\/\/www.fiemg.com.br\/fiemg\/#organization\",\"name\":\"FIEMG\",\"url\":\"https:\/\/www.fiemg.com.br\/fiemg\/\",\"logo\":{\"@type\":\"ImageObject\",\"inLanguage\":\"pt-BR\",\"@id\":\"https:\/\/www.fiemg.com.br\/fiemg\/#\/schema\/logo\/image\/\",\"url\":\"https:\/\/www.fiemg.com.br\/fiemg\/wp-content\/uploads\/sites\/10\/2023\/02\/fiemg_branco.svg\",\"contentUrl\":\"https:\/\/www.fiemg.com.br\/fiemg\/wp-content\/uploads\/sites\/10\/2023\/02\/fiemg_branco.svg\",\"width\":561,\"height\":147,\"caption\":\"FIEMG\"},\"image\":{\"@id\":\"https:\/\/www.fiemg.com.br\/fiemg\/#\/schema\/logo\/image\/\"}}]}<\/script>\n<!-- \/ Yoast SEO plugin. -->","yoast_head_json":{"title":"Pleito antigo da FIEMG, Gasoduto Centro-Oeste \u00e9 inaugurado em Divin\u00f3polis com presen\u00e7a do governador - FIEMG","robots":{"index":"index","follow":"follow","max-snippet":"max-snippet:-1","max-image-preview":"max-image-preview:large","max-video-preview":"max-video-preview:-1"},"canonical":"https:\/\/www.fiemg.com.br\/fiemg\/noticias\/pleito-antigo-da-fiemg-gasoduto-centro-oeste-e-inaugurado-em-divinopolis-com-presenca-do-governador\/","og_locale":"pt_BR","og_type":"article","og_title":"Pleito antigo da FIEMG, Gasoduto Centro-Oeste \u00e9 inaugurado em Divin\u00f3polis com presen\u00e7a do governador - FIEMG","og_description":"Avan\u00e7o significativo na ind\u00fastria energ\u00e9tica em Minas Gerais, o Gasoduto respons\u00e1vel por levar g\u00e1s natural de Betim a Divin\u00f3polis, foi inaugurado na manh\u00e3 de hoje (17), em Ermida, distrito de Divin\u00f3polis, com a presen\u00e7a de funcion\u00e1rios da GASMIG, empres\u00e1rios, lideran\u00e7as e autoridades, entre eles presidente da FIEMG Regional Centro-Oeste, Eduardo Soares, a vice-prefeita de Divin\u00f3polis, [&hellip;]","og_url":"https:\/\/www.fiemg.com.br\/fiemg\/noticias\/pleito-antigo-da-fiemg-gasoduto-centro-oeste-e-inaugurado-em-divinopolis-com-presenca-do-governador\/","og_site_name":"FIEMG","article_modified_time":"2025-11-18T12:35:20+00:00","og_image":[{"width":1333,"height":747,"url":"https:\/\/www.fiemg.com.br\/fiemg\/wp-content\/uploads\/sites\/10\/2025\/11\/descerramento-placa-gasoduto-e1763394663902.jpg","type":"image\/jpeg"}],"twitter_card":"summary_large_image","twitter_misc":{"Est. tempo de leitura":"6 minutos"},"schema":{"@context":"https:\/\/schema.org","@graph":[{"@type":"WebPage","@id":"https:\/\/www.fiemg.com.br\/fiemg\/noticias\/pleito-antigo-da-fiemg-gasoduto-centro-oeste-e-inaugurado-em-divinopolis-com-presenca-do-governador\/","url":"https:\/\/www.fiemg.com.br\/fiemg\/noticias\/pleito-antigo-da-fiemg-gasoduto-centro-oeste-e-inaugurado-em-divinopolis-com-presenca-do-governador\/","name":"Pleito antigo da FIEMG, Gasoduto Centro-Oeste \u00e9 inaugurado em Divin\u00f3polis com presen\u00e7a do governador - FIEMG","isPartOf":{"@id":"https:\/\/www.fiemg.com.br\/fiemg\/#website"},"primaryImageOfPage":{"@id":"https:\/\/www.fiemg.com.br\/fiemg\/noticias\/pleito-antigo-da-fiemg-gasoduto-centro-oeste-e-inaugurado-em-divinopolis-com-presenca-do-governador\/#primaryimage"},"image":{"@id":"https:\/\/www.fiemg.com.br\/fiemg\/noticias\/pleito-antigo-da-fiemg-gasoduto-centro-oeste-e-inaugurado-em-divinopolis-com-presenca-do-governador\/#primaryimage"},"thumbnailUrl":"https:\/\/www.fiemg.com.br\/fiemg\/wp-content\/uploads\/sites\/10\/2025\/11\/descerramento-placa-gasoduto-e1763394663902.jpg","datePublished":"2025-11-17T15:53:33+00:00","dateModified":"2025-11-18T12:35:20+00:00","breadcrumb":{"@id":"https:\/\/www.fiemg.com.br\/fiemg\/noticias\/pleito-antigo-da-fiemg-gasoduto-centro-oeste-e-inaugurado-em-divinopolis-com-presenca-do-governador\/#breadcrumb"},"inLanguage":"pt-BR","potentialAction":[{"@type":"ReadAction","target":["https:\/\/www.fiemg.com.br\/fiemg\/noticias\/pleito-antigo-da-fiemg-gasoduto-centro-oeste-e-inaugurado-em-divinopolis-com-presenca-do-governador\/"]}]},{"@type":"ImageObject","inLanguage":"pt-BR","@id":"https:\/\/www.fiemg.com.br\/fiemg\/noticias\/pleito-antigo-da-fiemg-gasoduto-centro-oeste-e-inaugurado-em-divinopolis-com-presenca-do-governador\/#primaryimage","url":"https:\/\/www.fiemg.com.br\/fiemg\/wp-content\/uploads\/sites\/10\/2025\/11\/descerramento-placa-gasoduto-e1763394663902.jpg","contentUrl":"https:\/\/www.fiemg.com.br\/fiemg\/wp-content\/uploads\/sites\/10\/2025\/11\/descerramento-placa-gasoduto-e1763394663902.jpg","width":1333,"height":747},{"@type":"BreadcrumbList","@id":"https:\/\/www.fiemg.com.br\/fiemg\/noticias\/pleito-antigo-da-fiemg-gasoduto-centro-oeste-e-inaugurado-em-divinopolis-com-presenca-do-governador\/#breadcrumb","itemListElement":[{"@type":"ListItem","position":1,"name":"In\u00edcio","item":"https:\/\/www.fiemg.com.br\/fiemg\/"},{"@type":"ListItem","position":2,"name":"Pleito antigo da FIEMG, Gasoduto Centro-Oeste \u00e9 inaugurado em Divin\u00f3polis com presen\u00e7a do governador"}]},{"@type":"WebSite","@id":"https:\/\/www.fiemg.com.br\/fiemg\/#website","url":"https:\/\/www.fiemg.com.br\/fiemg\/","name":"FIEMG","description":"Federa\u00e7\u00e3o das Ind\u00fastrias do Estado de Minas Gerais","publisher":{"@id":"https:\/\/www.fiemg.com.br\/fiemg\/#organization"},"potentialAction":[{"@type":"SearchAction","target":{"@type":"EntryPoint","urlTemplate":"https:\/\/www.fiemg.com.br\/fiemg\/?s={search_term_string}"},"query-input":{"@type":"PropertyValueSpecification","valueRequired":true,"valueName":"search_term_string"}}],"inLanguage":"pt-BR"},{"@type":"Organization","@id":"https:\/\/www.fiemg.com.br\/fiemg\/#organization","name":"FIEMG","url":"https:\/\/www.fiemg.com.br\/fiemg\/","logo":{"@type":"ImageObject","inLanguage":"pt-BR","@id":"https:\/\/www.fiemg.com.br\/fiemg\/#\/schema\/logo\/image\/","url":"https:\/\/www.fiemg.com.br\/fiemg\/wp-content\/uploads\/sites\/10\/2023\/02\/fiemg_branco.svg","contentUrl":"https:\/\/www.fiemg.com.br\/fiemg\/wp-content\/uploads\/sites\/10\/2023\/02\/fiemg_branco.svg","width":561,"height":147,"caption":"FIEMG"},"image":{"@id":"https:\/\/www.fiemg.com.br\/fiemg\/#\/schema\/logo\/image\/"}}]}},"_links":{"self":[{"href":"https:\/\/www.fiemg.com.br\/fiemg\/wp-json\/wp\/v2\/noticias\/10326","targetHints":{"allow":["GET"]}}],"collection":[{"href":"https:\/\/www.fiemg.com.br\/fiemg\/wp-json\/wp\/v2\/noticias"}],"about":[{"href":"https:\/\/www.fiemg.com.br\/fiemg\/wp-json\/wp\/v2\/types\/noticias"}],"wp:featuredmedia":[{"embeddable":true,"href":"https:\/\/www.fiemg.com.br\/fiemg\/wp-json\/wp\/v2\/media\/10332"}],"wp:attachment":[{"href":"https:\/\/www.fiemg.com.br\/fiemg\/wp-json\/wp\/v2\/media?parent=10326"}],"wp:term":[{"taxonomy":"category","embeddable":true,"href":"https:\/\/www.fiemg.com.br\/fiemg\/wp-json\/wp\/v2\/categories?post=10326"},{"taxonomy":"post_tag","embeddable":true,"href":"https:\/\/www.fiemg.com.br\/fiemg\/wp-json\/wp\/v2\/tags?post=10326"}],"curies":[{"name":"wp","href":"https:\/\/api.w.org\/{rel}","templated":true}]}}