{"id":10336,"date":"2025-11-18T11:14:00","date_gmt":"2025-11-18T14:14:00","guid":{"rendered":"https:\/\/www.fiemg.com.br\/fiemg\/noticias\/reuniao-reune-empresarios-e-especialistas-para-discutir-avancos-tecnologicos-nanomateriais-esg-e-caminhos-para-fortalecer-o-setor-produtivo-mineiro\/"},"modified":"2025-11-19T09:48:16","modified_gmt":"2025-11-19T12:48:16","slug":"reuniao-reune-empresarios-e-especialistas-para-discutir-avancos-tecnologicos-nanomateriais-esg-e-caminhos-para-fortalecer-o-setor-produtivo-mineiro","status":"publish","type":"noticias","link":"https:\/\/www.fiemg.com.br\/fiemg\/noticias\/reuniao-reune-empresarios-e-especialistas-para-discutir-avancos-tecnologicos-nanomateriais-esg-e-caminhos-para-fortalecer-o-setor-produtivo-mineiro\/","title":{"rendered":"Conselho de Gest\u00e3o e Competitividade debate inova\u00e7\u00e3o e sustentabilidade em encontro na FIEMG"},"content":{"rendered":"\n<p>A reuni\u00e3o do Conselho de Gest\u00e3o e Competitividade foi realizada no dia 18 de novembro na sede da FIEMG, em Belo Horizonte, reunindo empres\u00e1rios, especialistas e representantes do setor produtivo para debater temas estrat\u00e9gicos ao desenvolvimento econ\u00f4mico do estado. A presidente do colegiado, Ivana Serpa, destacou na abertura a import\u00e2ncia de aproximar o setor industrial da inova\u00e7\u00e3o cient\u00edfica e das pr\u00e1ticas de sustentabilidade para ampliar a competitividade das empresas mineiras. A programa\u00e7\u00e3o contou com a participa\u00e7\u00e3o de especialistas que apresentaram dois pilares para a transforma\u00e7\u00e3o: nanotecnologia e ESG.<\/p>\n\n\n\n<p>O primeiro tema foi trazido pelo Centro de Tecnologia em Nanomateriais e Grafeno (CTNano\/UFMG), representado por Glaura Goulart e Cl\u00e1udia Ara\u00fajo, que deram um panorama das principais frentes de pesquisa do centro e destacaram o impacto da nanotecnologia em diversos segmentos industriais. Localizado no Parque Tecnol\u00f3gico de Belo Horizonte (BH-TEC), o CTNano \u00e9 um dos seis Centros Institucionais de Tecnologia e Inova\u00e7\u00e3o da UFMG, destacando-se pelo desenvolvimento de solu\u00e7\u00f5es inovadoras em nanomateriais, apoiada por equipes multidisciplinares e uma robusta infraestrutura laboratorial.<br><br>\u201cAtualmente, o centro mant\u00e9m 30 projetos de pesquisa em andamento, j\u00e1 captou R$ 21 milh\u00f5es em investimentos e realizou R$ 1,5 milh\u00e3o em presta\u00e7\u00e3o de servi\u00e7os para empresas e organiza\u00e7\u00f5es, conforme explicou Glaura Goulart. A diversidade dos laborat\u00f3rios que comp\u00f5em o complexo, incluindo unidades especializadas em Cer\u00e2micos, Pol\u00edmeros, S\u00edntese de Nanomateriais (grafeno e nanotubos), Corros\u00e3o, Caracteriza\u00e7\u00e3o Mec\u00e2nica e Estrutural e Sa\u00fade, Meio Ambiente e Seguran\u00e7a, permite ao CTNano atuar de ponta a ponta na cadeia de desenvolvimento de materiais avan\u00e7ados, sendo um promotor de apoio \u00e0 inova\u00e7\u00e3o\u201d, explica Glaura.&nbsp;<\/p>\n\n\n\n<p>Segundo ela, o portf\u00f3lio do centro inclui a produ\u00e7\u00e3o de nanomateriais (grafeno, nanotubos e nanopart\u00edculas), nanointermedi\u00e1rios (matrizes nanoestruturadas, nanossensores, membranas e fluidos) e nanoaplica\u00e7\u00f5es com potencial de impacto direto em setores como petr\u00f3leo e g\u00e1s, constru\u00e7\u00e3o civil, minera\u00e7\u00e3o, siderurgia, qu\u00edmica, energia, t\u00eaxtil, sa\u00fade e biotecnologia.<br><br>A professora Glaura ainda destacou alguns dos projetos recentes, como os revestimentos anticorrosivos capazes de reduzir entre 40% e 70% a \u00e1rea corro\u00edda em metais; os sensores inteligentes que monitoram gases e l\u00edquidos, inclusive utilizados na produ\u00e7\u00e3o de cerveja e cacha\u00e7a; os fios condutores de carbono, alternativa leve e eficiente para substituir cabos de cobre e alum\u00ednio, com grande potencial para o setor automotivo; e a Plataforma BioSearch, que emprega nanopart\u00edculas de ouro para diagn\u00f3sticos r\u00e1pidos e controle de qualidade na \u00e1rea farmac\u00eautica. \u201cO CTNano integra ainda a Rede EMBRAPII, oferecendo cofinanciamento para inova\u00e7\u00e3o, suporte t\u00e9cnico especializado e forte conex\u00e3o entre pesquisa cient\u00edfica e demandas reais da ind\u00fastria\u201d, disse a docente.<\/p>\n\n\n\n<figure class=\"wp-block-image alignleft size-full\" style=\"margin-top:8px;margin-right:8px;margin-bottom:8px;margin-left:8px\"><img fetchpriority=\"high\" decoding=\"async\" width=\"328\" height=\"294\" src=\"https:\/\/www.fiemg.com.br\/fiemg\/wp-content\/uploads\/sites\/10\/2025\/11\/image-14.png\" alt=\"\" class=\"wp-image-10337\" srcset=\"https:\/\/www.fiemg.com.br\/fiemg\/wp-content\/uploads\/sites\/10\/2025\/11\/image-14.png 328w, https:\/\/www.fiemg.com.br\/fiemg\/wp-content\/uploads\/sites\/10\/2025\/11\/image-14-300x269.png 300w\" sizes=\"(max-width: 328px) 100vw, 328px\" \/><\/figure>\n\n\n\n<p>O segundo tema foi \u201cESG na Pr\u00e1tica: Como a FIEMG Impulsiona a Transforma\u00e7\u00e3o das Ind\u00fastrias Mineiras, por meio da oferta de suas solu\u00e7\u00f5es\u201d, conduzido por Mateus Claudino, analista de sustentabilidade do IEL. Ele conceituou ESG e apresentou a\u00e7\u00f5es, programas e ferramentas que apoiam as empresas mineiras na implementa\u00e7\u00e3o de agendas ambientais, sociais e de governan\u00e7a.&nbsp;Claudino explicou que, para apoiar o setor produtivo, a FIEMG, por meio do IEL, criou em 2024 o Selo Ind\u00fastria Respons\u00e1vel. A certifica\u00e7\u00e3o permite que a ind\u00fastria ateste seu n\u00edvel de maturidade e compromisso com a sustentabilidade e responsabilidade social, apresentando cinco est\u00e1gios de maturidade, do Est\u00e1gio Inicial at\u00e9 o Selo ESG Transformador, que lidera a mudan\u00e7a no setor.<\/p>\n\n\n\n<p>O analista de sustentabilidade esclareceu que o processo para obten\u00e7\u00e3o do Selo inclui seis passos: Conhecimento do Selo, Autodiagn\u00f3stico Gratuito, Prepara\u00e7\u00e3o, Contrata\u00e7\u00e3o do Selo, Auditoria e Certifica\u00e7\u00e3o (com validade de dois anos). O investimento para o Selo Ind\u00fastria Respons\u00e1vel varia de R$ 9 mil para pequenas empresas (at\u00e9 99 colaboradores) a R$ 20 mil para grandes empresas (acima de 500 colaboradores).<\/p>\n\n\n\n<p>\u201cTamb\u00e9m oferece apoio para organiza\u00e7\u00f5es que ainda n\u00e3o atingiram os n\u00edveis eleg\u00edveis ao Selo, por meio de solu\u00e7\u00f5es de consultoria e assessoria, permitindo que a organiza\u00e7\u00e3o tamb\u00e9m conduza o processo de prepara\u00e7\u00e3o com times internos ou assessorias pr\u00f3prias\u201d, disse, pontuando que entre as solu\u00e7\u00f5es oferecidas est\u00e3o: Consultoria ESG, Mentoria ESG e o ESG na Cadeia de Fornecedores.<\/p>\n\n\n\n<p>Acesse o <a href=\"https:\/\/www.flickr.com\/photos\/sistemafiemg\/albums\/72177720330399922\">Flickr do Sistema FIEMG<\/a> para ver as fotos da reuni\u00e3o do Conselho de Gest\u00e3o e Competitividade.<\/p>\n\n\n\n<p><em>Denise Lucas<\/em><br><strong>Imprensa FIEMG<\/strong><\/p>\n\n\n\n<p><\/p>\n","protected":false},"featured_media":10343,"template":"","categories":[15],"tags":[1610,78,93],"class_list":["post-10336","noticias","type-noticias","status-publish","has-post-thumbnail","hentry","category-desenvolvimento-industrial","tag-citnano","tag-fiemg","tag-iel"],"acf":[],"yoast_head":"<!-- This site is optimized with the Yoast SEO plugin v26.2 - https:\/\/yoast.com\/wordpress\/plugins\/seo\/ -->\n<title>Conselho de Gest\u00e3o e Competitividade debate inova\u00e7\u00e3o e sustentabilidade em encontro na FIEMG - FIEMG<\/title>\n<meta name=\"description\" content=\"Reuni\u00e3o re\u00fane empres\u00e1rios e especialistas para discutir avan\u00e7os tecnol\u00f3gicos, nanomateriais, ESG e caminhos para fortalecer o setor produtivo mineiro\" \/>\n<meta name=\"robots\" content=\"index, follow, max-snippet:-1, max-image-preview:large, max-video-preview:-1\" \/>\n<link rel=\"canonical\" href=\"https:\/\/www.fiemg.com.br\/fiemg\/noticias\/reuniao-reune-empresarios-e-especialistas-para-discutir-avancos-tecnologicos-nanomateriais-esg-e-caminhos-para-fortalecer-o-setor-produtivo-mineiro\/\" \/>\n<meta property=\"og:locale\" content=\"pt_BR\" \/>\n<meta property=\"og:type\" content=\"article\" \/>\n<meta property=\"og:title\" content=\"Conselho de Gest\u00e3o e Competitividade debate inova\u00e7\u00e3o e sustentabilidade em encontro na FIEMG - FIEMG\" \/>\n<meta property=\"og:description\" content=\"Reuni\u00e3o re\u00fane empres\u00e1rios e especialistas para discutir avan\u00e7os tecnol\u00f3gicos, nanomateriais, ESG e caminhos para fortalecer o setor produtivo mineiro\" \/>\n<meta property=\"og:url\" content=\"https:\/\/www.fiemg.com.br\/fiemg\/noticias\/reuniao-reune-empresarios-e-especialistas-para-discutir-avancos-tecnologicos-nanomateriais-esg-e-caminhos-para-fortalecer-o-setor-produtivo-mineiro\/\" \/>\n<meta property=\"og:site_name\" content=\"FIEMG\" \/>\n<meta property=\"article:modified_time\" content=\"2025-11-19T12:48:16+00:00\" \/>\n<meta property=\"og:image\" content=\"https:\/\/www.fiemg.com.br\/fiemg\/wp-content\/uploads\/sites\/10\/2023\/08\/default.png\" \/>\n\t<meta property=\"og:image:width\" content=\"300\" \/>\n\t<meta property=\"og:image:height\" content=\"300\" \/>\n\t<meta property=\"og:image:type\" content=\"image\/png\" \/>\n<meta name=\"twitter:card\" content=\"summary_large_image\" \/>\n<meta name=\"twitter:label1\" content=\"Est. tempo de leitura\" \/>\n\t<meta name=\"twitter:data1\" content=\"4 minutos\" \/>\n<script type=\"application\/ld+json\" class=\"yoast-schema-graph\">{\"@context\":\"https:\/\/schema.org\",\"@graph\":[{\"@type\":\"WebPage\",\"@id\":\"https:\/\/www.fiemg.com.br\/fiemg\/noticias\/reuniao-reune-empresarios-e-especialistas-para-discutir-avancos-tecnologicos-nanomateriais-esg-e-caminhos-para-fortalecer-o-setor-produtivo-mineiro\/\",\"url\":\"https:\/\/www.fiemg.com.br\/fiemg\/noticias\/reuniao-reune-empresarios-e-especialistas-para-discutir-avancos-tecnologicos-nanomateriais-esg-e-caminhos-para-fortalecer-o-setor-produtivo-mineiro\/\",\"name\":\"Conselho de Gest\u00e3o e Competitividade debate inova\u00e7\u00e3o e sustentabilidade em encontro na FIEMG - FIEMG\",\"isPartOf\":{\"@id\":\"https:\/\/www.fiemg.com.br\/fiemg\/#website\"},\"primaryImageOfPage\":{\"@id\":\"https:\/\/www.fiemg.com.br\/fiemg\/noticias\/reuniao-reune-empresarios-e-especialistas-para-discutir-avancos-tecnologicos-nanomateriais-esg-e-caminhos-para-fortalecer-o-setor-produtivo-mineiro\/#primaryimage\"},\"image\":{\"@id\":\"https:\/\/www.fiemg.com.br\/fiemg\/noticias\/reuniao-reune-empresarios-e-especialistas-para-discutir-avancos-tecnologicos-nanomateriais-esg-e-caminhos-para-fortalecer-o-setor-produtivo-mineiro\/#primaryimage\"},\"thumbnailUrl\":\"https:\/\/www.fiemg.com.br\/fiemg\/wp-content\/uploads\/sites\/10\/2025\/11\/Thumb-Noticia-46.jpg\",\"datePublished\":\"2025-11-18T14:14:00+00:00\",\"dateModified\":\"2025-11-19T12:48:16+00:00\",\"description\":\"Reuni\u00e3o re\u00fane empres\u00e1rios e especialistas para discutir avan\u00e7os tecnol\u00f3gicos, nanomateriais, ESG e caminhos para fortalecer o setor produtivo mineiro\",\"breadcrumb\":{\"@id\":\"https:\/\/www.fiemg.com.br\/fiemg\/noticias\/reuniao-reune-empresarios-e-especialistas-para-discutir-avancos-tecnologicos-nanomateriais-esg-e-caminhos-para-fortalecer-o-setor-produtivo-mineiro\/#breadcrumb\"},\"inLanguage\":\"pt-BR\",\"potentialAction\":[{\"@type\":\"ReadAction\",\"target\":[\"https:\/\/www.fiemg.com.br\/fiemg\/noticias\/reuniao-reune-empresarios-e-especialistas-para-discutir-avancos-tecnologicos-nanomateriais-esg-e-caminhos-para-fortalecer-o-setor-produtivo-mineiro\/\"]}]},{\"@type\":\"ImageObject\",\"inLanguage\":\"pt-BR\",\"@id\":\"https:\/\/www.fiemg.com.br\/fiemg\/noticias\/reuniao-reune-empresarios-e-especialistas-para-discutir-avancos-tecnologicos-nanomateriais-esg-e-caminhos-para-fortalecer-o-setor-produtivo-mineiro\/#primaryimage\",\"url\":\"https:\/\/www.fiemg.com.br\/fiemg\/wp-content\/uploads\/sites\/10\/2025\/11\/Thumb-Noticia-46.jpg\",\"contentUrl\":\"https:\/\/www.fiemg.com.br\/fiemg\/wp-content\/uploads\/sites\/10\/2025\/11\/Thumb-Noticia-46.jpg\",\"width\":512,\"height\":512},{\"@type\":\"BreadcrumbList\",\"@id\":\"https:\/\/www.fiemg.com.br\/fiemg\/noticias\/reuniao-reune-empresarios-e-especialistas-para-discutir-avancos-tecnologicos-nanomateriais-esg-e-caminhos-para-fortalecer-o-setor-produtivo-mineiro\/#breadcrumb\",\"itemListElement\":[{\"@type\":\"ListItem\",\"position\":1,\"name\":\"In\u00edcio\",\"item\":\"https:\/\/www.fiemg.com.br\/fiemg\/\"},{\"@type\":\"ListItem\",\"position\":2,\"name\":\"Conselho de Gest\u00e3o e Competitividade debate inova\u00e7\u00e3o e sustentabilidade em encontro na FIEMG\"}]},{\"@type\":\"WebSite\",\"@id\":\"https:\/\/www.fiemg.com.br\/fiemg\/#website\",\"url\":\"https:\/\/www.fiemg.com.br\/fiemg\/\",\"name\":\"FIEMG\",\"description\":\"Federa\u00e7\u00e3o das Ind\u00fastrias do Estado de Minas Gerais\",\"publisher\":{\"@id\":\"https:\/\/www.fiemg.com.br\/fiemg\/#organization\"},\"potentialAction\":[{\"@type\":\"SearchAction\",\"target\":{\"@type\":\"EntryPoint\",\"urlTemplate\":\"https:\/\/www.fiemg.com.br\/fiemg\/?s={search_term_string}\"},\"query-input\":{\"@type\":\"PropertyValueSpecification\",\"valueRequired\":true,\"valueName\":\"search_term_string\"}}],\"inLanguage\":\"pt-BR\"},{\"@type\":\"Organization\",\"@id\":\"https:\/\/www.fiemg.com.br\/fiemg\/#organization\",\"name\":\"FIEMG\",\"url\":\"https:\/\/www.fiemg.com.br\/fiemg\/\",\"logo\":{\"@type\":\"ImageObject\",\"inLanguage\":\"pt-BR\",\"@id\":\"https:\/\/www.fiemg.com.br\/fiemg\/#\/schema\/logo\/image\/\",\"url\":\"https:\/\/www.fiemg.com.br\/fiemg\/wp-content\/uploads\/sites\/10\/2023\/02\/fiemg_branco.svg\",\"contentUrl\":\"https:\/\/www.fiemg.com.br\/fiemg\/wp-content\/uploads\/sites\/10\/2023\/02\/fiemg_branco.svg\",\"width\":561,\"height\":147,\"caption\":\"FIEMG\"},\"image\":{\"@id\":\"https:\/\/www.fiemg.com.br\/fiemg\/#\/schema\/logo\/image\/\"}}]}<\/script>\n<!-- \/ Yoast SEO plugin. -->","yoast_head_json":{"title":"Conselho de Gest\u00e3o e Competitividade debate inova\u00e7\u00e3o e sustentabilidade em encontro na FIEMG - FIEMG","description":"Reuni\u00e3o re\u00fane empres\u00e1rios e especialistas para discutir avan\u00e7os tecnol\u00f3gicos, nanomateriais, ESG e caminhos para fortalecer o setor produtivo mineiro","robots":{"index":"index","follow":"follow","max-snippet":"max-snippet:-1","max-image-preview":"max-image-preview:large","max-video-preview":"max-video-preview:-1"},"canonical":"https:\/\/www.fiemg.com.br\/fiemg\/noticias\/reuniao-reune-empresarios-e-especialistas-para-discutir-avancos-tecnologicos-nanomateriais-esg-e-caminhos-para-fortalecer-o-setor-produtivo-mineiro\/","og_locale":"pt_BR","og_type":"article","og_title":"Conselho de Gest\u00e3o e Competitividade debate inova\u00e7\u00e3o e sustentabilidade em encontro na FIEMG - FIEMG","og_description":"Reuni\u00e3o re\u00fane empres\u00e1rios e especialistas para discutir avan\u00e7os tecnol\u00f3gicos, nanomateriais, ESG e caminhos para fortalecer o setor produtivo mineiro","og_url":"https:\/\/www.fiemg.com.br\/fiemg\/noticias\/reuniao-reune-empresarios-e-especialistas-para-discutir-avancos-tecnologicos-nanomateriais-esg-e-caminhos-para-fortalecer-o-setor-produtivo-mineiro\/","og_site_name":"FIEMG","article_modified_time":"2025-11-19T12:48:16+00:00","og_image":[{"width":300,"height":300,"url":"https:\/\/www.fiemg.com.br\/fiemg\/wp-content\/uploads\/sites\/10\/2023\/08\/default.png","type":"image\/png"}],"twitter_card":"summary_large_image","twitter_misc":{"Est. tempo de leitura":"4 minutos"},"schema":{"@context":"https:\/\/schema.org","@graph":[{"@type":"WebPage","@id":"https:\/\/www.fiemg.com.br\/fiemg\/noticias\/reuniao-reune-empresarios-e-especialistas-para-discutir-avancos-tecnologicos-nanomateriais-esg-e-caminhos-para-fortalecer-o-setor-produtivo-mineiro\/","url":"https:\/\/www.fiemg.com.br\/fiemg\/noticias\/reuniao-reune-empresarios-e-especialistas-para-discutir-avancos-tecnologicos-nanomateriais-esg-e-caminhos-para-fortalecer-o-setor-produtivo-mineiro\/","name":"Conselho de Gest\u00e3o e Competitividade debate inova\u00e7\u00e3o e sustentabilidade em encontro na FIEMG - FIEMG","isPartOf":{"@id":"https:\/\/www.fiemg.com.br\/fiemg\/#website"},"primaryImageOfPage":{"@id":"https:\/\/www.fiemg.com.br\/fiemg\/noticias\/reuniao-reune-empresarios-e-especialistas-para-discutir-avancos-tecnologicos-nanomateriais-esg-e-caminhos-para-fortalecer-o-setor-produtivo-mineiro\/#primaryimage"},"image":{"@id":"https:\/\/www.fiemg.com.br\/fiemg\/noticias\/reuniao-reune-empresarios-e-especialistas-para-discutir-avancos-tecnologicos-nanomateriais-esg-e-caminhos-para-fortalecer-o-setor-produtivo-mineiro\/#primaryimage"},"thumbnailUrl":"https:\/\/www.fiemg.com.br\/fiemg\/wp-content\/uploads\/sites\/10\/2025\/11\/Thumb-Noticia-46.jpg","datePublished":"2025-11-18T14:14:00+00:00","dateModified":"2025-11-19T12:48:16+00:00","description":"Reuni\u00e3o re\u00fane empres\u00e1rios e especialistas para discutir avan\u00e7os tecnol\u00f3gicos, nanomateriais, ESG e caminhos para fortalecer o setor produtivo mineiro","breadcrumb":{"@id":"https:\/\/www.fiemg.com.br\/fiemg\/noticias\/reuniao-reune-empresarios-e-especialistas-para-discutir-avancos-tecnologicos-nanomateriais-esg-e-caminhos-para-fortalecer-o-setor-produtivo-mineiro\/#breadcrumb"},"inLanguage":"pt-BR","potentialAction":[{"@type":"ReadAction","target":["https:\/\/www.fiemg.com.br\/fiemg\/noticias\/reuniao-reune-empresarios-e-especialistas-para-discutir-avancos-tecnologicos-nanomateriais-esg-e-caminhos-para-fortalecer-o-setor-produtivo-mineiro\/"]}]},{"@type":"ImageObject","inLanguage":"pt-BR","@id":"https:\/\/www.fiemg.com.br\/fiemg\/noticias\/reuniao-reune-empresarios-e-especialistas-para-discutir-avancos-tecnologicos-nanomateriais-esg-e-caminhos-para-fortalecer-o-setor-produtivo-mineiro\/#primaryimage","url":"https:\/\/www.fiemg.com.br\/fiemg\/wp-content\/uploads\/sites\/10\/2025\/11\/Thumb-Noticia-46.jpg","contentUrl":"https:\/\/www.fiemg.com.br\/fiemg\/wp-content\/uploads\/sites\/10\/2025\/11\/Thumb-Noticia-46.jpg","width":512,"height":512},{"@type":"BreadcrumbList","@id":"https:\/\/www.fiemg.com.br\/fiemg\/noticias\/reuniao-reune-empresarios-e-especialistas-para-discutir-avancos-tecnologicos-nanomateriais-esg-e-caminhos-para-fortalecer-o-setor-produtivo-mineiro\/#breadcrumb","itemListElement":[{"@type":"ListItem","position":1,"name":"In\u00edcio","item":"https:\/\/www.fiemg.com.br\/fiemg\/"},{"@type":"ListItem","position":2,"name":"Conselho de Gest\u00e3o e Competitividade debate inova\u00e7\u00e3o e sustentabilidade em encontro na FIEMG"}]},{"@type":"WebSite","@id":"https:\/\/www.fiemg.com.br\/fiemg\/#website","url":"https:\/\/www.fiemg.com.br\/fiemg\/","name":"FIEMG","description":"Federa\u00e7\u00e3o das Ind\u00fastrias do Estado de Minas Gerais","publisher":{"@id":"https:\/\/www.fiemg.com.br\/fiemg\/#organization"},"potentialAction":[{"@type":"SearchAction","target":{"@type":"EntryPoint","urlTemplate":"https:\/\/www.fiemg.com.br\/fiemg\/?s={search_term_string}"},"query-input":{"@type":"PropertyValueSpecification","valueRequired":true,"valueName":"search_term_string"}}],"inLanguage":"pt-BR"},{"@type":"Organization","@id":"https:\/\/www.fiemg.com.br\/fiemg\/#organization","name":"FIEMG","url":"https:\/\/www.fiemg.com.br\/fiemg\/","logo":{"@type":"ImageObject","inLanguage":"pt-BR","@id":"https:\/\/www.fiemg.com.br\/fiemg\/#\/schema\/logo\/image\/","url":"https:\/\/www.fiemg.com.br\/fiemg\/wp-content\/uploads\/sites\/10\/2023\/02\/fiemg_branco.svg","contentUrl":"https:\/\/www.fiemg.com.br\/fiemg\/wp-content\/uploads\/sites\/10\/2023\/02\/fiemg_branco.svg","width":561,"height":147,"caption":"FIEMG"},"image":{"@id":"https:\/\/www.fiemg.com.br\/fiemg\/#\/schema\/logo\/image\/"}}]}},"_links":{"self":[{"href":"https:\/\/www.fiemg.com.br\/fiemg\/wp-json\/wp\/v2\/noticias\/10336","targetHints":{"allow":["GET"]}}],"collection":[{"href":"https:\/\/www.fiemg.com.br\/fiemg\/wp-json\/wp\/v2\/noticias"}],"about":[{"href":"https:\/\/www.fiemg.com.br\/fiemg\/wp-json\/wp\/v2\/types\/noticias"}],"wp:featuredmedia":[{"embeddable":true,"href":"https:\/\/www.fiemg.com.br\/fiemg\/wp-json\/wp\/v2\/media\/10343"}],"wp:attachment":[{"href":"https:\/\/www.fiemg.com.br\/fiemg\/wp-json\/wp\/v2\/media?parent=10336"}],"wp:term":[{"taxonomy":"category","embeddable":true,"href":"https:\/\/www.fiemg.com.br\/fiemg\/wp-json\/wp\/v2\/categories?post=10336"},{"taxonomy":"post_tag","embeddable":true,"href":"https:\/\/www.fiemg.com.br\/fiemg\/wp-json\/wp\/v2\/tags?post=10336"}],"curies":[{"name":"wp","href":"https:\/\/api.w.org\/{rel}","templated":true}]}}