{"id":10348,"date":"2025-11-18T18:40:59","date_gmt":"2025-11-18T21:40:59","guid":{"rendered":"https:\/\/www.fiemg.com.br\/fiemg\/noticias\/camara-da-comunicacao-apresenta-oportunidades-para-industria\/"},"modified":"2025-11-28T18:54:41","modified_gmt":"2025-11-28T21:54:41","slug":"camara-da-comunicacao-apresenta-oportunidades-para-industria","status":"publish","type":"noticias","link":"https:\/\/www.fiemg.com.br\/fiemg\/noticias\/camara-da-comunicacao-apresenta-oportunidades-para-industria\/","title":{"rendered":"C\u00e2mara da Comunica\u00e7\u00e3o apresenta oportunidades para ind\u00fastria"},"content":{"rendered":"\n<p>As parcerias entre os sindicatos e FIEMG, SESI SENAI e IEL foram destaque em reuni\u00e3o da C\u00e2mara da Ind\u00fastria da Comunica\u00e7\u00e3o, realizada no dia 17 de novembro. No encontro foram apresentadas oportunidades para a ind\u00fastria, como licita\u00e7\u00e3o para fornecimentos para a Editora SESI Minas e a forma\u00e7\u00e3o para Optoeletr\u00f4nica realizada pelo SENAI. Logo na abertura, o presidente do colegiado, Rodrigo Fernandes, destacou \u201ca atualidade dos temas abordados e a intera\u00e7\u00e3o entre os diversos atores mostra a import\u00e2ncia do nosso setor\u201d.<\/p>\n\n\n\n<p>A analista editorial Michelle Aparecida Pereira Eleut\u00e9rio falou sobre oportunidade para a contrata\u00e7\u00e3o de empresa para fornecimento, parcelado, de materiais did\u00e1ticos (livros) para a Editora SESI Minas, incluindo a presta\u00e7\u00e3o de servi\u00e7os gr\u00e1ficos de impress\u00e3o em offset e acabamento, cuja sess\u00e3o aberta est\u00e1 prevista para o dia 25 de novembro. Tamb\u00e9m orientou sobre o armazenamento e distribui\u00e7\u00e3o destes materiais did\u00e1ticos nas unidades escolares da Rede SESI\/DRMG<\/p>\n\n\n\n<p>Por sua vez, a analista de suprimentos Liliane Fonseca Campos ressaltou que as empresas precisam estar cadastradas previamente e o chamamento poder\u00e1 ser retirado pela Internet, <strong><a href=\"https:\/\/compras.fiemg.com.br\/\">neste link<\/a><\/strong>. <\/p>\n\n\n\n<p>Em seguida, o treinador da WorldSkills nas modalidades #16 Eletr\u00f4nica e #60 Optoeletr\u00f4nica e instrutor do SENAI MG, Jair Massola Junior, abordou o tema \u201cTecnologia Optoeletr\u00f4nica &#8211; Apresentando os Pain\u00e9is de LED e um Mercado de Possibilidades\u201d. Ele estava acompanhado do representante de Minas Gerais na seletiva, o aluno do SENAI, Caio Henrique Matias de Oliveira. <\/p>\n\n\n\n<p>Massola lembrou que \u201ca nova tecnologia j\u00e1 \u00e9 largamente usada pelos setores de M\u00eddia Externa e a Ind\u00fastria Audiovisual, com grande potencial de amplia\u00e7\u00e3o de possibilidades\u201c, concluiu.<\/p>\n\n\n\n<p><strong>Eventos<\/strong> &#8211; A participa\u00e7\u00e3o da C\u00e2mara em eventos recentes foi abordada na segunda parte da reuni\u00e3o. O presidente Rodrigo Fernandes falou sobre o Conecta Com Minas, realizado em outubro, no BH Shopping, na capital. \u201cA pauta trouxe temas importantes como avan\u00e7os tecnol\u00f3gicos, defesa de interesses, regula\u00e7\u00e3o do setor, crit\u00e9rios de valores no tabelamento de pre\u00e7os publicit\u00e1rios, Novas perspectivas para o mercado publicit\u00e1rio mineiro e valoriza\u00e7\u00e3o das empresas mineiras\u201c, lembrou.<\/p>\n\n\n\n<p>Em seguida, ele passou a condu\u00e7\u00e3o da reuni\u00e3o para o presidente do Sindicato das Ind\u00fastrias Gr\u00e1ficas (SINDIGRAV), Ronildo Oliveira, que tamb\u00e9m \u00e9 conselheiro do SENAI. O industrial destacou o desempenho da entidade em suas diversas frentes de trabalho, passando a palavra ao publicit\u00e1rio Fernando Correia relatou a participa\u00e7\u00e3o do Podcast Ind\u00fastria Criativa produzido em parceria com o IEL nos eventos Imers\u00e3o Ind\u00fastria e no Minascon tamb\u00e9m realizados em outubro. Ele estava acompanhado da gerente do P7 Criativo, M\u00e1rcia Azevedo, parceira na iniciativa.<\/p>\n\n\n\n<p>O sucesso da participa\u00e7\u00e3o da C\u00e2mara no maior evento da ind\u00fastria de cinema do estado: a MAX \u2013 Minas Gerais Audiovisual Expo, foi apresentada pela analista do SEBRAE Nayara Bernardes, coordenadora do evento e pela presidente do Sindicato da Ind\u00fastria Audlovisual (Sindav), Daniela Fernandes.<\/p>\n\n\n\n<p>Realizada em 11 e 13 de novembro, na sede do Sebrae, em BH, a programa\u00e7\u00e3o chamada &#8220;Ind\u00fastria em Cena&#8221; apresentou produ\u00e7\u00f5es que trazem a marca do setor produtivo no conte\u00fado, figurino e financiamento, al\u00e9m dos servi\u00e7os da Escola SENAI Audiovisual. A iniciativa foi resultado de parceria entre as C\u00e2maras da Ind\u00fastria da Comunica\u00e7\u00e3o, de Energia, de Insumos e Transforma\u00e7\u00e3o do Vestu\u00e1rio, Cal\u00e7ados e Acess\u00f3rios, SindBebidas MG e SindSorvete MG, cuja associada Gellak fez sucesso com os produtos da linha Estrada Real.<\/p>\n\n\n\n<p>Veja <strong><a href=\"https:\/\/www.flickr.com\/photos\/sistemafiemg\/albums\/72177720330385252\">aqui<\/a><\/strong> as fotos da reuni\u00e3o.<\/p>\n\n\n\n<p><strong>Imprensa FIEMG<\/strong><\/p>\n","protected":false},"featured_media":10349,"template":"","categories":[15],"tags":[1611],"class_list":["post-10348","noticias","type-noticias","status-publish","has-post-thumbnail","hentry","category-desenvolvimento-industrial","tag-camara-da-comunicacao-fiemg"],"acf":[],"yoast_head":"<!-- This site is optimized with the Yoast SEO plugin v26.2 - https:\/\/yoast.com\/wordpress\/plugins\/seo\/ -->\n<title>C\u00e2mara da Comunica\u00e7\u00e3o apresenta oportunidades para ind\u00fastria - FIEMG<\/title>\n<meta name=\"robots\" content=\"index, follow, max-snippet:-1, max-image-preview:large, max-video-preview:-1\" \/>\n<link rel=\"canonical\" href=\"https:\/\/www.fiemg.com.br\/fiemg\/noticias\/camara-da-comunicacao-apresenta-oportunidades-para-industria\/\" \/>\n<meta property=\"og:locale\" content=\"pt_BR\" \/>\n<meta property=\"og:type\" content=\"article\" \/>\n<meta property=\"og:title\" content=\"C\u00e2mara da Comunica\u00e7\u00e3o apresenta oportunidades para ind\u00fastria - FIEMG\" \/>\n<meta property=\"og:description\" content=\"As parcerias entre os sindicatos e FIEMG, SESI SENAI e IEL foram destaque em reuni\u00e3o da C\u00e2mara da Ind\u00fastria da Comunica\u00e7\u00e3o, realizada no dia 17 de novembro. No encontro foram apresentadas oportunidades para a ind\u00fastria, como licita\u00e7\u00e3o para fornecimentos para a Editora SESI Minas e a forma\u00e7\u00e3o para Optoeletr\u00f4nica realizada pelo SENAI. Logo na abertura, [&hellip;]\" \/>\n<meta property=\"og:url\" content=\"https:\/\/www.fiemg.com.br\/fiemg\/noticias\/camara-da-comunicacao-apresenta-oportunidades-para-industria\/\" \/>\n<meta property=\"og:site_name\" content=\"FIEMG\" \/>\n<meta property=\"article:modified_time\" content=\"2025-11-28T21:54:41+00:00\" \/>\n<meta property=\"og:image\" content=\"https:\/\/www.fiemg.com.br\/fiemg\/wp-content\/uploads\/sites\/10\/2025\/11\/reuniao-camara-comunicacao.jpg\" \/>\n\t<meta property=\"og:image:width\" content=\"512\" \/>\n\t<meta property=\"og:image:height\" content=\"512\" \/>\n\t<meta property=\"og:image:type\" content=\"image\/jpeg\" \/>\n<meta name=\"twitter:card\" content=\"summary_large_image\" \/>\n<meta name=\"twitter:label1\" content=\"Est. tempo de leitura\" \/>\n\t<meta name=\"twitter:data1\" content=\"4 minutos\" \/>\n<script type=\"application\/ld+json\" class=\"yoast-schema-graph\">{\"@context\":\"https:\/\/schema.org\",\"@graph\":[{\"@type\":\"WebPage\",\"@id\":\"https:\/\/www.fiemg.com.br\/fiemg\/noticias\/camara-da-comunicacao-apresenta-oportunidades-para-industria\/\",\"url\":\"https:\/\/www.fiemg.com.br\/fiemg\/noticias\/camara-da-comunicacao-apresenta-oportunidades-para-industria\/\",\"name\":\"C\u00e2mara da Comunica\u00e7\u00e3o apresenta oportunidades para ind\u00fastria - FIEMG\",\"isPartOf\":{\"@id\":\"https:\/\/www.fiemg.com.br\/fiemg\/#website\"},\"primaryImageOfPage\":{\"@id\":\"https:\/\/www.fiemg.com.br\/fiemg\/noticias\/camara-da-comunicacao-apresenta-oportunidades-para-industria\/#primaryimage\"},\"image\":{\"@id\":\"https:\/\/www.fiemg.com.br\/fiemg\/noticias\/camara-da-comunicacao-apresenta-oportunidades-para-industria\/#primaryimage\"},\"thumbnailUrl\":\"https:\/\/www.fiemg.com.br\/fiemg\/wp-content\/uploads\/sites\/10\/2025\/11\/reuniao-camara-comunicacao.jpg\",\"datePublished\":\"2025-11-18T21:40:59+00:00\",\"dateModified\":\"2025-11-28T21:54:41+00:00\",\"breadcrumb\":{\"@id\":\"https:\/\/www.fiemg.com.br\/fiemg\/noticias\/camara-da-comunicacao-apresenta-oportunidades-para-industria\/#breadcrumb\"},\"inLanguage\":\"pt-BR\",\"potentialAction\":[{\"@type\":\"ReadAction\",\"target\":[\"https:\/\/www.fiemg.com.br\/fiemg\/noticias\/camara-da-comunicacao-apresenta-oportunidades-para-industria\/\"]}]},{\"@type\":\"ImageObject\",\"inLanguage\":\"pt-BR\",\"@id\":\"https:\/\/www.fiemg.com.br\/fiemg\/noticias\/camara-da-comunicacao-apresenta-oportunidades-para-industria\/#primaryimage\",\"url\":\"https:\/\/www.fiemg.com.br\/fiemg\/wp-content\/uploads\/sites\/10\/2025\/11\/reuniao-camara-comunicacao.jpg\",\"contentUrl\":\"https:\/\/www.fiemg.com.br\/fiemg\/wp-content\/uploads\/sites\/10\/2025\/11\/reuniao-camara-comunicacao.jpg\",\"width\":512,\"height\":512},{\"@type\":\"BreadcrumbList\",\"@id\":\"https:\/\/www.fiemg.com.br\/fiemg\/noticias\/camara-da-comunicacao-apresenta-oportunidades-para-industria\/#breadcrumb\",\"itemListElement\":[{\"@type\":\"ListItem\",\"position\":1,\"name\":\"In\u00edcio\",\"item\":\"https:\/\/www.fiemg.com.br\/fiemg\/\"},{\"@type\":\"ListItem\",\"position\":2,\"name\":\"C\u00e2mara da Comunica\u00e7\u00e3o apresenta oportunidades para ind\u00fastria\"}]},{\"@type\":\"WebSite\",\"@id\":\"https:\/\/www.fiemg.com.br\/fiemg\/#website\",\"url\":\"https:\/\/www.fiemg.com.br\/fiemg\/\",\"name\":\"FIEMG\",\"description\":\"Federa\u00e7\u00e3o das Ind\u00fastrias do Estado de Minas Gerais\",\"publisher\":{\"@id\":\"https:\/\/www.fiemg.com.br\/fiemg\/#organization\"},\"potentialAction\":[{\"@type\":\"SearchAction\",\"target\":{\"@type\":\"EntryPoint\",\"urlTemplate\":\"https:\/\/www.fiemg.com.br\/fiemg\/?s={search_term_string}\"},\"query-input\":{\"@type\":\"PropertyValueSpecification\",\"valueRequired\":true,\"valueName\":\"search_term_string\"}}],\"inLanguage\":\"pt-BR\"},{\"@type\":\"Organization\",\"@id\":\"https:\/\/www.fiemg.com.br\/fiemg\/#organization\",\"name\":\"FIEMG\",\"url\":\"https:\/\/www.fiemg.com.br\/fiemg\/\",\"logo\":{\"@type\":\"ImageObject\",\"inLanguage\":\"pt-BR\",\"@id\":\"https:\/\/www.fiemg.com.br\/fiemg\/#\/schema\/logo\/image\/\",\"url\":\"https:\/\/www.fiemg.com.br\/fiemg\/wp-content\/uploads\/sites\/10\/2023\/02\/fiemg_branco.svg\",\"contentUrl\":\"https:\/\/www.fiemg.com.br\/fiemg\/wp-content\/uploads\/sites\/10\/2023\/02\/fiemg_branco.svg\",\"width\":561,\"height\":147,\"caption\":\"FIEMG\"},\"image\":{\"@id\":\"https:\/\/www.fiemg.com.br\/fiemg\/#\/schema\/logo\/image\/\"}}]}<\/script>\n<!-- \/ Yoast SEO plugin. -->","yoast_head_json":{"title":"C\u00e2mara da Comunica\u00e7\u00e3o apresenta oportunidades para ind\u00fastria - FIEMG","robots":{"index":"index","follow":"follow","max-snippet":"max-snippet:-1","max-image-preview":"max-image-preview:large","max-video-preview":"max-video-preview:-1"},"canonical":"https:\/\/www.fiemg.com.br\/fiemg\/noticias\/camara-da-comunicacao-apresenta-oportunidades-para-industria\/","og_locale":"pt_BR","og_type":"article","og_title":"C\u00e2mara da Comunica\u00e7\u00e3o apresenta oportunidades para ind\u00fastria - FIEMG","og_description":"As parcerias entre os sindicatos e FIEMG, SESI SENAI e IEL foram destaque em reuni\u00e3o da C\u00e2mara da Ind\u00fastria da Comunica\u00e7\u00e3o, realizada no dia 17 de novembro. No encontro foram apresentadas oportunidades para a ind\u00fastria, como licita\u00e7\u00e3o para fornecimentos para a Editora SESI Minas e a forma\u00e7\u00e3o para Optoeletr\u00f4nica realizada pelo SENAI. Logo na abertura, [&hellip;]","og_url":"https:\/\/www.fiemg.com.br\/fiemg\/noticias\/camara-da-comunicacao-apresenta-oportunidades-para-industria\/","og_site_name":"FIEMG","article_modified_time":"2025-11-28T21:54:41+00:00","og_image":[{"width":512,"height":512,"url":"https:\/\/www.fiemg.com.br\/fiemg\/wp-content\/uploads\/sites\/10\/2025\/11\/reuniao-camara-comunicacao.jpg","type":"image\/jpeg"}],"twitter_card":"summary_large_image","twitter_misc":{"Est. tempo de leitura":"4 minutos"},"schema":{"@context":"https:\/\/schema.org","@graph":[{"@type":"WebPage","@id":"https:\/\/www.fiemg.com.br\/fiemg\/noticias\/camara-da-comunicacao-apresenta-oportunidades-para-industria\/","url":"https:\/\/www.fiemg.com.br\/fiemg\/noticias\/camara-da-comunicacao-apresenta-oportunidades-para-industria\/","name":"C\u00e2mara da Comunica\u00e7\u00e3o apresenta oportunidades para ind\u00fastria - FIEMG","isPartOf":{"@id":"https:\/\/www.fiemg.com.br\/fiemg\/#website"},"primaryImageOfPage":{"@id":"https:\/\/www.fiemg.com.br\/fiemg\/noticias\/camara-da-comunicacao-apresenta-oportunidades-para-industria\/#primaryimage"},"image":{"@id":"https:\/\/www.fiemg.com.br\/fiemg\/noticias\/camara-da-comunicacao-apresenta-oportunidades-para-industria\/#primaryimage"},"thumbnailUrl":"https:\/\/www.fiemg.com.br\/fiemg\/wp-content\/uploads\/sites\/10\/2025\/11\/reuniao-camara-comunicacao.jpg","datePublished":"2025-11-18T21:40:59+00:00","dateModified":"2025-11-28T21:54:41+00:00","breadcrumb":{"@id":"https:\/\/www.fiemg.com.br\/fiemg\/noticias\/camara-da-comunicacao-apresenta-oportunidades-para-industria\/#breadcrumb"},"inLanguage":"pt-BR","potentialAction":[{"@type":"ReadAction","target":["https:\/\/www.fiemg.com.br\/fiemg\/noticias\/camara-da-comunicacao-apresenta-oportunidades-para-industria\/"]}]},{"@type":"ImageObject","inLanguage":"pt-BR","@id":"https:\/\/www.fiemg.com.br\/fiemg\/noticias\/camara-da-comunicacao-apresenta-oportunidades-para-industria\/#primaryimage","url":"https:\/\/www.fiemg.com.br\/fiemg\/wp-content\/uploads\/sites\/10\/2025\/11\/reuniao-camara-comunicacao.jpg","contentUrl":"https:\/\/www.fiemg.com.br\/fiemg\/wp-content\/uploads\/sites\/10\/2025\/11\/reuniao-camara-comunicacao.jpg","width":512,"height":512},{"@type":"BreadcrumbList","@id":"https:\/\/www.fiemg.com.br\/fiemg\/noticias\/camara-da-comunicacao-apresenta-oportunidades-para-industria\/#breadcrumb","itemListElement":[{"@type":"ListItem","position":1,"name":"In\u00edcio","item":"https:\/\/www.fiemg.com.br\/fiemg\/"},{"@type":"ListItem","position":2,"name":"C\u00e2mara da Comunica\u00e7\u00e3o apresenta oportunidades para ind\u00fastria"}]},{"@type":"WebSite","@id":"https:\/\/www.fiemg.com.br\/fiemg\/#website","url":"https:\/\/www.fiemg.com.br\/fiemg\/","name":"FIEMG","description":"Federa\u00e7\u00e3o das Ind\u00fastrias do Estado de Minas Gerais","publisher":{"@id":"https:\/\/www.fiemg.com.br\/fiemg\/#organization"},"potentialAction":[{"@type":"SearchAction","target":{"@type":"EntryPoint","urlTemplate":"https:\/\/www.fiemg.com.br\/fiemg\/?s={search_term_string}"},"query-input":{"@type":"PropertyValueSpecification","valueRequired":true,"valueName":"search_term_string"}}],"inLanguage":"pt-BR"},{"@type":"Organization","@id":"https:\/\/www.fiemg.com.br\/fiemg\/#organization","name":"FIEMG","url":"https:\/\/www.fiemg.com.br\/fiemg\/","logo":{"@type":"ImageObject","inLanguage":"pt-BR","@id":"https:\/\/www.fiemg.com.br\/fiemg\/#\/schema\/logo\/image\/","url":"https:\/\/www.fiemg.com.br\/fiemg\/wp-content\/uploads\/sites\/10\/2023\/02\/fiemg_branco.svg","contentUrl":"https:\/\/www.fiemg.com.br\/fiemg\/wp-content\/uploads\/sites\/10\/2023\/02\/fiemg_branco.svg","width":561,"height":147,"caption":"FIEMG"},"image":{"@id":"https:\/\/www.fiemg.com.br\/fiemg\/#\/schema\/logo\/image\/"}}]}},"_links":{"self":[{"href":"https:\/\/www.fiemg.com.br\/fiemg\/wp-json\/wp\/v2\/noticias\/10348","targetHints":{"allow":["GET"]}}],"collection":[{"href":"https:\/\/www.fiemg.com.br\/fiemg\/wp-json\/wp\/v2\/noticias"}],"about":[{"href":"https:\/\/www.fiemg.com.br\/fiemg\/wp-json\/wp\/v2\/types\/noticias"}],"wp:featuredmedia":[{"embeddable":true,"href":"https:\/\/www.fiemg.com.br\/fiemg\/wp-json\/wp\/v2\/media\/10349"}],"wp:attachment":[{"href":"https:\/\/www.fiemg.com.br\/fiemg\/wp-json\/wp\/v2\/media?parent=10348"}],"wp:term":[{"taxonomy":"category","embeddable":true,"href":"https:\/\/www.fiemg.com.br\/fiemg\/wp-json\/wp\/v2\/categories?post=10348"},{"taxonomy":"post_tag","embeddable":true,"href":"https:\/\/www.fiemg.com.br\/fiemg\/wp-json\/wp\/v2\/tags?post=10348"}],"curies":[{"name":"wp","href":"https:\/\/api.w.org\/{rel}","templated":true}]}}