{"id":10376,"date":"2025-11-24T13:21:38","date_gmt":"2025-11-24T16:21:38","guid":{"rendered":"https:\/\/www.fiemg.com.br\/fiemg\/?post_type=noticias&#038;p=10376"},"modified":"2025-11-24T13:21:42","modified_gmt":"2025-11-24T16:21:42","slug":"estoques-caem-pelo-terceiro-mes-seguido-e-expectativas-para-demanda-emprego-e-compras-recuam-ao-menor-nivel-em-ate-dez-anos","status":"publish","type":"noticias","link":"https:\/\/www.fiemg.com.br\/fiemg\/noticias\/estoques-caem-pelo-terceiro-mes-seguido-e-expectativas-para-demanda-emprego-e-compras-recuam-ao-menor-nivel-em-ate-dez-anos\/","title":{"rendered":"Produ\u00e7\u00e3o industrial cresce em outubro, mas setor mant\u00e9m cautela para 2026"},"content":{"rendered":"\n<p><strong><br><\/strong>A ind\u00fastria mineira registrou avan\u00e7o na produ\u00e7\u00e3o em outubro, interrompendo a estabilidade observada em setembro. O \u00edndice de evolu\u00e7\u00e3o da produ\u00e7\u00e3o atingiu 52,2 pontos, impulsionado pelo per\u00edodo de maior atividade provocado pela Black Friday e pelas encomendas de fim de ano. O n\u00famero supera em 2,1 pontos o resultado do m\u00eas anterior, embora permane\u00e7a abaixo do observado em outubro de 2024, quando o indicador marcou 54,3 pontos.<\/p>\n\n\n\n<p>Apesar da melhora na produ\u00e7\u00e3o, o emprego industrial seguiu em queda. O \u00edndice que mede a evolu\u00e7\u00e3o do n\u00famero de empregados ficou em 48,2 pontos, praticamente est\u00e1vel em rela\u00e7\u00e3o a setembro (48,1 pontos) e 2,4 pontos abaixo do registrado um ano antes. A utiliza\u00e7\u00e3o da capacidade instalada tamb\u00e9m segue abaixo da usual, registrando 44,8 pontos, o que sinaliza manuten\u00e7\u00e3o de ociosidade nas plantas industriais.<\/p>\n\n\n\n<p>Os estoques de produtos finais apresentaram redu\u00e7\u00e3o pelo terceiro m\u00eas consecutivo, alcan\u00e7ando 49,7 pontos, enquanto o n\u00edvel de estoque efetivo frente ao planejado marcou 47,9 pontos. Esse movimento reflete que a demanda superou as expectativas das empresas, deixando o estoque abaixo do esperado pelos empres\u00e1rios.<\/p>\n\n\n\n<p>No campo das expectativas, o cen\u00e1rio \u00e9 de maior preocupa\u00e7\u00e3o. Para os pr\u00f3ximos seis meses, os industriais projetam retra\u00e7\u00e3o da demanda (48,4 pontos) e das compras de mat\u00e9rias-primas (48,8 pontos), ambos abaixo do limite que indica crescimento. Nos dois casos, s\u00e3o os menores valores para o m\u00eas em quase uma d\u00e9cada. O emprego tamb\u00e9m apresenta perspectiva negativa, com o \u00edndice de expectativa marcando 47,8 pontos.A inten\u00e7\u00e3o de investimento permanece est\u00e1vel em 55,6 pontos, mas ainda inferior ao patamar registrado h\u00e1 um ano (58,7 pontos), refor\u00e7ando o ambiente de incerteza e a menor disposi\u00e7\u00e3o do setor para expandir opera\u00e7\u00f5es. Segundo a sondagem, o conjunto dos indicadores revela um fim de ano com atividade aquecida, por\u00e9m acompanhado de cautela em rela\u00e7\u00e3o ao in\u00edcio de 2026.<\/p>\n\n\n\n<p>Confira o estudo completo <a href=\"https:\/\/www.fiemg.com.br\/fiemg\/area-de-interesse\/estudos-economicos\/sondagem-industrial-de-minas-gerais\/\">NESTE LINK<\/a>.<br><em><br><\/em><em>Denise Lucas<\/em><br><strong>Imprensa FIEMG<\/strong><\/p>\n\n\n\n<p><\/p>\n","protected":false},"featured_media":10377,"template":"","categories":[15],"tags":[711,78,1622,118],"class_list":["post-10376","noticias","type-noticias","status-publish","has-post-thumbnail","hentry","category-desenvolvimento-industrial","tag-estudos-economicos","tag-fiemg","tag-inflacao","tag-sondagem-industrial"],"acf":[],"yoast_head":"<!-- This site is optimized with the Yoast SEO plugin v26.2 - https:\/\/yoast.com\/wordpress\/plugins\/seo\/ -->\n<title>Produ\u00e7\u00e3o industrial cresce em outubro, mas setor mant\u00e9m cautela para 2026 - FIEMG<\/title>\n<meta name=\"description\" content=\"Estoques caem pelo terceiro m\u00eas seguido e expectativas para demanda, emprego e compras recuam ao menor n\u00edvel em at\u00e9 dez anos\" \/>\n<meta name=\"robots\" content=\"index, follow, max-snippet:-1, max-image-preview:large, max-video-preview:-1\" \/>\n<link rel=\"canonical\" href=\"https:\/\/www.fiemg.com.br\/fiemg\/noticias\/estoques-caem-pelo-terceiro-mes-seguido-e-expectativas-para-demanda-emprego-e-compras-recuam-ao-menor-nivel-em-ate-dez-anos\/\" \/>\n<meta property=\"og:locale\" content=\"pt_BR\" \/>\n<meta property=\"og:type\" content=\"article\" \/>\n<meta property=\"og:title\" content=\"Produ\u00e7\u00e3o industrial cresce em outubro, mas setor mant\u00e9m cautela para 2026 - FIEMG\" \/>\n<meta property=\"og:description\" content=\"Estoques caem pelo terceiro m\u00eas seguido e expectativas para demanda, emprego e compras recuam ao menor n\u00edvel em at\u00e9 dez anos\" \/>\n<meta property=\"og:url\" content=\"https:\/\/www.fiemg.com.br\/fiemg\/noticias\/estoques-caem-pelo-terceiro-mes-seguido-e-expectativas-para-demanda-emprego-e-compras-recuam-ao-menor-nivel-em-ate-dez-anos\/\" \/>\n<meta property=\"og:site_name\" content=\"FIEMG\" \/>\n<meta property=\"article:modified_time\" content=\"2025-11-24T16:21:42+00:00\" \/>\n<meta property=\"og:image\" content=\"https:\/\/www.fiemg.com.br\/fiemg\/wp-content\/uploads\/sites\/10\/2025\/11\/SONDAGEM-INDUSTRIAL-THUMB.png\" \/>\n\t<meta property=\"og:image:width\" content=\"1600\" \/>\n\t<meta property=\"og:image:height\" content=\"1600\" \/>\n\t<meta property=\"og:image:type\" content=\"image\/png\" \/>\n<meta name=\"twitter:card\" content=\"summary_large_image\" \/>\n<meta name=\"twitter:label1\" content=\"Est. tempo de leitura\" \/>\n\t<meta name=\"twitter:data1\" content=\"2 minutos\" \/>\n<script type=\"application\/ld+json\" class=\"yoast-schema-graph\">{\"@context\":\"https:\/\/schema.org\",\"@graph\":[{\"@type\":\"WebPage\",\"@id\":\"https:\/\/www.fiemg.com.br\/fiemg\/noticias\/estoques-caem-pelo-terceiro-mes-seguido-e-expectativas-para-demanda-emprego-e-compras-recuam-ao-menor-nivel-em-ate-dez-anos\/\",\"url\":\"https:\/\/www.fiemg.com.br\/fiemg\/noticias\/estoques-caem-pelo-terceiro-mes-seguido-e-expectativas-para-demanda-emprego-e-compras-recuam-ao-menor-nivel-em-ate-dez-anos\/\",\"name\":\"Produ\u00e7\u00e3o industrial cresce em outubro, mas setor mant\u00e9m cautela para 2026 - FIEMG\",\"isPartOf\":{\"@id\":\"https:\/\/www.fiemg.com.br\/fiemg\/#website\"},\"primaryImageOfPage\":{\"@id\":\"https:\/\/www.fiemg.com.br\/fiemg\/noticias\/estoques-caem-pelo-terceiro-mes-seguido-e-expectativas-para-demanda-emprego-e-compras-recuam-ao-menor-nivel-em-ate-dez-anos\/#primaryimage\"},\"image\":{\"@id\":\"https:\/\/www.fiemg.com.br\/fiemg\/noticias\/estoques-caem-pelo-terceiro-mes-seguido-e-expectativas-para-demanda-emprego-e-compras-recuam-ao-menor-nivel-em-ate-dez-anos\/#primaryimage\"},\"thumbnailUrl\":\"https:\/\/www.fiemg.com.br\/fiemg\/wp-content\/uploads\/sites\/10\/2025\/11\/SONDAGEM-INDUSTRIAL-THUMB.png\",\"datePublished\":\"2025-11-24T16:21:38+00:00\",\"dateModified\":\"2025-11-24T16:21:42+00:00\",\"description\":\"Estoques caem pelo terceiro m\u00eas seguido e expectativas para demanda, emprego e compras recuam ao menor n\u00edvel em at\u00e9 dez anos\",\"breadcrumb\":{\"@id\":\"https:\/\/www.fiemg.com.br\/fiemg\/noticias\/estoques-caem-pelo-terceiro-mes-seguido-e-expectativas-para-demanda-emprego-e-compras-recuam-ao-menor-nivel-em-ate-dez-anos\/#breadcrumb\"},\"inLanguage\":\"pt-BR\",\"potentialAction\":[{\"@type\":\"ReadAction\",\"target\":[\"https:\/\/www.fiemg.com.br\/fiemg\/noticias\/estoques-caem-pelo-terceiro-mes-seguido-e-expectativas-para-demanda-emprego-e-compras-recuam-ao-menor-nivel-em-ate-dez-anos\/\"]}]},{\"@type\":\"ImageObject\",\"inLanguage\":\"pt-BR\",\"@id\":\"https:\/\/www.fiemg.com.br\/fiemg\/noticias\/estoques-caem-pelo-terceiro-mes-seguido-e-expectativas-para-demanda-emprego-e-compras-recuam-ao-menor-nivel-em-ate-dez-anos\/#primaryimage\",\"url\":\"https:\/\/www.fiemg.com.br\/fiemg\/wp-content\/uploads\/sites\/10\/2025\/11\/SONDAGEM-INDUSTRIAL-THUMB.png\",\"contentUrl\":\"https:\/\/www.fiemg.com.br\/fiemg\/wp-content\/uploads\/sites\/10\/2025\/11\/SONDAGEM-INDUSTRIAL-THUMB.png\",\"width\":1600,\"height\":1600},{\"@type\":\"BreadcrumbList\",\"@id\":\"https:\/\/www.fiemg.com.br\/fiemg\/noticias\/estoques-caem-pelo-terceiro-mes-seguido-e-expectativas-para-demanda-emprego-e-compras-recuam-ao-menor-nivel-em-ate-dez-anos\/#breadcrumb\",\"itemListElement\":[{\"@type\":\"ListItem\",\"position\":1,\"name\":\"In\u00edcio\",\"item\":\"https:\/\/www.fiemg.com.br\/fiemg\/\"},{\"@type\":\"ListItem\",\"position\":2,\"name\":\"Produ\u00e7\u00e3o industrial cresce em outubro, mas setor mant\u00e9m cautela para 2026\"}]},{\"@type\":\"WebSite\",\"@id\":\"https:\/\/www.fiemg.com.br\/fiemg\/#website\",\"url\":\"https:\/\/www.fiemg.com.br\/fiemg\/\",\"name\":\"FIEMG\",\"description\":\"Federa\u00e7\u00e3o das Ind\u00fastrias do Estado de Minas Gerais\",\"publisher\":{\"@id\":\"https:\/\/www.fiemg.com.br\/fiemg\/#organization\"},\"potentialAction\":[{\"@type\":\"SearchAction\",\"target\":{\"@type\":\"EntryPoint\",\"urlTemplate\":\"https:\/\/www.fiemg.com.br\/fiemg\/?s={search_term_string}\"},\"query-input\":{\"@type\":\"PropertyValueSpecification\",\"valueRequired\":true,\"valueName\":\"search_term_string\"}}],\"inLanguage\":\"pt-BR\"},{\"@type\":\"Organization\",\"@id\":\"https:\/\/www.fiemg.com.br\/fiemg\/#organization\",\"name\":\"FIEMG\",\"url\":\"https:\/\/www.fiemg.com.br\/fiemg\/\",\"logo\":{\"@type\":\"ImageObject\",\"inLanguage\":\"pt-BR\",\"@id\":\"https:\/\/www.fiemg.com.br\/fiemg\/#\/schema\/logo\/image\/\",\"url\":\"https:\/\/www.fiemg.com.br\/fiemg\/wp-content\/uploads\/sites\/10\/2023\/02\/fiemg_branco.svg\",\"contentUrl\":\"https:\/\/www.fiemg.com.br\/fiemg\/wp-content\/uploads\/sites\/10\/2023\/02\/fiemg_branco.svg\",\"width\":561,\"height\":147,\"caption\":\"FIEMG\"},\"image\":{\"@id\":\"https:\/\/www.fiemg.com.br\/fiemg\/#\/schema\/logo\/image\/\"}}]}<\/script>\n<!-- \/ Yoast SEO plugin. -->","yoast_head_json":{"title":"Produ\u00e7\u00e3o industrial cresce em outubro, mas setor mant\u00e9m cautela para 2026 - FIEMG","description":"Estoques caem pelo terceiro m\u00eas seguido e expectativas para demanda, emprego e compras recuam ao menor n\u00edvel em at\u00e9 dez anos","robots":{"index":"index","follow":"follow","max-snippet":"max-snippet:-1","max-image-preview":"max-image-preview:large","max-video-preview":"max-video-preview:-1"},"canonical":"https:\/\/www.fiemg.com.br\/fiemg\/noticias\/estoques-caem-pelo-terceiro-mes-seguido-e-expectativas-para-demanda-emprego-e-compras-recuam-ao-menor-nivel-em-ate-dez-anos\/","og_locale":"pt_BR","og_type":"article","og_title":"Produ\u00e7\u00e3o industrial cresce em outubro, mas setor mant\u00e9m cautela para 2026 - FIEMG","og_description":"Estoques caem pelo terceiro m\u00eas seguido e expectativas para demanda, emprego e compras recuam ao menor n\u00edvel em at\u00e9 dez anos","og_url":"https:\/\/www.fiemg.com.br\/fiemg\/noticias\/estoques-caem-pelo-terceiro-mes-seguido-e-expectativas-para-demanda-emprego-e-compras-recuam-ao-menor-nivel-em-ate-dez-anos\/","og_site_name":"FIEMG","article_modified_time":"2025-11-24T16:21:42+00:00","og_image":[{"width":1600,"height":1600,"url":"https:\/\/www.fiemg.com.br\/fiemg\/wp-content\/uploads\/sites\/10\/2025\/11\/SONDAGEM-INDUSTRIAL-THUMB.png","type":"image\/png"}],"twitter_card":"summary_large_image","twitter_misc":{"Est. tempo de leitura":"2 minutos"},"schema":{"@context":"https:\/\/schema.org","@graph":[{"@type":"WebPage","@id":"https:\/\/www.fiemg.com.br\/fiemg\/noticias\/estoques-caem-pelo-terceiro-mes-seguido-e-expectativas-para-demanda-emprego-e-compras-recuam-ao-menor-nivel-em-ate-dez-anos\/","url":"https:\/\/www.fiemg.com.br\/fiemg\/noticias\/estoques-caem-pelo-terceiro-mes-seguido-e-expectativas-para-demanda-emprego-e-compras-recuam-ao-menor-nivel-em-ate-dez-anos\/","name":"Produ\u00e7\u00e3o industrial cresce em outubro, mas setor mant\u00e9m cautela para 2026 - FIEMG","isPartOf":{"@id":"https:\/\/www.fiemg.com.br\/fiemg\/#website"},"primaryImageOfPage":{"@id":"https:\/\/www.fiemg.com.br\/fiemg\/noticias\/estoques-caem-pelo-terceiro-mes-seguido-e-expectativas-para-demanda-emprego-e-compras-recuam-ao-menor-nivel-em-ate-dez-anos\/#primaryimage"},"image":{"@id":"https:\/\/www.fiemg.com.br\/fiemg\/noticias\/estoques-caem-pelo-terceiro-mes-seguido-e-expectativas-para-demanda-emprego-e-compras-recuam-ao-menor-nivel-em-ate-dez-anos\/#primaryimage"},"thumbnailUrl":"https:\/\/www.fiemg.com.br\/fiemg\/wp-content\/uploads\/sites\/10\/2025\/11\/SONDAGEM-INDUSTRIAL-THUMB.png","datePublished":"2025-11-24T16:21:38+00:00","dateModified":"2025-11-24T16:21:42+00:00","description":"Estoques caem pelo terceiro m\u00eas seguido e expectativas para demanda, emprego e compras recuam ao menor n\u00edvel em at\u00e9 dez anos","breadcrumb":{"@id":"https:\/\/www.fiemg.com.br\/fiemg\/noticias\/estoques-caem-pelo-terceiro-mes-seguido-e-expectativas-para-demanda-emprego-e-compras-recuam-ao-menor-nivel-em-ate-dez-anos\/#breadcrumb"},"inLanguage":"pt-BR","potentialAction":[{"@type":"ReadAction","target":["https:\/\/www.fiemg.com.br\/fiemg\/noticias\/estoques-caem-pelo-terceiro-mes-seguido-e-expectativas-para-demanda-emprego-e-compras-recuam-ao-menor-nivel-em-ate-dez-anos\/"]}]},{"@type":"ImageObject","inLanguage":"pt-BR","@id":"https:\/\/www.fiemg.com.br\/fiemg\/noticias\/estoques-caem-pelo-terceiro-mes-seguido-e-expectativas-para-demanda-emprego-e-compras-recuam-ao-menor-nivel-em-ate-dez-anos\/#primaryimage","url":"https:\/\/www.fiemg.com.br\/fiemg\/wp-content\/uploads\/sites\/10\/2025\/11\/SONDAGEM-INDUSTRIAL-THUMB.png","contentUrl":"https:\/\/www.fiemg.com.br\/fiemg\/wp-content\/uploads\/sites\/10\/2025\/11\/SONDAGEM-INDUSTRIAL-THUMB.png","width":1600,"height":1600},{"@type":"BreadcrumbList","@id":"https:\/\/www.fiemg.com.br\/fiemg\/noticias\/estoques-caem-pelo-terceiro-mes-seguido-e-expectativas-para-demanda-emprego-e-compras-recuam-ao-menor-nivel-em-ate-dez-anos\/#breadcrumb","itemListElement":[{"@type":"ListItem","position":1,"name":"In\u00edcio","item":"https:\/\/www.fiemg.com.br\/fiemg\/"},{"@type":"ListItem","position":2,"name":"Produ\u00e7\u00e3o industrial cresce em outubro, mas setor mant\u00e9m cautela para 2026"}]},{"@type":"WebSite","@id":"https:\/\/www.fiemg.com.br\/fiemg\/#website","url":"https:\/\/www.fiemg.com.br\/fiemg\/","name":"FIEMG","description":"Federa\u00e7\u00e3o das Ind\u00fastrias do Estado de Minas Gerais","publisher":{"@id":"https:\/\/www.fiemg.com.br\/fiemg\/#organization"},"potentialAction":[{"@type":"SearchAction","target":{"@type":"EntryPoint","urlTemplate":"https:\/\/www.fiemg.com.br\/fiemg\/?s={search_term_string}"},"query-input":{"@type":"PropertyValueSpecification","valueRequired":true,"valueName":"search_term_string"}}],"inLanguage":"pt-BR"},{"@type":"Organization","@id":"https:\/\/www.fiemg.com.br\/fiemg\/#organization","name":"FIEMG","url":"https:\/\/www.fiemg.com.br\/fiemg\/","logo":{"@type":"ImageObject","inLanguage":"pt-BR","@id":"https:\/\/www.fiemg.com.br\/fiemg\/#\/schema\/logo\/image\/","url":"https:\/\/www.fiemg.com.br\/fiemg\/wp-content\/uploads\/sites\/10\/2023\/02\/fiemg_branco.svg","contentUrl":"https:\/\/www.fiemg.com.br\/fiemg\/wp-content\/uploads\/sites\/10\/2023\/02\/fiemg_branco.svg","width":561,"height":147,"caption":"FIEMG"},"image":{"@id":"https:\/\/www.fiemg.com.br\/fiemg\/#\/schema\/logo\/image\/"}}]}},"_links":{"self":[{"href":"https:\/\/www.fiemg.com.br\/fiemg\/wp-json\/wp\/v2\/noticias\/10376","targetHints":{"allow":["GET"]}}],"collection":[{"href":"https:\/\/www.fiemg.com.br\/fiemg\/wp-json\/wp\/v2\/noticias"}],"about":[{"href":"https:\/\/www.fiemg.com.br\/fiemg\/wp-json\/wp\/v2\/types\/noticias"}],"wp:featuredmedia":[{"embeddable":true,"href":"https:\/\/www.fiemg.com.br\/fiemg\/wp-json\/wp\/v2\/media\/10377"}],"wp:attachment":[{"href":"https:\/\/www.fiemg.com.br\/fiemg\/wp-json\/wp\/v2\/media?parent=10376"}],"wp:term":[{"taxonomy":"category","embeddable":true,"href":"https:\/\/www.fiemg.com.br\/fiemg\/wp-json\/wp\/v2\/categories?post=10376"},{"taxonomy":"post_tag","embeddable":true,"href":"https:\/\/www.fiemg.com.br\/fiemg\/wp-json\/wp\/v2\/tags?post=10376"}],"curies":[{"name":"wp","href":"https:\/\/api.w.org\/{rel}","templated":true}]}}