{"id":10436,"date":"2025-12-01T10:00:00","date_gmt":"2025-12-01T13:00:00","guid":{"rendered":"https:\/\/www.fiemg.com.br\/fiemg\/?post_type=noticias&p=10436"},"modified":"2025-11-28T11:35:16","modified_gmt":"2025-11-28T14:35:16","slug":"festas-de-fim-de-ano-movimentam-a-industria-mineira-e-ampliam-producao-em-ate-30","status":"publish","type":"noticias","link":"https:\/\/www.fiemg.com.br\/fiemg\/noticias\/festas-de-fim-de-ano-movimentam-a-industria-mineira-e-ampliam-producao-em-ate-30\/","title":{"rendered":"Festas de fim de ano movimentam a ind\u00fastria mineira e ampliam produ\u00e7\u00e3o em at\u00e9 30%"},"content":{"rendered":"\n<p>A ind\u00fastria mineira se prepara para um dos per\u00edodos mais relevantes do calend\u00e1rio econ\u00f4mico brasileiro, quando o ciclo de<strong> Natal e Ano-Novo<\/strong> movimenta cadeias completas de produ\u00e7\u00e3o e distribui\u00e7\u00e3o, impulsiona contrata\u00e7\u00f5es e eleva a demanda por produtos t\u00edpicos das confraterniza\u00e7\u00f5es. Juntos, os setores de <strong>bebidas<\/strong>, <strong>carnes <\/strong>e <strong>pirotecnia <\/strong>devem gerar milhares de vagas tempor\u00e1rias e fortalecer o abastecimento tanto do mercado interno quanto do com\u00e9rcio exterior. De acordo com as entidades industriais, o per\u00edodo deve consolidar um dos melhores desempenhos dos \u00faltimos anos.<\/p>\n\n\n\n<p>No setor de bebidas, o ambiente \u00e9 de otimismo. Segundo o <strong>Sindicato das Ind\u00fastrias de Cerveja e Bebidas em Geral do Estado de Minas Gerais (Sindbebidas-MG)<\/strong>, as vendas no Carnaval de 2025 <strong>cresceram 12% em Minas<\/strong>, desempenho que costuma se repetir em dezembro, quando bares e restaurantes aumentam suas compras em at\u00e9 <strong>20%<\/strong>. Para atender ao per\u00edodo festivo, as ind\u00fastrias ampliam a produ\u00e7\u00e3o com anteced\u00eancia, fortalecem estoques reguladores, contratam m\u00e3o de obra tempor\u00e1ria e adotam turnos estendidos.<\/p>\n\n\n\n<p>A <strong>localiza\u00e7\u00e3o estrat\u00e9gica de Minas<\/strong>, considerada um dos principais hubs log\u00edsticos do pa\u00eds, continua sendo um diferencial competitivo e tem atra\u00eddo investimentos de grandes grupos, como a instala\u00e7\u00e3o recente de uma f\u00e1brica da Heineken no estado. Para o presidente do Sindibebidas, <strong>Mario Marques<\/strong>, \u201ca diversidade e a capacidade de resposta da ind\u00fastria mineira mostram que o estado est\u00e1 preparado para atender a um consumo cada vez maior e mais diversificado\u201d.&nbsp;<\/p>\n\n\n\n<p>A produ\u00e7\u00e3o de bebidas cresce em paralelo ao aquecimento do setor de carnes, que registra forte alta no fim do ano. O \u00faltimo trimestre concentra tradicionalmente o maior volume de vendas. As confraterniza\u00e7\u00f5es e a busca por produtos de maior valor agregado fazem com que novembro e dezembro representem at\u00e9 <strong>25% do faturamento anual<\/strong> de algumas plantas frigor\u00edficas. Em 2025, o desempenho internacional refor\u00e7a a for\u00e7a da produ\u00e7\u00e3o mineira.<\/p>\n\n\n\n<p><strong>Dados da Secretaria de Agricultura, Pecu\u00e1ria e Abastecimento de Minas Gerais (Seapa) <\/strong>mostram que as exporta\u00e7\u00f5es de carnes do estado atingiram <strong>1,5 bilh\u00e3o de d\u00f3lares<\/strong> at\u00e9 outubro, o que representa crescimento de <strong>7%<\/strong> em rela\u00e7\u00e3o ao mesmo per\u00edodo do ano anterior. Para atender \u00e0 eleva\u00e7\u00e3o das encomendas de supermercados e a\u00e7ougues, as ind\u00fastrias ampliaram turnos, autorizaram horas extras e contrataram entre <strong>500 <\/strong>e <strong>700 <\/strong>trabalhadores tempor\u00e1rios, segundo proje\u00e7\u00e3o do <strong>Sindicato das Ind\u00fastrias de Carnes, Derivados e de Frios de Minas Gerais (Sinduscarne)<\/strong>.<\/p>\n\n\n\n<p>Segundo o presidente do sindicato, <strong>Pedro Braga<\/strong>, \u201co fim de ano \u00e9 decisivo para o setor e exige planejamento, investimento e forte capacidade de entrega. Mesmo diante dos desafios log\u00edsticos externos, como atrasos no Porto de Santos, Minas mant\u00e9m posi\u00e7\u00e3o de destaque entre os maiores fornecedores do pa\u00eds e do mundo\u201d.<\/p>\n\n\n\n<p>A alta na demanda tamb\u00e9m se repete no setor de pirotecnia, que atinge seu pico nos \u00faltimos meses do ano. Minas Gerais segue como o <strong>maior produtor nacional de fogos de artif\u00edcio<\/strong>, com polo concentrado na regi\u00e3o de Santo Ant\u00f4nio do Monte. Segundo o <strong>Sindicato das Ind\u00fastrias de Explosivos no Estado de Minas Gerais (Sindiemg)<\/strong>, mais de<strong> 60%<\/strong> do faturamento anual do setor est\u00e1 relacionado ao per\u00edodo de festas e grandes eventos, com crescimento expressivo na procura para o R\u00e9veillon. Embora o volume de produ\u00e7\u00e3o de 2025 tenha se mantido est\u00e1vel em rela\u00e7\u00e3o ao ano anterior, a compara\u00e7\u00e3o entre a alta temporada e os meses de baixa mostra um <strong>aumento m\u00e9dio de 30% nas vendas<\/strong>.<\/p>\n\n\n\n<p>A ind\u00fastria trabalha com estoque produzido ao longo do ano e recorre principalmente a horas extras, j\u00e1 que a contrata\u00e7\u00e3o de tempor\u00e1rios \u00e9 limitada pela necessidade de qualifica\u00e7\u00e3o espec\u00edfica para o manuseio de produtos controlados. Para 2026, o presidente <strong>Tiago Santos de Oliveira<\/strong> destaca que \u201ca combina\u00e7\u00e3o da Copa e das elei\u00e7\u00f5es deve impulsionar um dos maiores ciclos de produ\u00e7\u00e3o da \u00faltima d\u00e9cada, eventos que historicamente ampliam o consumo de artefatos pirot\u00e9cnicos em todo o pa\u00eds\u201d.<\/p>\n\n\n\n<p>O conjunto desses movimentos confirma a for\u00e7a industrial de Minas Gerais. O estado n\u00e3o apenas abastece o mercado interno durante um dos per\u00edodos mais aquecidos do ano, mas tamb\u00e9m sustenta a presen\u00e7a brasileira no com\u00e9rcio exterior, gera postos de trabalho e impulsiona investimentos log\u00edsticos, tecnol\u00f3gicos e produtivos.&nbsp;<\/p>\n\n\n\n<p><em>Fernanda Borges<br><\/em><strong>Imprensa FIEMG<\/strong><\/p>\n\n\n\n<p><\/p>\n","protected":false},"featured_media":10438,"template":"","categories":[15],"tags":[78,618],"class_list":["post-10436","noticias","type-noticias","status-publish","has-post-thumbnail","hentry","category-desenvolvimento-industrial","tag-fiemg","tag-sindicatos"],"acf":[],"yoast_head":"<!-- This site is optimized with the Yoast SEO plugin v26.2 - https:\/\/yoast.com\/wordpress\/plugins\/seo\/ -->\n<title>Festas de fim de ano movimentam a ind\u00fastria mineira e ampliam produ\u00e7\u00e3o em at\u00e9 30% - FIEMG<\/title>\n<meta name=\"description\" content=\"Setores de bebidas, carnes e pirotecnia refor\u00e7am estoques, criam vagas tempor\u00e1rias e sustentam o abastecimento do pa\u00eds em dezembro.\" \/>\n<meta name=\"robots\" content=\"index, follow, max-snippet:-1, max-image-preview:large, max-video-preview:-1\" \/>\n<link rel=\"canonical\" href=\"https:\/\/www.fiemg.com.br\/fiemg\/noticias\/festas-de-fim-de-ano-movimentam-a-industria-mineira-e-ampliam-producao-em-ate-30\/\" \/>\n<meta property=\"og:locale\" content=\"pt_BR\" \/>\n<meta property=\"og:type\" content=\"article\" \/>\n<meta property=\"og:title\" content=\"Festas de fim de ano movimentam a ind\u00fastria mineira e ampliam produ\u00e7\u00e3o em at\u00e9 30% - FIEMG\" \/>\n<meta property=\"og:description\" content=\"Setores de bebidas, carnes e pirotecnia refor\u00e7am estoques, criam vagas tempor\u00e1rias e sustentam o abastecimento do pa\u00eds em dezembro.\" \/>\n<meta property=\"og:url\" content=\"https:\/\/www.fiemg.com.br\/fiemg\/noticias\/festas-de-fim-de-ano-movimentam-a-industria-mineira-e-ampliam-producao-em-ate-30\/\" \/>\n<meta property=\"og:site_name\" content=\"FIEMG\" \/>\n<meta property=\"og:image\" content=\"https:\/\/www.fiemg.com.br\/fiemg\/wp-content\/uploads\/sites\/10\/2025\/11\/Festas-de-fim-de-ano.png\" \/>\n\t<meta property=\"og:image:width\" content=\"512\" \/>\n\t<meta property=\"og:image:height\" content=\"512\" \/>\n\t<meta property=\"og:image:type\" content=\"image\/png\" \/>\n<meta name=\"twitter:card\" content=\"summary_large_image\" \/>\n<meta name=\"twitter:label1\" content=\"Est. tempo de leitura\" \/>\n\t<meta name=\"twitter:data1\" content=\"4 minutos\" \/>\n<script type=\"application\/ld+json\" class=\"yoast-schema-graph\">{\"@context\":\"https:\/\/schema.org\",\"@graph\":[{\"@type\":\"WebPage\",\"@id\":\"https:\/\/www.fiemg.com.br\/fiemg\/noticias\/festas-de-fim-de-ano-movimentam-a-industria-mineira-e-ampliam-producao-em-ate-30\/\",\"url\":\"https:\/\/www.fiemg.com.br\/fiemg\/noticias\/festas-de-fim-de-ano-movimentam-a-industria-mineira-e-ampliam-producao-em-ate-30\/\",\"name\":\"Festas de fim de ano movimentam a ind\u00fastria mineira e ampliam produ\u00e7\u00e3o em at\u00e9 30% - FIEMG\",\"isPartOf\":{\"@id\":\"https:\/\/www.fiemg.com.br\/fiemg\/#website\"},\"primaryImageOfPage\":{\"@id\":\"https:\/\/www.fiemg.com.br\/fiemg\/noticias\/festas-de-fim-de-ano-movimentam-a-industria-mineira-e-ampliam-producao-em-ate-30\/#primaryimage\"},\"image\":{\"@id\":\"https:\/\/www.fiemg.com.br\/fiemg\/noticias\/festas-de-fim-de-ano-movimentam-a-industria-mineira-e-ampliam-producao-em-ate-30\/#primaryimage\"},\"thumbnailUrl\":\"https:\/\/www.fiemg.com.br\/fiemg\/wp-content\/uploads\/sites\/10\/2025\/11\/Festas-de-fim-de-ano.png\",\"datePublished\":\"2025-12-01T13:00:00+00:00\",\"description\":\"Setores de bebidas, carnes e pirotecnia refor\u00e7am estoques, criam vagas tempor\u00e1rias e sustentam o abastecimento do pa\u00eds em dezembro.\",\"breadcrumb\":{\"@id\":\"https:\/\/www.fiemg.com.br\/fiemg\/noticias\/festas-de-fim-de-ano-movimentam-a-industria-mineira-e-ampliam-producao-em-ate-30\/#breadcrumb\"},\"inLanguage\":\"pt-BR\",\"potentialAction\":[{\"@type\":\"ReadAction\",\"target\":[\"https:\/\/www.fiemg.com.br\/fiemg\/noticias\/festas-de-fim-de-ano-movimentam-a-industria-mineira-e-ampliam-producao-em-ate-30\/\"]}]},{\"@type\":\"ImageObject\",\"inLanguage\":\"pt-BR\",\"@id\":\"https:\/\/www.fiemg.com.br\/fiemg\/noticias\/festas-de-fim-de-ano-movimentam-a-industria-mineira-e-ampliam-producao-em-ate-30\/#primaryimage\",\"url\":\"https:\/\/www.fiemg.com.br\/fiemg\/wp-content\/uploads\/sites\/10\/2025\/11\/Festas-de-fim-de-ano.png\",\"contentUrl\":\"https:\/\/www.fiemg.com.br\/fiemg\/wp-content\/uploads\/sites\/10\/2025\/11\/Festas-de-fim-de-ano.png\",\"width\":512,\"height\":512},{\"@type\":\"BreadcrumbList\",\"@id\":\"https:\/\/www.fiemg.com.br\/fiemg\/noticias\/festas-de-fim-de-ano-movimentam-a-industria-mineira-e-ampliam-producao-em-ate-30\/#breadcrumb\",\"itemListElement\":[{\"@type\":\"ListItem\",\"position\":1,\"name\":\"In\u00edcio\",\"item\":\"https:\/\/www.fiemg.com.br\/fiemg\/\"},{\"@type\":\"ListItem\",\"position\":2,\"name\":\"Festas de fim de ano movimentam a ind\u00fastria mineira e ampliam produ\u00e7\u00e3o em at\u00e9 30%\"}]},{\"@type\":\"WebSite\",\"@id\":\"https:\/\/www.fiemg.com.br\/fiemg\/#website\",\"url\":\"https:\/\/www.fiemg.com.br\/fiemg\/\",\"name\":\"FIEMG\",\"description\":\"Federa\u00e7\u00e3o das Ind\u00fastrias do Estado de Minas Gerais\",\"publisher\":{\"@id\":\"https:\/\/www.fiemg.com.br\/fiemg\/#organization\"},\"potentialAction\":[{\"@type\":\"SearchAction\",\"target\":{\"@type\":\"EntryPoint\",\"urlTemplate\":\"https:\/\/www.fiemg.com.br\/fiemg\/?s={search_term_string}\"},\"query-input\":{\"@type\":\"PropertyValueSpecification\",\"valueRequired\":true,\"valueName\":\"search_term_string\"}}],\"inLanguage\":\"pt-BR\"},{\"@type\":\"Organization\",\"@id\":\"https:\/\/www.fiemg.com.br\/fiemg\/#organization\",\"name\":\"FIEMG\",\"url\":\"https:\/\/www.fiemg.com.br\/fiemg\/\",\"logo\":{\"@type\":\"ImageObject\",\"inLanguage\":\"pt-BR\",\"@id\":\"https:\/\/www.fiemg.com.br\/fiemg\/#\/schema\/logo\/image\/\",\"url\":\"https:\/\/www.fiemg.com.br\/fiemg\/wp-content\/uploads\/sites\/10\/2023\/02\/fiemg_branco.svg\",\"contentUrl\":\"https:\/\/www.fiemg.com.br\/fiemg\/wp-content\/uploads\/sites\/10\/2023\/02\/fiemg_branco.svg\",\"width\":561,\"height\":147,\"caption\":\"FIEMG\"},\"image\":{\"@id\":\"https:\/\/www.fiemg.com.br\/fiemg\/#\/schema\/logo\/image\/\"}}]}<\/script>\n<!-- \/ Yoast SEO plugin. -->","yoast_head_json":{"title":"Festas de fim de ano movimentam a ind\u00fastria mineira e ampliam produ\u00e7\u00e3o em at\u00e9 30% - FIEMG","description":"Setores de bebidas, carnes e pirotecnia refor\u00e7am estoques, criam vagas tempor\u00e1rias e sustentam o abastecimento do pa\u00eds em dezembro.","robots":{"index":"index","follow":"follow","max-snippet":"max-snippet:-1","max-image-preview":"max-image-preview:large","max-video-preview":"max-video-preview:-1"},"canonical":"https:\/\/www.fiemg.com.br\/fiemg\/noticias\/festas-de-fim-de-ano-movimentam-a-industria-mineira-e-ampliam-producao-em-ate-30\/","og_locale":"pt_BR","og_type":"article","og_title":"Festas de fim de ano movimentam a ind\u00fastria mineira e ampliam produ\u00e7\u00e3o em at\u00e9 30% - FIEMG","og_description":"Setores de bebidas, carnes e pirotecnia refor\u00e7am estoques, criam vagas tempor\u00e1rias e sustentam o abastecimento do pa\u00eds em dezembro.","og_url":"https:\/\/www.fiemg.com.br\/fiemg\/noticias\/festas-de-fim-de-ano-movimentam-a-industria-mineira-e-ampliam-producao-em-ate-30\/","og_site_name":"FIEMG","og_image":[{"width":512,"height":512,"url":"https:\/\/www.fiemg.com.br\/fiemg\/wp-content\/uploads\/sites\/10\/2025\/11\/Festas-de-fim-de-ano.png","type":"image\/png"}],"twitter_card":"summary_large_image","twitter_misc":{"Est. tempo de leitura":"4 minutos"},"schema":{"@context":"https:\/\/schema.org","@graph":[{"@type":"WebPage","@id":"https:\/\/www.fiemg.com.br\/fiemg\/noticias\/festas-de-fim-de-ano-movimentam-a-industria-mineira-e-ampliam-producao-em-ate-30\/","url":"https:\/\/www.fiemg.com.br\/fiemg\/noticias\/festas-de-fim-de-ano-movimentam-a-industria-mineira-e-ampliam-producao-em-ate-30\/","name":"Festas de fim de ano movimentam a ind\u00fastria mineira e ampliam produ\u00e7\u00e3o em at\u00e9 30% - FIEMG","isPartOf":{"@id":"https:\/\/www.fiemg.com.br\/fiemg\/#website"},"primaryImageOfPage":{"@id":"https:\/\/www.fiemg.com.br\/fiemg\/noticias\/festas-de-fim-de-ano-movimentam-a-industria-mineira-e-ampliam-producao-em-ate-30\/#primaryimage"},"image":{"@id":"https:\/\/www.fiemg.com.br\/fiemg\/noticias\/festas-de-fim-de-ano-movimentam-a-industria-mineira-e-ampliam-producao-em-ate-30\/#primaryimage"},"thumbnailUrl":"https:\/\/www.fiemg.com.br\/fiemg\/wp-content\/uploads\/sites\/10\/2025\/11\/Festas-de-fim-de-ano.png","datePublished":"2025-12-01T13:00:00+00:00","description":"Setores de bebidas, carnes e pirotecnia refor\u00e7am estoques, criam vagas tempor\u00e1rias e sustentam o abastecimento do pa\u00eds em dezembro.","breadcrumb":{"@id":"https:\/\/www.fiemg.com.br\/fiemg\/noticias\/festas-de-fim-de-ano-movimentam-a-industria-mineira-e-ampliam-producao-em-ate-30\/#breadcrumb"},"inLanguage":"pt-BR","potentialAction":[{"@type":"ReadAction","target":["https:\/\/www.fiemg.com.br\/fiemg\/noticias\/festas-de-fim-de-ano-movimentam-a-industria-mineira-e-ampliam-producao-em-ate-30\/"]}]},{"@type":"ImageObject","inLanguage":"pt-BR","@id":"https:\/\/www.fiemg.com.br\/fiemg\/noticias\/festas-de-fim-de-ano-movimentam-a-industria-mineira-e-ampliam-producao-em-ate-30\/#primaryimage","url":"https:\/\/www.fiemg.com.br\/fiemg\/wp-content\/uploads\/sites\/10\/2025\/11\/Festas-de-fim-de-ano.png","contentUrl":"https:\/\/www.fiemg.com.br\/fiemg\/wp-content\/uploads\/sites\/10\/2025\/11\/Festas-de-fim-de-ano.png","width":512,"height":512},{"@type":"BreadcrumbList","@id":"https:\/\/www.fiemg.com.br\/fiemg\/noticias\/festas-de-fim-de-ano-movimentam-a-industria-mineira-e-ampliam-producao-em-ate-30\/#breadcrumb","itemListElement":[{"@type":"ListItem","position":1,"name":"In\u00edcio","item":"https:\/\/www.fiemg.com.br\/fiemg\/"},{"@type":"ListItem","position":2,"name":"Festas de fim de ano movimentam a ind\u00fastria mineira e ampliam produ\u00e7\u00e3o em at\u00e9 30%"}]},{"@type":"WebSite","@id":"https:\/\/www.fiemg.com.br\/fiemg\/#website","url":"https:\/\/www.fiemg.com.br\/fiemg\/","name":"FIEMG","description":"Federa\u00e7\u00e3o das Ind\u00fastrias do Estado de Minas Gerais","publisher":{"@id":"https:\/\/www.fiemg.com.br\/fiemg\/#organization"},"potentialAction":[{"@type":"SearchAction","target":{"@type":"EntryPoint","urlTemplate":"https:\/\/www.fiemg.com.br\/fiemg\/?s={search_term_string}"},"query-input":{"@type":"PropertyValueSpecification","valueRequired":true,"valueName":"search_term_string"}}],"inLanguage":"pt-BR"},{"@type":"Organization","@id":"https:\/\/www.fiemg.com.br\/fiemg\/#organization","name":"FIEMG","url":"https:\/\/www.fiemg.com.br\/fiemg\/","logo":{"@type":"ImageObject","inLanguage":"pt-BR","@id":"https:\/\/www.fiemg.com.br\/fiemg\/#\/schema\/logo\/image\/","url":"https:\/\/www.fiemg.com.br\/fiemg\/wp-content\/uploads\/sites\/10\/2023\/02\/fiemg_branco.svg","contentUrl":"https:\/\/www.fiemg.com.br\/fiemg\/wp-content\/uploads\/sites\/10\/2023\/02\/fiemg_branco.svg","width":561,"height":147,"caption":"FIEMG"},"image":{"@id":"https:\/\/www.fiemg.com.br\/fiemg\/#\/schema\/logo\/image\/"}}]}},"_links":{"self":[{"href":"https:\/\/www.fiemg.com.br\/fiemg\/wp-json\/wp\/v2\/noticias\/10436","targetHints":{"allow":["GET"]}}],"collection":[{"href":"https:\/\/www.fiemg.com.br\/fiemg\/wp-json\/wp\/v2\/noticias"}],"about":[{"href":"https:\/\/www.fiemg.com.br\/fiemg\/wp-json\/wp\/v2\/types\/noticias"}],"wp:featuredmedia":[{"embeddable":true,"href":"https:\/\/www.fiemg.com.br\/fiemg\/wp-json\/wp\/v2\/media\/10438"}],"wp:attachment":[{"href":"https:\/\/www.fiemg.com.br\/fiemg\/wp-json\/wp\/v2\/media?parent=10436"}],"wp:term":[{"taxonomy":"category","embeddable":true,"href":"https:\/\/www.fiemg.com.br\/fiemg\/wp-json\/wp\/v2\/categories?post=10436"},{"taxonomy":"post_tag","embeddable":true,"href":"https:\/\/www.fiemg.com.br\/fiemg\/wp-json\/wp\/v2\/tags?post=10436"}],"curies":[{"name":"wp","href":"https:\/\/api.w.org\/{rel}","templated":true}]}}