{"id":10439,"date":"2025-11-30T17:18:14","date_gmt":"2025-11-30T20:18:14","guid":{"rendered":"https:\/\/www.fiemg.com.br\/fiemg\/noticias\/fiemg-regional-zm-e-homenageada-na-16a-edicao-da-comenda-bernardo-mascarenhas-concedida-pela-adjfr\/"},"modified":"2025-12-01T09:29:48","modified_gmt":"2025-12-01T12:29:48","slug":"fiemg-regional-zm-e-homenageada-na-16a-edicao-da-comenda-bernardo-mascarenhas-concedida-pela-adjfr","status":"publish","type":"noticias","link":"https:\/\/www.fiemg.com.br\/fiemg\/noticias\/fiemg-regional-zm-e-homenageada-na-16a-edicao-da-comenda-bernardo-mascarenhas-concedida-pela-adjfr\/","title":{"rendered":"FIEMG Regional ZM \u00e9 homenageada com a Comenda Bernardo Mascarenhas da ADJFR"},"content":{"rendered":"\n<p>A noite de 27 de novembro marcou mais um cap\u00edtulo importante na hist\u00f3ria da FIEMG Regional Zona da Mata. A entidade foi homenageada com a Comenda Bernardo Mascarenhas 2025, uma tradicional honraia concedida pela Ag\u00eancia de Desenvolvimento de Juiz de Fora e Regi\u00e3o (ADJFR). A cerim\u00f4nia, realizada no audit\u00f3rio da Faculdade Suprema, em Juiz de Fora, integrou as comemora\u00e7\u00f5es pelos 29 anos da Ag\u00eancia e reuniu autoridades, lideran\u00e7as empresariais, educacionais e institucionais em um ambiente carregado de simbolismo e reconhecimento.<\/p>\n\n\n\n<p>A FIEMG Regional Zona da Mata, indicada por unanimidade pelos parceiros da ADJFR, foi representada na solenidade pela presidente do Sindicato das Ind\u00fastrias Metal\u00fargicas, Mec\u00e2nicas e de Material El\u00e9trico de Juiz de Fora (Metal JF), Ana L\u00facia Machado Sabino, j\u00e1 que a presidente Mari\u00e2ngela Marcon se encontra em viagem ao exterior. Tamb\u00e9m foram homenageados nesta 16\u00aa edi\u00e7\u00e3o da Comenda a empresa Carbeto de Sil\u00edcio Sika Brasil Ltda \u2013 Kymera Internacional, de Barbacena; o jornalista e colunista social Cesar Romero Giovanini Corr\u00eaa; a Rede de Ensino Apogeu e o Restaurante Bras\u00e3o.<\/p>\n\n\n\n<p>A solenidade teve in\u00edcio com a exibi\u00e7\u00e3o de um v\u00eddeo sobre a trajet\u00f3ria do industrial Bernardo Mascarenhas, seguida pela apresenta\u00e7\u00e3o do coral da Rede de Ensino Apogeu. A mesa de honra foi composta pelo presidente da ADJFR, C\u00e9lio Chagas; pela prefeita de Juiz de Fora, Margarida Salom\u00e3o; pelo diretor da Faculdade Suprema, Ricardo Campelo; pela pr\u00f3-reitora de Gradua\u00e7\u00e3o e Pesquisa, Priscila de Faria, representando a reitora da UFJF, Girlene Alves; pelo presidente da CDL-JF, Marcos Casarin; e pelo superintendente da ADJFR, Jos\u00e9 Geraldo Neto de Faria.<\/p>\n\n\n\n<p>Em seu pronunciamento, C\u00e9lio Chagas abriu a noite citando Arist\u00f3teles \u2014 \u201cA grandeza n\u00e3o consiste em receber honra, mas em merec\u00ea-la\u201d \u2014 ressaltando que a Comenda \u00e9 entregue apenas \u00e0queles cuja atua\u00e7\u00e3o deixa marcas reais na hist\u00f3ria do desenvolvimento regional. Destacou as iniciativas promovidas pela Ag\u00eancia ao longo de quase tr\u00eas d\u00e9cadas e exaltou o m\u00e9rito dos homenageados de 2025, descrevendo-os como \u201cprotagonistas de uma vida dedicada ao progresso de Juiz de Fora e da Zona da Mata\u201d.<\/p>\n\n\n\n<p>A prefeita Margarida Salom\u00e3o refor\u00e7ou o esp\u00edrito da homenagem lembrando que Bernardo Mascarenhas foi um pioneiro que impulsionou a industrializa\u00e7\u00e3o mineira e lan\u00e7ou as bases de um projeto de cidade inovadora. Segundo ela, \u201cos comendadores de hoje s\u00e3o herdeiros dessa responsabilidade: construir uma cidade pautada por um desenvolvimento mais inclusivo, robusto e marcado pela inova\u00e7\u00e3o e pioneirismo\u201d.<\/p>\n\n\n\n<p>Representando todos os agraciados, o diretor da Rede Apogeu, Makerley Arimat\u00e9ia, destacou em sua fala a import\u00e2ncia do trabalho coletivo como motor do progresso: \u201cHoje celebramos a for\u00e7a da articula\u00e7\u00e3o coletiva. O progresso de uma cidade \u00e9 formado pela coletividade. Representando a educa\u00e7\u00e3o, me honra receber essa comenda juntamente com a ind\u00fastria, com\u00e9rcio e comunica\u00e7\u00e3o. Precisamos agora transformar essa homenagem em legado, construir uma cidade pautada no compromisso coletivo, com inova\u00e7\u00e3o. O progresso de constr\u00f3i com coopera\u00e7\u00e3o e trabalho. Vamos olhar para o futuro com ousadia e esperan\u00e7a\u201d, disse.<\/p>\n\n\n\n<p>Ana L\u00facia agradeceu a oportunidade de receber a homenagem em nome de Mari\u00e2ngela Marcon e destacou a honra em ser indicada para isso, parabenizando a presidente por esse importante reconhecimento de seu trabalho \u00e0 frente da FIEMG Regional ZM. Mari\u00e2ngela ressaltou o valor simb\u00f3lico e institucional da homenagem: \u201cA Comenda Bernardo Mascarenhas representa um reconhecimento que muito nos honra e refor\u00e7a nossa responsabilidade com o desenvolvimento da regi\u00e3o. A FIEMG Regional ZM trabalha lado a lado com a ADJFR e com todos os setores produtivos para construir um ambiente industrial mais moderno, competitivo e integrado. Considero que esta homenagem contempla n\u00e3o apenas a minha lideran\u00e7a, mas todo o trabalho articulado pela equipe da Regional em di\u00e1logo permanente com as ind\u00fastrias, sindicatos e institui\u00e7\u00f5es parceiras\u201d.<\/p>\n\n\n\n<p>.<\/p>\n\n\n\n<p><strong>FIEMG Regional Zona da Mata: presen\u00e7a que transforma<\/strong><\/p>\n\n\n\n<p>A FIEMG Regional Zona da Mata \u00e9 uma das 11 regionais da Federa\u00e7\u00e3o das Ind\u00fastrias do Estado de Minas Gerais e atua como motor estrat\u00e9gico de desenvolvimento econ\u00f4mico e social na regi\u00e3o. Fundada em 1987, e atualmente presidida por Mari\u00e2ngela Miranda Marcon, a Regional mant\u00e9m firme seu prop\u00f3sito institucional: fomentar a moderniza\u00e7\u00e3o industrial, impulsionar a inova\u00e7\u00e3o e ampliar a competitividade das empresas locais.<\/p>\n\n\n\n<p>Sua estrutura \u00e9 ampla e capilarizada: s\u00e3o 21 unidades operacionais, entre escolas SESI com educa\u00e7\u00e3o regular, escolas SENAI de forma\u00e7\u00e3o profissional, unidades integradas SESI\/SENAI, Clubes SESI e unidades de Sa\u00fade e Seguran\u00e7a no Trabalho, todas integradas a um planejamento estrat\u00e9gico voltado para formar e qualificar a nova gera\u00e7\u00e3o de trabalhadores e gestores industriais.<\/p>\n\n\n\n<p>A FIEMG Regional ZM representa 13 sindicatos industriais e presta servi\u00e7os para 142 munic\u00edpios, cobrindo mais de 6% do territ\u00f3rio mineiro e atendendo a uma popula\u00e7\u00e3o estimada em 2,2 milh\u00f5es de habitantes. Por meio de seus programas de capacita\u00e7\u00e3o, inova\u00e7\u00e3o, consultoria t\u00e9cnica, assessorias jur\u00eddica e econ\u00f4mica, e a\u00e7\u00f5es de articula\u00e7\u00e3o institucional, a Regional atua como ponte entre empresas, sindicatos, poder p\u00fablico e sociedade, promovendo um ambiente favor\u00e1vel ao crescimento sustent\u00e1vel.<\/p>\n\n\n\n<p>Para Mari\u00e2ngela Marcon, alian\u00e7as s\u00f3lidas como as firmadas com a ADJFR refletem a ess\u00eancia de sua gest\u00e3o: \u201cDesenvolvimento se constr\u00f3i com coopera\u00e7\u00e3o, planejamento e coragem para inovar. A FIEMG Regional Zona da Mata est\u00e1 comprometida com um progresso que alcance toda a regi\u00e3o e que prepare nosso setor produtivo para os desafios de um mundo em constante transforma\u00e7\u00e3o.\u201d<\/p>\n\n\n\n<p>Com o recebimento da Comenda Bernardo Mascarenhas 2025, a FIEMG Regional ZM teve seu papel reafirmado como protagonista na constru\u00e7\u00e3o de um futuro industrial mais robusto, integrado e vision\u00e1rio para toda a Zona da Mata mineira.<\/p>\n\n\n\n<p>.<\/p>\n\n\n\n<p><em>Graciele Vianna<\/em><\/p>\n\n\n\n<p><strong>Imprensa FIEMG<\/strong><\/p>\n","protected":false},"featured_media":10442,"template":"","categories":[15],"tags":[],"class_list":["post-10439","noticias","type-noticias","status-publish","has-post-thumbnail","hentry","category-desenvolvimento-industrial"],"acf":[],"yoast_head":"<!-- This site is optimized with the Yoast SEO plugin v26.2 - https:\/\/yoast.com\/wordpress\/plugins\/seo\/ -->\n<title>FIEMG Regional ZM \u00e9 homenageada com a Comenda Bernardo Mascarenhas da ADJFR - FIEMG<\/title>\n<meta name=\"robots\" content=\"index, follow, max-snippet:-1, max-image-preview:large, max-video-preview:-1\" \/>\n<link rel=\"canonical\" href=\"https:\/\/www.fiemg.com.br\/fiemg\/noticias\/fiemg-regional-zm-e-homenageada-na-16a-edicao-da-comenda-bernardo-mascarenhas-concedida-pela-adjfr\/\" \/>\n<meta property=\"og:locale\" content=\"pt_BR\" \/>\n<meta property=\"og:type\" content=\"article\" \/>\n<meta property=\"og:title\" content=\"FIEMG Regional ZM \u00e9 homenageada com a Comenda Bernardo Mascarenhas da ADJFR - FIEMG\" \/>\n<meta property=\"og:description\" content=\"A noite de 27 de novembro marcou mais um cap\u00edtulo importante na hist\u00f3ria da FIEMG Regional Zona da Mata. A entidade foi homenageada com a Comenda Bernardo Mascarenhas 2025, uma tradicional honraia concedida pela Ag\u00eancia de Desenvolvimento de Juiz de Fora e Regi\u00e3o (ADJFR). A cerim\u00f4nia, realizada no audit\u00f3rio da Faculdade Suprema, em Juiz de [&hellip;]\" \/>\n<meta property=\"og:url\" content=\"https:\/\/www.fiemg.com.br\/fiemg\/noticias\/fiemg-regional-zm-e-homenageada-na-16a-edicao-da-comenda-bernardo-mascarenhas-concedida-pela-adjfr\/\" \/>\n<meta property=\"og:site_name\" content=\"FIEMG\" \/>\n<meta property=\"article:modified_time\" content=\"2025-12-01T12:29:48+00:00\" \/>\n<meta property=\"og:image\" content=\"https:\/\/www.fiemg.com.br\/fiemg\/wp-content\/uploads\/sites\/10\/2023\/08\/default.png\" \/>\n\t<meta property=\"og:image:width\" content=\"300\" \/>\n\t<meta property=\"og:image:height\" content=\"300\" \/>\n\t<meta property=\"og:image:type\" content=\"image\/png\" \/>\n<meta name=\"twitter:card\" content=\"summary_large_image\" \/>\n<meta name=\"twitter:label1\" content=\"Est. tempo de leitura\" \/>\n\t<meta name=\"twitter:data1\" content=\"5 minutos\" \/>\n<script type=\"application\/ld+json\" class=\"yoast-schema-graph\">{\"@context\":\"https:\/\/schema.org\",\"@graph\":[{\"@type\":\"WebPage\",\"@id\":\"https:\/\/www.fiemg.com.br\/fiemg\/noticias\/fiemg-regional-zm-e-homenageada-na-16a-edicao-da-comenda-bernardo-mascarenhas-concedida-pela-adjfr\/\",\"url\":\"https:\/\/www.fiemg.com.br\/fiemg\/noticias\/fiemg-regional-zm-e-homenageada-na-16a-edicao-da-comenda-bernardo-mascarenhas-concedida-pela-adjfr\/\",\"name\":\"FIEMG Regional ZM \u00e9 homenageada com a Comenda Bernardo Mascarenhas da ADJFR - FIEMG\",\"isPartOf\":{\"@id\":\"https:\/\/www.fiemg.com.br\/fiemg\/#website\"},\"primaryImageOfPage\":{\"@id\":\"https:\/\/www.fiemg.com.br\/fiemg\/noticias\/fiemg-regional-zm-e-homenageada-na-16a-edicao-da-comenda-bernardo-mascarenhas-concedida-pela-adjfr\/#primaryimage\"},\"image\":{\"@id\":\"https:\/\/www.fiemg.com.br\/fiemg\/noticias\/fiemg-regional-zm-e-homenageada-na-16a-edicao-da-comenda-bernardo-mascarenhas-concedida-pela-adjfr\/#primaryimage\"},\"thumbnailUrl\":\"https:\/\/www.fiemg.com.br\/fiemg\/wp-content\/uploads\/sites\/10\/2025\/12\/Comenda-ADJFR-Thumb.png\",\"datePublished\":\"2025-11-30T20:18:14+00:00\",\"dateModified\":\"2025-12-01T12:29:48+00:00\",\"breadcrumb\":{\"@id\":\"https:\/\/www.fiemg.com.br\/fiemg\/noticias\/fiemg-regional-zm-e-homenageada-na-16a-edicao-da-comenda-bernardo-mascarenhas-concedida-pela-adjfr\/#breadcrumb\"},\"inLanguage\":\"pt-BR\",\"potentialAction\":[{\"@type\":\"ReadAction\",\"target\":[\"https:\/\/www.fiemg.com.br\/fiemg\/noticias\/fiemg-regional-zm-e-homenageada-na-16a-edicao-da-comenda-bernardo-mascarenhas-concedida-pela-adjfr\/\"]}]},{\"@type\":\"ImageObject\",\"inLanguage\":\"pt-BR\",\"@id\":\"https:\/\/www.fiemg.com.br\/fiemg\/noticias\/fiemg-regional-zm-e-homenageada-na-16a-edicao-da-comenda-bernardo-mascarenhas-concedida-pela-adjfr\/#primaryimage\",\"url\":\"https:\/\/www.fiemg.com.br\/fiemg\/wp-content\/uploads\/sites\/10\/2025\/12\/Comenda-ADJFR-Thumb.png\",\"contentUrl\":\"https:\/\/www.fiemg.com.br\/fiemg\/wp-content\/uploads\/sites\/10\/2025\/12\/Comenda-ADJFR-Thumb.png\",\"width\":512,\"height\":512},{\"@type\":\"BreadcrumbList\",\"@id\":\"https:\/\/www.fiemg.com.br\/fiemg\/noticias\/fiemg-regional-zm-e-homenageada-na-16a-edicao-da-comenda-bernardo-mascarenhas-concedida-pela-adjfr\/#breadcrumb\",\"itemListElement\":[{\"@type\":\"ListItem\",\"position\":1,\"name\":\"In\u00edcio\",\"item\":\"https:\/\/www.fiemg.com.br\/fiemg\/\"},{\"@type\":\"ListItem\",\"position\":2,\"name\":\"FIEMG Regional ZM \u00e9 homenageada com a Comenda Bernardo Mascarenhas da ADJFR\"}]},{\"@type\":\"WebSite\",\"@id\":\"https:\/\/www.fiemg.com.br\/fiemg\/#website\",\"url\":\"https:\/\/www.fiemg.com.br\/fiemg\/\",\"name\":\"FIEMG\",\"description\":\"Federa\u00e7\u00e3o das Ind\u00fastrias do Estado de Minas Gerais\",\"publisher\":{\"@id\":\"https:\/\/www.fiemg.com.br\/fiemg\/#organization\"},\"potentialAction\":[{\"@type\":\"SearchAction\",\"target\":{\"@type\":\"EntryPoint\",\"urlTemplate\":\"https:\/\/www.fiemg.com.br\/fiemg\/?s={search_term_string}\"},\"query-input\":{\"@type\":\"PropertyValueSpecification\",\"valueRequired\":true,\"valueName\":\"search_term_string\"}}],\"inLanguage\":\"pt-BR\"},{\"@type\":\"Organization\",\"@id\":\"https:\/\/www.fiemg.com.br\/fiemg\/#organization\",\"name\":\"FIEMG\",\"url\":\"https:\/\/www.fiemg.com.br\/fiemg\/\",\"logo\":{\"@type\":\"ImageObject\",\"inLanguage\":\"pt-BR\",\"@id\":\"https:\/\/www.fiemg.com.br\/fiemg\/#\/schema\/logo\/image\/\",\"url\":\"https:\/\/www.fiemg.com.br\/fiemg\/wp-content\/uploads\/sites\/10\/2023\/02\/fiemg_branco.svg\",\"contentUrl\":\"https:\/\/www.fiemg.com.br\/fiemg\/wp-content\/uploads\/sites\/10\/2023\/02\/fiemg_branco.svg\",\"width\":561,\"height\":147,\"caption\":\"FIEMG\"},\"image\":{\"@id\":\"https:\/\/www.fiemg.com.br\/fiemg\/#\/schema\/logo\/image\/\"}}]}<\/script>\n<!-- \/ Yoast SEO plugin. -->","yoast_head_json":{"title":"FIEMG Regional ZM \u00e9 homenageada com a Comenda Bernardo Mascarenhas da ADJFR - FIEMG","robots":{"index":"index","follow":"follow","max-snippet":"max-snippet:-1","max-image-preview":"max-image-preview:large","max-video-preview":"max-video-preview:-1"},"canonical":"https:\/\/www.fiemg.com.br\/fiemg\/noticias\/fiemg-regional-zm-e-homenageada-na-16a-edicao-da-comenda-bernardo-mascarenhas-concedida-pela-adjfr\/","og_locale":"pt_BR","og_type":"article","og_title":"FIEMG Regional ZM \u00e9 homenageada com a Comenda Bernardo Mascarenhas da ADJFR - FIEMG","og_description":"A noite de 27 de novembro marcou mais um cap\u00edtulo importante na hist\u00f3ria da FIEMG Regional Zona da Mata. A entidade foi homenageada com a Comenda Bernardo Mascarenhas 2025, uma tradicional honraia concedida pela Ag\u00eancia de Desenvolvimento de Juiz de Fora e Regi\u00e3o (ADJFR). A cerim\u00f4nia, realizada no audit\u00f3rio da Faculdade Suprema, em Juiz de [&hellip;]","og_url":"https:\/\/www.fiemg.com.br\/fiemg\/noticias\/fiemg-regional-zm-e-homenageada-na-16a-edicao-da-comenda-bernardo-mascarenhas-concedida-pela-adjfr\/","og_site_name":"FIEMG","article_modified_time":"2025-12-01T12:29:48+00:00","og_image":[{"width":300,"height":300,"url":"https:\/\/www.fiemg.com.br\/fiemg\/wp-content\/uploads\/sites\/10\/2023\/08\/default.png","type":"image\/png"}],"twitter_card":"summary_large_image","twitter_misc":{"Est. tempo de leitura":"5 minutos"},"schema":{"@context":"https:\/\/schema.org","@graph":[{"@type":"WebPage","@id":"https:\/\/www.fiemg.com.br\/fiemg\/noticias\/fiemg-regional-zm-e-homenageada-na-16a-edicao-da-comenda-bernardo-mascarenhas-concedida-pela-adjfr\/","url":"https:\/\/www.fiemg.com.br\/fiemg\/noticias\/fiemg-regional-zm-e-homenageada-na-16a-edicao-da-comenda-bernardo-mascarenhas-concedida-pela-adjfr\/","name":"FIEMG Regional ZM \u00e9 homenageada com a Comenda Bernardo Mascarenhas da ADJFR - FIEMG","isPartOf":{"@id":"https:\/\/www.fiemg.com.br\/fiemg\/#website"},"primaryImageOfPage":{"@id":"https:\/\/www.fiemg.com.br\/fiemg\/noticias\/fiemg-regional-zm-e-homenageada-na-16a-edicao-da-comenda-bernardo-mascarenhas-concedida-pela-adjfr\/#primaryimage"},"image":{"@id":"https:\/\/www.fiemg.com.br\/fiemg\/noticias\/fiemg-regional-zm-e-homenageada-na-16a-edicao-da-comenda-bernardo-mascarenhas-concedida-pela-adjfr\/#primaryimage"},"thumbnailUrl":"https:\/\/www.fiemg.com.br\/fiemg\/wp-content\/uploads\/sites\/10\/2025\/12\/Comenda-ADJFR-Thumb.png","datePublished":"2025-11-30T20:18:14+00:00","dateModified":"2025-12-01T12:29:48+00:00","breadcrumb":{"@id":"https:\/\/www.fiemg.com.br\/fiemg\/noticias\/fiemg-regional-zm-e-homenageada-na-16a-edicao-da-comenda-bernardo-mascarenhas-concedida-pela-adjfr\/#breadcrumb"},"inLanguage":"pt-BR","potentialAction":[{"@type":"ReadAction","target":["https:\/\/www.fiemg.com.br\/fiemg\/noticias\/fiemg-regional-zm-e-homenageada-na-16a-edicao-da-comenda-bernardo-mascarenhas-concedida-pela-adjfr\/"]}]},{"@type":"ImageObject","inLanguage":"pt-BR","@id":"https:\/\/www.fiemg.com.br\/fiemg\/noticias\/fiemg-regional-zm-e-homenageada-na-16a-edicao-da-comenda-bernardo-mascarenhas-concedida-pela-adjfr\/#primaryimage","url":"https:\/\/www.fiemg.com.br\/fiemg\/wp-content\/uploads\/sites\/10\/2025\/12\/Comenda-ADJFR-Thumb.png","contentUrl":"https:\/\/www.fiemg.com.br\/fiemg\/wp-content\/uploads\/sites\/10\/2025\/12\/Comenda-ADJFR-Thumb.png","width":512,"height":512},{"@type":"BreadcrumbList","@id":"https:\/\/www.fiemg.com.br\/fiemg\/noticias\/fiemg-regional-zm-e-homenageada-na-16a-edicao-da-comenda-bernardo-mascarenhas-concedida-pela-adjfr\/#breadcrumb","itemListElement":[{"@type":"ListItem","position":1,"name":"In\u00edcio","item":"https:\/\/www.fiemg.com.br\/fiemg\/"},{"@type":"ListItem","position":2,"name":"FIEMG Regional ZM \u00e9 homenageada com a Comenda Bernardo Mascarenhas da ADJFR"}]},{"@type":"WebSite","@id":"https:\/\/www.fiemg.com.br\/fiemg\/#website","url":"https:\/\/www.fiemg.com.br\/fiemg\/","name":"FIEMG","description":"Federa\u00e7\u00e3o das Ind\u00fastrias do Estado de Minas Gerais","publisher":{"@id":"https:\/\/www.fiemg.com.br\/fiemg\/#organization"},"potentialAction":[{"@type":"SearchAction","target":{"@type":"EntryPoint","urlTemplate":"https:\/\/www.fiemg.com.br\/fiemg\/?s={search_term_string}"},"query-input":{"@type":"PropertyValueSpecification","valueRequired":true,"valueName":"search_term_string"}}],"inLanguage":"pt-BR"},{"@type":"Organization","@id":"https:\/\/www.fiemg.com.br\/fiemg\/#organization","name":"FIEMG","url":"https:\/\/www.fiemg.com.br\/fiemg\/","logo":{"@type":"ImageObject","inLanguage":"pt-BR","@id":"https:\/\/www.fiemg.com.br\/fiemg\/#\/schema\/logo\/image\/","url":"https:\/\/www.fiemg.com.br\/fiemg\/wp-content\/uploads\/sites\/10\/2023\/02\/fiemg_branco.svg","contentUrl":"https:\/\/www.fiemg.com.br\/fiemg\/wp-content\/uploads\/sites\/10\/2023\/02\/fiemg_branco.svg","width":561,"height":147,"caption":"FIEMG"},"image":{"@id":"https:\/\/www.fiemg.com.br\/fiemg\/#\/schema\/logo\/image\/"}}]}},"_links":{"self":[{"href":"https:\/\/www.fiemg.com.br\/fiemg\/wp-json\/wp\/v2\/noticias\/10439","targetHints":{"allow":["GET"]}}],"collection":[{"href":"https:\/\/www.fiemg.com.br\/fiemg\/wp-json\/wp\/v2\/noticias"}],"about":[{"href":"https:\/\/www.fiemg.com.br\/fiemg\/wp-json\/wp\/v2\/types\/noticias"}],"wp:featuredmedia":[{"embeddable":true,"href":"https:\/\/www.fiemg.com.br\/fiemg\/wp-json\/wp\/v2\/media\/10442"}],"wp:attachment":[{"href":"https:\/\/www.fiemg.com.br\/fiemg\/wp-json\/wp\/v2\/media?parent=10439"}],"wp:term":[{"taxonomy":"category","embeddable":true,"href":"https:\/\/www.fiemg.com.br\/fiemg\/wp-json\/wp\/v2\/categories?post=10439"},{"taxonomy":"post_tag","embeddable":true,"href":"https:\/\/www.fiemg.com.br\/fiemg\/wp-json\/wp\/v2\/tags?post=10439"}],"curies":[{"name":"wp","href":"https:\/\/api.w.org\/{rel}","templated":true}]}}