{"id":10480,"date":"2025-12-03T10:02:00","date_gmt":"2025-12-03T13:02:00","guid":{"rendered":"https:\/\/www.fiemg.com.br\/fiemg\/noticias\/cerca-de-500-pessoas-participaram-da-atividade-que-reforcou-a-tradicao-do-sesi-na-formacao-esportiva-e-no-incentivo-ao-desenvolvimento-saudavel-de-criancas-e-adolescentes\/"},"modified":"2025-12-03T11:07:39","modified_gmt":"2025-12-03T14:07:39","slug":"cerca-de-500-pessoas-participaram-da-atividade-que-reforcou-a-tradicao-do-sesi-na-formacao-esportiva-e-no-incentivo-ao-desenvolvimento-saudavel-de-criancas-e-adolescentes","status":"publish","type":"noticias","link":"https:\/\/www.fiemg.com.br\/fiemg\/noticias\/cerca-de-500-pessoas-participaram-da-atividade-que-reforcou-a-tradicao-do-sesi-na-formacao-esportiva-e-no-incentivo-ao-desenvolvimento-saudavel-de-criancas-e-adolescentes\/","title":{"rendered":"SESI Juiz de Fora realiza Festival de Nata\u00e7\u00e3o e celebra evolu\u00e7\u00e3o dos alunos em grande evento esportivo\u00a0"},"content":{"rendered":"\n<p>O Centro Esportivo do Trabalhador&nbsp;Jos\u00e9 Weiss recebeu, na manh\u00e3 do dia&nbsp;29 de novembro, um dos eventos mais aguardados da Escola de Esportes do SESI Juiz de Fora: o Festival de Nata\u00e7\u00e3o SESI 2025. Entre atletas, familiares e convidados, o encontro reuniu aproximadamente 500 pessoas, consolidando-se como uma celebra\u00e7\u00e3o vibrante da evolu\u00e7\u00e3o t\u00e9cnica, disciplina e confian\u00e7a dos alunos nas piscinas.&nbsp;<\/p>\n\n\n\n<p>Voltado para crian\u00e7as e adolescentes de&nbsp;4 a 16 anos, o festival teve como objetivo principal apresentar aos pais e respons\u00e1veis o progresso adquirido ao longo do ano nas aulas de nata\u00e7\u00e3o. As baterias inclu\u00edram provas dos quatro estilos \u2014&nbsp;crawl, costas, peito e borboleta&nbsp;\u2014 com dist\u00e2ncias adaptadas de&nbsp;12m, 25m e 50m, respeitando a fase de desenvolvimento e as habilidades individuais de cada aluno.&nbsp;<\/p>\n\n\n\n<p>Com clima leve, festivo e cheio de est\u00edmulo, o evento refor\u00e7ou a proposta pedag\u00f3gica da Escola de Esportes do SESI, que une t\u00e9cnica, educa\u00e7\u00e3o e conviv\u00eancia. Fam\u00edlias acompanharam emocionadas o desempenho dos jovens nadadores, que demonstraram seguran\u00e7a, autonomia e alegria ao se lan\u00e7arem na \u00e1gua, muitos deles pela primeira vez em atividades abertas para o p\u00fablico.&nbsp;<\/p>\n\n\n\n<p>O Festival de Nata\u00e7\u00e3o \u00e9 uma tradi\u00e7\u00e3o consolidada no calend\u00e1rio esportivo da unidade e, ao longo dos anos, se tornou um momento simb\u00f3lico de valoriza\u00e7\u00e3o do esporte e da forma\u00e7\u00e3o integral dos alunos.&nbsp;O gerente dos Clubes&nbsp;SESI Juiz de Fora,&nbsp;Glauco de Freitas,&nbsp;destacou a import\u00e2ncia do festival como a\u00e7\u00e3o educativa e motivacional:&nbsp;\u201cA nata\u00e7\u00e3o \u00e9 uma ferramenta poderosa para o desenvolvimento f\u00edsico, emocional e social das crian\u00e7as. O festival permite que cada aluno perceba sua pr\u00f3pria evolu\u00e7\u00e3o e fortalece o v\u00ednculo da fam\u00edlia com o processo de aprendizagem. \u00c9 uma celebra\u00e7\u00e3o do esfor\u00e7o de todos \u2014 alunos, professores e equipes de apoio\u201d, disse.&nbsp;<\/p>\n\n\n\n<p>Al\u00e9m da viv\u00eancia esportiva, todos os participantes receberam medalhas simb\u00f3licas, refor\u00e7ando o car\u00e1ter formativo e n\u00e3o competitivo da atividade, que valoriza o empenho individual e o esp\u00edrito de supera\u00e7\u00e3o.&nbsp;Com mais uma edi\u00e7\u00e3o marcada pelo entusiasmo e pela participa\u00e7\u00e3o expressiva das fam\u00edlias, o Festival SESI de Nata\u00e7\u00e3o reafirma o compromisso da institui\u00e7\u00e3o com o esporte, a educa\u00e7\u00e3o e o bem-estar, fortalecendo o papel do SESI na promo\u00e7\u00e3o de experi\u00eancias que contribuam para a forma\u00e7\u00e3o de cidad\u00e3os mais saud\u00e1veis, confiantes e integrados.&nbsp;<\/p>\n\n\n\n<p><em>Graciele Vianna\u00a0<\/em><br><strong>Imprensa FIEMG\u00a0<\/strong><\/p>\n","protected":false},"featured_media":10481,"template":"","categories":[],"tags":[],"class_list":["post-10480","noticias","type-noticias","status-publish","has-post-thumbnail","hentry"],"acf":[],"yoast_head":"<!-- This site is optimized with the Yoast SEO plugin v26.2 - https:\/\/yoast.com\/wordpress\/plugins\/seo\/ -->\n<title>SESI Juiz de Fora realiza Festival de Nata\u00e7\u00e3o e celebra evolu\u00e7\u00e3o dos alunos em grande evento esportivo\u00a0 - FIEMG<\/title>\n<meta name=\"description\" content=\"Cerca de 500 pessoas participaram da atividade, que refor\u00e7ou a tradi\u00e7\u00e3o do SESI na forma\u00e7\u00e3o esportiva e no incentivo ao desenvolvimento saud\u00e1vel de crian\u00e7as e adolescentes\" \/>\n<meta name=\"robots\" content=\"index, follow, max-snippet:-1, max-image-preview:large, max-video-preview:-1\" \/>\n<link rel=\"canonical\" href=\"https:\/\/www.fiemg.com.br\/fiemg\/noticias\/cerca-de-500-pessoas-participaram-da-atividade-que-reforcou-a-tradicao-do-sesi-na-formacao-esportiva-e-no-incentivo-ao-desenvolvimento-saudavel-de-criancas-e-adolescentes\/\" \/>\n<meta property=\"og:locale\" content=\"pt_BR\" \/>\n<meta property=\"og:type\" content=\"article\" \/>\n<meta property=\"og:title\" content=\"SESI Juiz de Fora realiza Festival de Nata\u00e7\u00e3o e celebra evolu\u00e7\u00e3o dos alunos em grande evento esportivo\u00a0 - FIEMG\" \/>\n<meta property=\"og:description\" content=\"Cerca de 500 pessoas participaram da atividade, que refor\u00e7ou a tradi\u00e7\u00e3o do SESI na forma\u00e7\u00e3o esportiva e no incentivo ao desenvolvimento saud\u00e1vel de crian\u00e7as e adolescentes\" \/>\n<meta property=\"og:url\" content=\"https:\/\/www.fiemg.com.br\/fiemg\/noticias\/cerca-de-500-pessoas-participaram-da-atividade-que-reforcou-a-tradicao-do-sesi-na-formacao-esportiva-e-no-incentivo-ao-desenvolvimento-saudavel-de-criancas-e-adolescentes\/\" \/>\n<meta property=\"og:site_name\" content=\"FIEMG\" \/>\n<meta property=\"article:modified_time\" content=\"2025-12-03T14:07:39+00:00\" \/>\n<meta property=\"og:image\" content=\"https:\/\/www.fiemg.com.br\/fiemg\/wp-content\/uploads\/sites\/10\/2025\/12\/festival-de-natacao2.png\" \/>\n\t<meta property=\"og:image:width\" content=\"1600\" \/>\n\t<meta property=\"og:image:height\" content=\"1600\" \/>\n\t<meta property=\"og:image:type\" content=\"image\/png\" \/>\n<meta name=\"twitter:card\" content=\"summary_large_image\" \/>\n<meta name=\"twitter:label1\" content=\"Est. tempo de leitura\" \/>\n\t<meta name=\"twitter:data1\" content=\"3 minutos\" \/>\n<script type=\"application\/ld+json\" class=\"yoast-schema-graph\">{\"@context\":\"https:\/\/schema.org\",\"@graph\":[{\"@type\":\"WebPage\",\"@id\":\"https:\/\/www.fiemg.com.br\/fiemg\/noticias\/cerca-de-500-pessoas-participaram-da-atividade-que-reforcou-a-tradicao-do-sesi-na-formacao-esportiva-e-no-incentivo-ao-desenvolvimento-saudavel-de-criancas-e-adolescentes\/\",\"url\":\"https:\/\/www.fiemg.com.br\/fiemg\/noticias\/cerca-de-500-pessoas-participaram-da-atividade-que-reforcou-a-tradicao-do-sesi-na-formacao-esportiva-e-no-incentivo-ao-desenvolvimento-saudavel-de-criancas-e-adolescentes\/\",\"name\":\"SESI Juiz de Fora realiza Festival de Nata\u00e7\u00e3o e celebra evolu\u00e7\u00e3o dos alunos em grande evento esportivo\u00a0 - FIEMG\",\"isPartOf\":{\"@id\":\"https:\/\/www.fiemg.com.br\/fiemg\/#website\"},\"primaryImageOfPage\":{\"@id\":\"https:\/\/www.fiemg.com.br\/fiemg\/noticias\/cerca-de-500-pessoas-participaram-da-atividade-que-reforcou-a-tradicao-do-sesi-na-formacao-esportiva-e-no-incentivo-ao-desenvolvimento-saudavel-de-criancas-e-adolescentes\/#primaryimage\"},\"image\":{\"@id\":\"https:\/\/www.fiemg.com.br\/fiemg\/noticias\/cerca-de-500-pessoas-participaram-da-atividade-que-reforcou-a-tradicao-do-sesi-na-formacao-esportiva-e-no-incentivo-ao-desenvolvimento-saudavel-de-criancas-e-adolescentes\/#primaryimage\"},\"thumbnailUrl\":\"https:\/\/www.fiemg.com.br\/fiemg\/wp-content\/uploads\/sites\/10\/2025\/12\/festival-de-natacao2.png\",\"datePublished\":\"2025-12-03T13:02:00+00:00\",\"dateModified\":\"2025-12-03T14:07:39+00:00\",\"description\":\"Cerca de 500 pessoas participaram da atividade, que refor\u00e7ou a tradi\u00e7\u00e3o do SESI na forma\u00e7\u00e3o esportiva e no incentivo ao desenvolvimento saud\u00e1vel de crian\u00e7as e adolescentes\",\"breadcrumb\":{\"@id\":\"https:\/\/www.fiemg.com.br\/fiemg\/noticias\/cerca-de-500-pessoas-participaram-da-atividade-que-reforcou-a-tradicao-do-sesi-na-formacao-esportiva-e-no-incentivo-ao-desenvolvimento-saudavel-de-criancas-e-adolescentes\/#breadcrumb\"},\"inLanguage\":\"pt-BR\",\"potentialAction\":[{\"@type\":\"ReadAction\",\"target\":[\"https:\/\/www.fiemg.com.br\/fiemg\/noticias\/cerca-de-500-pessoas-participaram-da-atividade-que-reforcou-a-tradicao-do-sesi-na-formacao-esportiva-e-no-incentivo-ao-desenvolvimento-saudavel-de-criancas-e-adolescentes\/\"]}]},{\"@type\":\"ImageObject\",\"inLanguage\":\"pt-BR\",\"@id\":\"https:\/\/www.fiemg.com.br\/fiemg\/noticias\/cerca-de-500-pessoas-participaram-da-atividade-que-reforcou-a-tradicao-do-sesi-na-formacao-esportiva-e-no-incentivo-ao-desenvolvimento-saudavel-de-criancas-e-adolescentes\/#primaryimage\",\"url\":\"https:\/\/www.fiemg.com.br\/fiemg\/wp-content\/uploads\/sites\/10\/2025\/12\/festival-de-natacao2.png\",\"contentUrl\":\"https:\/\/www.fiemg.com.br\/fiemg\/wp-content\/uploads\/sites\/10\/2025\/12\/festival-de-natacao2.png\",\"width\":1600,\"height\":1600},{\"@type\":\"BreadcrumbList\",\"@id\":\"https:\/\/www.fiemg.com.br\/fiemg\/noticias\/cerca-de-500-pessoas-participaram-da-atividade-que-reforcou-a-tradicao-do-sesi-na-formacao-esportiva-e-no-incentivo-ao-desenvolvimento-saudavel-de-criancas-e-adolescentes\/#breadcrumb\",\"itemListElement\":[{\"@type\":\"ListItem\",\"position\":1,\"name\":\"In\u00edcio\",\"item\":\"https:\/\/www.fiemg.com.br\/fiemg\/\"},{\"@type\":\"ListItem\",\"position\":2,\"name\":\"SESI Juiz de Fora realiza Festival de Nata\u00e7\u00e3o e celebra evolu\u00e7\u00e3o dos alunos em grande evento esportivo\u00a0\"}]},{\"@type\":\"WebSite\",\"@id\":\"https:\/\/www.fiemg.com.br\/fiemg\/#website\",\"url\":\"https:\/\/www.fiemg.com.br\/fiemg\/\",\"name\":\"FIEMG\",\"description\":\"Federa\u00e7\u00e3o das Ind\u00fastrias do Estado de Minas Gerais\",\"publisher\":{\"@id\":\"https:\/\/www.fiemg.com.br\/fiemg\/#organization\"},\"potentialAction\":[{\"@type\":\"SearchAction\",\"target\":{\"@type\":\"EntryPoint\",\"urlTemplate\":\"https:\/\/www.fiemg.com.br\/fiemg\/?s={search_term_string}\"},\"query-input\":{\"@type\":\"PropertyValueSpecification\",\"valueRequired\":true,\"valueName\":\"search_term_string\"}}],\"inLanguage\":\"pt-BR\"},{\"@type\":\"Organization\",\"@id\":\"https:\/\/www.fiemg.com.br\/fiemg\/#organization\",\"name\":\"FIEMG\",\"url\":\"https:\/\/www.fiemg.com.br\/fiemg\/\",\"logo\":{\"@type\":\"ImageObject\",\"inLanguage\":\"pt-BR\",\"@id\":\"https:\/\/www.fiemg.com.br\/fiemg\/#\/schema\/logo\/image\/\",\"url\":\"https:\/\/www.fiemg.com.br\/fiemg\/wp-content\/uploads\/sites\/10\/2023\/02\/fiemg_branco.svg\",\"contentUrl\":\"https:\/\/www.fiemg.com.br\/fiemg\/wp-content\/uploads\/sites\/10\/2023\/02\/fiemg_branco.svg\",\"width\":561,\"height\":147,\"caption\":\"FIEMG\"},\"image\":{\"@id\":\"https:\/\/www.fiemg.com.br\/fiemg\/#\/schema\/logo\/image\/\"}}]}<\/script>\n<!-- \/ Yoast SEO plugin. -->","yoast_head_json":{"title":"SESI Juiz de Fora realiza Festival de Nata\u00e7\u00e3o e celebra evolu\u00e7\u00e3o dos alunos em grande evento esportivo\u00a0 - FIEMG","description":"Cerca de 500 pessoas participaram da atividade, que refor\u00e7ou a tradi\u00e7\u00e3o do SESI na forma\u00e7\u00e3o esportiva e no incentivo ao desenvolvimento saud\u00e1vel de crian\u00e7as e adolescentes","robots":{"index":"index","follow":"follow","max-snippet":"max-snippet:-1","max-image-preview":"max-image-preview:large","max-video-preview":"max-video-preview:-1"},"canonical":"https:\/\/www.fiemg.com.br\/fiemg\/noticias\/cerca-de-500-pessoas-participaram-da-atividade-que-reforcou-a-tradicao-do-sesi-na-formacao-esportiva-e-no-incentivo-ao-desenvolvimento-saudavel-de-criancas-e-adolescentes\/","og_locale":"pt_BR","og_type":"article","og_title":"SESI Juiz de Fora realiza Festival de Nata\u00e7\u00e3o e celebra evolu\u00e7\u00e3o dos alunos em grande evento esportivo\u00a0 - FIEMG","og_description":"Cerca de 500 pessoas participaram da atividade, que refor\u00e7ou a tradi\u00e7\u00e3o do SESI na forma\u00e7\u00e3o esportiva e no incentivo ao desenvolvimento saud\u00e1vel de crian\u00e7as e adolescentes","og_url":"https:\/\/www.fiemg.com.br\/fiemg\/noticias\/cerca-de-500-pessoas-participaram-da-atividade-que-reforcou-a-tradicao-do-sesi-na-formacao-esportiva-e-no-incentivo-ao-desenvolvimento-saudavel-de-criancas-e-adolescentes\/","og_site_name":"FIEMG","article_modified_time":"2025-12-03T14:07:39+00:00","og_image":[{"width":1600,"height":1600,"url":"https:\/\/www.fiemg.com.br\/fiemg\/wp-content\/uploads\/sites\/10\/2025\/12\/festival-de-natacao2.png","type":"image\/png"}],"twitter_card":"summary_large_image","twitter_misc":{"Est. tempo de leitura":"3 minutos"},"schema":{"@context":"https:\/\/schema.org","@graph":[{"@type":"WebPage","@id":"https:\/\/www.fiemg.com.br\/fiemg\/noticias\/cerca-de-500-pessoas-participaram-da-atividade-que-reforcou-a-tradicao-do-sesi-na-formacao-esportiva-e-no-incentivo-ao-desenvolvimento-saudavel-de-criancas-e-adolescentes\/","url":"https:\/\/www.fiemg.com.br\/fiemg\/noticias\/cerca-de-500-pessoas-participaram-da-atividade-que-reforcou-a-tradicao-do-sesi-na-formacao-esportiva-e-no-incentivo-ao-desenvolvimento-saudavel-de-criancas-e-adolescentes\/","name":"SESI Juiz de Fora realiza Festival de Nata\u00e7\u00e3o e celebra evolu\u00e7\u00e3o dos alunos em grande evento esportivo\u00a0 - FIEMG","isPartOf":{"@id":"https:\/\/www.fiemg.com.br\/fiemg\/#website"},"primaryImageOfPage":{"@id":"https:\/\/www.fiemg.com.br\/fiemg\/noticias\/cerca-de-500-pessoas-participaram-da-atividade-que-reforcou-a-tradicao-do-sesi-na-formacao-esportiva-e-no-incentivo-ao-desenvolvimento-saudavel-de-criancas-e-adolescentes\/#primaryimage"},"image":{"@id":"https:\/\/www.fiemg.com.br\/fiemg\/noticias\/cerca-de-500-pessoas-participaram-da-atividade-que-reforcou-a-tradicao-do-sesi-na-formacao-esportiva-e-no-incentivo-ao-desenvolvimento-saudavel-de-criancas-e-adolescentes\/#primaryimage"},"thumbnailUrl":"https:\/\/www.fiemg.com.br\/fiemg\/wp-content\/uploads\/sites\/10\/2025\/12\/festival-de-natacao2.png","datePublished":"2025-12-03T13:02:00+00:00","dateModified":"2025-12-03T14:07:39+00:00","description":"Cerca de 500 pessoas participaram da atividade, que refor\u00e7ou a tradi\u00e7\u00e3o do SESI na forma\u00e7\u00e3o esportiva e no incentivo ao desenvolvimento saud\u00e1vel de crian\u00e7as e adolescentes","breadcrumb":{"@id":"https:\/\/www.fiemg.com.br\/fiemg\/noticias\/cerca-de-500-pessoas-participaram-da-atividade-que-reforcou-a-tradicao-do-sesi-na-formacao-esportiva-e-no-incentivo-ao-desenvolvimento-saudavel-de-criancas-e-adolescentes\/#breadcrumb"},"inLanguage":"pt-BR","potentialAction":[{"@type":"ReadAction","target":["https:\/\/www.fiemg.com.br\/fiemg\/noticias\/cerca-de-500-pessoas-participaram-da-atividade-que-reforcou-a-tradicao-do-sesi-na-formacao-esportiva-e-no-incentivo-ao-desenvolvimento-saudavel-de-criancas-e-adolescentes\/"]}]},{"@type":"ImageObject","inLanguage":"pt-BR","@id":"https:\/\/www.fiemg.com.br\/fiemg\/noticias\/cerca-de-500-pessoas-participaram-da-atividade-que-reforcou-a-tradicao-do-sesi-na-formacao-esportiva-e-no-incentivo-ao-desenvolvimento-saudavel-de-criancas-e-adolescentes\/#primaryimage","url":"https:\/\/www.fiemg.com.br\/fiemg\/wp-content\/uploads\/sites\/10\/2025\/12\/festival-de-natacao2.png","contentUrl":"https:\/\/www.fiemg.com.br\/fiemg\/wp-content\/uploads\/sites\/10\/2025\/12\/festival-de-natacao2.png","width":1600,"height":1600},{"@type":"BreadcrumbList","@id":"https:\/\/www.fiemg.com.br\/fiemg\/noticias\/cerca-de-500-pessoas-participaram-da-atividade-que-reforcou-a-tradicao-do-sesi-na-formacao-esportiva-e-no-incentivo-ao-desenvolvimento-saudavel-de-criancas-e-adolescentes\/#breadcrumb","itemListElement":[{"@type":"ListItem","position":1,"name":"In\u00edcio","item":"https:\/\/www.fiemg.com.br\/fiemg\/"},{"@type":"ListItem","position":2,"name":"SESI Juiz de Fora realiza Festival de Nata\u00e7\u00e3o e celebra evolu\u00e7\u00e3o dos alunos em grande evento esportivo\u00a0"}]},{"@type":"WebSite","@id":"https:\/\/www.fiemg.com.br\/fiemg\/#website","url":"https:\/\/www.fiemg.com.br\/fiemg\/","name":"FIEMG","description":"Federa\u00e7\u00e3o das Ind\u00fastrias do Estado de Minas Gerais","publisher":{"@id":"https:\/\/www.fiemg.com.br\/fiemg\/#organization"},"potentialAction":[{"@type":"SearchAction","target":{"@type":"EntryPoint","urlTemplate":"https:\/\/www.fiemg.com.br\/fiemg\/?s={search_term_string}"},"query-input":{"@type":"PropertyValueSpecification","valueRequired":true,"valueName":"search_term_string"}}],"inLanguage":"pt-BR"},{"@type":"Organization","@id":"https:\/\/www.fiemg.com.br\/fiemg\/#organization","name":"FIEMG","url":"https:\/\/www.fiemg.com.br\/fiemg\/","logo":{"@type":"ImageObject","inLanguage":"pt-BR","@id":"https:\/\/www.fiemg.com.br\/fiemg\/#\/schema\/logo\/image\/","url":"https:\/\/www.fiemg.com.br\/fiemg\/wp-content\/uploads\/sites\/10\/2023\/02\/fiemg_branco.svg","contentUrl":"https:\/\/www.fiemg.com.br\/fiemg\/wp-content\/uploads\/sites\/10\/2023\/02\/fiemg_branco.svg","width":561,"height":147,"caption":"FIEMG"},"image":{"@id":"https:\/\/www.fiemg.com.br\/fiemg\/#\/schema\/logo\/image\/"}}]}},"_links":{"self":[{"href":"https:\/\/www.fiemg.com.br\/fiemg\/wp-json\/wp\/v2\/noticias\/10480","targetHints":{"allow":["GET"]}}],"collection":[{"href":"https:\/\/www.fiemg.com.br\/fiemg\/wp-json\/wp\/v2\/noticias"}],"about":[{"href":"https:\/\/www.fiemg.com.br\/fiemg\/wp-json\/wp\/v2\/types\/noticias"}],"wp:featuredmedia":[{"embeddable":true,"href":"https:\/\/www.fiemg.com.br\/fiemg\/wp-json\/wp\/v2\/media\/10481"}],"wp:attachment":[{"href":"https:\/\/www.fiemg.com.br\/fiemg\/wp-json\/wp\/v2\/media?parent=10480"}],"wp:term":[{"taxonomy":"category","embeddable":true,"href":"https:\/\/www.fiemg.com.br\/fiemg\/wp-json\/wp\/v2\/categories?post=10480"},{"taxonomy":"post_tag","embeddable":true,"href":"https:\/\/www.fiemg.com.br\/fiemg\/wp-json\/wp\/v2\/tags?post=10480"}],"curies":[{"name":"wp","href":"https:\/\/api.w.org\/{rel}","templated":true}]}}