{"id":10489,"date":"2025-12-04T15:57:17","date_gmt":"2025-12-04T18:57:17","guid":{"rendered":"https:\/\/www.fiemg.com.br\/fiemg\/noticias\/conectando-historias-encerra-primeira-etapa-com-destaque-para-inclusao-digital\/"},"modified":"2025-12-04T16:06:39","modified_gmt":"2025-12-04T19:06:39","slug":"conectando-historias-encerra-primeira-etapa-com-destaque-para-inclusao-digital","status":"publish","type":"noticias","link":"https:\/\/www.fiemg.com.br\/fiemg\/noticias\/conectando-historias-encerra-primeira-etapa-com-destaque-para-inclusao-digital\/","title":{"rendered":"Conectando Hist\u00f3rias encerra primeira etapa com destaque para inclus\u00e3o digital"},"content":{"rendered":"\n<p>O Projeto Conectando Hist\u00f3rias, promovido pelo SESI Cultura, encerrou nesta quarta-feira (3\/12), a primeira etapa das atividades no Centro de Refer\u00eancia da Pessoa Idosa (CRPI), no bairro Cai\u00e7ara, em Belo Horizonte. Desde o in\u00edcio de novembro, 17 alunos foram engajados ao desafio da inclus\u00e3o e alfabetiza\u00e7\u00e3o digital.<\/p>\n\n\n\n<p>A proposta central da turma foi ampliar a autonomia digital dos idosos. As aulas abordaram o funcionamento do smartphone, ferramentas \u00fateis no dia a dia e boas pr\u00e1ticas de seguran\u00e7a para evitar golpes. Para complementar o processo, o contador de hist\u00f3rias Maur\u00edcio Trindade conduziu dois encontros de media\u00e7\u00e3o liter\u00e1ria, nos quais cada participante escreveu seu pr\u00f3prio relato de vida. E o fot\u00f3grafo Pablo Gomide acompanhou toda a forma\u00e7\u00e3o, registrando os momentos que compor\u00e3o a exposi\u00e7\u00e3o final.<\/p>\n\n\n\n<p>A participa\u00e7\u00e3o de quatro jovens do Sistema Divina Provid\u00eancia \u2014 Pablo Henrique Gomes, Diogo Silva Agostinho, Zidane Atila Aquino Moreira da Silva e Caio Weber de Souza \u2014 foi um dos pontos de destaque, fortalecendo a troca intergeracional. Eles atuaram lado a lado com os instrutores, apoiando os idosos na pr\u00e1tica digital.<\/p>\n\n\n\n<p>A aluna L\u00e9ia Maria Pereira afirmou que a experi\u00eancia superou suas expectativas. Segundo ela, \u201cos professores s\u00e3o excelentes e os meninos s\u00e3o maravilhosos; n\u00e3o tem como n\u00e3o aprender com eles\u201d. Ela destacou ainda o entusiasmo da turma. \u201cTenho certeza de que, se algu\u00e9m perguntar quem n\u00e3o gostou, n\u00e3o vai encontrar ningu\u00e9m\u201d, contou.<\/p>\n\n\n\n<p>O monitor Diogo Silva Agostinho, do Sistema Divina Provid\u00eancia, relatou que o projeto tamb\u00e9m teve impacto pessoal ao ajud\u00e1-lo a desenvolver mais confian\u00e7a. Ele afirmou que \u201cfoi importante para sair da bolha, conhecer novas pessoas e criar coragem para conversar e tomar atitude\u201d, ressaltando que a experi\u00eancia refor\u00e7ou a ideia de que \u201csempre h\u00e1 tempo para aprender\u201d.<\/p>\n\n\n\n<p>A coordenadora do Instituto Marina e Fl\u00e1vio Guimar\u00e3es, Fernanda Moraes, patrocinadora do projeto, avaliou positivamente os resultados. Ela destacou a import\u00e2ncia da inclus\u00e3o digital para o p\u00fablico idoso e afirmou que \u201c\u00e9 fundamental que eles se sintam mais seguros no uso da tecnologia\u201d, enfatizando a satisfa\u00e7\u00e3o da institui\u00e7\u00e3o com a parceria.<\/p>\n\n\n\n<p>Com a conclus\u00e3o desta fase, o Conectando Hist\u00f3rias avan\u00e7a para a abertura de novas turmas, previstas para janeiro e fevereiro. Ap\u00f3s as tr\u00eas etapas, o projeto realizar\u00e1 uma exposi\u00e7\u00e3o fotogr\u00e1fica reunindo textos e registros produzidos ao longo do processo.<\/p>\n\n\n\n<p>A iniciativa \u00e9 realizada pelo SESI, por meio da Lei Federal de Incentivo \u00e0 Cultura, com patroc\u00ednio do Instituto Marina e Fl\u00e1vio Guimar\u00e3es, do Grupo BMG.<\/p>\n\n\n\n<p>Veja a galeria de fotos do projeto abaixo.<\/p>\n\n\n\n<p><em>Ana Paula Motta<\/em><br><strong>Imprensa FIEMG<\/strong><\/p>\n","protected":false},"featured_media":10501,"template":"","categories":[162],"tags":[],"class_list":["post-10489","noticias","type-noticias","status-publish","has-post-thumbnail","hentry","category-cultura"],"acf":[],"yoast_head":"<!-- This site is optimized with the Yoast SEO plugin v26.2 - https:\/\/yoast.com\/wordpress\/plugins\/seo\/ -->\n<title>Conectando Hist\u00f3rias encerra primeira etapa com destaque para inclus\u00e3o digital - FIEMG<\/title>\n<meta name=\"robots\" content=\"index, follow, max-snippet:-1, max-image-preview:large, max-video-preview:-1\" \/>\n<link rel=\"canonical\" href=\"https:\/\/www.fiemg.com.br\/fiemg\/noticias\/conectando-historias-encerra-primeira-etapa-com-destaque-para-inclusao-digital\/\" \/>\n<meta property=\"og:locale\" content=\"pt_BR\" \/>\n<meta property=\"og:type\" content=\"article\" \/>\n<meta property=\"og:title\" content=\"Conectando Hist\u00f3rias encerra primeira etapa com destaque para inclus\u00e3o digital - FIEMG\" \/>\n<meta property=\"og:description\" content=\"O Projeto Conectando Hist\u00f3rias, promovido pelo SESI Cultura, encerrou nesta quarta-feira (3\/12), a primeira etapa das atividades no Centro de Refer\u00eancia da Pessoa Idosa (CRPI), no bairro Cai\u00e7ara, em Belo Horizonte. Desde o in\u00edcio de novembro, 17 alunos foram engajados ao desafio da inclus\u00e3o e alfabetiza\u00e7\u00e3o digital. A proposta central da turma foi ampliar a [&hellip;]\" \/>\n<meta property=\"og:url\" content=\"https:\/\/www.fiemg.com.br\/fiemg\/noticias\/conectando-historias-encerra-primeira-etapa-com-destaque-para-inclusao-digital\/\" \/>\n<meta property=\"og:site_name\" content=\"FIEMG\" \/>\n<meta property=\"article:modified_time\" content=\"2025-12-04T19:06:39+00:00\" \/>\n<meta property=\"og:image\" content=\"https:\/\/www.fiemg.com.br\/fiemg\/wp-content\/uploads\/sites\/10\/2023\/08\/default.png\" \/>\n\t<meta property=\"og:image:width\" content=\"300\" \/>\n\t<meta property=\"og:image:height\" content=\"300\" \/>\n\t<meta property=\"og:image:type\" content=\"image\/png\" \/>\n<meta name=\"twitter:card\" content=\"summary_large_image\" \/>\n<meta name=\"twitter:label1\" content=\"Est. tempo de leitura\" \/>\n\t<meta name=\"twitter:data1\" content=\"3 minutos\" \/>\n<script type=\"application\/ld+json\" class=\"yoast-schema-graph\">{\"@context\":\"https:\/\/schema.org\",\"@graph\":[{\"@type\":\"WebPage\",\"@id\":\"https:\/\/www.fiemg.com.br\/fiemg\/noticias\/conectando-historias-encerra-primeira-etapa-com-destaque-para-inclusao-digital\/\",\"url\":\"https:\/\/www.fiemg.com.br\/fiemg\/noticias\/conectando-historias-encerra-primeira-etapa-com-destaque-para-inclusao-digital\/\",\"name\":\"Conectando Hist\u00f3rias encerra primeira etapa com destaque para inclus\u00e3o digital - FIEMG\",\"isPartOf\":{\"@id\":\"https:\/\/www.fiemg.com.br\/fiemg\/#website\"},\"primaryImageOfPage\":{\"@id\":\"https:\/\/www.fiemg.com.br\/fiemg\/noticias\/conectando-historias-encerra-primeira-etapa-com-destaque-para-inclusao-digital\/#primaryimage\"},\"image\":{\"@id\":\"https:\/\/www.fiemg.com.br\/fiemg\/noticias\/conectando-historias-encerra-primeira-etapa-com-destaque-para-inclusao-digital\/#primaryimage\"},\"thumbnailUrl\":\"https:\/\/www.fiemg.com.br\/fiemg\/wp-content\/uploads\/sites\/10\/2025\/12\/conectando-historias-sesi-cultura-idosos-1.jpg\",\"datePublished\":\"2025-12-04T18:57:17+00:00\",\"dateModified\":\"2025-12-04T19:06:39+00:00\",\"breadcrumb\":{\"@id\":\"https:\/\/www.fiemg.com.br\/fiemg\/noticias\/conectando-historias-encerra-primeira-etapa-com-destaque-para-inclusao-digital\/#breadcrumb\"},\"inLanguage\":\"pt-BR\",\"potentialAction\":[{\"@type\":\"ReadAction\",\"target\":[\"https:\/\/www.fiemg.com.br\/fiemg\/noticias\/conectando-historias-encerra-primeira-etapa-com-destaque-para-inclusao-digital\/\"]}]},{\"@type\":\"ImageObject\",\"inLanguage\":\"pt-BR\",\"@id\":\"https:\/\/www.fiemg.com.br\/fiemg\/noticias\/conectando-historias-encerra-primeira-etapa-com-destaque-para-inclusao-digital\/#primaryimage\",\"url\":\"https:\/\/www.fiemg.com.br\/fiemg\/wp-content\/uploads\/sites\/10\/2025\/12\/conectando-historias-sesi-cultura-idosos-1.jpg\",\"contentUrl\":\"https:\/\/www.fiemg.com.br\/fiemg\/wp-content\/uploads\/sites\/10\/2025\/12\/conectando-historias-sesi-cultura-idosos-1.jpg\",\"width\":512,\"height\":512},{\"@type\":\"BreadcrumbList\",\"@id\":\"https:\/\/www.fiemg.com.br\/fiemg\/noticias\/conectando-historias-encerra-primeira-etapa-com-destaque-para-inclusao-digital\/#breadcrumb\",\"itemListElement\":[{\"@type\":\"ListItem\",\"position\":1,\"name\":\"In\u00edcio\",\"item\":\"https:\/\/www.fiemg.com.br\/fiemg\/\"},{\"@type\":\"ListItem\",\"position\":2,\"name\":\"Conectando Hist\u00f3rias encerra primeira etapa com destaque para inclus\u00e3o digital\"}]},{\"@type\":\"WebSite\",\"@id\":\"https:\/\/www.fiemg.com.br\/fiemg\/#website\",\"url\":\"https:\/\/www.fiemg.com.br\/fiemg\/\",\"name\":\"FIEMG\",\"description\":\"Federa\u00e7\u00e3o das Ind\u00fastrias do Estado de Minas Gerais\",\"publisher\":{\"@id\":\"https:\/\/www.fiemg.com.br\/fiemg\/#organization\"},\"potentialAction\":[{\"@type\":\"SearchAction\",\"target\":{\"@type\":\"EntryPoint\",\"urlTemplate\":\"https:\/\/www.fiemg.com.br\/fiemg\/?s={search_term_string}\"},\"query-input\":{\"@type\":\"PropertyValueSpecification\",\"valueRequired\":true,\"valueName\":\"search_term_string\"}}],\"inLanguage\":\"pt-BR\"},{\"@type\":\"Organization\",\"@id\":\"https:\/\/www.fiemg.com.br\/fiemg\/#organization\",\"name\":\"FIEMG\",\"url\":\"https:\/\/www.fiemg.com.br\/fiemg\/\",\"logo\":{\"@type\":\"ImageObject\",\"inLanguage\":\"pt-BR\",\"@id\":\"https:\/\/www.fiemg.com.br\/fiemg\/#\/schema\/logo\/image\/\",\"url\":\"https:\/\/www.fiemg.com.br\/fiemg\/wp-content\/uploads\/sites\/10\/2023\/02\/fiemg_branco.svg\",\"contentUrl\":\"https:\/\/www.fiemg.com.br\/fiemg\/wp-content\/uploads\/sites\/10\/2023\/02\/fiemg_branco.svg\",\"width\":561,\"height\":147,\"caption\":\"FIEMG\"},\"image\":{\"@id\":\"https:\/\/www.fiemg.com.br\/fiemg\/#\/schema\/logo\/image\/\"}}]}<\/script>\n<!-- \/ Yoast SEO plugin. -->","yoast_head_json":{"title":"Conectando Hist\u00f3rias encerra primeira etapa com destaque para inclus\u00e3o digital - FIEMG","robots":{"index":"index","follow":"follow","max-snippet":"max-snippet:-1","max-image-preview":"max-image-preview:large","max-video-preview":"max-video-preview:-1"},"canonical":"https:\/\/www.fiemg.com.br\/fiemg\/noticias\/conectando-historias-encerra-primeira-etapa-com-destaque-para-inclusao-digital\/","og_locale":"pt_BR","og_type":"article","og_title":"Conectando Hist\u00f3rias encerra primeira etapa com destaque para inclus\u00e3o digital - FIEMG","og_description":"O Projeto Conectando Hist\u00f3rias, promovido pelo SESI Cultura, encerrou nesta quarta-feira (3\/12), a primeira etapa das atividades no Centro de Refer\u00eancia da Pessoa Idosa (CRPI), no bairro Cai\u00e7ara, em Belo Horizonte. Desde o in\u00edcio de novembro, 17 alunos foram engajados ao desafio da inclus\u00e3o e alfabetiza\u00e7\u00e3o digital. A proposta central da turma foi ampliar a [&hellip;]","og_url":"https:\/\/www.fiemg.com.br\/fiemg\/noticias\/conectando-historias-encerra-primeira-etapa-com-destaque-para-inclusao-digital\/","og_site_name":"FIEMG","article_modified_time":"2025-12-04T19:06:39+00:00","og_image":[{"width":300,"height":300,"url":"https:\/\/www.fiemg.com.br\/fiemg\/wp-content\/uploads\/sites\/10\/2023\/08\/default.png","type":"image\/png"}],"twitter_card":"summary_large_image","twitter_misc":{"Est. tempo de leitura":"3 minutos"},"schema":{"@context":"https:\/\/schema.org","@graph":[{"@type":"WebPage","@id":"https:\/\/www.fiemg.com.br\/fiemg\/noticias\/conectando-historias-encerra-primeira-etapa-com-destaque-para-inclusao-digital\/","url":"https:\/\/www.fiemg.com.br\/fiemg\/noticias\/conectando-historias-encerra-primeira-etapa-com-destaque-para-inclusao-digital\/","name":"Conectando Hist\u00f3rias encerra primeira etapa com destaque para inclus\u00e3o digital - FIEMG","isPartOf":{"@id":"https:\/\/www.fiemg.com.br\/fiemg\/#website"},"primaryImageOfPage":{"@id":"https:\/\/www.fiemg.com.br\/fiemg\/noticias\/conectando-historias-encerra-primeira-etapa-com-destaque-para-inclusao-digital\/#primaryimage"},"image":{"@id":"https:\/\/www.fiemg.com.br\/fiemg\/noticias\/conectando-historias-encerra-primeira-etapa-com-destaque-para-inclusao-digital\/#primaryimage"},"thumbnailUrl":"https:\/\/www.fiemg.com.br\/fiemg\/wp-content\/uploads\/sites\/10\/2025\/12\/conectando-historias-sesi-cultura-idosos-1.jpg","datePublished":"2025-12-04T18:57:17+00:00","dateModified":"2025-12-04T19:06:39+00:00","breadcrumb":{"@id":"https:\/\/www.fiemg.com.br\/fiemg\/noticias\/conectando-historias-encerra-primeira-etapa-com-destaque-para-inclusao-digital\/#breadcrumb"},"inLanguage":"pt-BR","potentialAction":[{"@type":"ReadAction","target":["https:\/\/www.fiemg.com.br\/fiemg\/noticias\/conectando-historias-encerra-primeira-etapa-com-destaque-para-inclusao-digital\/"]}]},{"@type":"ImageObject","inLanguage":"pt-BR","@id":"https:\/\/www.fiemg.com.br\/fiemg\/noticias\/conectando-historias-encerra-primeira-etapa-com-destaque-para-inclusao-digital\/#primaryimage","url":"https:\/\/www.fiemg.com.br\/fiemg\/wp-content\/uploads\/sites\/10\/2025\/12\/conectando-historias-sesi-cultura-idosos-1.jpg","contentUrl":"https:\/\/www.fiemg.com.br\/fiemg\/wp-content\/uploads\/sites\/10\/2025\/12\/conectando-historias-sesi-cultura-idosos-1.jpg","width":512,"height":512},{"@type":"BreadcrumbList","@id":"https:\/\/www.fiemg.com.br\/fiemg\/noticias\/conectando-historias-encerra-primeira-etapa-com-destaque-para-inclusao-digital\/#breadcrumb","itemListElement":[{"@type":"ListItem","position":1,"name":"In\u00edcio","item":"https:\/\/www.fiemg.com.br\/fiemg\/"},{"@type":"ListItem","position":2,"name":"Conectando Hist\u00f3rias encerra primeira etapa com destaque para inclus\u00e3o digital"}]},{"@type":"WebSite","@id":"https:\/\/www.fiemg.com.br\/fiemg\/#website","url":"https:\/\/www.fiemg.com.br\/fiemg\/","name":"FIEMG","description":"Federa\u00e7\u00e3o das Ind\u00fastrias do Estado de Minas Gerais","publisher":{"@id":"https:\/\/www.fiemg.com.br\/fiemg\/#organization"},"potentialAction":[{"@type":"SearchAction","target":{"@type":"EntryPoint","urlTemplate":"https:\/\/www.fiemg.com.br\/fiemg\/?s={search_term_string}"},"query-input":{"@type":"PropertyValueSpecification","valueRequired":true,"valueName":"search_term_string"}}],"inLanguage":"pt-BR"},{"@type":"Organization","@id":"https:\/\/www.fiemg.com.br\/fiemg\/#organization","name":"FIEMG","url":"https:\/\/www.fiemg.com.br\/fiemg\/","logo":{"@type":"ImageObject","inLanguage":"pt-BR","@id":"https:\/\/www.fiemg.com.br\/fiemg\/#\/schema\/logo\/image\/","url":"https:\/\/www.fiemg.com.br\/fiemg\/wp-content\/uploads\/sites\/10\/2023\/02\/fiemg_branco.svg","contentUrl":"https:\/\/www.fiemg.com.br\/fiemg\/wp-content\/uploads\/sites\/10\/2023\/02\/fiemg_branco.svg","width":561,"height":147,"caption":"FIEMG"},"image":{"@id":"https:\/\/www.fiemg.com.br\/fiemg\/#\/schema\/logo\/image\/"}}]}},"_links":{"self":[{"href":"https:\/\/www.fiemg.com.br\/fiemg\/wp-json\/wp\/v2\/noticias\/10489","targetHints":{"allow":["GET"]}}],"collection":[{"href":"https:\/\/www.fiemg.com.br\/fiemg\/wp-json\/wp\/v2\/noticias"}],"about":[{"href":"https:\/\/www.fiemg.com.br\/fiemg\/wp-json\/wp\/v2\/types\/noticias"}],"wp:featuredmedia":[{"embeddable":true,"href":"https:\/\/www.fiemg.com.br\/fiemg\/wp-json\/wp\/v2\/media\/10501"}],"wp:attachment":[{"href":"https:\/\/www.fiemg.com.br\/fiemg\/wp-json\/wp\/v2\/media?parent=10489"}],"wp:term":[{"taxonomy":"category","embeddable":true,"href":"https:\/\/www.fiemg.com.br\/fiemg\/wp-json\/wp\/v2\/categories?post=10489"},{"taxonomy":"post_tag","embeddable":true,"href":"https:\/\/www.fiemg.com.br\/fiemg\/wp-json\/wp\/v2\/tags?post=10489"}],"curies":[{"name":"wp","href":"https:\/\/api.w.org\/{rel}","templated":true}]}}