{"id":10508,"date":"2025-12-05T10:43:56","date_gmt":"2025-12-05T13:43:56","guid":{"rendered":"https:\/\/www.fiemg.com.br\/fiemg\/noticias\/encontro-destacou-panorama-economico-desempenho-do-mercado-em-novembro-e-tendencias-reveladas-no-salao-do-automovel\/"},"modified":"2025-12-05T10:44:05","modified_gmt":"2025-12-05T13:44:05","slug":"encontro-destacou-panorama-economico-desempenho-do-mercado-em-novembro-e-tendencias-reveladas-no-salao-do-automovel","status":"publish","type":"noticias","link":"https:\/\/www.fiemg.com.br\/fiemg\/noticias\/encontro-destacou-panorama-economico-desempenho-do-mercado-em-novembro-e-tendencias-reveladas-no-salao-do-automovel\/","title":{"rendered":"Ind\u00fastria automotiva debate cen\u00e1rios, desafios e oportunidades em reuni\u00e3o da FIEMG"},"content":{"rendered":"\n<p><br>A Reuni\u00e3o da C\u00e2mara da Ind\u00fastria Automotiva e Mobilidade, realizada no dia 5 de dezembro, reuniu especialistas e representantes do setor para discutir os principais desafios e perspectivas da cadeia automotiva. Na abertura, M\u00e1rcio Lima, presidente do Colegiado, apresentou uma reflex\u00e3o sobre \u201cO Futuro da Ind\u00fastria Automotiva no Brasil\u201d, tra\u00e7ando um diagn\u00f3stico dos gargalos estruturais, das oportunidades de crescimento e da necessidade de uma atua\u00e7\u00e3o estrat\u00e9gica integrada. Ele destacou a import\u00e2ncia de pol\u00edticas espec\u00edficas para o fortalecimento do setor e sugeriu que a FIEMG avance na elabora\u00e7\u00e3o de uma agenda dedicada \u00e0 competitividade da ind\u00fastria automotiva mineira.<\/p>\n\n\n\n<p>A programa\u00e7\u00e3o teve in\u00edcio com a exposi\u00e7\u00e3o de M\u00e1rcio Gabriel de Oliveira sobre o acordo comercial firmado entre Argentina e Estados Unidos em novembro de 2025. O pacto, considerado um marco hist\u00f3rico nas rela\u00e7\u00f5es bilaterais, estabelece novas diretrizes para reduzir barreiras comerciais, ampliar o acesso a mercados e promover investimentos estrat\u00e9gicos em \u00e1reas como agroneg\u00f3cio, energia, ind\u00fastria e tecnologia. Apesar do avan\u00e7o, o especialista destacou pontos de aten\u00e7\u00e3o, como a necessidade de reformas estruturais na Argentina, exce\u00e7\u00f5es tarif\u00e1rias sens\u00edveis e potenciais impactos no Mercosul. As pr\u00f3ximas etapas incluem ajustes regulat\u00f3rios, aprova\u00e7\u00e3o interna e monitoramento por comit\u00eas bilaterais.<\/p>\n\n\n\n<p>Em seguida, M\u00e1rcio Lima e Roberto Baraldi apresentaram o desempenho do mercado automotivo em novembro de 2025, que registrou queda de 10,7% nos licenciamentos em rela\u00e7\u00e3o ao m\u00eas anterior. Autom\u00f3veis recuaram 8,2%, comerciais leves 19,1% e caminh\u00f5es 16,9%, enquanto o segmento de \u00f4nibus foi o \u00fanico a crescer, com alta de 10,6%. No acumulado do ano, a Fiat manteve a lideran\u00e7a de mercado, seguida por Volkswagen e Chevrolet, enquanto o grupo Stellantis alcan\u00e7ou 29,4% de participa\u00e7\u00e3o nacional.<\/p>\n\n\n\n<p>O encontro tamb\u00e9m abordou os destaques do \u00faltimo Sal\u00e3o do Autom\u00f3vel de S\u00e3o Paulo, apresentado por M\u00e1rcio Lima e Roberto Baraldi. O evento marcou a retomada da principal vitrine automotiva da Am\u00e9rica Latina, evidenciando tend\u00eancias como eletrifica\u00e7\u00e3o, conectividade e solu\u00e7\u00f5es sustent\u00e1veis. Com forte presen\u00e7a de montadoras e grande participa\u00e7\u00e3o do p\u00fablico, o sal\u00e3o refor\u00e7ou o papel do Brasil como polo de inova\u00e7\u00e3o e desenvolvimento para a ind\u00fastria global.<\/p>\n\n\n\n<p><em>Denise Lucas<\/em><br><strong>Imprensa FIEMG<\/strong><\/p>\n","protected":false},"featured_media":10510,"template":"","categories":[15],"tags":[1638,1639,135,78,1167],"class_list":["post-10508","noticias","type-noticias","status-publish","has-post-thumbnail","hentry","category-desenvolvimento-industrial","tag-argentina","tag-automoveis","tag-brasil","tag-fiemg","tag-mercosul"],"acf":[],"yoast_head":"<!-- This site is optimized with the Yoast SEO plugin v26.2 - https:\/\/yoast.com\/wordpress\/plugins\/seo\/ -->\n<title>Ind\u00fastria automotiva debate cen\u00e1rios, desafios e oportunidades em reuni\u00e3o da FIEMG - FIEMG<\/title>\n<meta name=\"description\" content=\"Encontro destacou panorama econ\u00f4mico, desempenho do mercado em novembro e tend\u00eancias reveladas no Sal\u00e3o do Autom\u00f3vel\" \/>\n<meta name=\"robots\" content=\"index, follow, max-snippet:-1, max-image-preview:large, max-video-preview:-1\" \/>\n<link rel=\"canonical\" href=\"https:\/\/www.fiemg.com.br\/fiemg\/noticias\/encontro-destacou-panorama-economico-desempenho-do-mercado-em-novembro-e-tendencias-reveladas-no-salao-do-automovel\/\" \/>\n<meta property=\"og:locale\" content=\"pt_BR\" \/>\n<meta property=\"og:type\" content=\"article\" \/>\n<meta property=\"og:title\" content=\"Ind\u00fastria automotiva debate cen\u00e1rios, desafios e oportunidades em reuni\u00e3o da FIEMG - FIEMG\" \/>\n<meta property=\"og:description\" content=\"Encontro destacou panorama econ\u00f4mico, desempenho do mercado em novembro e tend\u00eancias reveladas no Sal\u00e3o do Autom\u00f3vel\" \/>\n<meta property=\"og:url\" content=\"https:\/\/www.fiemg.com.br\/fiemg\/noticias\/encontro-destacou-panorama-economico-desempenho-do-mercado-em-novembro-e-tendencias-reveladas-no-salao-do-automovel\/\" \/>\n<meta property=\"og:site_name\" content=\"FIEMG\" \/>\n<meta property=\"article:modified_time\" content=\"2025-12-05T13:44:05+00:00\" \/>\n<meta property=\"og:image\" content=\"https:\/\/www.fiemg.com.br\/fiemg\/wp-content\/uploads\/sites\/10\/2025\/12\/automovel-camara.png\" \/>\n\t<meta property=\"og:image:width\" content=\"250\" \/>\n\t<meta property=\"og:image:height\" content=\"250\" \/>\n\t<meta property=\"og:image:type\" content=\"image\/png\" \/>\n<meta name=\"twitter:card\" content=\"summary_large_image\" \/>\n<meta name=\"twitter:label1\" content=\"Est. tempo de leitura\" \/>\n\t<meta name=\"twitter:data1\" content=\"3 minutos\" \/>\n<script type=\"application\/ld+json\" class=\"yoast-schema-graph\">{\"@context\":\"https:\/\/schema.org\",\"@graph\":[{\"@type\":\"WebPage\",\"@id\":\"https:\/\/www.fiemg.com.br\/fiemg\/noticias\/encontro-destacou-panorama-economico-desempenho-do-mercado-em-novembro-e-tendencias-reveladas-no-salao-do-automovel\/\",\"url\":\"https:\/\/www.fiemg.com.br\/fiemg\/noticias\/encontro-destacou-panorama-economico-desempenho-do-mercado-em-novembro-e-tendencias-reveladas-no-salao-do-automovel\/\",\"name\":\"Ind\u00fastria automotiva debate cen\u00e1rios, desafios e oportunidades em reuni\u00e3o da FIEMG - FIEMG\",\"isPartOf\":{\"@id\":\"https:\/\/www.fiemg.com.br\/fiemg\/#website\"},\"primaryImageOfPage\":{\"@id\":\"https:\/\/www.fiemg.com.br\/fiemg\/noticias\/encontro-destacou-panorama-economico-desempenho-do-mercado-em-novembro-e-tendencias-reveladas-no-salao-do-automovel\/#primaryimage\"},\"image\":{\"@id\":\"https:\/\/www.fiemg.com.br\/fiemg\/noticias\/encontro-destacou-panorama-economico-desempenho-do-mercado-em-novembro-e-tendencias-reveladas-no-salao-do-automovel\/#primaryimage\"},\"thumbnailUrl\":\"https:\/\/www.fiemg.com.br\/fiemg\/wp-content\/uploads\/sites\/10\/2025\/12\/automovel-camara.png\",\"datePublished\":\"2025-12-05T13:43:56+00:00\",\"dateModified\":\"2025-12-05T13:44:05+00:00\",\"description\":\"Encontro destacou panorama econ\u00f4mico, desempenho do mercado em novembro e tend\u00eancias reveladas no Sal\u00e3o do Autom\u00f3vel\",\"breadcrumb\":{\"@id\":\"https:\/\/www.fiemg.com.br\/fiemg\/noticias\/encontro-destacou-panorama-economico-desempenho-do-mercado-em-novembro-e-tendencias-reveladas-no-salao-do-automovel\/#breadcrumb\"},\"inLanguage\":\"pt-BR\",\"potentialAction\":[{\"@type\":\"ReadAction\",\"target\":[\"https:\/\/www.fiemg.com.br\/fiemg\/noticias\/encontro-destacou-panorama-economico-desempenho-do-mercado-em-novembro-e-tendencias-reveladas-no-salao-do-automovel\/\"]}]},{\"@type\":\"ImageObject\",\"inLanguage\":\"pt-BR\",\"@id\":\"https:\/\/www.fiemg.com.br\/fiemg\/noticias\/encontro-destacou-panorama-economico-desempenho-do-mercado-em-novembro-e-tendencias-reveladas-no-salao-do-automovel\/#primaryimage\",\"url\":\"https:\/\/www.fiemg.com.br\/fiemg\/wp-content\/uploads\/sites\/10\/2025\/12\/automovel-camara.png\",\"contentUrl\":\"https:\/\/www.fiemg.com.br\/fiemg\/wp-content\/uploads\/sites\/10\/2025\/12\/automovel-camara.png\",\"width\":250,\"height\":250},{\"@type\":\"BreadcrumbList\",\"@id\":\"https:\/\/www.fiemg.com.br\/fiemg\/noticias\/encontro-destacou-panorama-economico-desempenho-do-mercado-em-novembro-e-tendencias-reveladas-no-salao-do-automovel\/#breadcrumb\",\"itemListElement\":[{\"@type\":\"ListItem\",\"position\":1,\"name\":\"In\u00edcio\",\"item\":\"https:\/\/www.fiemg.com.br\/fiemg\/\"},{\"@type\":\"ListItem\",\"position\":2,\"name\":\"Ind\u00fastria automotiva debate cen\u00e1rios, desafios e oportunidades em reuni\u00e3o da FIEMG\"}]},{\"@type\":\"WebSite\",\"@id\":\"https:\/\/www.fiemg.com.br\/fiemg\/#website\",\"url\":\"https:\/\/www.fiemg.com.br\/fiemg\/\",\"name\":\"FIEMG\",\"description\":\"Federa\u00e7\u00e3o das Ind\u00fastrias do Estado de Minas Gerais\",\"publisher\":{\"@id\":\"https:\/\/www.fiemg.com.br\/fiemg\/#organization\"},\"potentialAction\":[{\"@type\":\"SearchAction\",\"target\":{\"@type\":\"EntryPoint\",\"urlTemplate\":\"https:\/\/www.fiemg.com.br\/fiemg\/?s={search_term_string}\"},\"query-input\":{\"@type\":\"PropertyValueSpecification\",\"valueRequired\":true,\"valueName\":\"search_term_string\"}}],\"inLanguage\":\"pt-BR\"},{\"@type\":\"Organization\",\"@id\":\"https:\/\/www.fiemg.com.br\/fiemg\/#organization\",\"name\":\"FIEMG\",\"url\":\"https:\/\/www.fiemg.com.br\/fiemg\/\",\"logo\":{\"@type\":\"ImageObject\",\"inLanguage\":\"pt-BR\",\"@id\":\"https:\/\/www.fiemg.com.br\/fiemg\/#\/schema\/logo\/image\/\",\"url\":\"https:\/\/www.fiemg.com.br\/fiemg\/wp-content\/uploads\/sites\/10\/2023\/02\/fiemg_branco.svg\",\"contentUrl\":\"https:\/\/www.fiemg.com.br\/fiemg\/wp-content\/uploads\/sites\/10\/2023\/02\/fiemg_branco.svg\",\"width\":561,\"height\":147,\"caption\":\"FIEMG\"},\"image\":{\"@id\":\"https:\/\/www.fiemg.com.br\/fiemg\/#\/schema\/logo\/image\/\"}}]}<\/script>\n<!-- \/ Yoast SEO plugin. -->","yoast_head_json":{"title":"Ind\u00fastria automotiva debate cen\u00e1rios, desafios e oportunidades em reuni\u00e3o da FIEMG - FIEMG","description":"Encontro destacou panorama econ\u00f4mico, desempenho do mercado em novembro e tend\u00eancias reveladas no Sal\u00e3o do Autom\u00f3vel","robots":{"index":"index","follow":"follow","max-snippet":"max-snippet:-1","max-image-preview":"max-image-preview:large","max-video-preview":"max-video-preview:-1"},"canonical":"https:\/\/www.fiemg.com.br\/fiemg\/noticias\/encontro-destacou-panorama-economico-desempenho-do-mercado-em-novembro-e-tendencias-reveladas-no-salao-do-automovel\/","og_locale":"pt_BR","og_type":"article","og_title":"Ind\u00fastria automotiva debate cen\u00e1rios, desafios e oportunidades em reuni\u00e3o da FIEMG - FIEMG","og_description":"Encontro destacou panorama econ\u00f4mico, desempenho do mercado em novembro e tend\u00eancias reveladas no Sal\u00e3o do Autom\u00f3vel","og_url":"https:\/\/www.fiemg.com.br\/fiemg\/noticias\/encontro-destacou-panorama-economico-desempenho-do-mercado-em-novembro-e-tendencias-reveladas-no-salao-do-automovel\/","og_site_name":"FIEMG","article_modified_time":"2025-12-05T13:44:05+00:00","og_image":[{"width":250,"height":250,"url":"https:\/\/www.fiemg.com.br\/fiemg\/wp-content\/uploads\/sites\/10\/2025\/12\/automovel-camara.png","type":"image\/png"}],"twitter_card":"summary_large_image","twitter_misc":{"Est. tempo de leitura":"3 minutos"},"schema":{"@context":"https:\/\/schema.org","@graph":[{"@type":"WebPage","@id":"https:\/\/www.fiemg.com.br\/fiemg\/noticias\/encontro-destacou-panorama-economico-desempenho-do-mercado-em-novembro-e-tendencias-reveladas-no-salao-do-automovel\/","url":"https:\/\/www.fiemg.com.br\/fiemg\/noticias\/encontro-destacou-panorama-economico-desempenho-do-mercado-em-novembro-e-tendencias-reveladas-no-salao-do-automovel\/","name":"Ind\u00fastria automotiva debate cen\u00e1rios, desafios e oportunidades em reuni\u00e3o da FIEMG - FIEMG","isPartOf":{"@id":"https:\/\/www.fiemg.com.br\/fiemg\/#website"},"primaryImageOfPage":{"@id":"https:\/\/www.fiemg.com.br\/fiemg\/noticias\/encontro-destacou-panorama-economico-desempenho-do-mercado-em-novembro-e-tendencias-reveladas-no-salao-do-automovel\/#primaryimage"},"image":{"@id":"https:\/\/www.fiemg.com.br\/fiemg\/noticias\/encontro-destacou-panorama-economico-desempenho-do-mercado-em-novembro-e-tendencias-reveladas-no-salao-do-automovel\/#primaryimage"},"thumbnailUrl":"https:\/\/www.fiemg.com.br\/fiemg\/wp-content\/uploads\/sites\/10\/2025\/12\/automovel-camara.png","datePublished":"2025-12-05T13:43:56+00:00","dateModified":"2025-12-05T13:44:05+00:00","description":"Encontro destacou panorama econ\u00f4mico, desempenho do mercado em novembro e tend\u00eancias reveladas no Sal\u00e3o do Autom\u00f3vel","breadcrumb":{"@id":"https:\/\/www.fiemg.com.br\/fiemg\/noticias\/encontro-destacou-panorama-economico-desempenho-do-mercado-em-novembro-e-tendencias-reveladas-no-salao-do-automovel\/#breadcrumb"},"inLanguage":"pt-BR","potentialAction":[{"@type":"ReadAction","target":["https:\/\/www.fiemg.com.br\/fiemg\/noticias\/encontro-destacou-panorama-economico-desempenho-do-mercado-em-novembro-e-tendencias-reveladas-no-salao-do-automovel\/"]}]},{"@type":"ImageObject","inLanguage":"pt-BR","@id":"https:\/\/www.fiemg.com.br\/fiemg\/noticias\/encontro-destacou-panorama-economico-desempenho-do-mercado-em-novembro-e-tendencias-reveladas-no-salao-do-automovel\/#primaryimage","url":"https:\/\/www.fiemg.com.br\/fiemg\/wp-content\/uploads\/sites\/10\/2025\/12\/automovel-camara.png","contentUrl":"https:\/\/www.fiemg.com.br\/fiemg\/wp-content\/uploads\/sites\/10\/2025\/12\/automovel-camara.png","width":250,"height":250},{"@type":"BreadcrumbList","@id":"https:\/\/www.fiemg.com.br\/fiemg\/noticias\/encontro-destacou-panorama-economico-desempenho-do-mercado-em-novembro-e-tendencias-reveladas-no-salao-do-automovel\/#breadcrumb","itemListElement":[{"@type":"ListItem","position":1,"name":"In\u00edcio","item":"https:\/\/www.fiemg.com.br\/fiemg\/"},{"@type":"ListItem","position":2,"name":"Ind\u00fastria automotiva debate cen\u00e1rios, desafios e oportunidades em reuni\u00e3o da FIEMG"}]},{"@type":"WebSite","@id":"https:\/\/www.fiemg.com.br\/fiemg\/#website","url":"https:\/\/www.fiemg.com.br\/fiemg\/","name":"FIEMG","description":"Federa\u00e7\u00e3o das Ind\u00fastrias do Estado de Minas Gerais","publisher":{"@id":"https:\/\/www.fiemg.com.br\/fiemg\/#organization"},"potentialAction":[{"@type":"SearchAction","target":{"@type":"EntryPoint","urlTemplate":"https:\/\/www.fiemg.com.br\/fiemg\/?s={search_term_string}"},"query-input":{"@type":"PropertyValueSpecification","valueRequired":true,"valueName":"search_term_string"}}],"inLanguage":"pt-BR"},{"@type":"Organization","@id":"https:\/\/www.fiemg.com.br\/fiemg\/#organization","name":"FIEMG","url":"https:\/\/www.fiemg.com.br\/fiemg\/","logo":{"@type":"ImageObject","inLanguage":"pt-BR","@id":"https:\/\/www.fiemg.com.br\/fiemg\/#\/schema\/logo\/image\/","url":"https:\/\/www.fiemg.com.br\/fiemg\/wp-content\/uploads\/sites\/10\/2023\/02\/fiemg_branco.svg","contentUrl":"https:\/\/www.fiemg.com.br\/fiemg\/wp-content\/uploads\/sites\/10\/2023\/02\/fiemg_branco.svg","width":561,"height":147,"caption":"FIEMG"},"image":{"@id":"https:\/\/www.fiemg.com.br\/fiemg\/#\/schema\/logo\/image\/"}}]}},"_links":{"self":[{"href":"https:\/\/www.fiemg.com.br\/fiemg\/wp-json\/wp\/v2\/noticias\/10508","targetHints":{"allow":["GET"]}}],"collection":[{"href":"https:\/\/www.fiemg.com.br\/fiemg\/wp-json\/wp\/v2\/noticias"}],"about":[{"href":"https:\/\/www.fiemg.com.br\/fiemg\/wp-json\/wp\/v2\/types\/noticias"}],"wp:featuredmedia":[{"embeddable":true,"href":"https:\/\/www.fiemg.com.br\/fiemg\/wp-json\/wp\/v2\/media\/10510"}],"wp:attachment":[{"href":"https:\/\/www.fiemg.com.br\/fiemg\/wp-json\/wp\/v2\/media?parent=10508"}],"wp:term":[{"taxonomy":"category","embeddable":true,"href":"https:\/\/www.fiemg.com.br\/fiemg\/wp-json\/wp\/v2\/categories?post=10508"},{"taxonomy":"post_tag","embeddable":true,"href":"https:\/\/www.fiemg.com.br\/fiemg\/wp-json\/wp\/v2\/tags?post=10508"}],"curies":[{"name":"wp","href":"https:\/\/api.w.org\/{rel}","templated":true}]}}