{"id":10515,"date":"2025-12-09T08:53:51","date_gmt":"2025-12-09T11:53:51","guid":{"rendered":"https:\/\/www.fiemg.com.br\/fiemg\/noticias\/evento-reforcou-a-representatividade-defesa-de-interesses-resultados-concretos-e-visao-de-futuro\/"},"modified":"2025-12-09T08:53:51","modified_gmt":"2025-12-09T11:53:51","slug":"evento-reforcou-a-representatividade-defesa-de-interesses-resultados-concretos-e-visao-de-futuro","status":"publish","type":"noticias","link":"https:\/\/www.fiemg.com.br\/fiemg\/noticias\/evento-reforcou-a-representatividade-defesa-de-interesses-resultados-concretos-e-visao-de-futuro\/","title":{"rendered":"Sinpava promove 30\u00ba Baile dos panificadores e ind\u00fastrias aliment\u00edcias"},"content":{"rendered":"\n<p>O Clube Ipaminas foi palco de uma noite memor\u00e1vel com a retomada do Baile dos Panificadores e da Ind\u00fastria Aliment\u00edcia, promovido pelo Sindicato Intermunicipal das Ind\u00fastrias de Alimenta\u00e7\u00e3o, Panifica\u00e7\u00e3o, Confeitaria e Massas Aliment\u00edcias do Vale do A\u00e7o (Sinpava).<br><br>Em sua 30\u00aa edi\u00e7\u00e3o, o evento reuniu empres\u00e1rios, parceiros, colaboradores e representantes da ind\u00fastria em um clima de reencontro, reconhecimento e fortalecimento do setor. Mais do que uma celebra\u00e7\u00e3o, o baile destacou o associativismo como for\u00e7a essencial para impulsionar o crescimento regional, com foco na representatividade, na defesa de interesses e na gera\u00e7\u00e3o de resultados concretos.<br><\/p>\n\n\n\n<figure class=\"wp-block-image aligncenter size-full is-resized\"><img fetchpriority=\"high\" decoding=\"async\" width=\"1016\" height=\"681\" src=\"https:\/\/www.fiemg.com.br\/fiemg\/wp-content\/uploads\/sites\/10\/2025\/12\/image-2.png\" alt=\"\" class=\"wp-image-10521\" style=\"width:800px\" srcset=\"https:\/\/www.fiemg.com.br\/fiemg\/wp-content\/uploads\/sites\/10\/2025\/12\/image-2.png 1016w, https:\/\/www.fiemg.com.br\/fiemg\/wp-content\/uploads\/sites\/10\/2025\/12\/image-2-300x201.png 300w, https:\/\/www.fiemg.com.br\/fiemg\/wp-content\/uploads\/sites\/10\/2025\/12\/image-2-768x515.png 768w\" sizes=\"(max-width: 1016px) 100vw, 1016px\" \/><\/figure>\n\n\n\n<p>Durante a cerim\u00f4nia, o Presidente do Sinpava, Ant\u00f4nio Eug\u00eanio Fernandes, relembrou conquistas do ano e destacou as a\u00e7\u00f5es estrat\u00e9gicas implementadas em 2025, como as miss\u00f5es empresariais, a celebra\u00e7\u00e3o de acordos coletivos equilibrados e os semin\u00e1rios t\u00e9cnicos realizados ao longo do ano, abordando temas como log\u00edstica reversa, reten\u00e7\u00e3o de talentos, gest\u00e3o empresarial, boas pr\u00e1ticas de fabrica\u00e7\u00e3o e suporte jur\u00eddico \u00e0s ind\u00fastrias.<\/p>\n\n\n\n<p>\u201cDurante este per\u00edodo, estivemos respaldados, contando com o apoio e os benef\u00edcios da Federa\u00e7\u00e3o das Ind\u00fastrias do Estado de Minas Gerais, um suporte que tem sido estrat\u00e9gico na consolida\u00e7\u00e3o das nossas a\u00e7\u00f5es.\u00a0 Para 2026, seguimos com otimismo, responsabilidade e metas ousadas. teremos novos projetos, mais capacita\u00e7\u00f5es e um compromisso ainda maior com a valoriza\u00e7\u00e3o das nossas ind\u00fastrias\u201d, endossou.<br><\/p>\n\n\n\n<figure class=\"wp-block-image aligncenter size-full is-resized\"><img decoding=\"async\" width=\"1015\" height=\"677\" src=\"https:\/\/www.fiemg.com.br\/fiemg\/wp-content\/uploads\/sites\/10\/2025\/12\/image-3.png\" alt=\"\" class=\"wp-image-10520\" style=\"width:800px\" srcset=\"https:\/\/www.fiemg.com.br\/fiemg\/wp-content\/uploads\/sites\/10\/2025\/12\/image-3.png 1015w, https:\/\/www.fiemg.com.br\/fiemg\/wp-content\/uploads\/sites\/10\/2025\/12\/image-3-300x200.png 300w, https:\/\/www.fiemg.com.br\/fiemg\/wp-content\/uploads\/sites\/10\/2025\/12\/image-3-768x512.png 768w\" sizes=\"(max-width: 1015px) 100vw, 1015px\" \/><\/figure>\n\n\n\n<p>O presidente da FIEMG Regional Vale do A\u00e7o e do Sindimiva, Jo\u00e3o Batista Alves, tamb\u00e9m esteve presente e parabenizou a atua\u00e7\u00e3o do Sinpava. Segundo ele, o sindicato tem cumprido um papel fundamental no desenvolvimento da economia regional ao fomentar capacita\u00e7\u00f5es, integra\u00e7\u00e3o e inova\u00e7\u00e3o no setor aliment\u00edcio.<\/p>\n\n\n\n<p>\u201cTr\u00eas d\u00e9cadas de hist\u00f3ria, luta, representatividade e, acima de tudo, uni\u00e3o. O Sinpava, sob a lideran\u00e7a incans\u00e1vel do Ant\u00f4nio Eug\u00eanio, tem desempenhado um papel fundamental no desenvolvimento do setor que vai al\u00e9m da defesa de interesses; ele fomenta o crescimento, a capacita\u00e7\u00e3o e a integra\u00e7\u00e3o de um setor vital para a economia do Vale do A\u00e7o\u201d, disse.<br><br><\/p>\n\n\n\n<figure class=\"wp-block-image aligncenter size-full is-resized\"><img decoding=\"async\" width=\"1005\" height=\"671\" src=\"https:\/\/www.fiemg.com.br\/fiemg\/wp-content\/uploads\/sites\/10\/2025\/12\/image-4.png\" alt=\"\" class=\"wp-image-10519\" style=\"width:800px\" srcset=\"https:\/\/www.fiemg.com.br\/fiemg\/wp-content\/uploads\/sites\/10\/2025\/12\/image-4.png 1005w, https:\/\/www.fiemg.com.br\/fiemg\/wp-content\/uploads\/sites\/10\/2025\/12\/image-4-300x200.png 300w, https:\/\/www.fiemg.com.br\/fiemg\/wp-content\/uploads\/sites\/10\/2025\/12\/image-4-768x513.png 768w\" sizes=\"(max-width: 1005px) 100vw, 1005px\" \/><\/figure>\n\n\n\n<p>Um dos momentos mais emocionantes da noite foi a homenagem \u00e0 nova gera\u00e7\u00e3o de empres\u00e1rios, filhos e filhas que assumem a continuidade dos neg\u00f3cios iniciados pelos pais, simbolizando o legado que inspira o futuro da panifica\u00e7\u00e3o e da ind\u00fastria de alimentos.<\/p>\n\n\n\n<p>O evento contou com o patroc\u00ednio da Buaiz Alimentos, Andrade Distribuidora, Grande Moinho Cearense, Bunge, Sol e Neve, Multiluz Solar e Consolata Alimentos, al\u00e9m do apoio da FIEMG Regional Vale do A\u00e7o e da Cenibra.<\/p>\n\n\n\n<figure class=\"wp-block-image aligncenter size-full is-resized\"><img loading=\"lazy\" decoding=\"async\" width=\"1006\" height=\"672\" src=\"https:\/\/www.fiemg.com.br\/fiemg\/wp-content\/uploads\/sites\/10\/2025\/12\/image-5.png\" alt=\"\" class=\"wp-image-10518\" style=\"width:800px\" srcset=\"https:\/\/www.fiemg.com.br\/fiemg\/wp-content\/uploads\/sites\/10\/2025\/12\/image-5.png 1006w, https:\/\/www.fiemg.com.br\/fiemg\/wp-content\/uploads\/sites\/10\/2025\/12\/image-5-300x200.png 300w, https:\/\/www.fiemg.com.br\/fiemg\/wp-content\/uploads\/sites\/10\/2025\/12\/image-5-768x513.png 768w\" sizes=\"(max-width: 1006px) 100vw, 1006px\" \/><\/figure>\n\n\n\n<p><strong><em>Por Aline Alves Ferreira<\/em><\/strong><\/p>\n","protected":false},"featured_media":10517,"template":"","categories":[15],"tags":[78,1640,247],"class_list":["post-10515","noticias","type-noticias","status-publish","has-post-thumbnail","hentry","category-desenvolvimento-industrial","tag-fiemg","tag-sinpava","tag-vale-do-aco"],"acf":[],"yoast_head":"<!-- This site is optimized with the Yoast SEO plugin v26.2 - https:\/\/yoast.com\/wordpress\/plugins\/seo\/ -->\n<title>Sinpava promove 30\u00ba Baile dos panificadores e ind\u00fastrias aliment\u00edcias - FIEMG<\/title>\n<meta name=\"description\" content=\"Evento refor\u00e7ou a\u00a0representatividade, defesa de interesses, resultados concretos e vis\u00e3o de futuro\" \/>\n<meta name=\"robots\" content=\"index, follow, max-snippet:-1, max-image-preview:large, max-video-preview:-1\" \/>\n<link rel=\"canonical\" href=\"https:\/\/www.fiemg.com.br\/fiemg\/noticias\/evento-reforcou-a-representatividade-defesa-de-interesses-resultados-concretos-e-visao-de-futuro\/\" \/>\n<meta property=\"og:locale\" content=\"pt_BR\" \/>\n<meta property=\"og:type\" content=\"article\" \/>\n<meta property=\"og:title\" content=\"Sinpava promove 30\u00ba Baile dos panificadores e ind\u00fastrias aliment\u00edcias - FIEMG\" \/>\n<meta property=\"og:description\" content=\"Evento refor\u00e7ou a\u00a0representatividade, defesa de interesses, resultados concretos e vis\u00e3o de futuro\" \/>\n<meta property=\"og:url\" content=\"https:\/\/www.fiemg.com.br\/fiemg\/noticias\/evento-reforcou-a-representatividade-defesa-de-interesses-resultados-concretos-e-visao-de-futuro\/\" \/>\n<meta property=\"og:site_name\" content=\"FIEMG\" \/>\n<meta property=\"og:image\" content=\"https:\/\/www.fiemg.com.br\/fiemg\/wp-content\/uploads\/sites\/10\/2025\/12\/baile-sinpava.png\" \/>\n\t<meta property=\"og:image:width\" content=\"1600\" \/>\n\t<meta property=\"og:image:height\" content=\"1600\" \/>\n\t<meta property=\"og:image:type\" content=\"image\/png\" \/>\n<meta name=\"twitter:card\" content=\"summary_large_image\" \/>\n<meta name=\"twitter:label1\" content=\"Est. tempo de leitura\" \/>\n\t<meta name=\"twitter:data1\" content=\"4 minutos\" \/>\n<script type=\"application\/ld+json\" class=\"yoast-schema-graph\">{\"@context\":\"https:\/\/schema.org\",\"@graph\":[{\"@type\":\"WebPage\",\"@id\":\"https:\/\/www.fiemg.com.br\/fiemg\/noticias\/evento-reforcou-a-representatividade-defesa-de-interesses-resultados-concretos-e-visao-de-futuro\/\",\"url\":\"https:\/\/www.fiemg.com.br\/fiemg\/noticias\/evento-reforcou-a-representatividade-defesa-de-interesses-resultados-concretos-e-visao-de-futuro\/\",\"name\":\"Sinpava promove 30\u00ba Baile dos panificadores e ind\u00fastrias aliment\u00edcias - FIEMG\",\"isPartOf\":{\"@id\":\"https:\/\/www.fiemg.com.br\/fiemg\/#website\"},\"primaryImageOfPage\":{\"@id\":\"https:\/\/www.fiemg.com.br\/fiemg\/noticias\/evento-reforcou-a-representatividade-defesa-de-interesses-resultados-concretos-e-visao-de-futuro\/#primaryimage\"},\"image\":{\"@id\":\"https:\/\/www.fiemg.com.br\/fiemg\/noticias\/evento-reforcou-a-representatividade-defesa-de-interesses-resultados-concretos-e-visao-de-futuro\/#primaryimage\"},\"thumbnailUrl\":\"https:\/\/www.fiemg.com.br\/fiemg\/wp-content\/uploads\/sites\/10\/2025\/12\/baile-sinpava.png\",\"datePublished\":\"2025-12-09T11:53:51+00:00\",\"description\":\"Evento refor\u00e7ou a\u00a0representatividade, defesa de interesses, resultados concretos e vis\u00e3o de futuro\",\"breadcrumb\":{\"@id\":\"https:\/\/www.fiemg.com.br\/fiemg\/noticias\/evento-reforcou-a-representatividade-defesa-de-interesses-resultados-concretos-e-visao-de-futuro\/#breadcrumb\"},\"inLanguage\":\"pt-BR\",\"potentialAction\":[{\"@type\":\"ReadAction\",\"target\":[\"https:\/\/www.fiemg.com.br\/fiemg\/noticias\/evento-reforcou-a-representatividade-defesa-de-interesses-resultados-concretos-e-visao-de-futuro\/\"]}]},{\"@type\":\"ImageObject\",\"inLanguage\":\"pt-BR\",\"@id\":\"https:\/\/www.fiemg.com.br\/fiemg\/noticias\/evento-reforcou-a-representatividade-defesa-de-interesses-resultados-concretos-e-visao-de-futuro\/#primaryimage\",\"url\":\"https:\/\/www.fiemg.com.br\/fiemg\/wp-content\/uploads\/sites\/10\/2025\/12\/baile-sinpava.png\",\"contentUrl\":\"https:\/\/www.fiemg.com.br\/fiemg\/wp-content\/uploads\/sites\/10\/2025\/12\/baile-sinpava.png\",\"width\":1600,\"height\":1600},{\"@type\":\"BreadcrumbList\",\"@id\":\"https:\/\/www.fiemg.com.br\/fiemg\/noticias\/evento-reforcou-a-representatividade-defesa-de-interesses-resultados-concretos-e-visao-de-futuro\/#breadcrumb\",\"itemListElement\":[{\"@type\":\"ListItem\",\"position\":1,\"name\":\"In\u00edcio\",\"item\":\"https:\/\/www.fiemg.com.br\/fiemg\/\"},{\"@type\":\"ListItem\",\"position\":2,\"name\":\"Sinpava promove 30\u00ba Baile dos panificadores e ind\u00fastrias aliment\u00edcias\"}]},{\"@type\":\"WebSite\",\"@id\":\"https:\/\/www.fiemg.com.br\/fiemg\/#website\",\"url\":\"https:\/\/www.fiemg.com.br\/fiemg\/\",\"name\":\"FIEMG\",\"description\":\"Federa\u00e7\u00e3o das Ind\u00fastrias do Estado de Minas Gerais\",\"publisher\":{\"@id\":\"https:\/\/www.fiemg.com.br\/fiemg\/#organization\"},\"potentialAction\":[{\"@type\":\"SearchAction\",\"target\":{\"@type\":\"EntryPoint\",\"urlTemplate\":\"https:\/\/www.fiemg.com.br\/fiemg\/?s={search_term_string}\"},\"query-input\":{\"@type\":\"PropertyValueSpecification\",\"valueRequired\":true,\"valueName\":\"search_term_string\"}}],\"inLanguage\":\"pt-BR\"},{\"@type\":\"Organization\",\"@id\":\"https:\/\/www.fiemg.com.br\/fiemg\/#organization\",\"name\":\"FIEMG\",\"url\":\"https:\/\/www.fiemg.com.br\/fiemg\/\",\"logo\":{\"@type\":\"ImageObject\",\"inLanguage\":\"pt-BR\",\"@id\":\"https:\/\/www.fiemg.com.br\/fiemg\/#\/schema\/logo\/image\/\",\"url\":\"https:\/\/www.fiemg.com.br\/fiemg\/wp-content\/uploads\/sites\/10\/2023\/02\/fiemg_branco.svg\",\"contentUrl\":\"https:\/\/www.fiemg.com.br\/fiemg\/wp-content\/uploads\/sites\/10\/2023\/02\/fiemg_branco.svg\",\"width\":561,\"height\":147,\"caption\":\"FIEMG\"},\"image\":{\"@id\":\"https:\/\/www.fiemg.com.br\/fiemg\/#\/schema\/logo\/image\/\"}}]}<\/script>\n<!-- \/ Yoast SEO plugin. -->","yoast_head_json":{"title":"Sinpava promove 30\u00ba Baile dos panificadores e ind\u00fastrias aliment\u00edcias - FIEMG","description":"Evento refor\u00e7ou a\u00a0representatividade, defesa de interesses, resultados concretos e vis\u00e3o de futuro","robots":{"index":"index","follow":"follow","max-snippet":"max-snippet:-1","max-image-preview":"max-image-preview:large","max-video-preview":"max-video-preview:-1"},"canonical":"https:\/\/www.fiemg.com.br\/fiemg\/noticias\/evento-reforcou-a-representatividade-defesa-de-interesses-resultados-concretos-e-visao-de-futuro\/","og_locale":"pt_BR","og_type":"article","og_title":"Sinpava promove 30\u00ba Baile dos panificadores e ind\u00fastrias aliment\u00edcias - FIEMG","og_description":"Evento refor\u00e7ou a\u00a0representatividade, defesa de interesses, resultados concretos e vis\u00e3o de futuro","og_url":"https:\/\/www.fiemg.com.br\/fiemg\/noticias\/evento-reforcou-a-representatividade-defesa-de-interesses-resultados-concretos-e-visao-de-futuro\/","og_site_name":"FIEMG","og_image":[{"width":1600,"height":1600,"url":"https:\/\/www.fiemg.com.br\/fiemg\/wp-content\/uploads\/sites\/10\/2025\/12\/baile-sinpava.png","type":"image\/png"}],"twitter_card":"summary_large_image","twitter_misc":{"Est. tempo de leitura":"4 minutos"},"schema":{"@context":"https:\/\/schema.org","@graph":[{"@type":"WebPage","@id":"https:\/\/www.fiemg.com.br\/fiemg\/noticias\/evento-reforcou-a-representatividade-defesa-de-interesses-resultados-concretos-e-visao-de-futuro\/","url":"https:\/\/www.fiemg.com.br\/fiemg\/noticias\/evento-reforcou-a-representatividade-defesa-de-interesses-resultados-concretos-e-visao-de-futuro\/","name":"Sinpava promove 30\u00ba Baile dos panificadores e ind\u00fastrias aliment\u00edcias - FIEMG","isPartOf":{"@id":"https:\/\/www.fiemg.com.br\/fiemg\/#website"},"primaryImageOfPage":{"@id":"https:\/\/www.fiemg.com.br\/fiemg\/noticias\/evento-reforcou-a-representatividade-defesa-de-interesses-resultados-concretos-e-visao-de-futuro\/#primaryimage"},"image":{"@id":"https:\/\/www.fiemg.com.br\/fiemg\/noticias\/evento-reforcou-a-representatividade-defesa-de-interesses-resultados-concretos-e-visao-de-futuro\/#primaryimage"},"thumbnailUrl":"https:\/\/www.fiemg.com.br\/fiemg\/wp-content\/uploads\/sites\/10\/2025\/12\/baile-sinpava.png","datePublished":"2025-12-09T11:53:51+00:00","description":"Evento refor\u00e7ou a\u00a0representatividade, defesa de interesses, resultados concretos e vis\u00e3o de futuro","breadcrumb":{"@id":"https:\/\/www.fiemg.com.br\/fiemg\/noticias\/evento-reforcou-a-representatividade-defesa-de-interesses-resultados-concretos-e-visao-de-futuro\/#breadcrumb"},"inLanguage":"pt-BR","potentialAction":[{"@type":"ReadAction","target":["https:\/\/www.fiemg.com.br\/fiemg\/noticias\/evento-reforcou-a-representatividade-defesa-de-interesses-resultados-concretos-e-visao-de-futuro\/"]}]},{"@type":"ImageObject","inLanguage":"pt-BR","@id":"https:\/\/www.fiemg.com.br\/fiemg\/noticias\/evento-reforcou-a-representatividade-defesa-de-interesses-resultados-concretos-e-visao-de-futuro\/#primaryimage","url":"https:\/\/www.fiemg.com.br\/fiemg\/wp-content\/uploads\/sites\/10\/2025\/12\/baile-sinpava.png","contentUrl":"https:\/\/www.fiemg.com.br\/fiemg\/wp-content\/uploads\/sites\/10\/2025\/12\/baile-sinpava.png","width":1600,"height":1600},{"@type":"BreadcrumbList","@id":"https:\/\/www.fiemg.com.br\/fiemg\/noticias\/evento-reforcou-a-representatividade-defesa-de-interesses-resultados-concretos-e-visao-de-futuro\/#breadcrumb","itemListElement":[{"@type":"ListItem","position":1,"name":"In\u00edcio","item":"https:\/\/www.fiemg.com.br\/fiemg\/"},{"@type":"ListItem","position":2,"name":"Sinpava promove 30\u00ba Baile dos panificadores e ind\u00fastrias aliment\u00edcias"}]},{"@type":"WebSite","@id":"https:\/\/www.fiemg.com.br\/fiemg\/#website","url":"https:\/\/www.fiemg.com.br\/fiemg\/","name":"FIEMG","description":"Federa\u00e7\u00e3o das Ind\u00fastrias do Estado de Minas Gerais","publisher":{"@id":"https:\/\/www.fiemg.com.br\/fiemg\/#organization"},"potentialAction":[{"@type":"SearchAction","target":{"@type":"EntryPoint","urlTemplate":"https:\/\/www.fiemg.com.br\/fiemg\/?s={search_term_string}"},"query-input":{"@type":"PropertyValueSpecification","valueRequired":true,"valueName":"search_term_string"}}],"inLanguage":"pt-BR"},{"@type":"Organization","@id":"https:\/\/www.fiemg.com.br\/fiemg\/#organization","name":"FIEMG","url":"https:\/\/www.fiemg.com.br\/fiemg\/","logo":{"@type":"ImageObject","inLanguage":"pt-BR","@id":"https:\/\/www.fiemg.com.br\/fiemg\/#\/schema\/logo\/image\/","url":"https:\/\/www.fiemg.com.br\/fiemg\/wp-content\/uploads\/sites\/10\/2023\/02\/fiemg_branco.svg","contentUrl":"https:\/\/www.fiemg.com.br\/fiemg\/wp-content\/uploads\/sites\/10\/2023\/02\/fiemg_branco.svg","width":561,"height":147,"caption":"FIEMG"},"image":{"@id":"https:\/\/www.fiemg.com.br\/fiemg\/#\/schema\/logo\/image\/"}}]}},"_links":{"self":[{"href":"https:\/\/www.fiemg.com.br\/fiemg\/wp-json\/wp\/v2\/noticias\/10515","targetHints":{"allow":["GET"]}}],"collection":[{"href":"https:\/\/www.fiemg.com.br\/fiemg\/wp-json\/wp\/v2\/noticias"}],"about":[{"href":"https:\/\/www.fiemg.com.br\/fiemg\/wp-json\/wp\/v2\/types\/noticias"}],"wp:featuredmedia":[{"embeddable":true,"href":"https:\/\/www.fiemg.com.br\/fiemg\/wp-json\/wp\/v2\/media\/10517"}],"wp:attachment":[{"href":"https:\/\/www.fiemg.com.br\/fiemg\/wp-json\/wp\/v2\/media?parent=10515"}],"wp:term":[{"taxonomy":"category","embeddable":true,"href":"https:\/\/www.fiemg.com.br\/fiemg\/wp-json\/wp\/v2\/categories?post=10515"},{"taxonomy":"post_tag","embeddable":true,"href":"https:\/\/www.fiemg.com.br\/fiemg\/wp-json\/wp\/v2\/tags?post=10515"}],"curies":[{"name":"wp","href":"https:\/\/api.w.org\/{rel}","templated":true}]}}