{"id":10533,"date":"2025-12-11T10:33:29","date_gmt":"2025-12-11T13:33:29","guid":{"rendered":"https:\/\/www.fiemg.com.br\/fiemg\/noticias\/encontro-realizado-na-fiemg-reuniu-especialistas-e-empresarios-para-discutir-alteracoes-legislativas-e-novos-regimes-de-regularizacao-patrimonial\/"},"modified":"2025-12-11T11:10:39","modified_gmt":"2025-12-11T14:10:39","slug":"encontro-realizado-na-fiemg-reuniu-especialistas-e-empresarios-para-discutir-alteracoes-legislativas-e-novos-regimes-de-regularizacao-patrimonial","status":"publish","type":"noticias","link":"https:\/\/www.fiemg.com.br\/fiemg\/noticias\/encontro-realizado-na-fiemg-reuniu-especialistas-e-empresarios-para-discutir-alteracoes-legislativas-e-novos-regimes-de-regularizacao-patrimonial\/","title":{"rendered":"Conselho Tribut\u00e1rio encerra 2025 com avan\u00e7os, alertas e an\u00e1lise de mudan\u00e7as que impactam o setor produtivo"},"content":{"rendered":"\n<p>A \u00faltima reuni\u00e3o do Conselho Tribut\u00e1rio da FIEMG em 2025 foi realizada no dia 11 de dezembro, na sede da Federa\u00e7\u00e3o, em Belo Horizonte, reunindo empres\u00e1rios do setor produtivo e especialistas para uma an\u00e1lise abrangente das recentes mudan\u00e7as no ambiente fiscal brasileiro. Na abertura do encontro, o presidente do Colegiado, Edwaldo Almada, destacou o balan\u00e7o positivo do ano, pontuado por desafios que ainda exigem acompanhamento. Para ele, o Conselho consolida sua atua\u00e7\u00e3o como refer\u00eancia no di\u00e1logo com a ind\u00fastria e na interpreta\u00e7\u00e3o qualificada do cen\u00e1rio tribut\u00e1rio nacional.<\/p>\n\n\n\n<p>A programa\u00e7\u00e3o contou com apresenta\u00e7\u00f5es t\u00e9cnicas da Ger\u00eancia Tribut\u00e1ria da FIEMG, iniciando pelo detalhamento do Relat\u00f3rio do Projeto de Lei Complementar n\u00ba 108\/2024, exposto por Thiago Feital. O documento, de autoria do senador Eduardo Braga, promove altera\u00e7\u00f5es relevantes na Lei Complementar 214\/2025 e em legisla\u00e7\u00f5es complementares. Entre as mudan\u00e7as mais estruturais est\u00e1 a defini\u00e7\u00e3o da ordem de aplica\u00e7\u00e3o dos tratamentos favorecidos em casos cumulativos, priorizando al\u00edquota zero antes de mecanismos como suspens\u00e3o, isen\u00e7\u00e3o, diferimento ou redu\u00e7\u00f5es diversas, assegurando que, na aus\u00eancia de norma espec\u00edfica, prevale\u00e7a o tratamento mais ben\u00e9fico ao contribuinte.<\/p>\n\n\n\n<p>O relat\u00f3rio tamb\u00e9m aborda servi\u00e7os de execu\u00e7\u00e3o fracionada ou continuada, estabelecendo que o fato gerador ocorre no primeiro evento entre emiss\u00e3o da fatura, exigibilidade ou pagamento efetivo. Regras espec\u00edficas s\u00e3o refor\u00e7adas para o setor energ\u00e9tico, como a disciplina das opera\u00e7\u00f5es multilaterais via CCEE e o recolhimento de IBS\/CBS no estabelecimento do devedor da liquida\u00e7\u00e3o financeira. No campo imobili\u00e1rio, o texto restringe a permuta a opera\u00e7\u00f5es exclusivamente entre im\u00f3veis e ajusta o conceito de terreno para im\u00f3vel sobre o qual h\u00e1 constru\u00e7\u00e3o, prevendo ainda mudan\u00e7as aplic\u00e1veis a partir de 2027.<\/p>\n\n\n\n<p>As plataformas digitais continuam no centro do debate regulat\u00f3rio e passam a assumir novas responsabilidades, como a emiss\u00e3o de nota fiscal quando o fornecedor n\u00e3o cumprir o prazo de 30 dias. O mecanismo de split payment recebe aten\u00e7\u00e3o especial, com penalidades que incluem multas por transa\u00e7\u00e3o, mora mensal e consequ\u00eancias mais severas em caso de reincid\u00eancia. O relat\u00f3rio ainda alcan\u00e7a temas como combust\u00edveis, com a inclus\u00e3o de gasolina e diesel no regime monof\u00e1sico, al\u00e9m de ajustes no Imposto Seletivo, que passa a incidir sobre bebidas a\u00e7ucaradas em al\u00edquotas progressivas. No Simples Nacional, os cr\u00e9ditos aplic\u00e1veis \u00e0s aquisi\u00e7\u00f5es de optantes s\u00e3o redefinidos, acompanhados da harmoniza\u00e7\u00e3o da Lei Complementar n\u00ba 123\/2006 com as disposi\u00e7\u00f5es da LC 214.<\/p>\n\n\n\n<p>Outro ponto de relev\u00e2ncia foi a apresenta\u00e7\u00e3o de Maria Gabriela Tomich Barbosa sobre o Regime Especial de Atualiza\u00e7\u00e3o e Regulariza\u00e7\u00e3o Patrimonial, institu\u00eddo pela Lei n\u00ba 15.265\/2025. O Rearp permite a antecipa\u00e7\u00e3o de tributos mediante a atualiza\u00e7\u00e3o de valores de bens e ativos, com al\u00edquotas espec\u00edficas para bens m\u00f3veis e im\u00f3veis e restri\u00e7\u00f5es tempor\u00e1rias para aliena\u00e7\u00e3o. A regulariza\u00e7\u00e3o de ativos n\u00e3o declarados imp\u00f5e al\u00edquota de 15% de Imposto de Renda e multa de 100% do imposto devido, com possibilidade de parcelamento em at\u00e9 36 meses. A legisla\u00e7\u00e3o se articula ainda com as regras de ganho de capital previstas na Lei n\u00ba 7.713\/1988, que define percentuais de redu\u00e7\u00e3o conforme o ano de aquisi\u00e7\u00e3o do im\u00f3vel e estabelece hip\u00f3teses de exclus\u00e3o do ganho de capital, como aliena\u00e7\u00e3o do \u00fanico im\u00f3vel em condi\u00e7\u00f5es espec\u00edficas e transmiss\u00f5es causa mortis.<\/p>\n\n\n\n<p>O encontro foi conclu\u00eddo com os Assuntos Gerais, incluindo um balan\u00e7o das atividades do Conselho ao longo de 2025 e a aprova\u00e7\u00e3o do calend\u00e1rio de reuni\u00f5es para 2026.<\/p>\n\n\n\n<p>Confira as fotos da reuni\u00e3o do Conselho Tribut\u00e1rio no <a href=\"http:\/\/flickr.com\/photos\/sistemafiemg\/sets\/72177720330846442\/\">Flickr do Sistema FIEMG<\/a>.<\/p>\n\n\n\n<p><em>Denise Lucas<\/em><br><strong>Imprensa FIEMG<\/strong><\/p>\n","protected":false},"featured_media":10535,"template":"","categories":[15],"tags":[78,335],"class_list":["post-10533","noticias","type-noticias","status-publish","has-post-thumbnail","hentry","category-desenvolvimento-industrial","tag-fiemg","tag-tributario"],"acf":[],"yoast_head":"<!-- This site is optimized with the Yoast SEO plugin v26.2 - https:\/\/yoast.com\/wordpress\/plugins\/seo\/ -->\n<title>Conselho Tribut\u00e1rio encerra 2025 com avan\u00e7os, alertas e an\u00e1lise de mudan\u00e7as que impactam o setor produtivo - FIEMG<\/title>\n<meta name=\"description\" content=\"Encontro realizado na FIEMG reuniu especialistas e empres\u00e1rios para discutir altera\u00e7\u00f5es legislativas e novos regimes de regulariza\u00e7\u00e3o patrimonial\" \/>\n<meta name=\"robots\" content=\"index, follow, max-snippet:-1, max-image-preview:large, max-video-preview:-1\" \/>\n<link rel=\"canonical\" href=\"https:\/\/www.fiemg.com.br\/fiemg\/noticias\/encontro-realizado-na-fiemg-reuniu-especialistas-e-empresarios-para-discutir-alteracoes-legislativas-e-novos-regimes-de-regularizacao-patrimonial\/\" \/>\n<meta property=\"og:locale\" content=\"pt_BR\" \/>\n<meta property=\"og:type\" content=\"article\" \/>\n<meta property=\"og:title\" content=\"Conselho Tribut\u00e1rio encerra 2025 com avan\u00e7os, alertas e an\u00e1lise de mudan\u00e7as que impactam o setor produtivo - FIEMG\" \/>\n<meta property=\"og:description\" content=\"Encontro realizado na FIEMG reuniu especialistas e empres\u00e1rios para discutir altera\u00e7\u00f5es legislativas e novos regimes de regulariza\u00e7\u00e3o patrimonial\" \/>\n<meta property=\"og:url\" content=\"https:\/\/www.fiemg.com.br\/fiemg\/noticias\/encontro-realizado-na-fiemg-reuniu-especialistas-e-empresarios-para-discutir-alteracoes-legislativas-e-novos-regimes-de-regularizacao-patrimonial\/\" \/>\n<meta property=\"og:site_name\" content=\"FIEMG\" \/>\n<meta property=\"article:modified_time\" content=\"2025-12-11T14:10:39+00:00\" \/>\n<meta property=\"og:image\" content=\"https:\/\/www.fiemg.com.br\/fiemg\/wp-content\/uploads\/sites\/10\/2023\/08\/default.png\" \/>\n\t<meta property=\"og:image:width\" content=\"300\" \/>\n\t<meta property=\"og:image:height\" content=\"300\" \/>\n\t<meta property=\"og:image:type\" content=\"image\/png\" \/>\n<meta name=\"twitter:card\" content=\"summary_large_image\" \/>\n<meta name=\"twitter:label1\" content=\"Est. tempo de leitura\" \/>\n\t<meta name=\"twitter:data1\" content=\"4 minutos\" \/>\n<script type=\"application\/ld+json\" class=\"yoast-schema-graph\">{\"@context\":\"https:\/\/schema.org\",\"@graph\":[{\"@type\":\"WebPage\",\"@id\":\"https:\/\/www.fiemg.com.br\/fiemg\/noticias\/encontro-realizado-na-fiemg-reuniu-especialistas-e-empresarios-para-discutir-alteracoes-legislativas-e-novos-regimes-de-regularizacao-patrimonial\/\",\"url\":\"https:\/\/www.fiemg.com.br\/fiemg\/noticias\/encontro-realizado-na-fiemg-reuniu-especialistas-e-empresarios-para-discutir-alteracoes-legislativas-e-novos-regimes-de-regularizacao-patrimonial\/\",\"name\":\"Conselho Tribut\u00e1rio encerra 2025 com avan\u00e7os, alertas e an\u00e1lise de mudan\u00e7as que impactam o setor produtivo - FIEMG\",\"isPartOf\":{\"@id\":\"https:\/\/www.fiemg.com.br\/fiemg\/#website\"},\"primaryImageOfPage\":{\"@id\":\"https:\/\/www.fiemg.com.br\/fiemg\/noticias\/encontro-realizado-na-fiemg-reuniu-especialistas-e-empresarios-para-discutir-alteracoes-legislativas-e-novos-regimes-de-regularizacao-patrimonial\/#primaryimage\"},\"image\":{\"@id\":\"https:\/\/www.fiemg.com.br\/fiemg\/noticias\/encontro-realizado-na-fiemg-reuniu-especialistas-e-empresarios-para-discutir-alteracoes-legislativas-e-novos-regimes-de-regularizacao-patrimonial\/#primaryimage\"},\"thumbnailUrl\":\"https:\/\/www.fiemg.com.br\/fiemg\/wp-content\/uploads\/sites\/10\/2025\/12\/tributario-reuniao.png\",\"datePublished\":\"2025-12-11T13:33:29+00:00\",\"dateModified\":\"2025-12-11T14:10:39+00:00\",\"description\":\"Encontro realizado na FIEMG reuniu especialistas e empres\u00e1rios para discutir altera\u00e7\u00f5es legislativas e novos regimes de regulariza\u00e7\u00e3o patrimonial\",\"breadcrumb\":{\"@id\":\"https:\/\/www.fiemg.com.br\/fiemg\/noticias\/encontro-realizado-na-fiemg-reuniu-especialistas-e-empresarios-para-discutir-alteracoes-legislativas-e-novos-regimes-de-regularizacao-patrimonial\/#breadcrumb\"},\"inLanguage\":\"pt-BR\",\"potentialAction\":[{\"@type\":\"ReadAction\",\"target\":[\"https:\/\/www.fiemg.com.br\/fiemg\/noticias\/encontro-realizado-na-fiemg-reuniu-especialistas-e-empresarios-para-discutir-alteracoes-legislativas-e-novos-regimes-de-regularizacao-patrimonial\/\"]}]},{\"@type\":\"ImageObject\",\"inLanguage\":\"pt-BR\",\"@id\":\"https:\/\/www.fiemg.com.br\/fiemg\/noticias\/encontro-realizado-na-fiemg-reuniu-especialistas-e-empresarios-para-discutir-alteracoes-legislativas-e-novos-regimes-de-regularizacao-patrimonial\/#primaryimage\",\"url\":\"https:\/\/www.fiemg.com.br\/fiemg\/wp-content\/uploads\/sites\/10\/2025\/12\/tributario-reuniao.png\",\"contentUrl\":\"https:\/\/www.fiemg.com.br\/fiemg\/wp-content\/uploads\/sites\/10\/2025\/12\/tributario-reuniao.png\",\"width\":1600,\"height\":1600},{\"@type\":\"BreadcrumbList\",\"@id\":\"https:\/\/www.fiemg.com.br\/fiemg\/noticias\/encontro-realizado-na-fiemg-reuniu-especialistas-e-empresarios-para-discutir-alteracoes-legislativas-e-novos-regimes-de-regularizacao-patrimonial\/#breadcrumb\",\"itemListElement\":[{\"@type\":\"ListItem\",\"position\":1,\"name\":\"In\u00edcio\",\"item\":\"https:\/\/www.fiemg.com.br\/fiemg\/\"},{\"@type\":\"ListItem\",\"position\":2,\"name\":\"Conselho Tribut\u00e1rio encerra 2025 com avan\u00e7os, alertas e an\u00e1lise de mudan\u00e7as que impactam o setor produtivo\"}]},{\"@type\":\"WebSite\",\"@id\":\"https:\/\/www.fiemg.com.br\/fiemg\/#website\",\"url\":\"https:\/\/www.fiemg.com.br\/fiemg\/\",\"name\":\"FIEMG\",\"description\":\"Federa\u00e7\u00e3o das Ind\u00fastrias do Estado de Minas Gerais\",\"publisher\":{\"@id\":\"https:\/\/www.fiemg.com.br\/fiemg\/#organization\"},\"potentialAction\":[{\"@type\":\"SearchAction\",\"target\":{\"@type\":\"EntryPoint\",\"urlTemplate\":\"https:\/\/www.fiemg.com.br\/fiemg\/?s={search_term_string}\"},\"query-input\":{\"@type\":\"PropertyValueSpecification\",\"valueRequired\":true,\"valueName\":\"search_term_string\"}}],\"inLanguage\":\"pt-BR\"},{\"@type\":\"Organization\",\"@id\":\"https:\/\/www.fiemg.com.br\/fiemg\/#organization\",\"name\":\"FIEMG\",\"url\":\"https:\/\/www.fiemg.com.br\/fiemg\/\",\"logo\":{\"@type\":\"ImageObject\",\"inLanguage\":\"pt-BR\",\"@id\":\"https:\/\/www.fiemg.com.br\/fiemg\/#\/schema\/logo\/image\/\",\"url\":\"https:\/\/www.fiemg.com.br\/fiemg\/wp-content\/uploads\/sites\/10\/2023\/02\/fiemg_branco.svg\",\"contentUrl\":\"https:\/\/www.fiemg.com.br\/fiemg\/wp-content\/uploads\/sites\/10\/2023\/02\/fiemg_branco.svg\",\"width\":561,\"height\":147,\"caption\":\"FIEMG\"},\"image\":{\"@id\":\"https:\/\/www.fiemg.com.br\/fiemg\/#\/schema\/logo\/image\/\"}}]}<\/script>\n<!-- \/ Yoast SEO plugin. -->","yoast_head_json":{"title":"Conselho Tribut\u00e1rio encerra 2025 com avan\u00e7os, alertas e an\u00e1lise de mudan\u00e7as que impactam o setor produtivo - FIEMG","description":"Encontro realizado na FIEMG reuniu especialistas e empres\u00e1rios para discutir altera\u00e7\u00f5es legislativas e novos regimes de regulariza\u00e7\u00e3o patrimonial","robots":{"index":"index","follow":"follow","max-snippet":"max-snippet:-1","max-image-preview":"max-image-preview:large","max-video-preview":"max-video-preview:-1"},"canonical":"https:\/\/www.fiemg.com.br\/fiemg\/noticias\/encontro-realizado-na-fiemg-reuniu-especialistas-e-empresarios-para-discutir-alteracoes-legislativas-e-novos-regimes-de-regularizacao-patrimonial\/","og_locale":"pt_BR","og_type":"article","og_title":"Conselho Tribut\u00e1rio encerra 2025 com avan\u00e7os, alertas e an\u00e1lise de mudan\u00e7as que impactam o setor produtivo - FIEMG","og_description":"Encontro realizado na FIEMG reuniu especialistas e empres\u00e1rios para discutir altera\u00e7\u00f5es legislativas e novos regimes de regulariza\u00e7\u00e3o patrimonial","og_url":"https:\/\/www.fiemg.com.br\/fiemg\/noticias\/encontro-realizado-na-fiemg-reuniu-especialistas-e-empresarios-para-discutir-alteracoes-legislativas-e-novos-regimes-de-regularizacao-patrimonial\/","og_site_name":"FIEMG","article_modified_time":"2025-12-11T14:10:39+00:00","og_image":[{"width":300,"height":300,"url":"https:\/\/www.fiemg.com.br\/fiemg\/wp-content\/uploads\/sites\/10\/2023\/08\/default.png","type":"image\/png"}],"twitter_card":"summary_large_image","twitter_misc":{"Est. tempo de leitura":"4 minutos"},"schema":{"@context":"https:\/\/schema.org","@graph":[{"@type":"WebPage","@id":"https:\/\/www.fiemg.com.br\/fiemg\/noticias\/encontro-realizado-na-fiemg-reuniu-especialistas-e-empresarios-para-discutir-alteracoes-legislativas-e-novos-regimes-de-regularizacao-patrimonial\/","url":"https:\/\/www.fiemg.com.br\/fiemg\/noticias\/encontro-realizado-na-fiemg-reuniu-especialistas-e-empresarios-para-discutir-alteracoes-legislativas-e-novos-regimes-de-regularizacao-patrimonial\/","name":"Conselho Tribut\u00e1rio encerra 2025 com avan\u00e7os, alertas e an\u00e1lise de mudan\u00e7as que impactam o setor produtivo - FIEMG","isPartOf":{"@id":"https:\/\/www.fiemg.com.br\/fiemg\/#website"},"primaryImageOfPage":{"@id":"https:\/\/www.fiemg.com.br\/fiemg\/noticias\/encontro-realizado-na-fiemg-reuniu-especialistas-e-empresarios-para-discutir-alteracoes-legislativas-e-novos-regimes-de-regularizacao-patrimonial\/#primaryimage"},"image":{"@id":"https:\/\/www.fiemg.com.br\/fiemg\/noticias\/encontro-realizado-na-fiemg-reuniu-especialistas-e-empresarios-para-discutir-alteracoes-legislativas-e-novos-regimes-de-regularizacao-patrimonial\/#primaryimage"},"thumbnailUrl":"https:\/\/www.fiemg.com.br\/fiemg\/wp-content\/uploads\/sites\/10\/2025\/12\/tributario-reuniao.png","datePublished":"2025-12-11T13:33:29+00:00","dateModified":"2025-12-11T14:10:39+00:00","description":"Encontro realizado na FIEMG reuniu especialistas e empres\u00e1rios para discutir altera\u00e7\u00f5es legislativas e novos regimes de regulariza\u00e7\u00e3o patrimonial","breadcrumb":{"@id":"https:\/\/www.fiemg.com.br\/fiemg\/noticias\/encontro-realizado-na-fiemg-reuniu-especialistas-e-empresarios-para-discutir-alteracoes-legislativas-e-novos-regimes-de-regularizacao-patrimonial\/#breadcrumb"},"inLanguage":"pt-BR","potentialAction":[{"@type":"ReadAction","target":["https:\/\/www.fiemg.com.br\/fiemg\/noticias\/encontro-realizado-na-fiemg-reuniu-especialistas-e-empresarios-para-discutir-alteracoes-legislativas-e-novos-regimes-de-regularizacao-patrimonial\/"]}]},{"@type":"ImageObject","inLanguage":"pt-BR","@id":"https:\/\/www.fiemg.com.br\/fiemg\/noticias\/encontro-realizado-na-fiemg-reuniu-especialistas-e-empresarios-para-discutir-alteracoes-legislativas-e-novos-regimes-de-regularizacao-patrimonial\/#primaryimage","url":"https:\/\/www.fiemg.com.br\/fiemg\/wp-content\/uploads\/sites\/10\/2025\/12\/tributario-reuniao.png","contentUrl":"https:\/\/www.fiemg.com.br\/fiemg\/wp-content\/uploads\/sites\/10\/2025\/12\/tributario-reuniao.png","width":1600,"height":1600},{"@type":"BreadcrumbList","@id":"https:\/\/www.fiemg.com.br\/fiemg\/noticias\/encontro-realizado-na-fiemg-reuniu-especialistas-e-empresarios-para-discutir-alteracoes-legislativas-e-novos-regimes-de-regularizacao-patrimonial\/#breadcrumb","itemListElement":[{"@type":"ListItem","position":1,"name":"In\u00edcio","item":"https:\/\/www.fiemg.com.br\/fiemg\/"},{"@type":"ListItem","position":2,"name":"Conselho Tribut\u00e1rio encerra 2025 com avan\u00e7os, alertas e an\u00e1lise de mudan\u00e7as que impactam o setor produtivo"}]},{"@type":"WebSite","@id":"https:\/\/www.fiemg.com.br\/fiemg\/#website","url":"https:\/\/www.fiemg.com.br\/fiemg\/","name":"FIEMG","description":"Federa\u00e7\u00e3o das Ind\u00fastrias do Estado de Minas Gerais","publisher":{"@id":"https:\/\/www.fiemg.com.br\/fiemg\/#organization"},"potentialAction":[{"@type":"SearchAction","target":{"@type":"EntryPoint","urlTemplate":"https:\/\/www.fiemg.com.br\/fiemg\/?s={search_term_string}"},"query-input":{"@type":"PropertyValueSpecification","valueRequired":true,"valueName":"search_term_string"}}],"inLanguage":"pt-BR"},{"@type":"Organization","@id":"https:\/\/www.fiemg.com.br\/fiemg\/#organization","name":"FIEMG","url":"https:\/\/www.fiemg.com.br\/fiemg\/","logo":{"@type":"ImageObject","inLanguage":"pt-BR","@id":"https:\/\/www.fiemg.com.br\/fiemg\/#\/schema\/logo\/image\/","url":"https:\/\/www.fiemg.com.br\/fiemg\/wp-content\/uploads\/sites\/10\/2023\/02\/fiemg_branco.svg","contentUrl":"https:\/\/www.fiemg.com.br\/fiemg\/wp-content\/uploads\/sites\/10\/2023\/02\/fiemg_branco.svg","width":561,"height":147,"caption":"FIEMG"},"image":{"@id":"https:\/\/www.fiemg.com.br\/fiemg\/#\/schema\/logo\/image\/"}}]}},"_links":{"self":[{"href":"https:\/\/www.fiemg.com.br\/fiemg\/wp-json\/wp\/v2\/noticias\/10533","targetHints":{"allow":["GET"]}}],"collection":[{"href":"https:\/\/www.fiemg.com.br\/fiemg\/wp-json\/wp\/v2\/noticias"}],"about":[{"href":"https:\/\/www.fiemg.com.br\/fiemg\/wp-json\/wp\/v2\/types\/noticias"}],"wp:featuredmedia":[{"embeddable":true,"href":"https:\/\/www.fiemg.com.br\/fiemg\/wp-json\/wp\/v2\/media\/10535"}],"wp:attachment":[{"href":"https:\/\/www.fiemg.com.br\/fiemg\/wp-json\/wp\/v2\/media?parent=10533"}],"wp:term":[{"taxonomy":"category","embeddable":true,"href":"https:\/\/www.fiemg.com.br\/fiemg\/wp-json\/wp\/v2\/categories?post=10533"},{"taxonomy":"post_tag","embeddable":true,"href":"https:\/\/www.fiemg.com.br\/fiemg\/wp-json\/wp\/v2\/tags?post=10533"}],"curies":[{"name":"wp","href":"https:\/\/api.w.org\/{rel}","templated":true}]}}