{"id":10552,"date":"2025-12-11T10:00:00","date_gmt":"2025-12-11T13:00:00","guid":{"rendered":"https:\/\/www.fiemg.com.br\/fiemg\/noticias\/pdc-consolida-referencia-na-formacao-de-conselheiros\/"},"modified":"2025-12-17T13:44:13","modified_gmt":"2025-12-17T16:44:13","slug":"pdc-consolida-referencia-na-formacao-de-conselheiros","status":"publish","type":"noticias","link":"https:\/\/www.fiemg.com.br\/fiemg\/noticias\/pdc-consolida-referencia-na-formacao-de-conselheiros\/","title":{"rendered":"PDC consolida refer\u00eancia na forma\u00e7\u00e3o de conselheiros"},"content":{"rendered":"\n<p>O Programa de Desenvolvimento de Conselheiros, iniciativa do Instituto Euvaldo Lodi, idealizada em 2019 pelo presidente da FIEMG, Fl\u00e1vio Roscoe, chega ao final de 2025 consolidado como um dos principais modelos de capacita\u00e7\u00e3o de lideran\u00e7as empresariais do pa\u00eds. Criado em parceria com a equipe de Educa\u00e7\u00e3o Executiva do IEL, o programa nasceu com um prop\u00f3sito claro: fortalecer a forma\u00e7\u00e3o de conselhos no Brasil e qualificar profissionais para atuarem com assertividade, vis\u00e3o estrat\u00e9gica e foco na perenidade dos neg\u00f3cios.<\/p>\n\n\n\n<p>Com 80 horas de forma\u00e7\u00e3o, ministradas em formato online, ao vivo e interativo, o programa estruturou-se em um modelo de aprendizagem robusto que oferece quatro turmas por ano. Desde o lan\u00e7amento, j\u00e1 foram 26 turmas realizadas e mais de 1.000 alunos formados at\u00e9 o fim de 2025 \u2014 um marco hist\u00f3rico para o IEL. Foram atendidos alunos de 13 estados, contando com Minas Gerais, al\u00e9m de 98 cidades do Brasil.<\/p>\n\n\n\n<p>A qualidade da forma\u00e7\u00e3o \u00e9 refletida nas avalia\u00e7\u00f5es dos participantes. O vice-presidente de Opera\u00e7\u00f5es da MINU, Arthur Bezerra, destacou que suas impress\u00f5es sobre o curso \u201cforam as melhores\u201d, ressaltando que os conte\u00fados apresentados s\u00e3o extremamente relevantes e os professores, excelentes. &#8220;Esse programa \u00e9 uma \u00f3tima op\u00e7\u00e3o para aqueles executivos que buscam se qualificar para atuar como conselheiros&#8221;, definiu.<\/p>\n\n\n\n<p>A vis\u00e3o \u00e9 compartilhada pelo presidente do Sindicato Intermunicipal das Empresas de Gera\u00e7\u00e3o, Transmiss\u00e3o e Distribui\u00e7\u00e3o de Energia de Minas Gerais (SINGTD), Augusto Machado, que integrou a 21\u00aa turma do programa. Ele afirmou ter vivido \u201cuma jornada sensacional, com professores altamente qualificados, conte\u00fados de alt\u00edssimo n\u00edvel e uma organiza\u00e7\u00e3o impec\u00e1vel\u201d. O l\u00edder sindical ressaltou ainda que concluiu a forma\u00e7\u00e3o \u201cmuito mais preparado e extremamente grato \u00e0 FIEMG e ao IEL pela oportunidade\u201d. <\/p>\n\n\n\n<p>&#8220;Ao longo do curso, s\u00e3o ministradas mat\u00e9rias fundamentais para atua\u00e7\u00e3o estrat\u00e9gica nas empresas, como governan\u00e7a, perfil comportamental, monitoramento de desempenho, gest\u00e3o de conflitos, rela\u00e7\u00f5es institucionais, legisla\u00e7\u00e3o societ\u00e1ria, ISD, finan\u00e7as, meio ambiente, gest\u00e3o de riscos e compliance, inova\u00e7\u00e3o, intelig\u00eancia artificial e LGPD&#8221;, detalhou Machado.<\/p>\n\n\n\n<p><strong>Expans\u00e3o nacional refor\u00e7a protagonismo do IEL Minas<\/strong><\/p>\n\n\n\n<p>Em outubro de 2025, o Programa de Desenvolvimento de Conselheiros alcan\u00e7a um novo patamar ao integrar oficialmente a Academia de L\u00edderes, portf\u00f3lio do IEL Nacional voltado ao desenvolvimento de lideran\u00e7as empresariais. Com isso, o IEL de Minas Gerais passa a ser respons\u00e1vel pela gest\u00e3o e execu\u00e7\u00e3o do programa tamb\u00e9m nos estados de Cear\u00e1, Goi\u00e1s, Alagoas, Rio Grande do Sul, Mato Grosso, Amazonas e Pernambuco. <\/p>\n\n\n\n<p>A expans\u00e3o consolida o programa como refer\u00eancia nacional na forma\u00e7\u00e3o de conselheiros e o seu papel estrat\u00e9gico na qualifica\u00e7\u00e3o de l\u00edderes capazes de contribuir para a longevidade e competitividade das organiza\u00e7\u00f5es brasileiras.<\/p>\n\n\n\n<p>Com resultados expressivos, reconhecimento dos participantes e um alcance ampliado para outros estados, o programa prev\u00ea o fortalecimento da governan\u00e7a corporativa no pa\u00eds e prepara profissionais para os desafios de um ambiente de neg\u00f3cios cada vez mais complexo.<\/p>\n\n\n\n<p>Veja as fotos da trajet\u00f3ria na galeria abaixo.<\/p>\n\n\n\n<p><em>Ana Paula Motta<\/em><br><strong>Imprensa FIEMG<\/strong><\/p>\n","protected":false},"featured_media":10712,"template":"","categories":[15],"tags":[1643,93,569],"class_list":["post-10552","noticias","type-noticias","status-publish","has-post-thumbnail","hentry","category-desenvolvimento-industrial","tag-educacao-executiva-iel","tag-iel","tag-programa-de-desenvolvimento-de-conselheiros"],"acf":[],"yoast_head":"<!-- This site is optimized with the Yoast SEO plugin v26.2 - https:\/\/yoast.com\/wordpress\/plugins\/seo\/ -->\n<title>PDC consolida refer\u00eancia na forma\u00e7\u00e3o de conselheiros - FIEMG<\/title>\n<meta name=\"robots\" content=\"index, follow, max-snippet:-1, max-image-preview:large, max-video-preview:-1\" \/>\n<link rel=\"canonical\" href=\"https:\/\/www.fiemg.com.br\/fiemg\/noticias\/pdc-consolida-referencia-na-formacao-de-conselheiros\/\" \/>\n<meta property=\"og:locale\" content=\"pt_BR\" \/>\n<meta property=\"og:type\" content=\"article\" \/>\n<meta property=\"og:title\" content=\"PDC consolida refer\u00eancia na forma\u00e7\u00e3o de conselheiros - FIEMG\" \/>\n<meta property=\"og:description\" content=\"O Programa de Desenvolvimento de Conselheiros, iniciativa do Instituto Euvaldo Lodi, idealizada em 2019 pelo presidente da FIEMG, Fl\u00e1vio Roscoe, chega ao final de 2025 consolidado como um dos principais modelos de capacita\u00e7\u00e3o de lideran\u00e7as empresariais do pa\u00eds. Criado em parceria com a equipe de Educa\u00e7\u00e3o Executiva do IEL, o programa nasceu com um prop\u00f3sito [&hellip;]\" \/>\n<meta property=\"og:url\" content=\"https:\/\/www.fiemg.com.br\/fiemg\/noticias\/pdc-consolida-referencia-na-formacao-de-conselheiros\/\" \/>\n<meta property=\"og:site_name\" content=\"FIEMG\" \/>\n<meta property=\"article:modified_time\" content=\"2025-12-17T16:44:13+00:00\" \/>\n<meta property=\"og:image\" content=\"https:\/\/www.fiemg.com.br\/fiemg\/wp-content\/uploads\/sites\/10\/2023\/08\/default.png\" \/>\n\t<meta property=\"og:image:width\" content=\"300\" \/>\n\t<meta property=\"og:image:height\" content=\"300\" \/>\n\t<meta property=\"og:image:type\" content=\"image\/png\" \/>\n<meta name=\"twitter:card\" content=\"summary_large_image\" \/>\n<meta name=\"twitter:label1\" content=\"Est. tempo de leitura\" \/>\n\t<meta name=\"twitter:data1\" content=\"3 minutos\" \/>\n<script type=\"application\/ld+json\" class=\"yoast-schema-graph\">{\"@context\":\"https:\/\/schema.org\",\"@graph\":[{\"@type\":\"WebPage\",\"@id\":\"https:\/\/www.fiemg.com.br\/fiemg\/noticias\/pdc-consolida-referencia-na-formacao-de-conselheiros\/\",\"url\":\"https:\/\/www.fiemg.com.br\/fiemg\/noticias\/pdc-consolida-referencia-na-formacao-de-conselheiros\/\",\"name\":\"PDC consolida refer\u00eancia na forma\u00e7\u00e3o de conselheiros - FIEMG\",\"isPartOf\":{\"@id\":\"https:\/\/www.fiemg.com.br\/fiemg\/#website\"},\"primaryImageOfPage\":{\"@id\":\"https:\/\/www.fiemg.com.br\/fiemg\/noticias\/pdc-consolida-referencia-na-formacao-de-conselheiros\/#primaryimage\"},\"image\":{\"@id\":\"https:\/\/www.fiemg.com.br\/fiemg\/noticias\/pdc-consolida-referencia-na-formacao-de-conselheiros\/#primaryimage\"},\"thumbnailUrl\":\"https:\/\/www.fiemg.com.br\/fiemg\/wp-content\/uploads\/sites\/10\/2025\/12\/numeros-programa-desenvolvimento-conselheiros-2.jpg\",\"datePublished\":\"2025-12-11T13:00:00+00:00\",\"dateModified\":\"2025-12-17T16:44:13+00:00\",\"breadcrumb\":{\"@id\":\"https:\/\/www.fiemg.com.br\/fiemg\/noticias\/pdc-consolida-referencia-na-formacao-de-conselheiros\/#breadcrumb\"},\"inLanguage\":\"pt-BR\",\"potentialAction\":[{\"@type\":\"ReadAction\",\"target\":[\"https:\/\/www.fiemg.com.br\/fiemg\/noticias\/pdc-consolida-referencia-na-formacao-de-conselheiros\/\"]}]},{\"@type\":\"ImageObject\",\"inLanguage\":\"pt-BR\",\"@id\":\"https:\/\/www.fiemg.com.br\/fiemg\/noticias\/pdc-consolida-referencia-na-formacao-de-conselheiros\/#primaryimage\",\"url\":\"https:\/\/www.fiemg.com.br\/fiemg\/wp-content\/uploads\/sites\/10\/2025\/12\/numeros-programa-desenvolvimento-conselheiros-2.jpg\",\"contentUrl\":\"https:\/\/www.fiemg.com.br\/fiemg\/wp-content\/uploads\/sites\/10\/2025\/12\/numeros-programa-desenvolvimento-conselheiros-2.jpg\",\"width\":512,\"height\":512},{\"@type\":\"BreadcrumbList\",\"@id\":\"https:\/\/www.fiemg.com.br\/fiemg\/noticias\/pdc-consolida-referencia-na-formacao-de-conselheiros\/#breadcrumb\",\"itemListElement\":[{\"@type\":\"ListItem\",\"position\":1,\"name\":\"In\u00edcio\",\"item\":\"https:\/\/www.fiemg.com.br\/fiemg\/\"},{\"@type\":\"ListItem\",\"position\":2,\"name\":\"PDC consolida refer\u00eancia na forma\u00e7\u00e3o de conselheiros\"}]},{\"@type\":\"WebSite\",\"@id\":\"https:\/\/www.fiemg.com.br\/fiemg\/#website\",\"url\":\"https:\/\/www.fiemg.com.br\/fiemg\/\",\"name\":\"FIEMG\",\"description\":\"Federa\u00e7\u00e3o das Ind\u00fastrias do Estado de Minas Gerais\",\"publisher\":{\"@id\":\"https:\/\/www.fiemg.com.br\/fiemg\/#organization\"},\"potentialAction\":[{\"@type\":\"SearchAction\",\"target\":{\"@type\":\"EntryPoint\",\"urlTemplate\":\"https:\/\/www.fiemg.com.br\/fiemg\/?s={search_term_string}\"},\"query-input\":{\"@type\":\"PropertyValueSpecification\",\"valueRequired\":true,\"valueName\":\"search_term_string\"}}],\"inLanguage\":\"pt-BR\"},{\"@type\":\"Organization\",\"@id\":\"https:\/\/www.fiemg.com.br\/fiemg\/#organization\",\"name\":\"FIEMG\",\"url\":\"https:\/\/www.fiemg.com.br\/fiemg\/\",\"logo\":{\"@type\":\"ImageObject\",\"inLanguage\":\"pt-BR\",\"@id\":\"https:\/\/www.fiemg.com.br\/fiemg\/#\/schema\/logo\/image\/\",\"url\":\"https:\/\/www.fiemg.com.br\/fiemg\/wp-content\/uploads\/sites\/10\/2023\/02\/fiemg_branco.svg\",\"contentUrl\":\"https:\/\/www.fiemg.com.br\/fiemg\/wp-content\/uploads\/sites\/10\/2023\/02\/fiemg_branco.svg\",\"width\":561,\"height\":147,\"caption\":\"FIEMG\"},\"image\":{\"@id\":\"https:\/\/www.fiemg.com.br\/fiemg\/#\/schema\/logo\/image\/\"}}]}<\/script>\n<!-- \/ Yoast SEO plugin. -->","yoast_head_json":{"title":"PDC consolida refer\u00eancia na forma\u00e7\u00e3o de conselheiros - FIEMG","robots":{"index":"index","follow":"follow","max-snippet":"max-snippet:-1","max-image-preview":"max-image-preview:large","max-video-preview":"max-video-preview:-1"},"canonical":"https:\/\/www.fiemg.com.br\/fiemg\/noticias\/pdc-consolida-referencia-na-formacao-de-conselheiros\/","og_locale":"pt_BR","og_type":"article","og_title":"PDC consolida refer\u00eancia na forma\u00e7\u00e3o de conselheiros - FIEMG","og_description":"O Programa de Desenvolvimento de Conselheiros, iniciativa do Instituto Euvaldo Lodi, idealizada em 2019 pelo presidente da FIEMG, Fl\u00e1vio Roscoe, chega ao final de 2025 consolidado como um dos principais modelos de capacita\u00e7\u00e3o de lideran\u00e7as empresariais do pa\u00eds. Criado em parceria com a equipe de Educa\u00e7\u00e3o Executiva do IEL, o programa nasceu com um prop\u00f3sito [&hellip;]","og_url":"https:\/\/www.fiemg.com.br\/fiemg\/noticias\/pdc-consolida-referencia-na-formacao-de-conselheiros\/","og_site_name":"FIEMG","article_modified_time":"2025-12-17T16:44:13+00:00","og_image":[{"width":300,"height":300,"url":"https:\/\/www.fiemg.com.br\/fiemg\/wp-content\/uploads\/sites\/10\/2023\/08\/default.png","type":"image\/png"}],"twitter_card":"summary_large_image","twitter_misc":{"Est. tempo de leitura":"3 minutos"},"schema":{"@context":"https:\/\/schema.org","@graph":[{"@type":"WebPage","@id":"https:\/\/www.fiemg.com.br\/fiemg\/noticias\/pdc-consolida-referencia-na-formacao-de-conselheiros\/","url":"https:\/\/www.fiemg.com.br\/fiemg\/noticias\/pdc-consolida-referencia-na-formacao-de-conselheiros\/","name":"PDC consolida refer\u00eancia na forma\u00e7\u00e3o de conselheiros - FIEMG","isPartOf":{"@id":"https:\/\/www.fiemg.com.br\/fiemg\/#website"},"primaryImageOfPage":{"@id":"https:\/\/www.fiemg.com.br\/fiemg\/noticias\/pdc-consolida-referencia-na-formacao-de-conselheiros\/#primaryimage"},"image":{"@id":"https:\/\/www.fiemg.com.br\/fiemg\/noticias\/pdc-consolida-referencia-na-formacao-de-conselheiros\/#primaryimage"},"thumbnailUrl":"https:\/\/www.fiemg.com.br\/fiemg\/wp-content\/uploads\/sites\/10\/2025\/12\/numeros-programa-desenvolvimento-conselheiros-2.jpg","datePublished":"2025-12-11T13:00:00+00:00","dateModified":"2025-12-17T16:44:13+00:00","breadcrumb":{"@id":"https:\/\/www.fiemg.com.br\/fiemg\/noticias\/pdc-consolida-referencia-na-formacao-de-conselheiros\/#breadcrumb"},"inLanguage":"pt-BR","potentialAction":[{"@type":"ReadAction","target":["https:\/\/www.fiemg.com.br\/fiemg\/noticias\/pdc-consolida-referencia-na-formacao-de-conselheiros\/"]}]},{"@type":"ImageObject","inLanguage":"pt-BR","@id":"https:\/\/www.fiemg.com.br\/fiemg\/noticias\/pdc-consolida-referencia-na-formacao-de-conselheiros\/#primaryimage","url":"https:\/\/www.fiemg.com.br\/fiemg\/wp-content\/uploads\/sites\/10\/2025\/12\/numeros-programa-desenvolvimento-conselheiros-2.jpg","contentUrl":"https:\/\/www.fiemg.com.br\/fiemg\/wp-content\/uploads\/sites\/10\/2025\/12\/numeros-programa-desenvolvimento-conselheiros-2.jpg","width":512,"height":512},{"@type":"BreadcrumbList","@id":"https:\/\/www.fiemg.com.br\/fiemg\/noticias\/pdc-consolida-referencia-na-formacao-de-conselheiros\/#breadcrumb","itemListElement":[{"@type":"ListItem","position":1,"name":"In\u00edcio","item":"https:\/\/www.fiemg.com.br\/fiemg\/"},{"@type":"ListItem","position":2,"name":"PDC consolida refer\u00eancia na forma\u00e7\u00e3o de conselheiros"}]},{"@type":"WebSite","@id":"https:\/\/www.fiemg.com.br\/fiemg\/#website","url":"https:\/\/www.fiemg.com.br\/fiemg\/","name":"FIEMG","description":"Federa\u00e7\u00e3o das Ind\u00fastrias do Estado de Minas Gerais","publisher":{"@id":"https:\/\/www.fiemg.com.br\/fiemg\/#organization"},"potentialAction":[{"@type":"SearchAction","target":{"@type":"EntryPoint","urlTemplate":"https:\/\/www.fiemg.com.br\/fiemg\/?s={search_term_string}"},"query-input":{"@type":"PropertyValueSpecification","valueRequired":true,"valueName":"search_term_string"}}],"inLanguage":"pt-BR"},{"@type":"Organization","@id":"https:\/\/www.fiemg.com.br\/fiemg\/#organization","name":"FIEMG","url":"https:\/\/www.fiemg.com.br\/fiemg\/","logo":{"@type":"ImageObject","inLanguage":"pt-BR","@id":"https:\/\/www.fiemg.com.br\/fiemg\/#\/schema\/logo\/image\/","url":"https:\/\/www.fiemg.com.br\/fiemg\/wp-content\/uploads\/sites\/10\/2023\/02\/fiemg_branco.svg","contentUrl":"https:\/\/www.fiemg.com.br\/fiemg\/wp-content\/uploads\/sites\/10\/2023\/02\/fiemg_branco.svg","width":561,"height":147,"caption":"FIEMG"},"image":{"@id":"https:\/\/www.fiemg.com.br\/fiemg\/#\/schema\/logo\/image\/"}}]}},"_links":{"self":[{"href":"https:\/\/www.fiemg.com.br\/fiemg\/wp-json\/wp\/v2\/noticias\/10552","targetHints":{"allow":["GET"]}}],"collection":[{"href":"https:\/\/www.fiemg.com.br\/fiemg\/wp-json\/wp\/v2\/noticias"}],"about":[{"href":"https:\/\/www.fiemg.com.br\/fiemg\/wp-json\/wp\/v2\/types\/noticias"}],"wp:featuredmedia":[{"embeddable":true,"href":"https:\/\/www.fiemg.com.br\/fiemg\/wp-json\/wp\/v2\/media\/10712"}],"wp:attachment":[{"href":"https:\/\/www.fiemg.com.br\/fiemg\/wp-json\/wp\/v2\/media?parent=10552"}],"wp:term":[{"taxonomy":"category","embeddable":true,"href":"https:\/\/www.fiemg.com.br\/fiemg\/wp-json\/wp\/v2\/categories?post=10552"},{"taxonomy":"post_tag","embeddable":true,"href":"https:\/\/www.fiemg.com.br\/fiemg\/wp-json\/wp\/v2\/tags?post=10552"}],"curies":[{"name":"wp","href":"https:\/\/api.w.org\/{rel}","templated":true}]}}