{"id":10691,"date":"2025-12-15T12:23:15","date_gmt":"2025-12-15T15:23:15","guid":{"rendered":"https:\/\/www.fiemg.com.br\/fiemg\/noticias\/ultima-reuniao-do-ano-destacou-a-lei-geral-do-licenciamento-ambiental-contribuicoes-tecnicas-da-fiemg-e-a-agenda-semad-para-2026\/"},"modified":"2025-12-15T12:35:14","modified_gmt":"2025-12-15T15:35:14","slug":"ultima-reuniao-do-ano-destacou-a-lei-geral-do-licenciamento-ambiental-contribuicoes-tecnicas-da-fiemg-e-a-agenda-semad-para-2026","status":"publish","type":"noticias","link":"https:\/\/www.fiemg.com.br\/fiemg\/noticias\/ultima-reuniao-do-ano-destacou-a-lei-geral-do-licenciamento-ambiental-contribuicoes-tecnicas-da-fiemg-e-a-agenda-semad-para-2026\/","title":{"rendered":"CEMA encerra 2025 com debate sobre licenciamento ambiental e avan\u00e7os da agenda ambiental em Minas"},"content":{"rendered":"\n<p>A \u00faltima reuni\u00e3o de 2025 do Conselho de Meio Ambiente e Desenvolvimento Sustent\u00e1vel (CEMA) foi marcada por debates estrat\u00e9gicos sobre a pol\u00edtica ambiental em Minas Gerais. Ao abrir o encontro, realizado no dia 15 de dezembro, na sede da Federa\u00e7\u00e3o das Ind\u00fastrias do Estado de Minas Gerais (FIEMG), em Belo Horizonte, o presidente do colegiado, M\u00e1rio Ferreira Campos Filho, ressaltou que o ano foi complexo e desafiador, destacando que o avan\u00e7o das pautas ambientais depende do di\u00e1logo e da constru\u00e7\u00e3o coletiva.<\/p>\n\n\n\n<figure class=\"wp-block-image alignleft size-full is-resized\"><img fetchpriority=\"high\" decoding=\"async\" width=\"422\" height=\"573\" src=\"https:\/\/www.fiemg.com.br\/fiemg\/wp-content\/uploads\/sites\/10\/2025\/12\/image-7.png\" alt=\"\" class=\"wp-image-10694\" style=\"width:279px;height:auto\" srcset=\"https:\/\/www.fiemg.com.br\/fiemg\/wp-content\/uploads\/sites\/10\/2025\/12\/image-7.png 422w, https:\/\/www.fiemg.com.br\/fiemg\/wp-content\/uploads\/sites\/10\/2025\/12\/image-7-221x300.png 221w\" sizes=\"(max-width: 422px) 100vw, 422px\" \/><\/figure>\n\n\n\n<p>Durante a reuni\u00e3o, M\u00e1rio Ferreira Campos Filho abordou a Lei Geral do Licenciamento Ambiental e seus impactos para o Estado, com foco nos desafios relacionados \u00e0 aplica\u00e7\u00e3o da nova legisla\u00e7\u00e3o em Minas Gerais. O tema foi aprofundado por Thiago Rodrigues Cavalcanti, gerente de Meio Ambiente e gerente de Rela\u00e7\u00f5es Institucionais da FIEMG, que apresentou o hist\u00f3rico de tramita\u00e7\u00e3o da proposta e o papel da Federa\u00e7\u00e3o no processo.<\/p>\n\n\n\n<p>Considerada a principal pauta ambiental do ano, a Lei Geral do Licenciamento Ambiental levou cerca de 20 anos em tramita\u00e7\u00e3o no Congresso Nacional at\u00e9 ser aprovada pela C\u00e2mara dos Deputados, em julho. O texto recebeu vetos da Presid\u00eancia da Rep\u00fablica, posteriormente derrubados pelo Parlamento em novembro, restabelecendo dispositivos considerados essenciais para o equil\u00edbrio do marco regulat\u00f3rio. Segundo Cavalcanti, a FIEMG atuou de forma ativa desde 2010, contribuindo tecnicamente para a constru\u00e7\u00e3o do projeto, que dialogou com a Lei Complementar n\u00ba 140 e passou por um processo de redesenho a partir de 2015, resultando na vers\u00e3o final aprovada neste ano. O gerente tamb\u00e9m trouxe reflex\u00f5es sobre os processos eleitorais municipais para a composi\u00e7\u00e3o do Conselho Municipal de Meio Ambiente de Belo Horizonte.<br><\/p>\n\n\n\n<p>As contribui\u00e7\u00f5es da FIEMG \u00e0 Consulta P\u00fablica dos decretos do Conselho Estadual de Pol\u00edtica Ambiental (Copam) e do Conselho Estadual de Recursos H\u00eddricos de Minas Gerais (CERH-MG) foram apresentadas por Nath\u00e1lia Martins, analista ambiental da Ger\u00eancia de Meio Ambiente da Federa\u00e7\u00e3o Mineira. O grupo de trabalho da Federa\u00e7\u00e3o acompanhou tecnicamente a atualiza\u00e7\u00e3o dos decretos n\u00ba 46.953\/2016 e n\u00ba 48.209\/2021, com foco no alinhamento das normas \u00e0s demandas atuais da pol\u00edtica ambiental e da gest\u00e3o h\u00eddrica, promovendo maior clareza nos processos deliberativos e o aprimoramento da governan\u00e7a dos conselhos.<\/p>\n\n\n\n<p>No \u00e2mbito do Copam, as propostas buscaram qualificar o controle de legalidade, com a defini\u00e7\u00e3o de prazo de at\u00e9 60 dias para an\u00e1lise pelo presidente do Conselho, o refor\u00e7o aos princ\u00edpios do contradit\u00f3rio e da ampla defesa, a inclus\u00e3o da compensa\u00e7\u00e3o miner\u00e1ria e dos planos de trabalho como compet\u00eancia da C\u00e2mara de Pol\u00edticas de Barragens, al\u00e9m da veda\u00e7\u00e3o ao retorno de conselheiros durante o mandato e da adequa\u00e7\u00e3o \u00e0 Lei Geral do Licenciamento Ambiental. Em rela\u00e7\u00e3o ao CERH-MG, a FIEMG defendeu a prioriza\u00e7\u00e3o da an\u00e1lise de outorgas para empreendimentos com licenciamento ambiental j\u00e1 aprovado em fase avan\u00e7ada e a exclusividade do plen\u00e1rio para propor pol\u00edticas p\u00fablicas e normas \u00e0 CNR.<\/p>\n\n\n\n<figure class=\"wp-block-image aligncenter size-large is-resized\"><img decoding=\"async\" width=\"1024\" height=\"690\" src=\"https:\/\/www.fiemg.com.br\/fiemg\/wp-content\/uploads\/sites\/10\/2025\/12\/image-6-1024x690.png\" alt=\"\" class=\"wp-image-10695\" style=\"width:770px;height:auto\" srcset=\"https:\/\/www.fiemg.com.br\/fiemg\/wp-content\/uploads\/sites\/10\/2025\/12\/image-6-1024x690.png 1024w, https:\/\/www.fiemg.com.br\/fiemg\/wp-content\/uploads\/sites\/10\/2025\/12\/image-6-300x202.png 300w, https:\/\/www.fiemg.com.br\/fiemg\/wp-content\/uploads\/sites\/10\/2025\/12\/image-6-768x517.png 768w, https:\/\/www.fiemg.com.br\/fiemg\/wp-content\/uploads\/sites\/10\/2025\/12\/image-6.png 1100w\" sizes=\"(max-width: 1024px) 100vw, 1024px\" \/><\/figure>\n\n\n\n<p>A reuni\u00e3o contou ainda com a participa\u00e7\u00e3o da secret\u00e1ria de Estado de Meio Ambiente e Desenvolvimento Sustent\u00e1vel de Minas Gerais, Mar\u00edlia Carvalho de Melo, que apresentou a Agenda da SEMAD-MG para 2026 e os principais resultados de 2025 do Sistema Estadual de Meio Ambiente e Recursos H\u00eddricos (Sisema). Entre janeiro e novembro, foram finalizados 1.916 processos de licenciamento ambiental, com 100% de cumprimento das metas e redu\u00e7\u00e3o de 57,8% do passivo de processos fora do prazo regular de an\u00e1lise.<br><br>Acesse o<a href=\"https:\/\/www.flickr.com\/photos\/sistemafiemg\/albums\/72177720330927232\/with\/54985807741\/\"> Flickr do Sistema FIEMG <\/a>e confira as fotos da reuni\u00e3o do Conselho de Meio Ambiente e Desenvolvimento Sustent\u00e1vel (CEMA) da FIEMG.<\/p>\n\n\n\n<p><em>Denise Lucas<\/em><br><strong>Imprensa FIEMG<\/strong><\/p>\n\n\n\n<p><\/p>\n","protected":false},"featured_media":10692,"template":"","categories":[],"tags":[],"class_list":["post-10691","noticias","type-noticias","status-publish","has-post-thumbnail","hentry"],"acf":[],"yoast_head":"<!-- This site is optimized with the Yoast SEO plugin v26.2 - https:\/\/yoast.com\/wordpress\/plugins\/seo\/ -->\n<title>CEMA encerra 2025 com debate sobre licenciamento ambiental e avan\u00e7os da agenda ambiental em Minas - FIEMG<\/title>\n<meta name=\"description\" content=\"\u00daltima reuni\u00e3o do ano destacou a Lei Geral do Licenciamento Ambiental, contribui\u00e7\u00f5es t\u00e9cnicas da FIEMG e a Agenda SEMAD para 2026\" \/>\n<meta name=\"robots\" content=\"index, follow, max-snippet:-1, max-image-preview:large, max-video-preview:-1\" \/>\n<link rel=\"canonical\" href=\"https:\/\/www.fiemg.com.br\/fiemg\/noticias\/ultima-reuniao-do-ano-destacou-a-lei-geral-do-licenciamento-ambiental-contribuicoes-tecnicas-da-fiemg-e-a-agenda-semad-para-2026\/\" \/>\n<meta property=\"og:locale\" content=\"pt_BR\" \/>\n<meta property=\"og:type\" content=\"article\" \/>\n<meta property=\"og:title\" content=\"CEMA encerra 2025 com debate sobre licenciamento ambiental e avan\u00e7os da agenda ambiental em Minas - FIEMG\" \/>\n<meta property=\"og:description\" content=\"\u00daltima reuni\u00e3o do ano destacou a Lei Geral do Licenciamento Ambiental, contribui\u00e7\u00f5es t\u00e9cnicas da FIEMG e a Agenda SEMAD para 2026\" \/>\n<meta property=\"og:url\" content=\"https:\/\/www.fiemg.com.br\/fiemg\/noticias\/ultima-reuniao-do-ano-destacou-a-lei-geral-do-licenciamento-ambiental-contribuicoes-tecnicas-da-fiemg-e-a-agenda-semad-para-2026\/\" \/>\n<meta property=\"og:site_name\" content=\"FIEMG\" \/>\n<meta property=\"article:modified_time\" content=\"2025-12-15T15:35:14+00:00\" \/>\n<meta property=\"og:image\" content=\"https:\/\/www.fiemg.com.br\/fiemg\/wp-content\/uploads\/sites\/10\/2025\/12\/cema-reuniao.png\" \/>\n\t<meta property=\"og:image:width\" content=\"1600\" \/>\n\t<meta property=\"og:image:height\" content=\"1600\" \/>\n\t<meta property=\"og:image:type\" content=\"image\/png\" \/>\n<meta name=\"twitter:card\" content=\"summary_large_image\" \/>\n<meta name=\"twitter:label1\" content=\"Est. tempo de leitura\" \/>\n\t<meta name=\"twitter:data1\" content=\"4 minutos\" \/>\n<script type=\"application\/ld+json\" class=\"yoast-schema-graph\">{\"@context\":\"https:\/\/schema.org\",\"@graph\":[{\"@type\":\"WebPage\",\"@id\":\"https:\/\/www.fiemg.com.br\/fiemg\/noticias\/ultima-reuniao-do-ano-destacou-a-lei-geral-do-licenciamento-ambiental-contribuicoes-tecnicas-da-fiemg-e-a-agenda-semad-para-2026\/\",\"url\":\"https:\/\/www.fiemg.com.br\/fiemg\/noticias\/ultima-reuniao-do-ano-destacou-a-lei-geral-do-licenciamento-ambiental-contribuicoes-tecnicas-da-fiemg-e-a-agenda-semad-para-2026\/\",\"name\":\"CEMA encerra 2025 com debate sobre licenciamento ambiental e avan\u00e7os da agenda ambiental em Minas - FIEMG\",\"isPartOf\":{\"@id\":\"https:\/\/www.fiemg.com.br\/fiemg\/#website\"},\"primaryImageOfPage\":{\"@id\":\"https:\/\/www.fiemg.com.br\/fiemg\/noticias\/ultima-reuniao-do-ano-destacou-a-lei-geral-do-licenciamento-ambiental-contribuicoes-tecnicas-da-fiemg-e-a-agenda-semad-para-2026\/#primaryimage\"},\"image\":{\"@id\":\"https:\/\/www.fiemg.com.br\/fiemg\/noticias\/ultima-reuniao-do-ano-destacou-a-lei-geral-do-licenciamento-ambiental-contribuicoes-tecnicas-da-fiemg-e-a-agenda-semad-para-2026\/#primaryimage\"},\"thumbnailUrl\":\"https:\/\/www.fiemg.com.br\/fiemg\/wp-content\/uploads\/sites\/10\/2025\/12\/cema-reuniao.png\",\"datePublished\":\"2025-12-15T15:23:15+00:00\",\"dateModified\":\"2025-12-15T15:35:14+00:00\",\"description\":\"\u00daltima reuni\u00e3o do ano destacou a Lei Geral do Licenciamento Ambiental, contribui\u00e7\u00f5es t\u00e9cnicas da FIEMG e a Agenda SEMAD para 2026\",\"breadcrumb\":{\"@id\":\"https:\/\/www.fiemg.com.br\/fiemg\/noticias\/ultima-reuniao-do-ano-destacou-a-lei-geral-do-licenciamento-ambiental-contribuicoes-tecnicas-da-fiemg-e-a-agenda-semad-para-2026\/#breadcrumb\"},\"inLanguage\":\"pt-BR\",\"potentialAction\":[{\"@type\":\"ReadAction\",\"target\":[\"https:\/\/www.fiemg.com.br\/fiemg\/noticias\/ultima-reuniao-do-ano-destacou-a-lei-geral-do-licenciamento-ambiental-contribuicoes-tecnicas-da-fiemg-e-a-agenda-semad-para-2026\/\"]}]},{\"@type\":\"ImageObject\",\"inLanguage\":\"pt-BR\",\"@id\":\"https:\/\/www.fiemg.com.br\/fiemg\/noticias\/ultima-reuniao-do-ano-destacou-a-lei-geral-do-licenciamento-ambiental-contribuicoes-tecnicas-da-fiemg-e-a-agenda-semad-para-2026\/#primaryimage\",\"url\":\"https:\/\/www.fiemg.com.br\/fiemg\/wp-content\/uploads\/sites\/10\/2025\/12\/cema-reuniao.png\",\"contentUrl\":\"https:\/\/www.fiemg.com.br\/fiemg\/wp-content\/uploads\/sites\/10\/2025\/12\/cema-reuniao.png\",\"width\":1600,\"height\":1600},{\"@type\":\"BreadcrumbList\",\"@id\":\"https:\/\/www.fiemg.com.br\/fiemg\/noticias\/ultima-reuniao-do-ano-destacou-a-lei-geral-do-licenciamento-ambiental-contribuicoes-tecnicas-da-fiemg-e-a-agenda-semad-para-2026\/#breadcrumb\",\"itemListElement\":[{\"@type\":\"ListItem\",\"position\":1,\"name\":\"In\u00edcio\",\"item\":\"https:\/\/www.fiemg.com.br\/fiemg\/\"},{\"@type\":\"ListItem\",\"position\":2,\"name\":\"CEMA encerra 2025 com debate sobre licenciamento ambiental e avan\u00e7os da agenda ambiental em Minas\"}]},{\"@type\":\"WebSite\",\"@id\":\"https:\/\/www.fiemg.com.br\/fiemg\/#website\",\"url\":\"https:\/\/www.fiemg.com.br\/fiemg\/\",\"name\":\"FIEMG\",\"description\":\"Federa\u00e7\u00e3o das Ind\u00fastrias do Estado de Minas Gerais\",\"publisher\":{\"@id\":\"https:\/\/www.fiemg.com.br\/fiemg\/#organization\"},\"potentialAction\":[{\"@type\":\"SearchAction\",\"target\":{\"@type\":\"EntryPoint\",\"urlTemplate\":\"https:\/\/www.fiemg.com.br\/fiemg\/?s={search_term_string}\"},\"query-input\":{\"@type\":\"PropertyValueSpecification\",\"valueRequired\":true,\"valueName\":\"search_term_string\"}}],\"inLanguage\":\"pt-BR\"},{\"@type\":\"Organization\",\"@id\":\"https:\/\/www.fiemg.com.br\/fiemg\/#organization\",\"name\":\"FIEMG\",\"url\":\"https:\/\/www.fiemg.com.br\/fiemg\/\",\"logo\":{\"@type\":\"ImageObject\",\"inLanguage\":\"pt-BR\",\"@id\":\"https:\/\/www.fiemg.com.br\/fiemg\/#\/schema\/logo\/image\/\",\"url\":\"https:\/\/www.fiemg.com.br\/fiemg\/wp-content\/uploads\/sites\/10\/2023\/02\/fiemg_branco.svg\",\"contentUrl\":\"https:\/\/www.fiemg.com.br\/fiemg\/wp-content\/uploads\/sites\/10\/2023\/02\/fiemg_branco.svg\",\"width\":561,\"height\":147,\"caption\":\"FIEMG\"},\"image\":{\"@id\":\"https:\/\/www.fiemg.com.br\/fiemg\/#\/schema\/logo\/image\/\"}}]}<\/script>\n<!-- \/ Yoast SEO plugin. -->","yoast_head_json":{"title":"CEMA encerra 2025 com debate sobre licenciamento ambiental e avan\u00e7os da agenda ambiental em Minas - FIEMG","description":"\u00daltima reuni\u00e3o do ano destacou a Lei Geral do Licenciamento Ambiental, contribui\u00e7\u00f5es t\u00e9cnicas da FIEMG e a Agenda SEMAD para 2026","robots":{"index":"index","follow":"follow","max-snippet":"max-snippet:-1","max-image-preview":"max-image-preview:large","max-video-preview":"max-video-preview:-1"},"canonical":"https:\/\/www.fiemg.com.br\/fiemg\/noticias\/ultima-reuniao-do-ano-destacou-a-lei-geral-do-licenciamento-ambiental-contribuicoes-tecnicas-da-fiemg-e-a-agenda-semad-para-2026\/","og_locale":"pt_BR","og_type":"article","og_title":"CEMA encerra 2025 com debate sobre licenciamento ambiental e avan\u00e7os da agenda ambiental em Minas - FIEMG","og_description":"\u00daltima reuni\u00e3o do ano destacou a Lei Geral do Licenciamento Ambiental, contribui\u00e7\u00f5es t\u00e9cnicas da FIEMG e a Agenda SEMAD para 2026","og_url":"https:\/\/www.fiemg.com.br\/fiemg\/noticias\/ultima-reuniao-do-ano-destacou-a-lei-geral-do-licenciamento-ambiental-contribuicoes-tecnicas-da-fiemg-e-a-agenda-semad-para-2026\/","og_site_name":"FIEMG","article_modified_time":"2025-12-15T15:35:14+00:00","og_image":[{"width":1600,"height":1600,"url":"https:\/\/www.fiemg.com.br\/fiemg\/wp-content\/uploads\/sites\/10\/2025\/12\/cema-reuniao.png","type":"image\/png"}],"twitter_card":"summary_large_image","twitter_misc":{"Est. tempo de leitura":"4 minutos"},"schema":{"@context":"https:\/\/schema.org","@graph":[{"@type":"WebPage","@id":"https:\/\/www.fiemg.com.br\/fiemg\/noticias\/ultima-reuniao-do-ano-destacou-a-lei-geral-do-licenciamento-ambiental-contribuicoes-tecnicas-da-fiemg-e-a-agenda-semad-para-2026\/","url":"https:\/\/www.fiemg.com.br\/fiemg\/noticias\/ultima-reuniao-do-ano-destacou-a-lei-geral-do-licenciamento-ambiental-contribuicoes-tecnicas-da-fiemg-e-a-agenda-semad-para-2026\/","name":"CEMA encerra 2025 com debate sobre licenciamento ambiental e avan\u00e7os da agenda ambiental em Minas - FIEMG","isPartOf":{"@id":"https:\/\/www.fiemg.com.br\/fiemg\/#website"},"primaryImageOfPage":{"@id":"https:\/\/www.fiemg.com.br\/fiemg\/noticias\/ultima-reuniao-do-ano-destacou-a-lei-geral-do-licenciamento-ambiental-contribuicoes-tecnicas-da-fiemg-e-a-agenda-semad-para-2026\/#primaryimage"},"image":{"@id":"https:\/\/www.fiemg.com.br\/fiemg\/noticias\/ultima-reuniao-do-ano-destacou-a-lei-geral-do-licenciamento-ambiental-contribuicoes-tecnicas-da-fiemg-e-a-agenda-semad-para-2026\/#primaryimage"},"thumbnailUrl":"https:\/\/www.fiemg.com.br\/fiemg\/wp-content\/uploads\/sites\/10\/2025\/12\/cema-reuniao.png","datePublished":"2025-12-15T15:23:15+00:00","dateModified":"2025-12-15T15:35:14+00:00","description":"\u00daltima reuni\u00e3o do ano destacou a Lei Geral do Licenciamento Ambiental, contribui\u00e7\u00f5es t\u00e9cnicas da FIEMG e a Agenda SEMAD para 2026","breadcrumb":{"@id":"https:\/\/www.fiemg.com.br\/fiemg\/noticias\/ultima-reuniao-do-ano-destacou-a-lei-geral-do-licenciamento-ambiental-contribuicoes-tecnicas-da-fiemg-e-a-agenda-semad-para-2026\/#breadcrumb"},"inLanguage":"pt-BR","potentialAction":[{"@type":"ReadAction","target":["https:\/\/www.fiemg.com.br\/fiemg\/noticias\/ultima-reuniao-do-ano-destacou-a-lei-geral-do-licenciamento-ambiental-contribuicoes-tecnicas-da-fiemg-e-a-agenda-semad-para-2026\/"]}]},{"@type":"ImageObject","inLanguage":"pt-BR","@id":"https:\/\/www.fiemg.com.br\/fiemg\/noticias\/ultima-reuniao-do-ano-destacou-a-lei-geral-do-licenciamento-ambiental-contribuicoes-tecnicas-da-fiemg-e-a-agenda-semad-para-2026\/#primaryimage","url":"https:\/\/www.fiemg.com.br\/fiemg\/wp-content\/uploads\/sites\/10\/2025\/12\/cema-reuniao.png","contentUrl":"https:\/\/www.fiemg.com.br\/fiemg\/wp-content\/uploads\/sites\/10\/2025\/12\/cema-reuniao.png","width":1600,"height":1600},{"@type":"BreadcrumbList","@id":"https:\/\/www.fiemg.com.br\/fiemg\/noticias\/ultima-reuniao-do-ano-destacou-a-lei-geral-do-licenciamento-ambiental-contribuicoes-tecnicas-da-fiemg-e-a-agenda-semad-para-2026\/#breadcrumb","itemListElement":[{"@type":"ListItem","position":1,"name":"In\u00edcio","item":"https:\/\/www.fiemg.com.br\/fiemg\/"},{"@type":"ListItem","position":2,"name":"CEMA encerra 2025 com debate sobre licenciamento ambiental e avan\u00e7os da agenda ambiental em Minas"}]},{"@type":"WebSite","@id":"https:\/\/www.fiemg.com.br\/fiemg\/#website","url":"https:\/\/www.fiemg.com.br\/fiemg\/","name":"FIEMG","description":"Federa\u00e7\u00e3o das Ind\u00fastrias do Estado de Minas Gerais","publisher":{"@id":"https:\/\/www.fiemg.com.br\/fiemg\/#organization"},"potentialAction":[{"@type":"SearchAction","target":{"@type":"EntryPoint","urlTemplate":"https:\/\/www.fiemg.com.br\/fiemg\/?s={search_term_string}"},"query-input":{"@type":"PropertyValueSpecification","valueRequired":true,"valueName":"search_term_string"}}],"inLanguage":"pt-BR"},{"@type":"Organization","@id":"https:\/\/www.fiemg.com.br\/fiemg\/#organization","name":"FIEMG","url":"https:\/\/www.fiemg.com.br\/fiemg\/","logo":{"@type":"ImageObject","inLanguage":"pt-BR","@id":"https:\/\/www.fiemg.com.br\/fiemg\/#\/schema\/logo\/image\/","url":"https:\/\/www.fiemg.com.br\/fiemg\/wp-content\/uploads\/sites\/10\/2023\/02\/fiemg_branco.svg","contentUrl":"https:\/\/www.fiemg.com.br\/fiemg\/wp-content\/uploads\/sites\/10\/2023\/02\/fiemg_branco.svg","width":561,"height":147,"caption":"FIEMG"},"image":{"@id":"https:\/\/www.fiemg.com.br\/fiemg\/#\/schema\/logo\/image\/"}}]}},"_links":{"self":[{"href":"https:\/\/www.fiemg.com.br\/fiemg\/wp-json\/wp\/v2\/noticias\/10691","targetHints":{"allow":["GET"]}}],"collection":[{"href":"https:\/\/www.fiemg.com.br\/fiemg\/wp-json\/wp\/v2\/noticias"}],"about":[{"href":"https:\/\/www.fiemg.com.br\/fiemg\/wp-json\/wp\/v2\/types\/noticias"}],"wp:featuredmedia":[{"embeddable":true,"href":"https:\/\/www.fiemg.com.br\/fiemg\/wp-json\/wp\/v2\/media\/10692"}],"wp:attachment":[{"href":"https:\/\/www.fiemg.com.br\/fiemg\/wp-json\/wp\/v2\/media?parent=10691"}],"wp:term":[{"taxonomy":"category","embeddable":true,"href":"https:\/\/www.fiemg.com.br\/fiemg\/wp-json\/wp\/v2\/categories?post=10691"},{"taxonomy":"post_tag","embeddable":true,"href":"https:\/\/www.fiemg.com.br\/fiemg\/wp-json\/wp\/v2\/tags?post=10691"}],"curies":[{"name":"wp","href":"https:\/\/api.w.org\/{rel}","templated":true}]}}