{"id":10696,"date":"2025-12-16T10:16:46","date_gmt":"2025-12-16T13:16:46","guid":{"rendered":"https:\/\/www.fiemg.com.br\/fiemg\/noticias\/de-19-a-23-de-janeiro-de-2026-acontece-a-colonia-de-ferias-e-ferias-no-centro-cultural-sesiminas-bh\/"},"modified":"2025-12-16T10:16:55","modified_gmt":"2025-12-16T13:16:55","slug":"de-19-a-23-de-janeiro-de-2026-acontece-a-colonia-de-ferias-e-ferias-no-centro-cultural-sesiminas-bh","status":"publish","type":"noticias","link":"https:\/\/www.fiemg.com.br\/fiemg\/noticias\/de-19-a-23-de-janeiro-de-2026-acontece-a-colonia-de-ferias-e-ferias-no-centro-cultural-sesiminas-bh\/","title":{"rendered":"Col\u00f4nia de F\u00e9rias \u201c\u00c9 F\u00e9rias!\u201d do SESI Cultura oferece semana de arte, divers\u00e3o e Bailinho de Carnaval em BH"},"content":{"rendered":"\n<p><\/p>\n\n\n\n<figure class=\"wp-block-image aligncenter\"><a href=\"https:\/\/forms.gle\/LUqi55ZyaF17jiFaA\"><img decoding=\"async\" src=\"https:\/\/www.fiemg.com.br\/sesi-cultura\/wp-content\/uploads\/sites\/28\/2025\/12\/0261.01_SC_Colonia-de-Ferias_Divulgacao_Banner-Sympla-01-1-1024x536.png\" alt=\"\" class=\"wp-image-6915\" \/><\/a><\/figure>\n\n\n\n<p>A \u00e9poca mais esperada pelas crian\u00e7as est\u00e1 chegando, e o&nbsp;<strong>SESI Cultura<\/strong>&nbsp;j\u00e1 preparou uma programa\u00e7\u00e3o especial para transformar as f\u00e9rias escolares em uma experi\u00eancia memor\u00e1vel. De&nbsp;<strong>19 a 23 de janeiro de 2026<\/strong>, acontece a&nbsp;<strong>Col\u00f4nia de F\u00e9rias \u201c\u00c9 F\u00e9rias!\u201d<\/strong>, no Centro Cultural SESIMINAS BH, com atividades l\u00fadicas, oficinas criativas, jogos e um animado Bailinho de Carnaval para fechar a semana com muita anima\u00e7\u00e3o.<\/p>\n\n\n\n<p>Voltada para crian\u00e7as de&nbsp;<strong>5 a 10 anos<\/strong>, a col\u00f4nia promove uma imers\u00e3o art\u00edstica e cultural com oficinas de desenho, hip hop, circo e artes visuais, al\u00e9m de um passeio exclusivo pelos&nbsp;<strong>bastidores do teatro SESIMINAS<\/strong>. A programa\u00e7\u00e3o ainda inclui sess\u00f5es de cinema com&nbsp;<strong>pipoca, banho de mangueira, brincadeiras ao ar livre<\/strong>&nbsp;e momentos de socializa\u00e7\u00e3o, sempre com foco na criatividade, na seguran\u00e7a e na divers\u00e3o.<\/p>\n\n\n\n<p>O encerramento, na sexta-feira, traz o tradicional Bailinho de Carnaval com uma explos\u00e3o de cores, m\u00fasica e alegria que promete encantar os pequenos foli\u00f5es.<\/p>\n\n\n\n<p><em>\u201cA Col\u00f4nia foi pensada para oferecer \u00e0s crian\u00e7as um ambiente seguro, criativo e alegre, onde elas possam brincar, aprender e criar mem\u00f3rias afetivas que v\u00e3o al\u00e9m do per\u00edodo das f\u00e9rias\u201d<\/em>, afirma a equipe do SESI Cultura.<\/p>\n\n\n\n<p>As inscri\u00e7\u00f5es j\u00e1 est\u00e3o abertas e as vagas s\u00e3o limitadas.<\/p>\n\n\n\n<p><strong>Servi\u00e7o \u2013 Col\u00f4nia de F\u00e9rias \u201c\u00c9 F\u00e9rias!\u201d<\/strong><\/p>\n\n\n\n<p><strong>Data:<\/strong>&nbsp;19 a 23 de janeiro de 2026<br><strong>Hor\u00e1rio:<\/strong>&nbsp;13h \u00e0s 17h<br><strong>Local:<\/strong>&nbsp;Centro Cultural SESIMINAS BH<br>Rua \u00c1lvares Maciel, 59 \u2013 Santa Efig\u00eania \u2013 Belo Horizonte (MG)<br><strong>P\u00fablico-alvo:<\/strong>&nbsp;Crian\u00e7as de 5 a 10 anos<br><strong>Valor:<\/strong>&nbsp;R$ 450,00 (semana completa \u2013 todas as atividades inclusas)<br><strong>Inscri\u00e7\u00f5es:<\/strong>&nbsp;<a href=\"https:\/\/forms.gle\/LUqi55ZyaF17jiFaA\">https:\/\/forms.gle\/LUqi55ZyaF17jiFaA<\/a><\/p>\n\n\n\n<p><strong>Informa\u00e7\u00f5es:<\/strong><br>WhatsApp: (31) 98791-5676 | (31) 98634-4182<br>Secretaria de cursos: (31) 2116-0418 | (31) 2116-2850<br>E-mail: sesiculturamg@fiemg.com.br<\/p>\n","protected":false},"featured_media":10697,"template":"","categories":[162],"tags":[1642,165,114],"class_list":["post-10696","noticias","type-noticias","status-publish","has-post-thumbnail","hentry","category-cultura","tag-colonia-de-ferias","tag-cultura","tag-sesi"],"acf":[],"yoast_head":"<!-- This site is optimized with the Yoast SEO plugin v26.2 - https:\/\/yoast.com\/wordpress\/plugins\/seo\/ -->\n<title>Col\u00f4nia de F\u00e9rias \u201c\u00c9 F\u00e9rias!\u201d do SESI Cultura oferece semana de arte, divers\u00e3o e Bailinho de Carnaval em BH - FIEMG<\/title>\n<meta name=\"description\" content=\"De\u00a019 a 23 de janeiro de 2026, acontece a\u00a0Col\u00f4nia de F\u00e9rias \u201c\u00c9 F\u00e9rias!\u201d, no Centro Cultural SESIMINAS BH\" \/>\n<meta name=\"robots\" content=\"index, follow, max-snippet:-1, max-image-preview:large, max-video-preview:-1\" \/>\n<link rel=\"canonical\" href=\"https:\/\/www.fiemg.com.br\/fiemg\/noticias\/de-19-a-23-de-janeiro-de-2026-acontece-a-colonia-de-ferias-e-ferias-no-centro-cultural-sesiminas-bh\/\" \/>\n<meta property=\"og:locale\" content=\"pt_BR\" \/>\n<meta property=\"og:type\" content=\"article\" \/>\n<meta property=\"og:title\" content=\"Col\u00f4nia de F\u00e9rias \u201c\u00c9 F\u00e9rias!\u201d do SESI Cultura oferece semana de arte, divers\u00e3o e Bailinho de Carnaval em BH - FIEMG\" \/>\n<meta property=\"og:description\" content=\"De\u00a019 a 23 de janeiro de 2026, acontece a\u00a0Col\u00f4nia de F\u00e9rias \u201c\u00c9 F\u00e9rias!\u201d, no Centro Cultural SESIMINAS BH\" \/>\n<meta property=\"og:url\" content=\"https:\/\/www.fiemg.com.br\/fiemg\/noticias\/de-19-a-23-de-janeiro-de-2026-acontece-a-colonia-de-ferias-e-ferias-no-centro-cultural-sesiminas-bh\/\" \/>\n<meta property=\"og:site_name\" content=\"FIEMG\" \/>\n<meta property=\"article:modified_time\" content=\"2025-12-16T13:16:55+00:00\" \/>\n<meta property=\"og:image\" content=\"https:\/\/www.fiemg.com.br\/fiemg\/wp-content\/uploads\/sites\/10\/2025\/12\/COLONIA.png\" \/>\n\t<meta property=\"og:image:width\" content=\"1600\" \/>\n\t<meta property=\"og:image:height\" content=\"1600\" \/>\n\t<meta property=\"og:image:type\" content=\"image\/png\" \/>\n<meta name=\"twitter:card\" content=\"summary_large_image\" \/>\n<meta name=\"twitter:label1\" content=\"Est. tempo de leitura\" \/>\n\t<meta name=\"twitter:data1\" content=\"2 minutos\" \/>\n<script type=\"application\/ld+json\" class=\"yoast-schema-graph\">{\"@context\":\"https:\/\/schema.org\",\"@graph\":[{\"@type\":\"WebPage\",\"@id\":\"https:\/\/www.fiemg.com.br\/fiemg\/noticias\/de-19-a-23-de-janeiro-de-2026-acontece-a-colonia-de-ferias-e-ferias-no-centro-cultural-sesiminas-bh\/\",\"url\":\"https:\/\/www.fiemg.com.br\/fiemg\/noticias\/de-19-a-23-de-janeiro-de-2026-acontece-a-colonia-de-ferias-e-ferias-no-centro-cultural-sesiminas-bh\/\",\"name\":\"Col\u00f4nia de F\u00e9rias \u201c\u00c9 F\u00e9rias!\u201d do SESI Cultura oferece semana de arte, divers\u00e3o e Bailinho de Carnaval em BH - FIEMG\",\"isPartOf\":{\"@id\":\"https:\/\/www.fiemg.com.br\/fiemg\/#website\"},\"primaryImageOfPage\":{\"@id\":\"https:\/\/www.fiemg.com.br\/fiemg\/noticias\/de-19-a-23-de-janeiro-de-2026-acontece-a-colonia-de-ferias-e-ferias-no-centro-cultural-sesiminas-bh\/#primaryimage\"},\"image\":{\"@id\":\"https:\/\/www.fiemg.com.br\/fiemg\/noticias\/de-19-a-23-de-janeiro-de-2026-acontece-a-colonia-de-ferias-e-ferias-no-centro-cultural-sesiminas-bh\/#primaryimage\"},\"thumbnailUrl\":\"https:\/\/www.fiemg.com.br\/fiemg\/wp-content\/uploads\/sites\/10\/2025\/12\/COLONIA.png\",\"datePublished\":\"2025-12-16T13:16:46+00:00\",\"dateModified\":\"2025-12-16T13:16:55+00:00\",\"description\":\"De\u00a019 a 23 de janeiro de 2026, acontece a\u00a0Col\u00f4nia de F\u00e9rias \u201c\u00c9 F\u00e9rias!\u201d, no Centro Cultural SESIMINAS BH\",\"breadcrumb\":{\"@id\":\"https:\/\/www.fiemg.com.br\/fiemg\/noticias\/de-19-a-23-de-janeiro-de-2026-acontece-a-colonia-de-ferias-e-ferias-no-centro-cultural-sesiminas-bh\/#breadcrumb\"},\"inLanguage\":\"pt-BR\",\"potentialAction\":[{\"@type\":\"ReadAction\",\"target\":[\"https:\/\/www.fiemg.com.br\/fiemg\/noticias\/de-19-a-23-de-janeiro-de-2026-acontece-a-colonia-de-ferias-e-ferias-no-centro-cultural-sesiminas-bh\/\"]}]},{\"@type\":\"ImageObject\",\"inLanguage\":\"pt-BR\",\"@id\":\"https:\/\/www.fiemg.com.br\/fiemg\/noticias\/de-19-a-23-de-janeiro-de-2026-acontece-a-colonia-de-ferias-e-ferias-no-centro-cultural-sesiminas-bh\/#primaryimage\",\"url\":\"https:\/\/www.fiemg.com.br\/fiemg\/wp-content\/uploads\/sites\/10\/2025\/12\/COLONIA.png\",\"contentUrl\":\"https:\/\/www.fiemg.com.br\/fiemg\/wp-content\/uploads\/sites\/10\/2025\/12\/COLONIA.png\",\"width\":1600,\"height\":1600},{\"@type\":\"BreadcrumbList\",\"@id\":\"https:\/\/www.fiemg.com.br\/fiemg\/noticias\/de-19-a-23-de-janeiro-de-2026-acontece-a-colonia-de-ferias-e-ferias-no-centro-cultural-sesiminas-bh\/#breadcrumb\",\"itemListElement\":[{\"@type\":\"ListItem\",\"position\":1,\"name\":\"In\u00edcio\",\"item\":\"https:\/\/www.fiemg.com.br\/fiemg\/\"},{\"@type\":\"ListItem\",\"position\":2,\"name\":\"Col\u00f4nia de F\u00e9rias \u201c\u00c9 F\u00e9rias!\u201d do SESI Cultura oferece semana de arte, divers\u00e3o e Bailinho de Carnaval em BH\"}]},{\"@type\":\"WebSite\",\"@id\":\"https:\/\/www.fiemg.com.br\/fiemg\/#website\",\"url\":\"https:\/\/www.fiemg.com.br\/fiemg\/\",\"name\":\"FIEMG\",\"description\":\"Federa\u00e7\u00e3o das Ind\u00fastrias do Estado de Minas Gerais\",\"publisher\":{\"@id\":\"https:\/\/www.fiemg.com.br\/fiemg\/#organization\"},\"potentialAction\":[{\"@type\":\"SearchAction\",\"target\":{\"@type\":\"EntryPoint\",\"urlTemplate\":\"https:\/\/www.fiemg.com.br\/fiemg\/?s={search_term_string}\"},\"query-input\":{\"@type\":\"PropertyValueSpecification\",\"valueRequired\":true,\"valueName\":\"search_term_string\"}}],\"inLanguage\":\"pt-BR\"},{\"@type\":\"Organization\",\"@id\":\"https:\/\/www.fiemg.com.br\/fiemg\/#organization\",\"name\":\"FIEMG\",\"url\":\"https:\/\/www.fiemg.com.br\/fiemg\/\",\"logo\":{\"@type\":\"ImageObject\",\"inLanguage\":\"pt-BR\",\"@id\":\"https:\/\/www.fiemg.com.br\/fiemg\/#\/schema\/logo\/image\/\",\"url\":\"https:\/\/www.fiemg.com.br\/fiemg\/wp-content\/uploads\/sites\/10\/2023\/02\/fiemg_branco.svg\",\"contentUrl\":\"https:\/\/www.fiemg.com.br\/fiemg\/wp-content\/uploads\/sites\/10\/2023\/02\/fiemg_branco.svg\",\"width\":561,\"height\":147,\"caption\":\"FIEMG\"},\"image\":{\"@id\":\"https:\/\/www.fiemg.com.br\/fiemg\/#\/schema\/logo\/image\/\"}}]}<\/script>\n<!-- \/ Yoast SEO plugin. -->","yoast_head_json":{"title":"Col\u00f4nia de F\u00e9rias \u201c\u00c9 F\u00e9rias!\u201d do SESI Cultura oferece semana de arte, divers\u00e3o e Bailinho de Carnaval em BH - FIEMG","description":"De\u00a019 a 23 de janeiro de 2026, acontece a\u00a0Col\u00f4nia de F\u00e9rias \u201c\u00c9 F\u00e9rias!\u201d, no Centro Cultural SESIMINAS BH","robots":{"index":"index","follow":"follow","max-snippet":"max-snippet:-1","max-image-preview":"max-image-preview:large","max-video-preview":"max-video-preview:-1"},"canonical":"https:\/\/www.fiemg.com.br\/fiemg\/noticias\/de-19-a-23-de-janeiro-de-2026-acontece-a-colonia-de-ferias-e-ferias-no-centro-cultural-sesiminas-bh\/","og_locale":"pt_BR","og_type":"article","og_title":"Col\u00f4nia de F\u00e9rias \u201c\u00c9 F\u00e9rias!\u201d do SESI Cultura oferece semana de arte, divers\u00e3o e Bailinho de Carnaval em BH - FIEMG","og_description":"De\u00a019 a 23 de janeiro de 2026, acontece a\u00a0Col\u00f4nia de F\u00e9rias \u201c\u00c9 F\u00e9rias!\u201d, no Centro Cultural SESIMINAS BH","og_url":"https:\/\/www.fiemg.com.br\/fiemg\/noticias\/de-19-a-23-de-janeiro-de-2026-acontece-a-colonia-de-ferias-e-ferias-no-centro-cultural-sesiminas-bh\/","og_site_name":"FIEMG","article_modified_time":"2025-12-16T13:16:55+00:00","og_image":[{"width":1600,"height":1600,"url":"https:\/\/www.fiemg.com.br\/fiemg\/wp-content\/uploads\/sites\/10\/2025\/12\/COLONIA.png","type":"image\/png"}],"twitter_card":"summary_large_image","twitter_misc":{"Est. tempo de leitura":"2 minutos"},"schema":{"@context":"https:\/\/schema.org","@graph":[{"@type":"WebPage","@id":"https:\/\/www.fiemg.com.br\/fiemg\/noticias\/de-19-a-23-de-janeiro-de-2026-acontece-a-colonia-de-ferias-e-ferias-no-centro-cultural-sesiminas-bh\/","url":"https:\/\/www.fiemg.com.br\/fiemg\/noticias\/de-19-a-23-de-janeiro-de-2026-acontece-a-colonia-de-ferias-e-ferias-no-centro-cultural-sesiminas-bh\/","name":"Col\u00f4nia de F\u00e9rias \u201c\u00c9 F\u00e9rias!\u201d do SESI Cultura oferece semana de arte, divers\u00e3o e Bailinho de Carnaval em BH - FIEMG","isPartOf":{"@id":"https:\/\/www.fiemg.com.br\/fiemg\/#website"},"primaryImageOfPage":{"@id":"https:\/\/www.fiemg.com.br\/fiemg\/noticias\/de-19-a-23-de-janeiro-de-2026-acontece-a-colonia-de-ferias-e-ferias-no-centro-cultural-sesiminas-bh\/#primaryimage"},"image":{"@id":"https:\/\/www.fiemg.com.br\/fiemg\/noticias\/de-19-a-23-de-janeiro-de-2026-acontece-a-colonia-de-ferias-e-ferias-no-centro-cultural-sesiminas-bh\/#primaryimage"},"thumbnailUrl":"https:\/\/www.fiemg.com.br\/fiemg\/wp-content\/uploads\/sites\/10\/2025\/12\/COLONIA.png","datePublished":"2025-12-16T13:16:46+00:00","dateModified":"2025-12-16T13:16:55+00:00","description":"De\u00a019 a 23 de janeiro de 2026, acontece a\u00a0Col\u00f4nia de F\u00e9rias \u201c\u00c9 F\u00e9rias!\u201d, no Centro Cultural SESIMINAS BH","breadcrumb":{"@id":"https:\/\/www.fiemg.com.br\/fiemg\/noticias\/de-19-a-23-de-janeiro-de-2026-acontece-a-colonia-de-ferias-e-ferias-no-centro-cultural-sesiminas-bh\/#breadcrumb"},"inLanguage":"pt-BR","potentialAction":[{"@type":"ReadAction","target":["https:\/\/www.fiemg.com.br\/fiemg\/noticias\/de-19-a-23-de-janeiro-de-2026-acontece-a-colonia-de-ferias-e-ferias-no-centro-cultural-sesiminas-bh\/"]}]},{"@type":"ImageObject","inLanguage":"pt-BR","@id":"https:\/\/www.fiemg.com.br\/fiemg\/noticias\/de-19-a-23-de-janeiro-de-2026-acontece-a-colonia-de-ferias-e-ferias-no-centro-cultural-sesiminas-bh\/#primaryimage","url":"https:\/\/www.fiemg.com.br\/fiemg\/wp-content\/uploads\/sites\/10\/2025\/12\/COLONIA.png","contentUrl":"https:\/\/www.fiemg.com.br\/fiemg\/wp-content\/uploads\/sites\/10\/2025\/12\/COLONIA.png","width":1600,"height":1600},{"@type":"BreadcrumbList","@id":"https:\/\/www.fiemg.com.br\/fiemg\/noticias\/de-19-a-23-de-janeiro-de-2026-acontece-a-colonia-de-ferias-e-ferias-no-centro-cultural-sesiminas-bh\/#breadcrumb","itemListElement":[{"@type":"ListItem","position":1,"name":"In\u00edcio","item":"https:\/\/www.fiemg.com.br\/fiemg\/"},{"@type":"ListItem","position":2,"name":"Col\u00f4nia de F\u00e9rias \u201c\u00c9 F\u00e9rias!\u201d do SESI Cultura oferece semana de arte, divers\u00e3o e Bailinho de Carnaval em BH"}]},{"@type":"WebSite","@id":"https:\/\/www.fiemg.com.br\/fiemg\/#website","url":"https:\/\/www.fiemg.com.br\/fiemg\/","name":"FIEMG","description":"Federa\u00e7\u00e3o das Ind\u00fastrias do Estado de Minas Gerais","publisher":{"@id":"https:\/\/www.fiemg.com.br\/fiemg\/#organization"},"potentialAction":[{"@type":"SearchAction","target":{"@type":"EntryPoint","urlTemplate":"https:\/\/www.fiemg.com.br\/fiemg\/?s={search_term_string}"},"query-input":{"@type":"PropertyValueSpecification","valueRequired":true,"valueName":"search_term_string"}}],"inLanguage":"pt-BR"},{"@type":"Organization","@id":"https:\/\/www.fiemg.com.br\/fiemg\/#organization","name":"FIEMG","url":"https:\/\/www.fiemg.com.br\/fiemg\/","logo":{"@type":"ImageObject","inLanguage":"pt-BR","@id":"https:\/\/www.fiemg.com.br\/fiemg\/#\/schema\/logo\/image\/","url":"https:\/\/www.fiemg.com.br\/fiemg\/wp-content\/uploads\/sites\/10\/2023\/02\/fiemg_branco.svg","contentUrl":"https:\/\/www.fiemg.com.br\/fiemg\/wp-content\/uploads\/sites\/10\/2023\/02\/fiemg_branco.svg","width":561,"height":147,"caption":"FIEMG"},"image":{"@id":"https:\/\/www.fiemg.com.br\/fiemg\/#\/schema\/logo\/image\/"}}]}},"_links":{"self":[{"href":"https:\/\/www.fiemg.com.br\/fiemg\/wp-json\/wp\/v2\/noticias\/10696","targetHints":{"allow":["GET"]}}],"collection":[{"href":"https:\/\/www.fiemg.com.br\/fiemg\/wp-json\/wp\/v2\/noticias"}],"about":[{"href":"https:\/\/www.fiemg.com.br\/fiemg\/wp-json\/wp\/v2\/types\/noticias"}],"wp:featuredmedia":[{"embeddable":true,"href":"https:\/\/www.fiemg.com.br\/fiemg\/wp-json\/wp\/v2\/media\/10697"}],"wp:attachment":[{"href":"https:\/\/www.fiemg.com.br\/fiemg\/wp-json\/wp\/v2\/media?parent=10696"}],"wp:term":[{"taxonomy":"category","embeddable":true,"href":"https:\/\/www.fiemg.com.br\/fiemg\/wp-json\/wp\/v2\/categories?post=10696"},{"taxonomy":"post_tag","embeddable":true,"href":"https:\/\/www.fiemg.com.br\/fiemg\/wp-json\/wp\/v2\/tags?post=10696"}],"curies":[{"name":"wp","href":"https:\/\/api.w.org\/{rel}","templated":true}]}}