{"id":10698,"date":"2025-12-16T13:10:43","date_gmt":"2025-12-16T16:10:43","guid":{"rendered":"https:\/\/www.fiemg.com.br\/fiemg\/?post_type=noticias&#038;p=10698"},"modified":"2025-12-16T13:13:08","modified_gmt":"2025-12-16T16:13:08","slug":"reuniao-realizada-em-bh-destacou-o-fortalecimento-do-ambiente-de-negocios-e-o-alinhamento-estrategico-do-colegiado","status":"publish","type":"noticias","link":"https:\/\/www.fiemg.com.br\/fiemg\/noticias\/reuniao-realizada-em-bh-destacou-o-fortalecimento-do-ambiente-de-negocios-e-o-alinhamento-estrategico-do-colegiado\/","title":{"rendered":"Conselho de Gest\u00e3o e Competitividade da FIEMG encerra atividades de 2025"},"content":{"rendered":"\n<p><\/p>\n\n\n\n<figure class=\"wp-block-image alignleft size-full is-resized\"><img fetchpriority=\"high\" decoding=\"async\" width=\"576\" height=\"734\" src=\"https:\/\/www.fiemg.com.br\/fiemg\/wp-content\/uploads\/sites\/10\/2025\/12\/image-8.png\" alt=\"\" class=\"wp-image-10704\" style=\"width:355px;height:auto\" srcset=\"https:\/\/www.fiemg.com.br\/fiemg\/wp-content\/uploads\/sites\/10\/2025\/12\/image-8.png 576w, https:\/\/www.fiemg.com.br\/fiemg\/wp-content\/uploads\/sites\/10\/2025\/12\/image-8-235x300.png 235w\" sizes=\"(max-width: 576px) 100vw, 576px\" \/><\/figure>\n\n\n\n<p>O Conselho de Gest\u00e3o e Competitividade da FIEMG realizou, no dia 16 de dezembro, na sede da Federa\u00e7\u00e3o, em Belo Horizonte, sua \u00faltima reuni\u00e3o do ano. O encontro reuniu empres\u00e1rios e especialistas e foi marcado por um balan\u00e7o das atividades desenvolvidas ao longo de 2025, al\u00e9m do alinhamento das prioridades e metas para o pr\u00f3ximo ano.<\/p>\n\n\n\n<p>Na abertura, a presidente do Colegiado, Ivana Serpa, ressaltou que 2025 foi um ano at\u00edpico e desafiador, com menos reuni\u00f5es presenciais, mas fundamental para a consolida\u00e7\u00e3o do prop\u00f3sito do Conselho e para a defini\u00e7\u00e3o de diretrizes mais objetivas para 2026. Segundo ela, o per\u00edodo exigiu adapta\u00e7\u00e3o, leitura atenta do cen\u00e1rio nacional e foco em entregas estrat\u00e9gicas.<\/p>\n\n\n\n<p>Ivana refor\u00e7ou que o prop\u00f3sito do Conselho \u00e9 contribuir para o desenvolvimento de um ambiente de neg\u00f3cios mais competitivo, sustent\u00e1vel e conectado, por meio de articula\u00e7\u00f5es estrat\u00e9gicas que ampliem resultados com maior efici\u00eancia. \u201cDesde a cria\u00e7\u00e3o do colegiado, o nosso trabalho tem sido orientado pela leitura do cen\u00e1rio nacional e pelos limites de atua\u00e7\u00e3o impostos pelo contexto econ\u00f4mico e institucional do pa\u00eds\u201d, afirmou.<\/p>\n\n\n\n<p>A presidente tamb\u00e9m destacou o papel do presidente da FIEMG, Fl\u00e1vio Roscoe, na condu\u00e7\u00e3o das pautas estrat\u00e9gicas da Federa\u00e7\u00e3o, ressaltando sua disposi\u00e7\u00e3o para enfrentar debates complexos, mobilizar equipes e liderar posicionamentos institucionais de forma t\u00e9cnica e respons\u00e1vel. \u201cEmbora o cen\u00e1rio siga desafiador, o Conselho mant\u00e9m o compromisso de atuar de forma propositiva, buscando mitigar retrocessos e fortalecer a competitividade da ind\u00fastria mineira\u201d, completou Ivana.<\/p>\n\n\n\n<p>A programa\u00e7\u00e3o do encontro contou ainda com a palestra \u201cPertencer para transformar: Lideran\u00e7a e Comunica\u00e7\u00e3o em A\u00e7\u00e3o\u201d, ministrada por Fl\u00e1via Aquino. Em sua apresenta\u00e7\u00e3o, a especialista abordou a import\u00e2ncia da lideran\u00e7a consciente como elemento central para a constru\u00e7\u00e3o de ambientes organizacionais mais inclusivos, colaborativos e alinhados aos valores institucionais. Fl\u00e1via destacou, ainda, o papel estrat\u00e9gico da comunica\u00e7\u00e3o como ferramenta de engajamento, capaz de fortalecer o senso de pertencimento, promover rela\u00e7\u00f5es mais transparentes e gerar impacto real nos resultados das organiza\u00e7\u00f5es.<\/p>\n\n\n\n<p>Para conferir as fotos da reuni\u00e3o do Conselho de Gest\u00e3o e Competitividade, acesse o <a href=\"https:\/\/www.flickr.com\/photos\/sistemafiemg\/albums\/72177720330964923\/\">Flickr do Sistema FIEMG<\/a>.\u00a0<br><br><br><br><\/p>\n\n\n\n<figure class=\"wp-block-image aligncenter size-large is-resized\"><img decoding=\"async\" width=\"1024\" height=\"661\" src=\"https:\/\/www.fiemg.com.br\/fiemg\/wp-content\/uploads\/sites\/10\/2025\/12\/image-9-1024x661.png\" alt=\"\" class=\"wp-image-10705\" style=\"width:800px\" srcset=\"https:\/\/www.fiemg.com.br\/fiemg\/wp-content\/uploads\/sites\/10\/2025\/12\/image-9-1024x661.png 1024w, https:\/\/www.fiemg.com.br\/fiemg\/wp-content\/uploads\/sites\/10\/2025\/12\/image-9-300x194.png 300w, https:\/\/www.fiemg.com.br\/fiemg\/wp-content\/uploads\/sites\/10\/2025\/12\/image-9-768x496.png 768w, https:\/\/www.fiemg.com.br\/fiemg\/wp-content\/uploads\/sites\/10\/2025\/12\/image-9.png 1096w\" sizes=\"(max-width: 1024px) 100vw, 1024px\" \/><\/figure>\n\n\n\n<p><em>Denise Lucas<\/em><br><strong>Imprensa FIEMG<\/strong><\/p>\n","protected":false},"featured_media":10699,"template":"","categories":[15],"tags":[],"class_list":["post-10698","noticias","type-noticias","status-publish","has-post-thumbnail","hentry","category-desenvolvimento-industrial"],"acf":[],"yoast_head":"<!-- This site is optimized with the Yoast SEO plugin v26.2 - https:\/\/yoast.com\/wordpress\/plugins\/seo\/ -->\n<title>Conselho de Gest\u00e3o e Competitividade da FIEMG encerra atividades de 2025 - FIEMG<\/title>\n<meta name=\"description\" content=\"Reuni\u00e3o realizada em BH destacou o fortalecimento do ambiente de neg\u00f3cios e o alinhamento estrat\u00e9gico do colegiado\" \/>\n<meta name=\"robots\" content=\"index, follow, max-snippet:-1, max-image-preview:large, max-video-preview:-1\" \/>\n<link rel=\"canonical\" href=\"https:\/\/www.fiemg.com.br\/fiemg\/noticias\/reuniao-realizada-em-bh-destacou-o-fortalecimento-do-ambiente-de-negocios-e-o-alinhamento-estrategico-do-colegiado\/\" \/>\n<meta property=\"og:locale\" content=\"pt_BR\" \/>\n<meta property=\"og:type\" content=\"article\" \/>\n<meta property=\"og:title\" content=\"Conselho de Gest\u00e3o e Competitividade da FIEMG encerra atividades de 2025 - FIEMG\" \/>\n<meta property=\"og:description\" content=\"Reuni\u00e3o realizada em BH destacou o fortalecimento do ambiente de neg\u00f3cios e o alinhamento estrat\u00e9gico do colegiado\" \/>\n<meta property=\"og:url\" content=\"https:\/\/www.fiemg.com.br\/fiemg\/noticias\/reuniao-realizada-em-bh-destacou-o-fortalecimento-do-ambiente-de-negocios-e-o-alinhamento-estrategico-do-colegiado\/\" \/>\n<meta property=\"og:site_name\" content=\"FIEMG\" \/>\n<meta property=\"article:modified_time\" content=\"2025-12-16T16:13:08+00:00\" \/>\n<meta property=\"og:image\" content=\"https:\/\/www.fiemg.com.br\/fiemg\/wp-content\/uploads\/sites\/10\/2025\/12\/COMPETITIVIDADE.png\" \/>\n\t<meta property=\"og:image:width\" content=\"1600\" \/>\n\t<meta property=\"og:image:height\" content=\"1600\" \/>\n\t<meta property=\"og:image:type\" content=\"image\/png\" \/>\n<meta name=\"twitter:card\" content=\"summary_large_image\" \/>\n<meta name=\"twitter:label1\" content=\"Est. tempo de leitura\" \/>\n\t<meta name=\"twitter:data1\" content=\"3 minutos\" \/>\n<script type=\"application\/ld+json\" class=\"yoast-schema-graph\">{\"@context\":\"https:\/\/schema.org\",\"@graph\":[{\"@type\":\"WebPage\",\"@id\":\"https:\/\/www.fiemg.com.br\/fiemg\/noticias\/reuniao-realizada-em-bh-destacou-o-fortalecimento-do-ambiente-de-negocios-e-o-alinhamento-estrategico-do-colegiado\/\",\"url\":\"https:\/\/www.fiemg.com.br\/fiemg\/noticias\/reuniao-realizada-em-bh-destacou-o-fortalecimento-do-ambiente-de-negocios-e-o-alinhamento-estrategico-do-colegiado\/\",\"name\":\"Conselho de Gest\u00e3o e Competitividade da FIEMG encerra atividades de 2025 - FIEMG\",\"isPartOf\":{\"@id\":\"https:\/\/www.fiemg.com.br\/fiemg\/#website\"},\"primaryImageOfPage\":{\"@id\":\"https:\/\/www.fiemg.com.br\/fiemg\/noticias\/reuniao-realizada-em-bh-destacou-o-fortalecimento-do-ambiente-de-negocios-e-o-alinhamento-estrategico-do-colegiado\/#primaryimage\"},\"image\":{\"@id\":\"https:\/\/www.fiemg.com.br\/fiemg\/noticias\/reuniao-realizada-em-bh-destacou-o-fortalecimento-do-ambiente-de-negocios-e-o-alinhamento-estrategico-do-colegiado\/#primaryimage\"},\"thumbnailUrl\":\"https:\/\/www.fiemg.com.br\/fiemg\/wp-content\/uploads\/sites\/10\/2025\/12\/COMPETITIVIDADE.png\",\"datePublished\":\"2025-12-16T16:10:43+00:00\",\"dateModified\":\"2025-12-16T16:13:08+00:00\",\"description\":\"Reuni\u00e3o realizada em BH destacou o fortalecimento do ambiente de neg\u00f3cios e o alinhamento estrat\u00e9gico do colegiado\",\"breadcrumb\":{\"@id\":\"https:\/\/www.fiemg.com.br\/fiemg\/noticias\/reuniao-realizada-em-bh-destacou-o-fortalecimento-do-ambiente-de-negocios-e-o-alinhamento-estrategico-do-colegiado\/#breadcrumb\"},\"inLanguage\":\"pt-BR\",\"potentialAction\":[{\"@type\":\"ReadAction\",\"target\":[\"https:\/\/www.fiemg.com.br\/fiemg\/noticias\/reuniao-realizada-em-bh-destacou-o-fortalecimento-do-ambiente-de-negocios-e-o-alinhamento-estrategico-do-colegiado\/\"]}]},{\"@type\":\"ImageObject\",\"inLanguage\":\"pt-BR\",\"@id\":\"https:\/\/www.fiemg.com.br\/fiemg\/noticias\/reuniao-realizada-em-bh-destacou-o-fortalecimento-do-ambiente-de-negocios-e-o-alinhamento-estrategico-do-colegiado\/#primaryimage\",\"url\":\"https:\/\/www.fiemg.com.br\/fiemg\/wp-content\/uploads\/sites\/10\/2025\/12\/COMPETITIVIDADE.png\",\"contentUrl\":\"https:\/\/www.fiemg.com.br\/fiemg\/wp-content\/uploads\/sites\/10\/2025\/12\/COMPETITIVIDADE.png\",\"width\":1600,\"height\":1600},{\"@type\":\"BreadcrumbList\",\"@id\":\"https:\/\/www.fiemg.com.br\/fiemg\/noticias\/reuniao-realizada-em-bh-destacou-o-fortalecimento-do-ambiente-de-negocios-e-o-alinhamento-estrategico-do-colegiado\/#breadcrumb\",\"itemListElement\":[{\"@type\":\"ListItem\",\"position\":1,\"name\":\"In\u00edcio\",\"item\":\"https:\/\/www.fiemg.com.br\/fiemg\/\"},{\"@type\":\"ListItem\",\"position\":2,\"name\":\"Conselho de Gest\u00e3o e Competitividade da FIEMG encerra atividades de 2025\"}]},{\"@type\":\"WebSite\",\"@id\":\"https:\/\/www.fiemg.com.br\/fiemg\/#website\",\"url\":\"https:\/\/www.fiemg.com.br\/fiemg\/\",\"name\":\"FIEMG\",\"description\":\"Federa\u00e7\u00e3o das Ind\u00fastrias do Estado de Minas Gerais\",\"publisher\":{\"@id\":\"https:\/\/www.fiemg.com.br\/fiemg\/#organization\"},\"potentialAction\":[{\"@type\":\"SearchAction\",\"target\":{\"@type\":\"EntryPoint\",\"urlTemplate\":\"https:\/\/www.fiemg.com.br\/fiemg\/?s={search_term_string}\"},\"query-input\":{\"@type\":\"PropertyValueSpecification\",\"valueRequired\":true,\"valueName\":\"search_term_string\"}}],\"inLanguage\":\"pt-BR\"},{\"@type\":\"Organization\",\"@id\":\"https:\/\/www.fiemg.com.br\/fiemg\/#organization\",\"name\":\"FIEMG\",\"url\":\"https:\/\/www.fiemg.com.br\/fiemg\/\",\"logo\":{\"@type\":\"ImageObject\",\"inLanguage\":\"pt-BR\",\"@id\":\"https:\/\/www.fiemg.com.br\/fiemg\/#\/schema\/logo\/image\/\",\"url\":\"https:\/\/www.fiemg.com.br\/fiemg\/wp-content\/uploads\/sites\/10\/2023\/02\/fiemg_branco.svg\",\"contentUrl\":\"https:\/\/www.fiemg.com.br\/fiemg\/wp-content\/uploads\/sites\/10\/2023\/02\/fiemg_branco.svg\",\"width\":561,\"height\":147,\"caption\":\"FIEMG\"},\"image\":{\"@id\":\"https:\/\/www.fiemg.com.br\/fiemg\/#\/schema\/logo\/image\/\"}}]}<\/script>\n<!-- \/ Yoast SEO plugin. -->","yoast_head_json":{"title":"Conselho de Gest\u00e3o e Competitividade da FIEMG encerra atividades de 2025 - FIEMG","description":"Reuni\u00e3o realizada em BH destacou o fortalecimento do ambiente de neg\u00f3cios e o alinhamento estrat\u00e9gico do colegiado","robots":{"index":"index","follow":"follow","max-snippet":"max-snippet:-1","max-image-preview":"max-image-preview:large","max-video-preview":"max-video-preview:-1"},"canonical":"https:\/\/www.fiemg.com.br\/fiemg\/noticias\/reuniao-realizada-em-bh-destacou-o-fortalecimento-do-ambiente-de-negocios-e-o-alinhamento-estrategico-do-colegiado\/","og_locale":"pt_BR","og_type":"article","og_title":"Conselho de Gest\u00e3o e Competitividade da FIEMG encerra atividades de 2025 - FIEMG","og_description":"Reuni\u00e3o realizada em BH destacou o fortalecimento do ambiente de neg\u00f3cios e o alinhamento estrat\u00e9gico do colegiado","og_url":"https:\/\/www.fiemg.com.br\/fiemg\/noticias\/reuniao-realizada-em-bh-destacou-o-fortalecimento-do-ambiente-de-negocios-e-o-alinhamento-estrategico-do-colegiado\/","og_site_name":"FIEMG","article_modified_time":"2025-12-16T16:13:08+00:00","og_image":[{"width":1600,"height":1600,"url":"https:\/\/www.fiemg.com.br\/fiemg\/wp-content\/uploads\/sites\/10\/2025\/12\/COMPETITIVIDADE.png","type":"image\/png"}],"twitter_card":"summary_large_image","twitter_misc":{"Est. tempo de leitura":"3 minutos"},"schema":{"@context":"https:\/\/schema.org","@graph":[{"@type":"WebPage","@id":"https:\/\/www.fiemg.com.br\/fiemg\/noticias\/reuniao-realizada-em-bh-destacou-o-fortalecimento-do-ambiente-de-negocios-e-o-alinhamento-estrategico-do-colegiado\/","url":"https:\/\/www.fiemg.com.br\/fiemg\/noticias\/reuniao-realizada-em-bh-destacou-o-fortalecimento-do-ambiente-de-negocios-e-o-alinhamento-estrategico-do-colegiado\/","name":"Conselho de Gest\u00e3o e Competitividade da FIEMG encerra atividades de 2025 - FIEMG","isPartOf":{"@id":"https:\/\/www.fiemg.com.br\/fiemg\/#website"},"primaryImageOfPage":{"@id":"https:\/\/www.fiemg.com.br\/fiemg\/noticias\/reuniao-realizada-em-bh-destacou-o-fortalecimento-do-ambiente-de-negocios-e-o-alinhamento-estrategico-do-colegiado\/#primaryimage"},"image":{"@id":"https:\/\/www.fiemg.com.br\/fiemg\/noticias\/reuniao-realizada-em-bh-destacou-o-fortalecimento-do-ambiente-de-negocios-e-o-alinhamento-estrategico-do-colegiado\/#primaryimage"},"thumbnailUrl":"https:\/\/www.fiemg.com.br\/fiemg\/wp-content\/uploads\/sites\/10\/2025\/12\/COMPETITIVIDADE.png","datePublished":"2025-12-16T16:10:43+00:00","dateModified":"2025-12-16T16:13:08+00:00","description":"Reuni\u00e3o realizada em BH destacou o fortalecimento do ambiente de neg\u00f3cios e o alinhamento estrat\u00e9gico do colegiado","breadcrumb":{"@id":"https:\/\/www.fiemg.com.br\/fiemg\/noticias\/reuniao-realizada-em-bh-destacou-o-fortalecimento-do-ambiente-de-negocios-e-o-alinhamento-estrategico-do-colegiado\/#breadcrumb"},"inLanguage":"pt-BR","potentialAction":[{"@type":"ReadAction","target":["https:\/\/www.fiemg.com.br\/fiemg\/noticias\/reuniao-realizada-em-bh-destacou-o-fortalecimento-do-ambiente-de-negocios-e-o-alinhamento-estrategico-do-colegiado\/"]}]},{"@type":"ImageObject","inLanguage":"pt-BR","@id":"https:\/\/www.fiemg.com.br\/fiemg\/noticias\/reuniao-realizada-em-bh-destacou-o-fortalecimento-do-ambiente-de-negocios-e-o-alinhamento-estrategico-do-colegiado\/#primaryimage","url":"https:\/\/www.fiemg.com.br\/fiemg\/wp-content\/uploads\/sites\/10\/2025\/12\/COMPETITIVIDADE.png","contentUrl":"https:\/\/www.fiemg.com.br\/fiemg\/wp-content\/uploads\/sites\/10\/2025\/12\/COMPETITIVIDADE.png","width":1600,"height":1600},{"@type":"BreadcrumbList","@id":"https:\/\/www.fiemg.com.br\/fiemg\/noticias\/reuniao-realizada-em-bh-destacou-o-fortalecimento-do-ambiente-de-negocios-e-o-alinhamento-estrategico-do-colegiado\/#breadcrumb","itemListElement":[{"@type":"ListItem","position":1,"name":"In\u00edcio","item":"https:\/\/www.fiemg.com.br\/fiemg\/"},{"@type":"ListItem","position":2,"name":"Conselho de Gest\u00e3o e Competitividade da FIEMG encerra atividades de 2025"}]},{"@type":"WebSite","@id":"https:\/\/www.fiemg.com.br\/fiemg\/#website","url":"https:\/\/www.fiemg.com.br\/fiemg\/","name":"FIEMG","description":"Federa\u00e7\u00e3o das Ind\u00fastrias do Estado de Minas Gerais","publisher":{"@id":"https:\/\/www.fiemg.com.br\/fiemg\/#organization"},"potentialAction":[{"@type":"SearchAction","target":{"@type":"EntryPoint","urlTemplate":"https:\/\/www.fiemg.com.br\/fiemg\/?s={search_term_string}"},"query-input":{"@type":"PropertyValueSpecification","valueRequired":true,"valueName":"search_term_string"}}],"inLanguage":"pt-BR"},{"@type":"Organization","@id":"https:\/\/www.fiemg.com.br\/fiemg\/#organization","name":"FIEMG","url":"https:\/\/www.fiemg.com.br\/fiemg\/","logo":{"@type":"ImageObject","inLanguage":"pt-BR","@id":"https:\/\/www.fiemg.com.br\/fiemg\/#\/schema\/logo\/image\/","url":"https:\/\/www.fiemg.com.br\/fiemg\/wp-content\/uploads\/sites\/10\/2023\/02\/fiemg_branco.svg","contentUrl":"https:\/\/www.fiemg.com.br\/fiemg\/wp-content\/uploads\/sites\/10\/2023\/02\/fiemg_branco.svg","width":561,"height":147,"caption":"FIEMG"},"image":{"@id":"https:\/\/www.fiemg.com.br\/fiemg\/#\/schema\/logo\/image\/"}}]}},"_links":{"self":[{"href":"https:\/\/www.fiemg.com.br\/fiemg\/wp-json\/wp\/v2\/noticias\/10698","targetHints":{"allow":["GET"]}}],"collection":[{"href":"https:\/\/www.fiemg.com.br\/fiemg\/wp-json\/wp\/v2\/noticias"}],"about":[{"href":"https:\/\/www.fiemg.com.br\/fiemg\/wp-json\/wp\/v2\/types\/noticias"}],"wp:featuredmedia":[{"embeddable":true,"href":"https:\/\/www.fiemg.com.br\/fiemg\/wp-json\/wp\/v2\/media\/10699"}],"wp:attachment":[{"href":"https:\/\/www.fiemg.com.br\/fiemg\/wp-json\/wp\/v2\/media?parent=10698"}],"wp:term":[{"taxonomy":"category","embeddable":true,"href":"https:\/\/www.fiemg.com.br\/fiemg\/wp-json\/wp\/v2\/categories?post=10698"},{"taxonomy":"post_tag","embeddable":true,"href":"https:\/\/www.fiemg.com.br\/fiemg\/wp-json\/wp\/v2\/tags?post=10698"}],"curies":[{"name":"wp","href":"https:\/\/api.w.org\/{rel}","templated":true}]}}