{"id":10716,"date":"2025-12-14T10:47:36","date_gmt":"2025-12-14T13:47:36","guid":{"rendered":"https:\/\/www.fiemg.com.br\/fiemg\/noticias\/memorias-que-inspiram-encontro-reune-alunos-do-sesi-granbery-e-idosos-do-projeto-sesi-vida\/"},"modified":"2025-12-14T10:47:36","modified_gmt":"2025-12-14T13:47:36","slug":"memorias-que-inspiram-encontro-reune-alunos-do-sesi-granbery-e-idosos-do-projeto-sesi-vida","status":"publish","type":"noticias","link":"https:\/\/www.fiemg.com.br\/fiemg\/noticias\/memorias-que-inspiram-encontro-reune-alunos-do-sesi-granbery-e-idosos-do-projeto-sesi-vida\/","title":{"rendered":"Mem\u00f3rias que Inspiram: encontro re\u00fane alunos do SESI Granbery e idosos do projeto SESI + Vida"},"content":{"rendered":"\n<p>A Escola SESI Granbery realizou, no dia 2 de dezembro, um encontro especial que emocionou alunos, professores e idosos do projeto SESI + Vida, da Escola de Esportes do Clube SESI Juiz de Fora. A atividade, intitulada \u201cMem\u00f3rias que Inspiram\u201d, reuniu as turmas do 5\u00ba ano da escola e idosas participantes do programa, oferecendo uma viv\u00eancia de troca afetiva, respeito e aprendizado por meio do di\u00e1logo entre gera\u00e7\u00f5es.<\/p>\n\n\n\n<p>O encontro teve in\u00edcio com uma sess\u00e3o de alongamento conduzida pelos profissionais dos Clubes SESI, que buscou promover bem-estar e preparar o grupo para as atividades. Depois, crian\u00e7as e idosos participaram de uma din\u00e2mica de integra\u00e7\u00e3o, criando um ambiente leve, acolhedor e prop\u00edcio \u00e0 troca de experi\u00eancias. Em seguida, os alunos conversaram com as convidadas, fazendo perguntas sobre a inf\u00e2ncia, costumes, brincadeiras antigas, mem\u00f3rias felizes, modo de vida e at\u00e9 sobre o estilo de roupas usado \u201cnaquela \u00e9poca\u201d. A escuta atenta dos alunos e as hist\u00f3rias cheias de afeto das idosas transformaram o momento em uma verdadeira aula sobre hist\u00f3ria, cultura, emo\u00e7\u00f5es e v\u00ednculos.<\/p>\n\n\n\n<p>O objetivo do projeto foi fortalecer o respeito intergeracional, sensibilizar as crian\u00e7as para a import\u00e2ncia do cuidado com os mais velhos e reconhecer o valor das mem\u00f3rias familiares como fonte de conhecimento. Al\u00e9m disso, a atividade integrou diferentes componentes curriculares \u2014 como L\u00edngua Portuguesa, Hist\u00f3ria, Artes, Ci\u00eancias e Educa\u00e7\u00e3o Moral e \u00c9tica \u2014 desenvolvendo compet\u00eancias de escuta, oralidade, empatia, express\u00e3o art\u00edstica e consci\u00eancia social.<\/p>\n\n\n\n<p>A iniciativa foi organizada pelas professoras Adriana Gomes (respons\u00e1vel pelas aulas do p\u00fablico idoso da Escola de Esportes do SESI),  Juliana Oliveira e J\u00falia Rosa (respons\u00e1veis pelo projeto \u201cMem\u00f3rias que Inspiram\u201d), que ao longo das \u00faltimas semanas trabalhou com os alunos o tema do envelhecimento, o valor das hist\u00f3rias de vida e a import\u00e2ncia da conviv\u00eancia respeitosa entre gera\u00e7\u00f5es. O encontro marcou mais uma a\u00e7\u00e3o integrada entre a Escola SESI Granbery e os Clubes SESI, refor\u00e7ando o prop\u00f3sito da institui\u00e7\u00e3o de promover educa\u00e7\u00e3o completa \u2014 intelectual, social, emocional e cidad\u00e3 \u2014 em um ambiente que valoriza a comunidade, o cuidado e as rela\u00e7\u00f5es humanas.<\/p>\n\n\n\n<figure class=\"wp-block-image size-large is-resized\"><img fetchpriority=\"high\" decoding=\"async\" width=\"1024\" height=\"768\" src=\"https:\/\/www.fiemg.com.br\/fiemg\/wp-content\/uploads\/sites\/10\/2025\/12\/evento-sesi-mais-vida-2-1024x768.jpg\" alt=\"\" class=\"wp-image-10719\" style=\"width:446px;height:auto\" srcset=\"https:\/\/www.fiemg.com.br\/fiemg\/wp-content\/uploads\/sites\/10\/2025\/12\/evento-sesi-mais-vida-2-1024x768.jpg 1024w, https:\/\/www.fiemg.com.br\/fiemg\/wp-content\/uploads\/sites\/10\/2025\/12\/evento-sesi-mais-vida-2-300x225.jpg 300w, https:\/\/www.fiemg.com.br\/fiemg\/wp-content\/uploads\/sites\/10\/2025\/12\/evento-sesi-mais-vida-2-768x576.jpg 768w, https:\/\/www.fiemg.com.br\/fiemg\/wp-content\/uploads\/sites\/10\/2025\/12\/evento-sesi-mais-vida-2-1536x1152.jpg 1536w, https:\/\/www.fiemg.com.br\/fiemg\/wp-content\/uploads\/sites\/10\/2025\/12\/evento-sesi-mais-vida-2.jpg 1600w\" sizes=\"(max-width: 1024px) 100vw, 1024px\" \/><\/figure>\n\n\n\n<p>.<\/p>\n\n\n\n<p><em>Graciele Vianna<\/em><br><strong>Imprensa FIEMG<\/strong><\/p>\n","protected":false},"featured_media":2390,"template":"","categories":[16,327],"tags":[],"class_list":["post-10716","noticias","type-noticias","status-publish","has-post-thumbnail","hentry","category-educacao","category-sesi"],"acf":[],"yoast_head":"<!-- This site is optimized with the Yoast SEO plugin v26.2 - https:\/\/yoast.com\/wordpress\/plugins\/seo\/ -->\n<title>Mem\u00f3rias que Inspiram: encontro re\u00fane alunos do SESI Granbery e idosos do projeto SESI + Vida - FIEMG<\/title>\n<meta name=\"robots\" content=\"index, follow, max-snippet:-1, max-image-preview:large, max-video-preview:-1\" \/>\n<link rel=\"canonical\" href=\"https:\/\/www.fiemg.com.br\/fiemg\/noticias\/memorias-que-inspiram-encontro-reune-alunos-do-sesi-granbery-e-idosos-do-projeto-sesi-vida\/\" \/>\n<meta property=\"og:locale\" content=\"pt_BR\" \/>\n<meta property=\"og:type\" content=\"article\" \/>\n<meta property=\"og:title\" content=\"Mem\u00f3rias que Inspiram: encontro re\u00fane alunos do SESI Granbery e idosos do projeto SESI + Vida - FIEMG\" \/>\n<meta property=\"og:description\" content=\"A Escola SESI Granbery realizou, no dia 2 de dezembro, um encontro especial que emocionou alunos, professores e idosos do projeto SESI + Vida, da Escola de Esportes do Clube SESI Juiz de Fora. A atividade, intitulada \u201cMem\u00f3rias que Inspiram\u201d, reuniu as turmas do 5\u00ba ano da escola e idosas participantes do programa, oferecendo uma [&hellip;]\" \/>\n<meta property=\"og:url\" content=\"https:\/\/www.fiemg.com.br\/fiemg\/noticias\/memorias-que-inspiram-encontro-reune-alunos-do-sesi-granbery-e-idosos-do-projeto-sesi-vida\/\" \/>\n<meta property=\"og:site_name\" content=\"FIEMG\" \/>\n<meta property=\"og:image\" content=\"https:\/\/www.fiemg.com.br\/fiemg\/wp-content\/uploads\/sites\/10\/2023\/09\/Design-sem-nome-1-1.png\" \/>\n\t<meta property=\"og:image:width\" content=\"940\" \/>\n\t<meta property=\"og:image:height\" content=\"240\" \/>\n\t<meta property=\"og:image:type\" content=\"image\/png\" \/>\n<meta name=\"twitter:card\" content=\"summary_large_image\" \/>\n<meta name=\"twitter:label1\" content=\"Est. tempo de leitura\" \/>\n\t<meta name=\"twitter:data1\" content=\"3 minutos\" \/>\n<script type=\"application\/ld+json\" class=\"yoast-schema-graph\">{\"@context\":\"https:\/\/schema.org\",\"@graph\":[{\"@type\":\"WebPage\",\"@id\":\"https:\/\/www.fiemg.com.br\/fiemg\/noticias\/memorias-que-inspiram-encontro-reune-alunos-do-sesi-granbery-e-idosos-do-projeto-sesi-vida\/\",\"url\":\"https:\/\/www.fiemg.com.br\/fiemg\/noticias\/memorias-que-inspiram-encontro-reune-alunos-do-sesi-granbery-e-idosos-do-projeto-sesi-vida\/\",\"name\":\"Mem\u00f3rias que Inspiram: encontro re\u00fane alunos do SESI Granbery e idosos do projeto SESI + Vida - FIEMG\",\"isPartOf\":{\"@id\":\"https:\/\/www.fiemg.com.br\/fiemg\/#website\"},\"primaryImageOfPage\":{\"@id\":\"https:\/\/www.fiemg.com.br\/fiemg\/noticias\/memorias-que-inspiram-encontro-reune-alunos-do-sesi-granbery-e-idosos-do-projeto-sesi-vida\/#primaryimage\"},\"image\":{\"@id\":\"https:\/\/www.fiemg.com.br\/fiemg\/noticias\/memorias-que-inspiram-encontro-reune-alunos-do-sesi-granbery-e-idosos-do-projeto-sesi-vida\/#primaryimage\"},\"thumbnailUrl\":\"https:\/\/www.fiemg.com.br\/fiemg\/wp-content\/uploads\/sites\/10\/2023\/09\/Design-sem-nome-1-1.png\",\"datePublished\":\"2025-12-14T13:47:36+00:00\",\"breadcrumb\":{\"@id\":\"https:\/\/www.fiemg.com.br\/fiemg\/noticias\/memorias-que-inspiram-encontro-reune-alunos-do-sesi-granbery-e-idosos-do-projeto-sesi-vida\/#breadcrumb\"},\"inLanguage\":\"pt-BR\",\"potentialAction\":[{\"@type\":\"ReadAction\",\"target\":[\"https:\/\/www.fiemg.com.br\/fiemg\/noticias\/memorias-que-inspiram-encontro-reune-alunos-do-sesi-granbery-e-idosos-do-projeto-sesi-vida\/\"]}]},{\"@type\":\"ImageObject\",\"inLanguage\":\"pt-BR\",\"@id\":\"https:\/\/www.fiemg.com.br\/fiemg\/noticias\/memorias-que-inspiram-encontro-reune-alunos-do-sesi-granbery-e-idosos-do-projeto-sesi-vida\/#primaryimage\",\"url\":\"https:\/\/www.fiemg.com.br\/fiemg\/wp-content\/uploads\/sites\/10\/2023\/09\/Design-sem-nome-1-1.png\",\"contentUrl\":\"https:\/\/www.fiemg.com.br\/fiemg\/wp-content\/uploads\/sites\/10\/2023\/09\/Design-sem-nome-1-1.png\",\"width\":940,\"height\":240},{\"@type\":\"BreadcrumbList\",\"@id\":\"https:\/\/www.fiemg.com.br\/fiemg\/noticias\/memorias-que-inspiram-encontro-reune-alunos-do-sesi-granbery-e-idosos-do-projeto-sesi-vida\/#breadcrumb\",\"itemListElement\":[{\"@type\":\"ListItem\",\"position\":1,\"name\":\"In\u00edcio\",\"item\":\"https:\/\/www.fiemg.com.br\/fiemg\/\"},{\"@type\":\"ListItem\",\"position\":2,\"name\":\"Mem\u00f3rias que Inspiram: encontro re\u00fane alunos do SESI Granbery e idosos do projeto SESI + Vida\"}]},{\"@type\":\"WebSite\",\"@id\":\"https:\/\/www.fiemg.com.br\/fiemg\/#website\",\"url\":\"https:\/\/www.fiemg.com.br\/fiemg\/\",\"name\":\"FIEMG\",\"description\":\"Federa\u00e7\u00e3o das Ind\u00fastrias do Estado de Minas Gerais\",\"publisher\":{\"@id\":\"https:\/\/www.fiemg.com.br\/fiemg\/#organization\"},\"potentialAction\":[{\"@type\":\"SearchAction\",\"target\":{\"@type\":\"EntryPoint\",\"urlTemplate\":\"https:\/\/www.fiemg.com.br\/fiemg\/?s={search_term_string}\"},\"query-input\":{\"@type\":\"PropertyValueSpecification\",\"valueRequired\":true,\"valueName\":\"search_term_string\"}}],\"inLanguage\":\"pt-BR\"},{\"@type\":\"Organization\",\"@id\":\"https:\/\/www.fiemg.com.br\/fiemg\/#organization\",\"name\":\"FIEMG\",\"url\":\"https:\/\/www.fiemg.com.br\/fiemg\/\",\"logo\":{\"@type\":\"ImageObject\",\"inLanguage\":\"pt-BR\",\"@id\":\"https:\/\/www.fiemg.com.br\/fiemg\/#\/schema\/logo\/image\/\",\"url\":\"https:\/\/www.fiemg.com.br\/fiemg\/wp-content\/uploads\/sites\/10\/2023\/02\/fiemg_branco.svg\",\"contentUrl\":\"https:\/\/www.fiemg.com.br\/fiemg\/wp-content\/uploads\/sites\/10\/2023\/02\/fiemg_branco.svg\",\"width\":561,\"height\":147,\"caption\":\"FIEMG\"},\"image\":{\"@id\":\"https:\/\/www.fiemg.com.br\/fiemg\/#\/schema\/logo\/image\/\"}}]}<\/script>\n<!-- \/ Yoast SEO plugin. -->","yoast_head_json":{"title":"Mem\u00f3rias que Inspiram: encontro re\u00fane alunos do SESI Granbery e idosos do projeto SESI + Vida - FIEMG","robots":{"index":"index","follow":"follow","max-snippet":"max-snippet:-1","max-image-preview":"max-image-preview:large","max-video-preview":"max-video-preview:-1"},"canonical":"https:\/\/www.fiemg.com.br\/fiemg\/noticias\/memorias-que-inspiram-encontro-reune-alunos-do-sesi-granbery-e-idosos-do-projeto-sesi-vida\/","og_locale":"pt_BR","og_type":"article","og_title":"Mem\u00f3rias que Inspiram: encontro re\u00fane alunos do SESI Granbery e idosos do projeto SESI + Vida - FIEMG","og_description":"A Escola SESI Granbery realizou, no dia 2 de dezembro, um encontro especial que emocionou alunos, professores e idosos do projeto SESI + Vida, da Escola de Esportes do Clube SESI Juiz de Fora. A atividade, intitulada \u201cMem\u00f3rias que Inspiram\u201d, reuniu as turmas do 5\u00ba ano da escola e idosas participantes do programa, oferecendo uma [&hellip;]","og_url":"https:\/\/www.fiemg.com.br\/fiemg\/noticias\/memorias-que-inspiram-encontro-reune-alunos-do-sesi-granbery-e-idosos-do-projeto-sesi-vida\/","og_site_name":"FIEMG","og_image":[{"width":940,"height":240,"url":"https:\/\/www.fiemg.com.br\/fiemg\/wp-content\/uploads\/sites\/10\/2023\/09\/Design-sem-nome-1-1.png","type":"image\/png"}],"twitter_card":"summary_large_image","twitter_misc":{"Est. tempo de leitura":"3 minutos"},"schema":{"@context":"https:\/\/schema.org","@graph":[{"@type":"WebPage","@id":"https:\/\/www.fiemg.com.br\/fiemg\/noticias\/memorias-que-inspiram-encontro-reune-alunos-do-sesi-granbery-e-idosos-do-projeto-sesi-vida\/","url":"https:\/\/www.fiemg.com.br\/fiemg\/noticias\/memorias-que-inspiram-encontro-reune-alunos-do-sesi-granbery-e-idosos-do-projeto-sesi-vida\/","name":"Mem\u00f3rias que Inspiram: encontro re\u00fane alunos do SESI Granbery e idosos do projeto SESI + Vida - FIEMG","isPartOf":{"@id":"https:\/\/www.fiemg.com.br\/fiemg\/#website"},"primaryImageOfPage":{"@id":"https:\/\/www.fiemg.com.br\/fiemg\/noticias\/memorias-que-inspiram-encontro-reune-alunos-do-sesi-granbery-e-idosos-do-projeto-sesi-vida\/#primaryimage"},"image":{"@id":"https:\/\/www.fiemg.com.br\/fiemg\/noticias\/memorias-que-inspiram-encontro-reune-alunos-do-sesi-granbery-e-idosos-do-projeto-sesi-vida\/#primaryimage"},"thumbnailUrl":"https:\/\/www.fiemg.com.br\/fiemg\/wp-content\/uploads\/sites\/10\/2023\/09\/Design-sem-nome-1-1.png","datePublished":"2025-12-14T13:47:36+00:00","breadcrumb":{"@id":"https:\/\/www.fiemg.com.br\/fiemg\/noticias\/memorias-que-inspiram-encontro-reune-alunos-do-sesi-granbery-e-idosos-do-projeto-sesi-vida\/#breadcrumb"},"inLanguage":"pt-BR","potentialAction":[{"@type":"ReadAction","target":["https:\/\/www.fiemg.com.br\/fiemg\/noticias\/memorias-que-inspiram-encontro-reune-alunos-do-sesi-granbery-e-idosos-do-projeto-sesi-vida\/"]}]},{"@type":"ImageObject","inLanguage":"pt-BR","@id":"https:\/\/www.fiemg.com.br\/fiemg\/noticias\/memorias-que-inspiram-encontro-reune-alunos-do-sesi-granbery-e-idosos-do-projeto-sesi-vida\/#primaryimage","url":"https:\/\/www.fiemg.com.br\/fiemg\/wp-content\/uploads\/sites\/10\/2023\/09\/Design-sem-nome-1-1.png","contentUrl":"https:\/\/www.fiemg.com.br\/fiemg\/wp-content\/uploads\/sites\/10\/2023\/09\/Design-sem-nome-1-1.png","width":940,"height":240},{"@type":"BreadcrumbList","@id":"https:\/\/www.fiemg.com.br\/fiemg\/noticias\/memorias-que-inspiram-encontro-reune-alunos-do-sesi-granbery-e-idosos-do-projeto-sesi-vida\/#breadcrumb","itemListElement":[{"@type":"ListItem","position":1,"name":"In\u00edcio","item":"https:\/\/www.fiemg.com.br\/fiemg\/"},{"@type":"ListItem","position":2,"name":"Mem\u00f3rias que Inspiram: encontro re\u00fane alunos do SESI Granbery e idosos do projeto SESI + Vida"}]},{"@type":"WebSite","@id":"https:\/\/www.fiemg.com.br\/fiemg\/#website","url":"https:\/\/www.fiemg.com.br\/fiemg\/","name":"FIEMG","description":"Federa\u00e7\u00e3o das Ind\u00fastrias do Estado de Minas Gerais","publisher":{"@id":"https:\/\/www.fiemg.com.br\/fiemg\/#organization"},"potentialAction":[{"@type":"SearchAction","target":{"@type":"EntryPoint","urlTemplate":"https:\/\/www.fiemg.com.br\/fiemg\/?s={search_term_string}"},"query-input":{"@type":"PropertyValueSpecification","valueRequired":true,"valueName":"search_term_string"}}],"inLanguage":"pt-BR"},{"@type":"Organization","@id":"https:\/\/www.fiemg.com.br\/fiemg\/#organization","name":"FIEMG","url":"https:\/\/www.fiemg.com.br\/fiemg\/","logo":{"@type":"ImageObject","inLanguage":"pt-BR","@id":"https:\/\/www.fiemg.com.br\/fiemg\/#\/schema\/logo\/image\/","url":"https:\/\/www.fiemg.com.br\/fiemg\/wp-content\/uploads\/sites\/10\/2023\/02\/fiemg_branco.svg","contentUrl":"https:\/\/www.fiemg.com.br\/fiemg\/wp-content\/uploads\/sites\/10\/2023\/02\/fiemg_branco.svg","width":561,"height":147,"caption":"FIEMG"},"image":{"@id":"https:\/\/www.fiemg.com.br\/fiemg\/#\/schema\/logo\/image\/"}}]}},"_links":{"self":[{"href":"https:\/\/www.fiemg.com.br\/fiemg\/wp-json\/wp\/v2\/noticias\/10716","targetHints":{"allow":["GET"]}}],"collection":[{"href":"https:\/\/www.fiemg.com.br\/fiemg\/wp-json\/wp\/v2\/noticias"}],"about":[{"href":"https:\/\/www.fiemg.com.br\/fiemg\/wp-json\/wp\/v2\/types\/noticias"}],"wp:featuredmedia":[{"embeddable":true,"href":"https:\/\/www.fiemg.com.br\/fiemg\/wp-json\/wp\/v2\/media\/2390"}],"wp:attachment":[{"href":"https:\/\/www.fiemg.com.br\/fiemg\/wp-json\/wp\/v2\/media?parent=10716"}],"wp:term":[{"taxonomy":"category","embeddable":true,"href":"https:\/\/www.fiemg.com.br\/fiemg\/wp-json\/wp\/v2\/categories?post=10716"},{"taxonomy":"post_tag","embeddable":true,"href":"https:\/\/www.fiemg.com.br\/fiemg\/wp-json\/wp\/v2\/tags?post=10716"}],"curies":[{"name":"wp","href":"https:\/\/api.w.org\/{rel}","templated":true}]}}