{"id":10720,"date":"2025-12-16T18:04:39","date_gmt":"2025-12-16T21:04:39","guid":{"rendered":"https:\/\/www.fiemg.com.br\/fiemg\/noticias\/senai-mg-atinge-mais-de-250-mil-matriculas\/"},"modified":"2025-12-17T13:33:21","modified_gmt":"2025-12-17T16:33:21","slug":"senai-mg-atinge-mais-de-250-mil-matriculas","status":"publish","type":"noticias","link":"https:\/\/www.fiemg.com.br\/fiemg\/noticias\/senai-mg-atinge-mais-de-250-mil-matriculas\/","title":{"rendered":"SENAI-MG atinge mais de 250 mil matr\u00edculas\u00a0"},"content":{"rendered":"\n<p>O Servi\u00e7o Nacional de Aprendizagem Industrial (SENAI) \u00e9 refer\u00eancia consolidada em forma\u00e7\u00e3o profissional e, em 2026, refor\u00e7a seu papel como principal porta de entrada para o mercado de trabalho com o Programa de Aprendizagem Industrial. O SENAI-MG bateu recorde de matr\u00edculas para os Cursos T\u00e9cnicos para o pr\u00f3ximo ano, chegando a<strong> 250.801 inscritos<\/strong>.<\/p>\n\n\n\n<p>De acordo com <strong>Christiano Leal,<\/strong> <strong>diretor regional SENAI-MG e superintendente do SESI, <\/strong>no ano passado foram 222.091 matr\u00edculas e a meta para essa ano era bem robusta: passar das 250 mil matr\u00edculas. \u201cPassamos o ano inteiro buscando ampliar o atendimento, aumentar o leque de op\u00e7\u00f5es de forma\u00e7\u00e3o para ind\u00fastrias e expandir \u00e1reas de conhecimento que trabalhamos. Entendo que tudo isso contribuiu e culminou com o recorde de resultado que obtemos hoje\u201d, ressaltou Christiano Leal.\u00a0<\/p>\n\n\n\n<p>A oferta contempla 28 \u00e1reas de conhecimento para o ano que vem, distribu\u00eddos em 67 unidades em todas as regi\u00f5es do Estado, com in\u00edcio das aulas previsto para 2 de fevereiro. \u201cAcreditamos que a partir do ano que vem com a expans\u00e3o das escolas m\u00f3veis e principalmente com o Programa Trilha nas Escolas, o n\u00famero de matr\u00edculas ser\u00e1 ainda maior do que os 250 mil\u201d, comentou o diretor regional do SENAI-MG.&nbsp;<\/p>\n\n\n\n<p>A procura crescente por forma\u00e7\u00e3o t\u00e9cnica tem acompanhado a demanda da ind\u00fastria por profissionais qualificados. Um levantamento realizado em 2024 revela que 91% dos alunos formados pelo SENAI-MG em cursos t\u00e9cnicos estavam empregados, \u00edndice que refor\u00e7a a import\u00e2ncia da educa\u00e7\u00e3o profissional para a inser\u00e7\u00e3o r\u00e1pida no mercado de trabalho.<\/p>\n\n\n\n<p>\u201cTemos trabalhado fortemente para melhorar a experi\u00eancia dos alunos no SENAI-MG, n\u00e3o somente no que diz respeito \u00e0 infraestrutura, mas tamb\u00e9m investindo na qualifica\u00e7\u00e3o e treinamento dos profissionais para garantir a melhor qualidade no ensino. Estamos em constante revitaliza\u00e7\u00e3o do parque tecnol\u00f3gico e focados na inova\u00e7\u00e3o, qualifica\u00e7\u00e3o e aperfei\u00e7oamento profissional para atender diretamente \u00e0s necessidades da ind\u00fastria\u201d.<\/p>\n\n\n\n<p>As forma\u00e7\u00f5es incluem atividades em laborat\u00f3rios equipados, uso de tecnologias aplicadas aos processos produtivos e acompanhamento de instrutores especializados, que atuam ou j\u00e1 atuaram no setor. A metodologia combina teoria e pr\u00e1tica de forma integrada, permitindo que os estudantes desenvolvam compet\u00eancias alinhadas \u00e0s necessidades reais das ind\u00fastrias.<\/p>\n\n\n\n<p>Al\u00e9m da prepara\u00e7\u00e3o t\u00e9cnica, os alunos t\u00eam acesso a projetos aplicados, viv\u00eancias em ambientes que simulam situa\u00e7\u00f5es de trabalho e conte\u00fados voltados para inova\u00e7\u00e3o, fatores que contribuem para a empregabilidade e para o reconhecimento dos diplomas emitidos pela institui\u00e7\u00e3o nos \u00e2mbitos estadual e nacional.<\/p>\n\n\n\n<p><em>Marina Rigueira <br><\/em><strong>Imprensa FIEMG <\/strong><\/p>\n","protected":false},"featured_media":10723,"template":"","categories":[],"tags":[],"class_list":["post-10720","noticias","type-noticias","status-publish","has-post-thumbnail","hentry"],"acf":[],"yoast_head":"<!-- This site is optimized with the Yoast SEO plugin v26.2 - https:\/\/yoast.com\/wordpress\/plugins\/seo\/ -->\n<title>SENAI-MG atinge mais de 250 mil matr\u00edculas\u00a0 - FIEMG<\/title>\n<meta name=\"robots\" content=\"index, follow, max-snippet:-1, max-image-preview:large, max-video-preview:-1\" \/>\n<link rel=\"canonical\" href=\"https:\/\/www.fiemg.com.br\/fiemg\/noticias\/senai-mg-atinge-mais-de-250-mil-matriculas\/\" \/>\n<meta property=\"og:locale\" content=\"pt_BR\" \/>\n<meta property=\"og:type\" content=\"article\" \/>\n<meta property=\"og:title\" content=\"SENAI-MG atinge mais de 250 mil matr\u00edculas\u00a0 - FIEMG\" \/>\n<meta property=\"og:description\" content=\"O Servi\u00e7o Nacional de Aprendizagem Industrial (SENAI) \u00e9 refer\u00eancia consolidada em forma\u00e7\u00e3o profissional e, em 2026, refor\u00e7a seu papel como principal porta de entrada para o mercado de trabalho com o Programa de Aprendizagem Industrial. O SENAI-MG bateu recorde de matr\u00edculas para os Cursos T\u00e9cnicos para o pr\u00f3ximo ano, chegando a 250.801 inscritos. De acordo [&hellip;]\" \/>\n<meta property=\"og:url\" content=\"https:\/\/www.fiemg.com.br\/fiemg\/noticias\/senai-mg-atinge-mais-de-250-mil-matriculas\/\" \/>\n<meta property=\"og:site_name\" content=\"FIEMG\" \/>\n<meta property=\"article:modified_time\" content=\"2025-12-17T16:33:21+00:00\" \/>\n<meta property=\"og:image\" content=\"https:\/\/www.fiemg.com.br\/fiemg\/wp-content\/uploads\/sites\/10\/2025\/12\/EA002125T_BANNER_CURSO_TECNICO_2048X448px_MOBILE-1.jpg\" \/>\n\t<meta property=\"og:image:width\" content=\"683\" \/>\n\t<meta property=\"og:image:height\" content=\"683\" \/>\n\t<meta property=\"og:image:type\" content=\"image\/jpeg\" \/>\n<meta name=\"twitter:card\" content=\"summary_large_image\" \/>\n<meta name=\"twitter:label1\" content=\"Est. tempo de leitura\" \/>\n\t<meta name=\"twitter:data1\" content=\"3 minutos\" \/>\n<script type=\"application\/ld+json\" class=\"yoast-schema-graph\">{\"@context\":\"https:\/\/schema.org\",\"@graph\":[{\"@type\":\"WebPage\",\"@id\":\"https:\/\/www.fiemg.com.br\/fiemg\/noticias\/senai-mg-atinge-mais-de-250-mil-matriculas\/\",\"url\":\"https:\/\/www.fiemg.com.br\/fiemg\/noticias\/senai-mg-atinge-mais-de-250-mil-matriculas\/\",\"name\":\"SENAI-MG atinge mais de 250 mil matr\u00edculas\u00a0 - FIEMG\",\"isPartOf\":{\"@id\":\"https:\/\/www.fiemg.com.br\/fiemg\/#website\"},\"primaryImageOfPage\":{\"@id\":\"https:\/\/www.fiemg.com.br\/fiemg\/noticias\/senai-mg-atinge-mais-de-250-mil-matriculas\/#primaryimage\"},\"image\":{\"@id\":\"https:\/\/www.fiemg.com.br\/fiemg\/noticias\/senai-mg-atinge-mais-de-250-mil-matriculas\/#primaryimage\"},\"thumbnailUrl\":\"https:\/\/www.fiemg.com.br\/fiemg\/wp-content\/uploads\/sites\/10\/2025\/12\/SENAI-CURSOS-TECNICOS.png\",\"datePublished\":\"2025-12-16T21:04:39+00:00\",\"dateModified\":\"2025-12-17T16:33:21+00:00\",\"breadcrumb\":{\"@id\":\"https:\/\/www.fiemg.com.br\/fiemg\/noticias\/senai-mg-atinge-mais-de-250-mil-matriculas\/#breadcrumb\"},\"inLanguage\":\"pt-BR\",\"potentialAction\":[{\"@type\":\"ReadAction\",\"target\":[\"https:\/\/www.fiemg.com.br\/fiemg\/noticias\/senai-mg-atinge-mais-de-250-mil-matriculas\/\"]}]},{\"@type\":\"ImageObject\",\"inLanguage\":\"pt-BR\",\"@id\":\"https:\/\/www.fiemg.com.br\/fiemg\/noticias\/senai-mg-atinge-mais-de-250-mil-matriculas\/#primaryimage\",\"url\":\"https:\/\/www.fiemg.com.br\/fiemg\/wp-content\/uploads\/sites\/10\/2025\/12\/SENAI-CURSOS-TECNICOS.png\",\"contentUrl\":\"https:\/\/www.fiemg.com.br\/fiemg\/wp-content\/uploads\/sites\/10\/2025\/12\/SENAI-CURSOS-TECNICOS.png\",\"width\":1600,\"height\":1600},{\"@type\":\"BreadcrumbList\",\"@id\":\"https:\/\/www.fiemg.com.br\/fiemg\/noticias\/senai-mg-atinge-mais-de-250-mil-matriculas\/#breadcrumb\",\"itemListElement\":[{\"@type\":\"ListItem\",\"position\":1,\"name\":\"In\u00edcio\",\"item\":\"https:\/\/www.fiemg.com.br\/fiemg\/\"},{\"@type\":\"ListItem\",\"position\":2,\"name\":\"SENAI-MG atinge mais de 250 mil matr\u00edculas\u00a0\"}]},{\"@type\":\"WebSite\",\"@id\":\"https:\/\/www.fiemg.com.br\/fiemg\/#website\",\"url\":\"https:\/\/www.fiemg.com.br\/fiemg\/\",\"name\":\"FIEMG\",\"description\":\"Federa\u00e7\u00e3o das Ind\u00fastrias do Estado de Minas Gerais\",\"publisher\":{\"@id\":\"https:\/\/www.fiemg.com.br\/fiemg\/#organization\"},\"potentialAction\":[{\"@type\":\"SearchAction\",\"target\":{\"@type\":\"EntryPoint\",\"urlTemplate\":\"https:\/\/www.fiemg.com.br\/fiemg\/?s={search_term_string}\"},\"query-input\":{\"@type\":\"PropertyValueSpecification\",\"valueRequired\":true,\"valueName\":\"search_term_string\"}}],\"inLanguage\":\"pt-BR\"},{\"@type\":\"Organization\",\"@id\":\"https:\/\/www.fiemg.com.br\/fiemg\/#organization\",\"name\":\"FIEMG\",\"url\":\"https:\/\/www.fiemg.com.br\/fiemg\/\",\"logo\":{\"@type\":\"ImageObject\",\"inLanguage\":\"pt-BR\",\"@id\":\"https:\/\/www.fiemg.com.br\/fiemg\/#\/schema\/logo\/image\/\",\"url\":\"https:\/\/www.fiemg.com.br\/fiemg\/wp-content\/uploads\/sites\/10\/2023\/02\/fiemg_branco.svg\",\"contentUrl\":\"https:\/\/www.fiemg.com.br\/fiemg\/wp-content\/uploads\/sites\/10\/2023\/02\/fiemg_branco.svg\",\"width\":561,\"height\":147,\"caption\":\"FIEMG\"},\"image\":{\"@id\":\"https:\/\/www.fiemg.com.br\/fiemg\/#\/schema\/logo\/image\/\"}}]}<\/script>\n<!-- \/ Yoast SEO plugin. -->","yoast_head_json":{"title":"SENAI-MG atinge mais de 250 mil matr\u00edculas\u00a0 - FIEMG","robots":{"index":"index","follow":"follow","max-snippet":"max-snippet:-1","max-image-preview":"max-image-preview:large","max-video-preview":"max-video-preview:-1"},"canonical":"https:\/\/www.fiemg.com.br\/fiemg\/noticias\/senai-mg-atinge-mais-de-250-mil-matriculas\/","og_locale":"pt_BR","og_type":"article","og_title":"SENAI-MG atinge mais de 250 mil matr\u00edculas\u00a0 - FIEMG","og_description":"O Servi\u00e7o Nacional de Aprendizagem Industrial (SENAI) \u00e9 refer\u00eancia consolidada em forma\u00e7\u00e3o profissional e, em 2026, refor\u00e7a seu papel como principal porta de entrada para o mercado de trabalho com o Programa de Aprendizagem Industrial. O SENAI-MG bateu recorde de matr\u00edculas para os Cursos T\u00e9cnicos para o pr\u00f3ximo ano, chegando a 250.801 inscritos. De acordo [&hellip;]","og_url":"https:\/\/www.fiemg.com.br\/fiemg\/noticias\/senai-mg-atinge-mais-de-250-mil-matriculas\/","og_site_name":"FIEMG","article_modified_time":"2025-12-17T16:33:21+00:00","og_image":[{"width":683,"height":683,"url":"https:\/\/www.fiemg.com.br\/fiemg\/wp-content\/uploads\/sites\/10\/2025\/12\/EA002125T_BANNER_CURSO_TECNICO_2048X448px_MOBILE-1.jpg","type":"image\/jpeg"}],"twitter_card":"summary_large_image","twitter_misc":{"Est. tempo de leitura":"3 minutos"},"schema":{"@context":"https:\/\/schema.org","@graph":[{"@type":"WebPage","@id":"https:\/\/www.fiemg.com.br\/fiemg\/noticias\/senai-mg-atinge-mais-de-250-mil-matriculas\/","url":"https:\/\/www.fiemg.com.br\/fiemg\/noticias\/senai-mg-atinge-mais-de-250-mil-matriculas\/","name":"SENAI-MG atinge mais de 250 mil matr\u00edculas\u00a0 - FIEMG","isPartOf":{"@id":"https:\/\/www.fiemg.com.br\/fiemg\/#website"},"primaryImageOfPage":{"@id":"https:\/\/www.fiemg.com.br\/fiemg\/noticias\/senai-mg-atinge-mais-de-250-mil-matriculas\/#primaryimage"},"image":{"@id":"https:\/\/www.fiemg.com.br\/fiemg\/noticias\/senai-mg-atinge-mais-de-250-mil-matriculas\/#primaryimage"},"thumbnailUrl":"https:\/\/www.fiemg.com.br\/fiemg\/wp-content\/uploads\/sites\/10\/2025\/12\/SENAI-CURSOS-TECNICOS.png","datePublished":"2025-12-16T21:04:39+00:00","dateModified":"2025-12-17T16:33:21+00:00","breadcrumb":{"@id":"https:\/\/www.fiemg.com.br\/fiemg\/noticias\/senai-mg-atinge-mais-de-250-mil-matriculas\/#breadcrumb"},"inLanguage":"pt-BR","potentialAction":[{"@type":"ReadAction","target":["https:\/\/www.fiemg.com.br\/fiemg\/noticias\/senai-mg-atinge-mais-de-250-mil-matriculas\/"]}]},{"@type":"ImageObject","inLanguage":"pt-BR","@id":"https:\/\/www.fiemg.com.br\/fiemg\/noticias\/senai-mg-atinge-mais-de-250-mil-matriculas\/#primaryimage","url":"https:\/\/www.fiemg.com.br\/fiemg\/wp-content\/uploads\/sites\/10\/2025\/12\/SENAI-CURSOS-TECNICOS.png","contentUrl":"https:\/\/www.fiemg.com.br\/fiemg\/wp-content\/uploads\/sites\/10\/2025\/12\/SENAI-CURSOS-TECNICOS.png","width":1600,"height":1600},{"@type":"BreadcrumbList","@id":"https:\/\/www.fiemg.com.br\/fiemg\/noticias\/senai-mg-atinge-mais-de-250-mil-matriculas\/#breadcrumb","itemListElement":[{"@type":"ListItem","position":1,"name":"In\u00edcio","item":"https:\/\/www.fiemg.com.br\/fiemg\/"},{"@type":"ListItem","position":2,"name":"SENAI-MG atinge mais de 250 mil matr\u00edculas\u00a0"}]},{"@type":"WebSite","@id":"https:\/\/www.fiemg.com.br\/fiemg\/#website","url":"https:\/\/www.fiemg.com.br\/fiemg\/","name":"FIEMG","description":"Federa\u00e7\u00e3o das Ind\u00fastrias do Estado de Minas Gerais","publisher":{"@id":"https:\/\/www.fiemg.com.br\/fiemg\/#organization"},"potentialAction":[{"@type":"SearchAction","target":{"@type":"EntryPoint","urlTemplate":"https:\/\/www.fiemg.com.br\/fiemg\/?s={search_term_string}"},"query-input":{"@type":"PropertyValueSpecification","valueRequired":true,"valueName":"search_term_string"}}],"inLanguage":"pt-BR"},{"@type":"Organization","@id":"https:\/\/www.fiemg.com.br\/fiemg\/#organization","name":"FIEMG","url":"https:\/\/www.fiemg.com.br\/fiemg\/","logo":{"@type":"ImageObject","inLanguage":"pt-BR","@id":"https:\/\/www.fiemg.com.br\/fiemg\/#\/schema\/logo\/image\/","url":"https:\/\/www.fiemg.com.br\/fiemg\/wp-content\/uploads\/sites\/10\/2023\/02\/fiemg_branco.svg","contentUrl":"https:\/\/www.fiemg.com.br\/fiemg\/wp-content\/uploads\/sites\/10\/2023\/02\/fiemg_branco.svg","width":561,"height":147,"caption":"FIEMG"},"image":{"@id":"https:\/\/www.fiemg.com.br\/fiemg\/#\/schema\/logo\/image\/"}}]}},"_links":{"self":[{"href":"https:\/\/www.fiemg.com.br\/fiemg\/wp-json\/wp\/v2\/noticias\/10720","targetHints":{"allow":["GET"]}}],"collection":[{"href":"https:\/\/www.fiemg.com.br\/fiemg\/wp-json\/wp\/v2\/noticias"}],"about":[{"href":"https:\/\/www.fiemg.com.br\/fiemg\/wp-json\/wp\/v2\/types\/noticias"}],"wp:featuredmedia":[{"embeddable":true,"href":"https:\/\/www.fiemg.com.br\/fiemg\/wp-json\/wp\/v2\/media\/10723"}],"wp:attachment":[{"href":"https:\/\/www.fiemg.com.br\/fiemg\/wp-json\/wp\/v2\/media?parent=10720"}],"wp:term":[{"taxonomy":"category","embeddable":true,"href":"https:\/\/www.fiemg.com.br\/fiemg\/wp-json\/wp\/v2\/categories?post=10720"},{"taxonomy":"post_tag","embeddable":true,"href":"https:\/\/www.fiemg.com.br\/fiemg\/wp-json\/wp\/v2\/tags?post=10720"}],"curies":[{"name":"wp","href":"https:\/\/api.w.org\/{rel}","templated":true}]}}