{"id":10725,"date":"2025-12-17T09:57:01","date_gmt":"2025-12-17T12:57:01","guid":{"rendered":"https:\/\/www.fiemg.com.br\/fiemg\/noticias\/alunas-da-escola-sesi-vencem-concurso-sementinhas-agro-do-sindicato-rural-de-montes-claros\/"},"modified":"2025-12-17T13:47:07","modified_gmt":"2025-12-17T16:47:07","slug":"alunas-da-escola-sesi-vencem-concurso-sementinhas-agro-do-sindicato-rural-de-montes-claros","status":"publish","type":"noticias","link":"https:\/\/www.fiemg.com.br\/fiemg\/noticias\/alunas-da-escola-sesi-vencem-concurso-sementinhas-agro-do-sindicato-rural-de-montes-claros\/","title":{"rendered":"Alunas da Escola SESI vencem concurso \u201cSementinhas Agro\u201d do Sindicato Rural de Montes Claros"},"content":{"rendered":"\n<p>Duas alunas da Escola SESI Professora Quita Guimaraes, de Montes Claros, venceram o concurso&nbsp;<strong>&#8220;Sementinhas do Agro&#8221;<\/strong>, promovido pelo Sindicato dos Produtores Rurais de Montes Claros (que atua em parceria com a Sociedade Rural e o Sistema Faemg Senar). A iniciativa \u00e9 voltada para crian\u00e7as de at\u00e9 12 anos de idade.<\/p>\n\n\n\n<p>Com objetivos de aproximar as crian\u00e7as da realidade do campo&nbsp;e da produ\u00e7\u00e3o rural e fortalecer a consci\u00eancia, desde cedo, sobre a import\u00e2ncia do setor agropecu\u00e1rio no dia a dia da sociedade, o programa acontece sempre durante a Expomontes &#8211; Exposi\u00e7\u00e3o Agropecu\u00e1ria de Montes Claros &#8211; e envolve diversas&nbsp;atividades l\u00fadicas.<\/p>\n\n\n\n<p>Dentro desse projeto, \u00e9 realizado um concurso que recebe o nome de&nbsp;<strong>&#8220;Meu Agro \u00e9 Assim&#8221;<\/strong>, que desafia os pequenos a expressarem sua percep\u00e7\u00e3o sobre o agro.<\/p>\n\n\n\n<p>As atividades e o concurso visam gerar valor e reconhecimento pelo trabalho no campo. Alunos e professores de escolas participantes s\u00e3o premiados com melhores desenhos e frases, com base em vota\u00e7\u00e3o popular (curtidas nas redes sociais).&nbsp; Os 13 diretores do Sindicato realizaram uma vota\u00e7\u00e3o final interna para a escolha dos vencedores.<\/p>\n\n\n\n<p>A aluna do 2\u00ba ano do ensino fundamental da Escola SESI, La\u00eds Rodrigues Soares, foi a vencedora na categoria Desenho, e recebeu como pr\u00eamio um computador. A professora orientadora, Claudin\u00e9ia dos Santos, foi premiada com um valor em dinheiro.<\/p>\n\n\n\n<p>J\u00e1 a aluna Isabela Lawrence Santos Nunes, do 5\u00ba ano do ensino fundamental da Escola SESI, conquistou o primeiro lugar na categoria Frase ao definir o Agro como \u201cFonte de esfor\u00e7o que vira mais do que alimento e inova\u00e7\u00e3o, faz o presente e garante o futuro dessa Na\u00e7\u00e3o\u201d, e tamb\u00e9m recebeu como pr\u00eamio um computador. A professora orientadora, N\u00fabia Veloso Martins, recebeu pr\u00eamio em dinheiro.<\/p>\n\n\n\n<p>Os pr\u00eamios foram entregues na segunda-feira, 15 de dezembro, na sede do Sindicato dos Produtores Rurais de Montes Claros, pelo presidente Alexandre Rocha.<\/p>\n\n\n\n<p>Vice-presidente do Sindicato e coordenadora do projeto, Hilda Loschi ressalta que a a\u00e7\u00e3o vai muito al\u00e9m do entretenimento. \u201cNosso objetivo \u00e9 plantar conhecimento. Mostrar de onde vem o leite, como se colhe uma hortali\u00e7a, o que significa cuidar da terra. Mas, principalmente, mostrar para essas crian\u00e7as a diferen\u00e7a do que est\u00e1 presente no material escolar dispon\u00edvel e a realidade do produtor e da produ\u00e7\u00e3o rural. Quando a crian\u00e7a v\u00ea isso de perto, entende de verdade o valor do trabalho no campo. E esse entendimento \u00e9 o que forma adultos mais conscientes e respeitosos com quem produz.\u201d<\/p>\n\n\n\n<p>O presidente do Sindicato, Alexandre Rocha, destaca que o \u201cSementinhas do Agro\u201d nasceu de uma preocupa\u00e7\u00e3o com o futuro da pr\u00f3pria atividade rural. \u201cPrecisamos pensar em quem vai se interessar pela atividade rural, entender sua import\u00e2ncia, respeit\u00e1-la. Isso come\u00e7a na inf\u00e2ncia\u201d, acrescenta.<\/p>\n\n\n\n<p>Para a professora N\u00fabia Veloso, o trabalho desenvolvido em parceria com sua turma da Escola foi marcado pelo envolvimento, pela sensibilidade e pelo compromisso com o processo educativo. Ela explica que dentre as produ\u00e7\u00f5es apresentadas pela turma, a frase da aluna Isabela foi selecionada para a final. \u201cTemos muito orgulho!&nbsp; A alegria foi ainda maior quando fomos convidadas para a cerim\u00f4nia de premia\u00e7\u00e3o e, com imensa satisfa\u00e7\u00e3o, conquistamos o&nbsp;1\u00ba lugar na categoria Frase, resultado de um trabalho constru\u00eddo a muitas m\u00e3os: professora, aluna, escola e fam\u00edlia. Essa conquista refor\u00e7a a import\u00e2ncia de iniciativas como o&nbsp;<em>Sementinhas do Agro<\/em>, que fortalecem o v\u00ednculo entre educa\u00e7\u00e3o, comunidade e setor produtivo, ao mesmo tempo em que promovem consci\u00eancia social e ambiental desde a inf\u00e2ncia\u201d, comemora a professora.<\/p>\n\n\n\n<p>Ela destaca, ainda, o apoio fundamental da fam\u00edlia da aluna Isabela, que considera ter sido \u201cparceira essencial no incentivo e na valoriza\u00e7\u00e3o da educa\u00e7\u00e3o\u201d.<\/p>\n\n\n\n<p>\u201cMais do que um pr\u00eamio, esse reconhecimento representa a for\u00e7a da educa\u00e7\u00e3o quando se transforma em experi\u00eancia significativa, capaz de semear conhecimento, responsabilidade e respeito pelo campo \u2014 sementes que certamente florescer\u00e3o no futuro\u201d, conclui a educadora.<\/p>\n\n\n\n<p>Rosangela Silveira<\/p>\n\n\n\n<p><strong>Imprensa<\/strong> <strong>FIEMG Regional Norte<\/strong><\/p>\n\n\n\n<p><\/p>\n","protected":false},"featured_media":10727,"template":"","categories":[14],"tags":[],"class_list":["post-10725","noticias","type-noticias","status-publish","has-post-thumbnail","hentry","category-noticias"],"acf":[],"yoast_head":"<!-- This site is optimized with the Yoast SEO plugin v26.2 - https:\/\/yoast.com\/wordpress\/plugins\/seo\/ -->\n<title>Alunas da Escola SESI vencem concurso \u201cSementinhas Agro\u201d do Sindicato Rural de Montes Claros - FIEMG<\/title>\n<meta name=\"robots\" content=\"index, follow, max-snippet:-1, max-image-preview:large, max-video-preview:-1\" \/>\n<link rel=\"canonical\" href=\"https:\/\/www.fiemg.com.br\/fiemg\/noticias\/alunas-da-escola-sesi-vencem-concurso-sementinhas-agro-do-sindicato-rural-de-montes-claros\/\" \/>\n<meta property=\"og:locale\" content=\"pt_BR\" \/>\n<meta property=\"og:type\" content=\"article\" \/>\n<meta property=\"og:title\" content=\"Alunas da Escola SESI vencem concurso \u201cSementinhas Agro\u201d do Sindicato Rural de Montes Claros - FIEMG\" \/>\n<meta property=\"og:description\" content=\"Duas alunas da Escola SESI Professora Quita Guimaraes, de Montes Claros, venceram o concurso&nbsp;&#8220;Sementinhas do Agro&#8221;, promovido pelo Sindicato dos Produtores Rurais de Montes Claros (que atua em parceria com a Sociedade Rural e o Sistema Faemg Senar). A iniciativa \u00e9 voltada para crian\u00e7as de at\u00e9 12 anos de idade. Com objetivos de aproximar as [&hellip;]\" \/>\n<meta property=\"og:url\" content=\"https:\/\/www.fiemg.com.br\/fiemg\/noticias\/alunas-da-escola-sesi-vencem-concurso-sementinhas-agro-do-sindicato-rural-de-montes-claros\/\" \/>\n<meta property=\"og:site_name\" content=\"FIEMG\" \/>\n<meta property=\"article:modified_time\" content=\"2025-12-17T16:47:07+00:00\" \/>\n<meta property=\"og:image\" content=\"https:\/\/www.fiemg.com.br\/fiemg\/wp-content\/uploads\/sites\/10\/2025\/12\/Aluna-Sesi-vencedora-Concurso-Agro.jpg\" \/>\n\t<meta property=\"og:image:width\" content=\"300\" \/>\n\t<meta property=\"og:image:height\" content=\"314\" \/>\n\t<meta property=\"og:image:type\" content=\"image\/jpeg\" \/>\n<meta name=\"twitter:card\" content=\"summary_large_image\" \/>\n<meta name=\"twitter:label1\" content=\"Est. tempo de leitura\" \/>\n\t<meta name=\"twitter:data1\" content=\"4 minutos\" \/>\n<script type=\"application\/ld+json\" class=\"yoast-schema-graph\">{\"@context\":\"https:\/\/schema.org\",\"@graph\":[{\"@type\":\"WebPage\",\"@id\":\"https:\/\/www.fiemg.com.br\/fiemg\/noticias\/alunas-da-escola-sesi-vencem-concurso-sementinhas-agro-do-sindicato-rural-de-montes-claros\/\",\"url\":\"https:\/\/www.fiemg.com.br\/fiemg\/noticias\/alunas-da-escola-sesi-vencem-concurso-sementinhas-agro-do-sindicato-rural-de-montes-claros\/\",\"name\":\"Alunas da Escola SESI vencem concurso \u201cSementinhas Agro\u201d do Sindicato Rural de Montes Claros - FIEMG\",\"isPartOf\":{\"@id\":\"https:\/\/www.fiemg.com.br\/fiemg\/#website\"},\"primaryImageOfPage\":{\"@id\":\"https:\/\/www.fiemg.com.br\/fiemg\/noticias\/alunas-da-escola-sesi-vencem-concurso-sementinhas-agro-do-sindicato-rural-de-montes-claros\/#primaryimage\"},\"image\":{\"@id\":\"https:\/\/www.fiemg.com.br\/fiemg\/noticias\/alunas-da-escola-sesi-vencem-concurso-sementinhas-agro-do-sindicato-rural-de-montes-claros\/#primaryimage\"},\"thumbnailUrl\":\"https:\/\/www.fiemg.com.br\/fiemg\/wp-content\/uploads\/sites\/10\/2025\/12\/Aluna-Sesi-vencedora-Concurso-Agro.jpg\",\"datePublished\":\"2025-12-17T12:57:01+00:00\",\"dateModified\":\"2025-12-17T16:47:07+00:00\",\"breadcrumb\":{\"@id\":\"https:\/\/www.fiemg.com.br\/fiemg\/noticias\/alunas-da-escola-sesi-vencem-concurso-sementinhas-agro-do-sindicato-rural-de-montes-claros\/#breadcrumb\"},\"inLanguage\":\"pt-BR\",\"potentialAction\":[{\"@type\":\"ReadAction\",\"target\":[\"https:\/\/www.fiemg.com.br\/fiemg\/noticias\/alunas-da-escola-sesi-vencem-concurso-sementinhas-agro-do-sindicato-rural-de-montes-claros\/\"]}]},{\"@type\":\"ImageObject\",\"inLanguage\":\"pt-BR\",\"@id\":\"https:\/\/www.fiemg.com.br\/fiemg\/noticias\/alunas-da-escola-sesi-vencem-concurso-sementinhas-agro-do-sindicato-rural-de-montes-claros\/#primaryimage\",\"url\":\"https:\/\/www.fiemg.com.br\/fiemg\/wp-content\/uploads\/sites\/10\/2025\/12\/Aluna-Sesi-vencedora-Concurso-Agro.jpg\",\"contentUrl\":\"https:\/\/www.fiemg.com.br\/fiemg\/wp-content\/uploads\/sites\/10\/2025\/12\/Aluna-Sesi-vencedora-Concurso-Agro.jpg\",\"width\":300,\"height\":314,\"caption\":\"Aluna vencedora Desenho\"},{\"@type\":\"BreadcrumbList\",\"@id\":\"https:\/\/www.fiemg.com.br\/fiemg\/noticias\/alunas-da-escola-sesi-vencem-concurso-sementinhas-agro-do-sindicato-rural-de-montes-claros\/#breadcrumb\",\"itemListElement\":[{\"@type\":\"ListItem\",\"position\":1,\"name\":\"In\u00edcio\",\"item\":\"https:\/\/www.fiemg.com.br\/fiemg\/\"},{\"@type\":\"ListItem\",\"position\":2,\"name\":\"Alunas da Escola SESI vencem concurso \u201cSementinhas Agro\u201d do Sindicato Rural de Montes Claros\"}]},{\"@type\":\"WebSite\",\"@id\":\"https:\/\/www.fiemg.com.br\/fiemg\/#website\",\"url\":\"https:\/\/www.fiemg.com.br\/fiemg\/\",\"name\":\"FIEMG\",\"description\":\"Federa\u00e7\u00e3o das Ind\u00fastrias do Estado de Minas Gerais\",\"publisher\":{\"@id\":\"https:\/\/www.fiemg.com.br\/fiemg\/#organization\"},\"potentialAction\":[{\"@type\":\"SearchAction\",\"target\":{\"@type\":\"EntryPoint\",\"urlTemplate\":\"https:\/\/www.fiemg.com.br\/fiemg\/?s={search_term_string}\"},\"query-input\":{\"@type\":\"PropertyValueSpecification\",\"valueRequired\":true,\"valueName\":\"search_term_string\"}}],\"inLanguage\":\"pt-BR\"},{\"@type\":\"Organization\",\"@id\":\"https:\/\/www.fiemg.com.br\/fiemg\/#organization\",\"name\":\"FIEMG\",\"url\":\"https:\/\/www.fiemg.com.br\/fiemg\/\",\"logo\":{\"@type\":\"ImageObject\",\"inLanguage\":\"pt-BR\",\"@id\":\"https:\/\/www.fiemg.com.br\/fiemg\/#\/schema\/logo\/image\/\",\"url\":\"https:\/\/www.fiemg.com.br\/fiemg\/wp-content\/uploads\/sites\/10\/2023\/02\/fiemg_branco.svg\",\"contentUrl\":\"https:\/\/www.fiemg.com.br\/fiemg\/wp-content\/uploads\/sites\/10\/2023\/02\/fiemg_branco.svg\",\"width\":561,\"height\":147,\"caption\":\"FIEMG\"},\"image\":{\"@id\":\"https:\/\/www.fiemg.com.br\/fiemg\/#\/schema\/logo\/image\/\"}}]}<\/script>\n<!-- \/ Yoast SEO plugin. -->","yoast_head_json":{"title":"Alunas da Escola SESI vencem concurso \u201cSementinhas Agro\u201d do Sindicato Rural de Montes Claros - FIEMG","robots":{"index":"index","follow":"follow","max-snippet":"max-snippet:-1","max-image-preview":"max-image-preview:large","max-video-preview":"max-video-preview:-1"},"canonical":"https:\/\/www.fiemg.com.br\/fiemg\/noticias\/alunas-da-escola-sesi-vencem-concurso-sementinhas-agro-do-sindicato-rural-de-montes-claros\/","og_locale":"pt_BR","og_type":"article","og_title":"Alunas da Escola SESI vencem concurso \u201cSementinhas Agro\u201d do Sindicato Rural de Montes Claros - FIEMG","og_description":"Duas alunas da Escola SESI Professora Quita Guimaraes, de Montes Claros, venceram o concurso&nbsp;&#8220;Sementinhas do Agro&#8221;, promovido pelo Sindicato dos Produtores Rurais de Montes Claros (que atua em parceria com a Sociedade Rural e o Sistema Faemg Senar). A iniciativa \u00e9 voltada para crian\u00e7as de at\u00e9 12 anos de idade. Com objetivos de aproximar as [&hellip;]","og_url":"https:\/\/www.fiemg.com.br\/fiemg\/noticias\/alunas-da-escola-sesi-vencem-concurso-sementinhas-agro-do-sindicato-rural-de-montes-claros\/","og_site_name":"FIEMG","article_modified_time":"2025-12-17T16:47:07+00:00","og_image":[{"width":300,"height":314,"url":"https:\/\/www.fiemg.com.br\/fiemg\/wp-content\/uploads\/sites\/10\/2025\/12\/Aluna-Sesi-vencedora-Concurso-Agro.jpg","type":"image\/jpeg"}],"twitter_card":"summary_large_image","twitter_misc":{"Est. tempo de leitura":"4 minutos"},"schema":{"@context":"https:\/\/schema.org","@graph":[{"@type":"WebPage","@id":"https:\/\/www.fiemg.com.br\/fiemg\/noticias\/alunas-da-escola-sesi-vencem-concurso-sementinhas-agro-do-sindicato-rural-de-montes-claros\/","url":"https:\/\/www.fiemg.com.br\/fiemg\/noticias\/alunas-da-escola-sesi-vencem-concurso-sementinhas-agro-do-sindicato-rural-de-montes-claros\/","name":"Alunas da Escola SESI vencem concurso \u201cSementinhas Agro\u201d do Sindicato Rural de Montes Claros - FIEMG","isPartOf":{"@id":"https:\/\/www.fiemg.com.br\/fiemg\/#website"},"primaryImageOfPage":{"@id":"https:\/\/www.fiemg.com.br\/fiemg\/noticias\/alunas-da-escola-sesi-vencem-concurso-sementinhas-agro-do-sindicato-rural-de-montes-claros\/#primaryimage"},"image":{"@id":"https:\/\/www.fiemg.com.br\/fiemg\/noticias\/alunas-da-escola-sesi-vencem-concurso-sementinhas-agro-do-sindicato-rural-de-montes-claros\/#primaryimage"},"thumbnailUrl":"https:\/\/www.fiemg.com.br\/fiemg\/wp-content\/uploads\/sites\/10\/2025\/12\/Aluna-Sesi-vencedora-Concurso-Agro.jpg","datePublished":"2025-12-17T12:57:01+00:00","dateModified":"2025-12-17T16:47:07+00:00","breadcrumb":{"@id":"https:\/\/www.fiemg.com.br\/fiemg\/noticias\/alunas-da-escola-sesi-vencem-concurso-sementinhas-agro-do-sindicato-rural-de-montes-claros\/#breadcrumb"},"inLanguage":"pt-BR","potentialAction":[{"@type":"ReadAction","target":["https:\/\/www.fiemg.com.br\/fiemg\/noticias\/alunas-da-escola-sesi-vencem-concurso-sementinhas-agro-do-sindicato-rural-de-montes-claros\/"]}]},{"@type":"ImageObject","inLanguage":"pt-BR","@id":"https:\/\/www.fiemg.com.br\/fiemg\/noticias\/alunas-da-escola-sesi-vencem-concurso-sementinhas-agro-do-sindicato-rural-de-montes-claros\/#primaryimage","url":"https:\/\/www.fiemg.com.br\/fiemg\/wp-content\/uploads\/sites\/10\/2025\/12\/Aluna-Sesi-vencedora-Concurso-Agro.jpg","contentUrl":"https:\/\/www.fiemg.com.br\/fiemg\/wp-content\/uploads\/sites\/10\/2025\/12\/Aluna-Sesi-vencedora-Concurso-Agro.jpg","width":300,"height":314,"caption":"Aluna vencedora Desenho"},{"@type":"BreadcrumbList","@id":"https:\/\/www.fiemg.com.br\/fiemg\/noticias\/alunas-da-escola-sesi-vencem-concurso-sementinhas-agro-do-sindicato-rural-de-montes-claros\/#breadcrumb","itemListElement":[{"@type":"ListItem","position":1,"name":"In\u00edcio","item":"https:\/\/www.fiemg.com.br\/fiemg\/"},{"@type":"ListItem","position":2,"name":"Alunas da Escola SESI vencem concurso \u201cSementinhas Agro\u201d do Sindicato Rural de Montes Claros"}]},{"@type":"WebSite","@id":"https:\/\/www.fiemg.com.br\/fiemg\/#website","url":"https:\/\/www.fiemg.com.br\/fiemg\/","name":"FIEMG","description":"Federa\u00e7\u00e3o das Ind\u00fastrias do Estado de Minas Gerais","publisher":{"@id":"https:\/\/www.fiemg.com.br\/fiemg\/#organization"},"potentialAction":[{"@type":"SearchAction","target":{"@type":"EntryPoint","urlTemplate":"https:\/\/www.fiemg.com.br\/fiemg\/?s={search_term_string}"},"query-input":{"@type":"PropertyValueSpecification","valueRequired":true,"valueName":"search_term_string"}}],"inLanguage":"pt-BR"},{"@type":"Organization","@id":"https:\/\/www.fiemg.com.br\/fiemg\/#organization","name":"FIEMG","url":"https:\/\/www.fiemg.com.br\/fiemg\/","logo":{"@type":"ImageObject","inLanguage":"pt-BR","@id":"https:\/\/www.fiemg.com.br\/fiemg\/#\/schema\/logo\/image\/","url":"https:\/\/www.fiemg.com.br\/fiemg\/wp-content\/uploads\/sites\/10\/2023\/02\/fiemg_branco.svg","contentUrl":"https:\/\/www.fiemg.com.br\/fiemg\/wp-content\/uploads\/sites\/10\/2023\/02\/fiemg_branco.svg","width":561,"height":147,"caption":"FIEMG"},"image":{"@id":"https:\/\/www.fiemg.com.br\/fiemg\/#\/schema\/logo\/image\/"}}]}},"_links":{"self":[{"href":"https:\/\/www.fiemg.com.br\/fiemg\/wp-json\/wp\/v2\/noticias\/10725","targetHints":{"allow":["GET"]}}],"collection":[{"href":"https:\/\/www.fiemg.com.br\/fiemg\/wp-json\/wp\/v2\/noticias"}],"about":[{"href":"https:\/\/www.fiemg.com.br\/fiemg\/wp-json\/wp\/v2\/types\/noticias"}],"wp:featuredmedia":[{"embeddable":true,"href":"https:\/\/www.fiemg.com.br\/fiemg\/wp-json\/wp\/v2\/media\/10727"}],"wp:attachment":[{"href":"https:\/\/www.fiemg.com.br\/fiemg\/wp-json\/wp\/v2\/media?parent=10725"}],"wp:term":[{"taxonomy":"category","embeddable":true,"href":"https:\/\/www.fiemg.com.br\/fiemg\/wp-json\/wp\/v2\/categories?post=10725"},{"taxonomy":"post_tag","embeddable":true,"href":"https:\/\/www.fiemg.com.br\/fiemg\/wp-json\/wp\/v2\/tags?post=10725"}],"curies":[{"name":"wp","href":"https:\/\/api.w.org\/{rel}","templated":true}]}}