{"id":11104,"date":"2026-03-05T14:57:11","date_gmt":"2026-03-05T17:57:11","guid":{"rendered":"https:\/\/www.fiemg.com.br\/fiemg\/noticias\/casa-aberta-do-sesiminas-oferece-oficinas-gratuitas-em-bh\/"},"modified":"2026-03-05T14:57:17","modified_gmt":"2026-03-05T17:57:17","slug":"casa-aberta-do-sesiminas-oferece-oficinas-gratuitas-em-bh","status":"publish","type":"noticias","link":"https:\/\/www.fiemg.com.br\/fiemg\/noticias\/casa-aberta-do-sesiminas-oferece-oficinas-gratuitas-em-bh\/","title":{"rendered":"Casa Aberta do SESIMINAS oferece oficinas gratuitas em BH"},"content":{"rendered":"\n<p>O Centro Cultural SESIMINAS, em Belo Horizonte, realiza no dia 8 de mar\u00e7o a 11\u00aa edi\u00e7\u00e3o do Casa Aberta, evento gratuito que convida o p\u00fablico a experimentar diferentes linguagens art\u00edsticas e conhecer de perto a Escola de Cultura da institui\u00e7\u00e3o. A programa\u00e7\u00e3o ser\u00e1 das 10h \u00e0s 16h e inclui oficinas, apresenta\u00e7\u00f5es culturais e atividades de conviv\u00eancia abertas a todas as idades. <\/p>\n\n\n\n<p>Nesta edi\u00e7\u00e3o, ser\u00e3o oferecidas 30 oficinas gratuitas, somando mais de 400 vagas em atividades pr\u00e1ticas nas \u00e1reas de dan\u00e7a, teatro, m\u00fasica, artes visuais e bem-estar. As aulas experimentais ser\u00e3o conduzidas pelos professores da Escola de Cultura SESIMINAS, permitindo que os participantes vivenciem a metodologia de ensino e descubram novas possibilidades de forma\u00e7\u00e3o art\u00edstica. <\/p>\n\n\n\n<p>Durante o evento, os visitantes tamb\u00e9m poder\u00e3o conhecer os cursos livres oferecidos pela Escola de Cultura SESIMINAS, que conta com mais de 40 modalidades de forma\u00e7\u00e3o art\u00edstica ao longo do ano. Acesse a programa\u00e7\u00e3o completa <a href=\"https:\/\/www.fiemg.com.br\/sesi-cultura\/programacao\/detalhe\/casaabertabh\/\" target=\"_blank\" rel=\"noreferrer noopener\"><strong>aqui<\/strong><\/a>.<\/p>\n\n\n\n<p>Entre as op\u00e7\u00f5es de atividades da Casa Aberta est\u00e3o aulas de ballet, jazz, dan\u00e7a contempor\u00e2nea, dan\u00e7a do ventre, yoga, teatro, musicaliza\u00e7\u00e3o infantil, canto, pr\u00e1tica em conjunto e oficinas de instrumentos como viol\u00e3o e cavaquinho. Tamb\u00e9m haver\u00e1 oficinas de desenho e pintura, ampliando o contato do p\u00fablico com diferentes express\u00f5es criativas.<\/p>\n\n\n\n<p>A iniciativa busca aproximar a comunidade das artes e incentivar novos alunos a iniciarem ou aprofundarem sua forma\u00e7\u00e3o cultural. As atividades s\u00e3o gratuitas, mas as vagas para as oficinas s\u00e3o limitadas e exigem inscri\u00e7\u00e3o pr\u00e9via.<\/p>\n\n\n\n<p><strong>SERVI\u00c7O: Casa Aberta SESIMINAS BH<\/strong><\/p>\n\n\n\n<p><strong>Data:<\/strong> 8 de mar\u00e7o de 2026 (domingo)<br><strong>Hor\u00e1rio:<\/strong> 10h \u00e0s 16h<br><strong>Local:<\/strong> Centro Cultural SESIMINAS \u2013 Rua Padre Marinho, 60, Santa Efig\u00eania, Belo Horizonte<br><strong>Ingresso:<\/strong> Gratuito &#8211; mediante inscri\u00e7\u00e3o <a href=\"https:\/\/www.fiemg.com.br\/sesi-cultura\/programacao\/detalhe\/casaabertabh\/\" target=\"_blank\" rel=\"noreferrer noopener\">neste link<\/a><br><strong>Mais informa\u00e7\u00f5es:<\/strong> (31) 2116-0418 | (31) 99877-7605 | @sesiculturamg<\/p>\n\n\n\n<p><em>Ana Paula Motta<\/em><br><strong>Imprensa FIEMG<\/strong><\/p>\n","protected":false},"featured_media":11105,"template":"","categories":[162],"tags":[],"class_list":["post-11104","noticias","type-noticias","status-publish","has-post-thumbnail","hentry","category-cultura"],"acf":[],"yoast_head":"<!-- This site is optimized with the Yoast SEO plugin v26.2 - https:\/\/yoast.com\/wordpress\/plugins\/seo\/ -->\n<title>Casa Aberta do SESIMINAS oferece oficinas gratuitas em BH - FIEMG<\/title>\n<meta name=\"robots\" content=\"index, follow, max-snippet:-1, max-image-preview:large, max-video-preview:-1\" \/>\n<link rel=\"canonical\" href=\"https:\/\/www.fiemg.com.br\/fiemg\/noticias\/casa-aberta-do-sesiminas-oferece-oficinas-gratuitas-em-bh\/\" \/>\n<meta property=\"og:locale\" content=\"pt_BR\" \/>\n<meta property=\"og:type\" content=\"article\" \/>\n<meta property=\"og:title\" content=\"Casa Aberta do SESIMINAS oferece oficinas gratuitas em BH - FIEMG\" \/>\n<meta property=\"og:description\" content=\"O Centro Cultural SESIMINAS, em Belo Horizonte, realiza no dia 8 de mar\u00e7o a 11\u00aa edi\u00e7\u00e3o do Casa Aberta, evento gratuito que convida o p\u00fablico a experimentar diferentes linguagens art\u00edsticas e conhecer de perto a Escola de Cultura da institui\u00e7\u00e3o. A programa\u00e7\u00e3o ser\u00e1 das 10h \u00e0s 16h e inclui oficinas, apresenta\u00e7\u00f5es culturais e atividades de [&hellip;]\" \/>\n<meta property=\"og:url\" content=\"https:\/\/www.fiemg.com.br\/fiemg\/noticias\/casa-aberta-do-sesiminas-oferece-oficinas-gratuitas-em-bh\/\" \/>\n<meta property=\"og:site_name\" content=\"FIEMG\" \/>\n<meta property=\"article:modified_time\" content=\"2026-03-05T17:57:17+00:00\" \/>\n<meta property=\"og:image\" content=\"https:\/\/www.fiemg.com.br\/fiemg\/wp-content\/uploads\/sites\/10\/2026\/03\/casa-aberta-sesi-cultura-sesiminas.png\" \/>\n\t<meta property=\"og:image:width\" content=\"1024\" \/>\n\t<meta property=\"og:image:height\" content=\"1024\" \/>\n\t<meta property=\"og:image:type\" content=\"image\/png\" \/>\n<meta name=\"twitter:card\" content=\"summary_large_image\" \/>\n<meta name=\"twitter:label1\" content=\"Est. tempo de leitura\" \/>\n\t<meta name=\"twitter:data1\" content=\"2 minutos\" \/>\n<script type=\"application\/ld+json\" class=\"yoast-schema-graph\">{\"@context\":\"https:\/\/schema.org\",\"@graph\":[{\"@type\":\"WebPage\",\"@id\":\"https:\/\/www.fiemg.com.br\/fiemg\/noticias\/casa-aberta-do-sesiminas-oferece-oficinas-gratuitas-em-bh\/\",\"url\":\"https:\/\/www.fiemg.com.br\/fiemg\/noticias\/casa-aberta-do-sesiminas-oferece-oficinas-gratuitas-em-bh\/\",\"name\":\"Casa Aberta do SESIMINAS oferece oficinas gratuitas em BH - FIEMG\",\"isPartOf\":{\"@id\":\"https:\/\/www.fiemg.com.br\/fiemg\/#website\"},\"primaryImageOfPage\":{\"@id\":\"https:\/\/www.fiemg.com.br\/fiemg\/noticias\/casa-aberta-do-sesiminas-oferece-oficinas-gratuitas-em-bh\/#primaryimage\"},\"image\":{\"@id\":\"https:\/\/www.fiemg.com.br\/fiemg\/noticias\/casa-aberta-do-sesiminas-oferece-oficinas-gratuitas-em-bh\/#primaryimage\"},\"thumbnailUrl\":\"https:\/\/www.fiemg.com.br\/fiemg\/wp-content\/uploads\/sites\/10\/2026\/03\/casa-aberta-sesi-cultura-sesiminas.png\",\"datePublished\":\"2026-03-05T17:57:11+00:00\",\"dateModified\":\"2026-03-05T17:57:17+00:00\",\"breadcrumb\":{\"@id\":\"https:\/\/www.fiemg.com.br\/fiemg\/noticias\/casa-aberta-do-sesiminas-oferece-oficinas-gratuitas-em-bh\/#breadcrumb\"},\"inLanguage\":\"pt-BR\",\"potentialAction\":[{\"@type\":\"ReadAction\",\"target\":[\"https:\/\/www.fiemg.com.br\/fiemg\/noticias\/casa-aberta-do-sesiminas-oferece-oficinas-gratuitas-em-bh\/\"]}]},{\"@type\":\"ImageObject\",\"inLanguage\":\"pt-BR\",\"@id\":\"https:\/\/www.fiemg.com.br\/fiemg\/noticias\/casa-aberta-do-sesiminas-oferece-oficinas-gratuitas-em-bh\/#primaryimage\",\"url\":\"https:\/\/www.fiemg.com.br\/fiemg\/wp-content\/uploads\/sites\/10\/2026\/03\/casa-aberta-sesi-cultura-sesiminas.png\",\"contentUrl\":\"https:\/\/www.fiemg.com.br\/fiemg\/wp-content\/uploads\/sites\/10\/2026\/03\/casa-aberta-sesi-cultura-sesiminas.png\",\"width\":1024,\"height\":1024},{\"@type\":\"BreadcrumbList\",\"@id\":\"https:\/\/www.fiemg.com.br\/fiemg\/noticias\/casa-aberta-do-sesiminas-oferece-oficinas-gratuitas-em-bh\/#breadcrumb\",\"itemListElement\":[{\"@type\":\"ListItem\",\"position\":1,\"name\":\"In\u00edcio\",\"item\":\"https:\/\/www.fiemg.com.br\/fiemg\/\"},{\"@type\":\"ListItem\",\"position\":2,\"name\":\"Casa Aberta do SESIMINAS oferece oficinas gratuitas em BH\"}]},{\"@type\":\"WebSite\",\"@id\":\"https:\/\/www.fiemg.com.br\/fiemg\/#website\",\"url\":\"https:\/\/www.fiemg.com.br\/fiemg\/\",\"name\":\"FIEMG\",\"description\":\"Federa\u00e7\u00e3o das Ind\u00fastrias do Estado de Minas Gerais\",\"publisher\":{\"@id\":\"https:\/\/www.fiemg.com.br\/fiemg\/#organization\"},\"potentialAction\":[{\"@type\":\"SearchAction\",\"target\":{\"@type\":\"EntryPoint\",\"urlTemplate\":\"https:\/\/www.fiemg.com.br\/fiemg\/?s={search_term_string}\"},\"query-input\":{\"@type\":\"PropertyValueSpecification\",\"valueRequired\":true,\"valueName\":\"search_term_string\"}}],\"inLanguage\":\"pt-BR\"},{\"@type\":\"Organization\",\"@id\":\"https:\/\/www.fiemg.com.br\/fiemg\/#organization\",\"name\":\"FIEMG\",\"url\":\"https:\/\/www.fiemg.com.br\/fiemg\/\",\"logo\":{\"@type\":\"ImageObject\",\"inLanguage\":\"pt-BR\",\"@id\":\"https:\/\/www.fiemg.com.br\/fiemg\/#\/schema\/logo\/image\/\",\"url\":\"https:\/\/www.fiemg.com.br\/fiemg\/wp-content\/uploads\/sites\/10\/2023\/02\/fiemg_branco.svg\",\"contentUrl\":\"https:\/\/www.fiemg.com.br\/fiemg\/wp-content\/uploads\/sites\/10\/2023\/02\/fiemg_branco.svg\",\"width\":561,\"height\":147,\"caption\":\"FIEMG\"},\"image\":{\"@id\":\"https:\/\/www.fiemg.com.br\/fiemg\/#\/schema\/logo\/image\/\"}}]}<\/script>\n<!-- \/ Yoast SEO plugin. -->","yoast_head_json":{"title":"Casa Aberta do SESIMINAS oferece oficinas gratuitas em BH - FIEMG","robots":{"index":"index","follow":"follow","max-snippet":"max-snippet:-1","max-image-preview":"max-image-preview:large","max-video-preview":"max-video-preview:-1"},"canonical":"https:\/\/www.fiemg.com.br\/fiemg\/noticias\/casa-aberta-do-sesiminas-oferece-oficinas-gratuitas-em-bh\/","og_locale":"pt_BR","og_type":"article","og_title":"Casa Aberta do SESIMINAS oferece oficinas gratuitas em BH - FIEMG","og_description":"O Centro Cultural SESIMINAS, em Belo Horizonte, realiza no dia 8 de mar\u00e7o a 11\u00aa edi\u00e7\u00e3o do Casa Aberta, evento gratuito que convida o p\u00fablico a experimentar diferentes linguagens art\u00edsticas e conhecer de perto a Escola de Cultura da institui\u00e7\u00e3o. A programa\u00e7\u00e3o ser\u00e1 das 10h \u00e0s 16h e inclui oficinas, apresenta\u00e7\u00f5es culturais e atividades de [&hellip;]","og_url":"https:\/\/www.fiemg.com.br\/fiemg\/noticias\/casa-aberta-do-sesiminas-oferece-oficinas-gratuitas-em-bh\/","og_site_name":"FIEMG","article_modified_time":"2026-03-05T17:57:17+00:00","og_image":[{"width":1024,"height":1024,"url":"https:\/\/www.fiemg.com.br\/fiemg\/wp-content\/uploads\/sites\/10\/2026\/03\/casa-aberta-sesi-cultura-sesiminas.png","type":"image\/png"}],"twitter_card":"summary_large_image","twitter_misc":{"Est. tempo de leitura":"2 minutos"},"schema":{"@context":"https:\/\/schema.org","@graph":[{"@type":"WebPage","@id":"https:\/\/www.fiemg.com.br\/fiemg\/noticias\/casa-aberta-do-sesiminas-oferece-oficinas-gratuitas-em-bh\/","url":"https:\/\/www.fiemg.com.br\/fiemg\/noticias\/casa-aberta-do-sesiminas-oferece-oficinas-gratuitas-em-bh\/","name":"Casa Aberta do SESIMINAS oferece oficinas gratuitas em BH - FIEMG","isPartOf":{"@id":"https:\/\/www.fiemg.com.br\/fiemg\/#website"},"primaryImageOfPage":{"@id":"https:\/\/www.fiemg.com.br\/fiemg\/noticias\/casa-aberta-do-sesiminas-oferece-oficinas-gratuitas-em-bh\/#primaryimage"},"image":{"@id":"https:\/\/www.fiemg.com.br\/fiemg\/noticias\/casa-aberta-do-sesiminas-oferece-oficinas-gratuitas-em-bh\/#primaryimage"},"thumbnailUrl":"https:\/\/www.fiemg.com.br\/fiemg\/wp-content\/uploads\/sites\/10\/2026\/03\/casa-aberta-sesi-cultura-sesiminas.png","datePublished":"2026-03-05T17:57:11+00:00","dateModified":"2026-03-05T17:57:17+00:00","breadcrumb":{"@id":"https:\/\/www.fiemg.com.br\/fiemg\/noticias\/casa-aberta-do-sesiminas-oferece-oficinas-gratuitas-em-bh\/#breadcrumb"},"inLanguage":"pt-BR","potentialAction":[{"@type":"ReadAction","target":["https:\/\/www.fiemg.com.br\/fiemg\/noticias\/casa-aberta-do-sesiminas-oferece-oficinas-gratuitas-em-bh\/"]}]},{"@type":"ImageObject","inLanguage":"pt-BR","@id":"https:\/\/www.fiemg.com.br\/fiemg\/noticias\/casa-aberta-do-sesiminas-oferece-oficinas-gratuitas-em-bh\/#primaryimage","url":"https:\/\/www.fiemg.com.br\/fiemg\/wp-content\/uploads\/sites\/10\/2026\/03\/casa-aberta-sesi-cultura-sesiminas.png","contentUrl":"https:\/\/www.fiemg.com.br\/fiemg\/wp-content\/uploads\/sites\/10\/2026\/03\/casa-aberta-sesi-cultura-sesiminas.png","width":1024,"height":1024},{"@type":"BreadcrumbList","@id":"https:\/\/www.fiemg.com.br\/fiemg\/noticias\/casa-aberta-do-sesiminas-oferece-oficinas-gratuitas-em-bh\/#breadcrumb","itemListElement":[{"@type":"ListItem","position":1,"name":"In\u00edcio","item":"https:\/\/www.fiemg.com.br\/fiemg\/"},{"@type":"ListItem","position":2,"name":"Casa Aberta do SESIMINAS oferece oficinas gratuitas em BH"}]},{"@type":"WebSite","@id":"https:\/\/www.fiemg.com.br\/fiemg\/#website","url":"https:\/\/www.fiemg.com.br\/fiemg\/","name":"FIEMG","description":"Federa\u00e7\u00e3o das Ind\u00fastrias do Estado de Minas Gerais","publisher":{"@id":"https:\/\/www.fiemg.com.br\/fiemg\/#organization"},"potentialAction":[{"@type":"SearchAction","target":{"@type":"EntryPoint","urlTemplate":"https:\/\/www.fiemg.com.br\/fiemg\/?s={search_term_string}"},"query-input":{"@type":"PropertyValueSpecification","valueRequired":true,"valueName":"search_term_string"}}],"inLanguage":"pt-BR"},{"@type":"Organization","@id":"https:\/\/www.fiemg.com.br\/fiemg\/#organization","name":"FIEMG","url":"https:\/\/www.fiemg.com.br\/fiemg\/","logo":{"@type":"ImageObject","inLanguage":"pt-BR","@id":"https:\/\/www.fiemg.com.br\/fiemg\/#\/schema\/logo\/image\/","url":"https:\/\/www.fiemg.com.br\/fiemg\/wp-content\/uploads\/sites\/10\/2023\/02\/fiemg_branco.svg","contentUrl":"https:\/\/www.fiemg.com.br\/fiemg\/wp-content\/uploads\/sites\/10\/2023\/02\/fiemg_branco.svg","width":561,"height":147,"caption":"FIEMG"},"image":{"@id":"https:\/\/www.fiemg.com.br\/fiemg\/#\/schema\/logo\/image\/"}}]}},"_links":{"self":[{"href":"https:\/\/www.fiemg.com.br\/fiemg\/wp-json\/wp\/v2\/noticias\/11104","targetHints":{"allow":["GET"]}}],"collection":[{"href":"https:\/\/www.fiemg.com.br\/fiemg\/wp-json\/wp\/v2\/noticias"}],"about":[{"href":"https:\/\/www.fiemg.com.br\/fiemg\/wp-json\/wp\/v2\/types\/noticias"}],"wp:featuredmedia":[{"embeddable":true,"href":"https:\/\/www.fiemg.com.br\/fiemg\/wp-json\/wp\/v2\/media\/11105"}],"wp:attachment":[{"href":"https:\/\/www.fiemg.com.br\/fiemg\/wp-json\/wp\/v2\/media?parent=11104"}],"wp:term":[{"taxonomy":"category","embeddable":true,"href":"https:\/\/www.fiemg.com.br\/fiemg\/wp-json\/wp\/v2\/categories?post=11104"},{"taxonomy":"post_tag","embeddable":true,"href":"https:\/\/www.fiemg.com.br\/fiemg\/wp-json\/wp\/v2\/tags?post=11104"}],"curies":[{"name":"wp","href":"https:\/\/api.w.org\/{rel}","templated":true}]}}