{"id":11113,"date":"2026-03-06T11:33:16","date_gmt":"2026-03-06T14:33:16","guid":{"rendered":"https:\/\/www.fiemg.com.br\/fiemg\/noticias\/uma-jornada-artistica-sobre-a-relacao-entre-arte-natureza-e-acao-humana\/"},"modified":"2026-03-06T11:58:32","modified_gmt":"2026-03-06T14:58:32","slug":"uma-jornada-artistica-sobre-a-relacao-entre-arte-natureza-e-acao-humana","status":"publish","type":"noticias","link":"https:\/\/www.fiemg.com.br\/fiemg\/noticias\/uma-jornada-artistica-sobre-a-relacao-entre-arte-natureza-e-acao-humana\/","title":{"rendered":"Exposi\u00e7\u00e3o &#8220;Terra: Suspens\u00e3o, Impregna\u00e7\u00e3o, Submers\u00e3o&#8221;"},"content":{"rendered":"\n<p><strong><br><\/strong><\/p>\n\n\n\n<figure class=\"wp-block-image alignleft size-full is-resized\"><img fetchpriority=\"high\" decoding=\"async\" width=\"462\" height=\"723\" src=\"https:\/\/www.fiemg.com.br\/fiemg\/wp-content\/uploads\/sites\/10\/2026\/03\/image-1.png\" alt=\"\" class=\"wp-image-11114\" style=\"width:268px;height:auto\" srcset=\"https:\/\/www.fiemg.com.br\/fiemg\/wp-content\/uploads\/sites\/10\/2026\/03\/image-1.png 462w, https:\/\/www.fiemg.com.br\/fiemg\/wp-content\/uploads\/sites\/10\/2026\/03\/image-1-192x300.png 192w\" sizes=\"(max-width: 462px) 100vw, 462px\" \/><\/figure>\n\n\n\n<p>A cidade de Uberaba recebe, pela primeira vez, uma exposi\u00e7\u00e3o contemplada pelo Edital de Sele\u00e7\u00e3o de Exposi\u00e7\u00f5es para as Galerias de Arte do SESI Cultura MG. A exposi\u00e7\u00e3o &#8220;Terra: Suspens\u00e3o, Impregna\u00e7\u00e3o, Submers\u00e3o&#8221;, de Glayson Arcanjo, est\u00e1 em cartaz na Galeria de Arte do Sesi Cultura Uberaba at\u00e9 o dia 4 de maio de 2026. A mostra re\u00fane uma s\u00e9rie de obras realizadas entre 2021 e 2025, abordando temas como decomposi\u00e7\u00e3o, desmatamento e eros\u00e3o, com o intuito de criar uma reflex\u00e3o sobre os impactos da a\u00e7\u00e3o humana e as transforma\u00e7\u00f5es da terra.<\/p>\n\n\n\n<p>Por meio de diversas linguagens, como desenho, fotografia, pintura, objetos, v\u00eddeo e instala\u00e7\u00e3o, Arcanjo prop\u00f5e uma imers\u00e3o no universo natural e suas desconstru\u00e7\u00f5es. A exposi\u00e7\u00e3o questiona as monoculturas explorat\u00f3rias e prop\u00f5e paisagens de pertencimento e compostagem como alternativa a essas interven\u00e7\u00f5es. Ela busca, assim, refor\u00e7ar a rela\u00e7\u00e3o entre o corpo humano e o espa\u00e7o natural, abordando as consequ\u00eancias da explora\u00e7\u00e3o dos recursos naturais.<\/p>\n\n\n\n<p>Este evento, que marca a primeira exposi\u00e7\u00e3o do Edital SESI Cultura em Uberaba, traz \u00e0 tona a import\u00e2ncia da arte como ferramenta para o questionamento e reflex\u00e3o sobre o nosso impacto no meio ambiente. A proposta de Arcanjo oferece uma leitura po\u00e9tica e imersiva, com uma nova abordagem sobre a terra e os ciclos naturais, desafiando o p\u00fablico a repensar suas atitudes frente aos desafios ambientais.<br><br>*<strong>SERVI\u00c7O*<\/strong><strong><br><\/strong><strong>Abertura:<\/strong> 13 de mar\u00e7o de 2026, \u00e0s 19h<br><strong>Visita\u00e7\u00e3o:<\/strong> at\u00e9 04 de maio de 2026<br><strong>Hor\u00e1rios de visita\u00e7\u00e3o:<\/strong> Quartas, quintas e sextas-feiras, das 13h \u00e0s 18h; s\u00e1bados, domingos e feriados conforme programa\u00e7\u00e3o de eventos<br><strong>Local:<\/strong> Centro Cultural SESIMINAS &#8211;&nbsp; Pra\u00e7a Frei Eug\u00eanio, 231, Centro, Uberaba<br><strong><em>Entrada gratuita<\/em><\/strong><\/p>\n\n\n\n<p><\/p>\n\n\n\n<p><\/p>\n\n\n\n<p><em>Denise Lucas<\/em><br><strong>Imprensa FIEMG<\/strong><\/p>\n\n\n\n<p><\/p>\n","protected":false},"featured_media":11115,"template":"","categories":[162],"tags":[225,114,1682],"class_list":["post-11113","noticias","type-noticias","status-publish","has-post-thumbnail","hentry","category-cultura","tag-exposicao","tag-sesi","tag-uberaba"],"acf":[],"yoast_head":"<!-- This site is optimized with the Yoast SEO plugin v26.2 - https:\/\/yoast.com\/wordpress\/plugins\/seo\/ -->\n<title>Exposi\u00e7\u00e3o &quot;Terra: Suspens\u00e3o, Impregna\u00e7\u00e3o, Submers\u00e3o&quot; - FIEMG<\/title>\n<meta name=\"description\" content=\"Uma jornada art\u00edstica sobre a rela\u00e7\u00e3o entre arte, natureza e a\u00e7\u00e3o humana\" \/>\n<meta name=\"robots\" content=\"index, follow, max-snippet:-1, max-image-preview:large, max-video-preview:-1\" \/>\n<link rel=\"canonical\" href=\"https:\/\/www.fiemg.com.br\/fiemg\/noticias\/uma-jornada-artistica-sobre-a-relacao-entre-arte-natureza-e-acao-humana\/\" \/>\n<meta property=\"og:locale\" content=\"pt_BR\" \/>\n<meta property=\"og:type\" content=\"article\" \/>\n<meta property=\"og:title\" content=\"Exposi\u00e7\u00e3o &quot;Terra: Suspens\u00e3o, Impregna\u00e7\u00e3o, Submers\u00e3o&quot; - FIEMG\" \/>\n<meta property=\"og:description\" content=\"Uma jornada art\u00edstica sobre a rela\u00e7\u00e3o entre arte, natureza e a\u00e7\u00e3o humana\" \/>\n<meta property=\"og:url\" content=\"https:\/\/www.fiemg.com.br\/fiemg\/noticias\/uma-jornada-artistica-sobre-a-relacao-entre-arte-natureza-e-acao-humana\/\" \/>\n<meta property=\"og:site_name\" content=\"FIEMG\" \/>\n<meta property=\"article:modified_time\" content=\"2026-03-06T14:58:32+00:00\" \/>\n<meta property=\"og:image\" content=\"https:\/\/www.fiemg.com.br\/fiemg\/wp-content\/uploads\/sites\/10\/2026\/03\/EXPOSICAO-SESI-UBERABA-2.png\" \/>\n\t<meta property=\"og:image:width\" content=\"1600\" \/>\n\t<meta property=\"og:image:height\" content=\"1600\" \/>\n\t<meta property=\"og:image:type\" content=\"image\/png\" \/>\n<meta name=\"twitter:card\" content=\"summary_large_image\" \/>\n<meta name=\"twitter:label1\" content=\"Est. tempo de leitura\" \/>\n\t<meta name=\"twitter:data1\" content=\"2 minutos\" \/>\n<script type=\"application\/ld+json\" class=\"yoast-schema-graph\">{\"@context\":\"https:\/\/schema.org\",\"@graph\":[{\"@type\":\"WebPage\",\"@id\":\"https:\/\/www.fiemg.com.br\/fiemg\/noticias\/uma-jornada-artistica-sobre-a-relacao-entre-arte-natureza-e-acao-humana\/\",\"url\":\"https:\/\/www.fiemg.com.br\/fiemg\/noticias\/uma-jornada-artistica-sobre-a-relacao-entre-arte-natureza-e-acao-humana\/\",\"name\":\"Exposi\u00e7\u00e3o \\\"Terra: Suspens\u00e3o, Impregna\u00e7\u00e3o, Submers\u00e3o\\\" - FIEMG\",\"isPartOf\":{\"@id\":\"https:\/\/www.fiemg.com.br\/fiemg\/#website\"},\"primaryImageOfPage\":{\"@id\":\"https:\/\/www.fiemg.com.br\/fiemg\/noticias\/uma-jornada-artistica-sobre-a-relacao-entre-arte-natureza-e-acao-humana\/#primaryimage\"},\"image\":{\"@id\":\"https:\/\/www.fiemg.com.br\/fiemg\/noticias\/uma-jornada-artistica-sobre-a-relacao-entre-arte-natureza-e-acao-humana\/#primaryimage\"},\"thumbnailUrl\":\"https:\/\/www.fiemg.com.br\/fiemg\/wp-content\/uploads\/sites\/10\/2026\/03\/EXPOSICAO-SESI-UBERABA-2.png\",\"datePublished\":\"2026-03-06T14:33:16+00:00\",\"dateModified\":\"2026-03-06T14:58:32+00:00\",\"description\":\"Uma jornada art\u00edstica sobre a rela\u00e7\u00e3o entre arte, natureza e a\u00e7\u00e3o humana\",\"breadcrumb\":{\"@id\":\"https:\/\/www.fiemg.com.br\/fiemg\/noticias\/uma-jornada-artistica-sobre-a-relacao-entre-arte-natureza-e-acao-humana\/#breadcrumb\"},\"inLanguage\":\"pt-BR\",\"potentialAction\":[{\"@type\":\"ReadAction\",\"target\":[\"https:\/\/www.fiemg.com.br\/fiemg\/noticias\/uma-jornada-artistica-sobre-a-relacao-entre-arte-natureza-e-acao-humana\/\"]}]},{\"@type\":\"ImageObject\",\"inLanguage\":\"pt-BR\",\"@id\":\"https:\/\/www.fiemg.com.br\/fiemg\/noticias\/uma-jornada-artistica-sobre-a-relacao-entre-arte-natureza-e-acao-humana\/#primaryimage\",\"url\":\"https:\/\/www.fiemg.com.br\/fiemg\/wp-content\/uploads\/sites\/10\/2026\/03\/EXPOSICAO-SESI-UBERABA-2.png\",\"contentUrl\":\"https:\/\/www.fiemg.com.br\/fiemg\/wp-content\/uploads\/sites\/10\/2026\/03\/EXPOSICAO-SESI-UBERABA-2.png\",\"width\":1600,\"height\":1600},{\"@type\":\"BreadcrumbList\",\"@id\":\"https:\/\/www.fiemg.com.br\/fiemg\/noticias\/uma-jornada-artistica-sobre-a-relacao-entre-arte-natureza-e-acao-humana\/#breadcrumb\",\"itemListElement\":[{\"@type\":\"ListItem\",\"position\":1,\"name\":\"In\u00edcio\",\"item\":\"https:\/\/www.fiemg.com.br\/fiemg\/\"},{\"@type\":\"ListItem\",\"position\":2,\"name\":\"Exposi\u00e7\u00e3o &#8220;Terra: Suspens\u00e3o, Impregna\u00e7\u00e3o, Submers\u00e3o&#8221; de Glayson Arcanjo no Centro Cultural SESIMINAS Uberaba\"}]},{\"@type\":\"WebSite\",\"@id\":\"https:\/\/www.fiemg.com.br\/fiemg\/#website\",\"url\":\"https:\/\/www.fiemg.com.br\/fiemg\/\",\"name\":\"FIEMG\",\"description\":\"Federa\u00e7\u00e3o das Ind\u00fastrias do Estado de Minas Gerais\",\"publisher\":{\"@id\":\"https:\/\/www.fiemg.com.br\/fiemg\/#organization\"},\"potentialAction\":[{\"@type\":\"SearchAction\",\"target\":{\"@type\":\"EntryPoint\",\"urlTemplate\":\"https:\/\/www.fiemg.com.br\/fiemg\/?s={search_term_string}\"},\"query-input\":{\"@type\":\"PropertyValueSpecification\",\"valueRequired\":true,\"valueName\":\"search_term_string\"}}],\"inLanguage\":\"pt-BR\"},{\"@type\":\"Organization\",\"@id\":\"https:\/\/www.fiemg.com.br\/fiemg\/#organization\",\"name\":\"FIEMG\",\"url\":\"https:\/\/www.fiemg.com.br\/fiemg\/\",\"logo\":{\"@type\":\"ImageObject\",\"inLanguage\":\"pt-BR\",\"@id\":\"https:\/\/www.fiemg.com.br\/fiemg\/#\/schema\/logo\/image\/\",\"url\":\"https:\/\/www.fiemg.com.br\/fiemg\/wp-content\/uploads\/sites\/10\/2023\/02\/fiemg_branco.svg\",\"contentUrl\":\"https:\/\/www.fiemg.com.br\/fiemg\/wp-content\/uploads\/sites\/10\/2023\/02\/fiemg_branco.svg\",\"width\":561,\"height\":147,\"caption\":\"FIEMG\"},\"image\":{\"@id\":\"https:\/\/www.fiemg.com.br\/fiemg\/#\/schema\/logo\/image\/\"}}]}<\/script>\n<!-- \/ Yoast SEO plugin. -->","yoast_head_json":{"title":"Exposi\u00e7\u00e3o \"Terra: Suspens\u00e3o, Impregna\u00e7\u00e3o, Submers\u00e3o\" - FIEMG","description":"Uma jornada art\u00edstica sobre a rela\u00e7\u00e3o entre arte, natureza e a\u00e7\u00e3o humana","robots":{"index":"index","follow":"follow","max-snippet":"max-snippet:-1","max-image-preview":"max-image-preview:large","max-video-preview":"max-video-preview:-1"},"canonical":"https:\/\/www.fiemg.com.br\/fiemg\/noticias\/uma-jornada-artistica-sobre-a-relacao-entre-arte-natureza-e-acao-humana\/","og_locale":"pt_BR","og_type":"article","og_title":"Exposi\u00e7\u00e3o \"Terra: Suspens\u00e3o, Impregna\u00e7\u00e3o, Submers\u00e3o\" - FIEMG","og_description":"Uma jornada art\u00edstica sobre a rela\u00e7\u00e3o entre arte, natureza e a\u00e7\u00e3o humana","og_url":"https:\/\/www.fiemg.com.br\/fiemg\/noticias\/uma-jornada-artistica-sobre-a-relacao-entre-arte-natureza-e-acao-humana\/","og_site_name":"FIEMG","article_modified_time":"2026-03-06T14:58:32+00:00","og_image":[{"width":1600,"height":1600,"url":"https:\/\/www.fiemg.com.br\/fiemg\/wp-content\/uploads\/sites\/10\/2026\/03\/EXPOSICAO-SESI-UBERABA-2.png","type":"image\/png"}],"twitter_card":"summary_large_image","twitter_misc":{"Est. tempo de leitura":"2 minutos"},"schema":{"@context":"https:\/\/schema.org","@graph":[{"@type":"WebPage","@id":"https:\/\/www.fiemg.com.br\/fiemg\/noticias\/uma-jornada-artistica-sobre-a-relacao-entre-arte-natureza-e-acao-humana\/","url":"https:\/\/www.fiemg.com.br\/fiemg\/noticias\/uma-jornada-artistica-sobre-a-relacao-entre-arte-natureza-e-acao-humana\/","name":"Exposi\u00e7\u00e3o \"Terra: Suspens\u00e3o, Impregna\u00e7\u00e3o, Submers\u00e3o\" - FIEMG","isPartOf":{"@id":"https:\/\/www.fiemg.com.br\/fiemg\/#website"},"primaryImageOfPage":{"@id":"https:\/\/www.fiemg.com.br\/fiemg\/noticias\/uma-jornada-artistica-sobre-a-relacao-entre-arte-natureza-e-acao-humana\/#primaryimage"},"image":{"@id":"https:\/\/www.fiemg.com.br\/fiemg\/noticias\/uma-jornada-artistica-sobre-a-relacao-entre-arte-natureza-e-acao-humana\/#primaryimage"},"thumbnailUrl":"https:\/\/www.fiemg.com.br\/fiemg\/wp-content\/uploads\/sites\/10\/2026\/03\/EXPOSICAO-SESI-UBERABA-2.png","datePublished":"2026-03-06T14:33:16+00:00","dateModified":"2026-03-06T14:58:32+00:00","description":"Uma jornada art\u00edstica sobre a rela\u00e7\u00e3o entre arte, natureza e a\u00e7\u00e3o humana","breadcrumb":{"@id":"https:\/\/www.fiemg.com.br\/fiemg\/noticias\/uma-jornada-artistica-sobre-a-relacao-entre-arte-natureza-e-acao-humana\/#breadcrumb"},"inLanguage":"pt-BR","potentialAction":[{"@type":"ReadAction","target":["https:\/\/www.fiemg.com.br\/fiemg\/noticias\/uma-jornada-artistica-sobre-a-relacao-entre-arte-natureza-e-acao-humana\/"]}]},{"@type":"ImageObject","inLanguage":"pt-BR","@id":"https:\/\/www.fiemg.com.br\/fiemg\/noticias\/uma-jornada-artistica-sobre-a-relacao-entre-arte-natureza-e-acao-humana\/#primaryimage","url":"https:\/\/www.fiemg.com.br\/fiemg\/wp-content\/uploads\/sites\/10\/2026\/03\/EXPOSICAO-SESI-UBERABA-2.png","contentUrl":"https:\/\/www.fiemg.com.br\/fiemg\/wp-content\/uploads\/sites\/10\/2026\/03\/EXPOSICAO-SESI-UBERABA-2.png","width":1600,"height":1600},{"@type":"BreadcrumbList","@id":"https:\/\/www.fiemg.com.br\/fiemg\/noticias\/uma-jornada-artistica-sobre-a-relacao-entre-arte-natureza-e-acao-humana\/#breadcrumb","itemListElement":[{"@type":"ListItem","position":1,"name":"In\u00edcio","item":"https:\/\/www.fiemg.com.br\/fiemg\/"},{"@type":"ListItem","position":2,"name":"Exposi\u00e7\u00e3o &#8220;Terra: Suspens\u00e3o, Impregna\u00e7\u00e3o, Submers\u00e3o&#8221; de Glayson Arcanjo no Centro Cultural SESIMINAS Uberaba"}]},{"@type":"WebSite","@id":"https:\/\/www.fiemg.com.br\/fiemg\/#website","url":"https:\/\/www.fiemg.com.br\/fiemg\/","name":"FIEMG","description":"Federa\u00e7\u00e3o das Ind\u00fastrias do Estado de Minas Gerais","publisher":{"@id":"https:\/\/www.fiemg.com.br\/fiemg\/#organization"},"potentialAction":[{"@type":"SearchAction","target":{"@type":"EntryPoint","urlTemplate":"https:\/\/www.fiemg.com.br\/fiemg\/?s={search_term_string}"},"query-input":{"@type":"PropertyValueSpecification","valueRequired":true,"valueName":"search_term_string"}}],"inLanguage":"pt-BR"},{"@type":"Organization","@id":"https:\/\/www.fiemg.com.br\/fiemg\/#organization","name":"FIEMG","url":"https:\/\/www.fiemg.com.br\/fiemg\/","logo":{"@type":"ImageObject","inLanguage":"pt-BR","@id":"https:\/\/www.fiemg.com.br\/fiemg\/#\/schema\/logo\/image\/","url":"https:\/\/www.fiemg.com.br\/fiemg\/wp-content\/uploads\/sites\/10\/2023\/02\/fiemg_branco.svg","contentUrl":"https:\/\/www.fiemg.com.br\/fiemg\/wp-content\/uploads\/sites\/10\/2023\/02\/fiemg_branco.svg","width":561,"height":147,"caption":"FIEMG"},"image":{"@id":"https:\/\/www.fiemg.com.br\/fiemg\/#\/schema\/logo\/image\/"}}]}},"_links":{"self":[{"href":"https:\/\/www.fiemg.com.br\/fiemg\/wp-json\/wp\/v2\/noticias\/11113","targetHints":{"allow":["GET"]}}],"collection":[{"href":"https:\/\/www.fiemg.com.br\/fiemg\/wp-json\/wp\/v2\/noticias"}],"about":[{"href":"https:\/\/www.fiemg.com.br\/fiemg\/wp-json\/wp\/v2\/types\/noticias"}],"wp:featuredmedia":[{"embeddable":true,"href":"https:\/\/www.fiemg.com.br\/fiemg\/wp-json\/wp\/v2\/media\/11115"}],"wp:attachment":[{"href":"https:\/\/www.fiemg.com.br\/fiemg\/wp-json\/wp\/v2\/media?parent=11113"}],"wp:term":[{"taxonomy":"category","embeddable":true,"href":"https:\/\/www.fiemg.com.br\/fiemg\/wp-json\/wp\/v2\/categories?post=11113"},{"taxonomy":"post_tag","embeddable":true,"href":"https:\/\/www.fiemg.com.br\/fiemg\/wp-json\/wp\/v2\/tags?post=11113"}],"curies":[{"name":"wp","href":"https:\/\/api.w.org\/{rel}","templated":true}]}}