{"id":11123,"date":"2026-03-09T11:42:28","date_gmt":"2026-03-09T14:42:28","guid":{"rendered":"https:\/\/www.fiemg.com.br\/fiemg\/noticias\/portadoras-de-futuro-do-sistema-fiemg-em-montes-claros-participaram-de-palestra-especial-em-celebracao-ao-dia-da-mulher\/"},"modified":"2026-03-09T13:51:46","modified_gmt":"2026-03-09T16:51:46","slug":"portadoras-de-futuro-do-sistema-fiemg-em-montes-claros-participaram-de-palestra-especial-em-celebracao-ao-dia-da-mulher","status":"publish","type":"noticias","link":"https:\/\/www.fiemg.com.br\/fiemg\/noticias\/portadoras-de-futuro-do-sistema-fiemg-em-montes-claros-participaram-de-palestra-especial-em-celebracao-ao-dia-da-mulher\/","title":{"rendered":"Portadoras de Futuro do Sistema FIEMG em Montes Claros participaram de palestra especial em celebra\u00e7\u00e3o ao Dia da Mulher"},"content":{"rendered":"\n<p>As Portadoras de Futuro das unidades <strong>SESI SST<\/strong>, <strong>FIEMG Regional Norte<\/strong> e <strong>SENAI Montes Claros<\/strong> participaram, na manh\u00e3 desta segunda-feira (9), no audit\u00f3rio da Regional, de uma palestra com o tema <strong>\u201cFortalecendo la\u00e7os: a uni\u00e3o feminina como caminho para a transforma\u00e7\u00e3o\u201d<\/strong>, ministrada pela empreendedora, jornalista e palestrante <strong>Ariane Galdino<\/strong>. O evento teve ainda participa\u00e7\u00e3o de convidadas externas.<\/p>\n\n\n\n<p>A programa\u00e7\u00e3o foi realizada em alus\u00e3o ao <strong>Dia Internacional da Mulher<\/strong> e proporcionou um momento de reflex\u00e3o, inspira\u00e7\u00e3o e fortalecimento da uni\u00e3o feminina no ambiente de trabalho, na fam\u00edlia e na sociedade.<\/p>\n\n\n\n<p>As participantes foram recepcionadas com um caf\u00e9 da manh\u00e3 especial oferecido pela <strong>Xod\u00f3 de Minas<\/strong>, empresa especializada em p\u00e3o de queijo mineiro, proporcionando um ambiente de acolhimento e integra\u00e7\u00e3o entre as colaboradoras.<\/p>\n\n\n\n<p>O encontro foi marcado por troca de experi\u00eancias e celebra\u00e7\u00e3o da for\u00e7a e da ess\u00eancia feminina. Ao final do evento, houve ainda o sorteio de brindes, doados pelas empresas <strong>Astral \u2013 Ind\u00fastria e Com\u00e9rcio de P\u00e3es e Massas Especiais Ltda<\/strong>, <strong>Cris Joias<\/strong>, <strong>Galo Gato<\/strong>, <strong>Mary Kay<\/strong> e <strong>F\u00eanix Distribuidora<\/strong>, encerrando a manh\u00e3 comemorativa com momentos de descontra\u00e7\u00e3o e reconhecimento \u00e0s participantes.<\/p>\n\n\n\n<p>Rosangela Silveira<\/p>\n\n\n\n<p><strong>Imprensa FIEMG Regional Norte<\/strong><\/p>\n\n\n\n<p><\/p>\n","protected":false},"featured_media":11125,"template":"","categories":[1686],"tags":[],"class_list":["post-11123","noticias","type-noticias","status-publish","has-post-thumbnail","hentry","category-dia-da-mulher"],"acf":[],"yoast_head":"<!-- This site is optimized with the Yoast SEO plugin v26.2 - https:\/\/yoast.com\/wordpress\/plugins\/seo\/ -->\n<title>Portadoras de Futuro do Sistema FIEMG em Montes Claros participaram de palestra especial em celebra\u00e7\u00e3o ao Dia da Mulher - FIEMG<\/title>\n<meta name=\"robots\" content=\"index, follow, max-snippet:-1, max-image-preview:large, max-video-preview:-1\" \/>\n<link rel=\"canonical\" href=\"https:\/\/www.fiemg.com.br\/fiemg\/noticias\/portadoras-de-futuro-do-sistema-fiemg-em-montes-claros-participaram-de-palestra-especial-em-celebracao-ao-dia-da-mulher\/\" \/>\n<meta property=\"og:locale\" content=\"pt_BR\" \/>\n<meta property=\"og:type\" content=\"article\" \/>\n<meta property=\"og:title\" content=\"Portadoras de Futuro do Sistema FIEMG em Montes Claros participaram de palestra especial em celebra\u00e7\u00e3o ao Dia da Mulher - FIEMG\" \/>\n<meta property=\"og:description\" content=\"As Portadoras de Futuro das unidades SESI SST, FIEMG Regional Norte e SENAI Montes Claros participaram, na manh\u00e3 desta segunda-feira (9), no audit\u00f3rio da Regional, de uma palestra com o tema \u201cFortalecendo la\u00e7os: a uni\u00e3o feminina como caminho para a transforma\u00e7\u00e3o\u201d, ministrada pela empreendedora, jornalista e palestrante Ariane Galdino. O evento teve ainda participa\u00e7\u00e3o de [&hellip;]\" \/>\n<meta property=\"og:url\" content=\"https:\/\/www.fiemg.com.br\/fiemg\/noticias\/portadoras-de-futuro-do-sistema-fiemg-em-montes-claros-participaram-de-palestra-especial-em-celebracao-ao-dia-da-mulher\/\" \/>\n<meta property=\"og:site_name\" content=\"FIEMG\" \/>\n<meta property=\"article:modified_time\" content=\"2026-03-09T16:51:46+00:00\" \/>\n<meta property=\"og:image\" content=\"https:\/\/www.fiemg.com.br\/fiemg\/wp-content\/uploads\/sites\/10\/2026\/03\/Palestra-Mulheres-Ariane.jpg\" \/>\n\t<meta property=\"og:image:width\" content=\"300\" \/>\n\t<meta property=\"og:image:height\" content=\"286\" \/>\n\t<meta property=\"og:image:type\" content=\"image\/jpeg\" \/>\n<meta name=\"twitter:card\" content=\"summary_large_image\" \/>\n<meta name=\"twitter:label1\" content=\"Est. tempo de leitura\" \/>\n\t<meta name=\"twitter:data1\" content=\"2 minutos\" \/>\n<script type=\"application\/ld+json\" class=\"yoast-schema-graph\">{\"@context\":\"https:\/\/schema.org\",\"@graph\":[{\"@type\":\"WebPage\",\"@id\":\"https:\/\/www.fiemg.com.br\/fiemg\/noticias\/portadoras-de-futuro-do-sistema-fiemg-em-montes-claros-participaram-de-palestra-especial-em-celebracao-ao-dia-da-mulher\/\",\"url\":\"https:\/\/www.fiemg.com.br\/fiemg\/noticias\/portadoras-de-futuro-do-sistema-fiemg-em-montes-claros-participaram-de-palestra-especial-em-celebracao-ao-dia-da-mulher\/\",\"name\":\"Portadoras de Futuro do Sistema FIEMG em Montes Claros participaram de palestra especial em celebra\u00e7\u00e3o ao Dia da Mulher - FIEMG\",\"isPartOf\":{\"@id\":\"https:\/\/www.fiemg.com.br\/fiemg\/#website\"},\"primaryImageOfPage\":{\"@id\":\"https:\/\/www.fiemg.com.br\/fiemg\/noticias\/portadoras-de-futuro-do-sistema-fiemg-em-montes-claros-participaram-de-palestra-especial-em-celebracao-ao-dia-da-mulher\/#primaryimage\"},\"image\":{\"@id\":\"https:\/\/www.fiemg.com.br\/fiemg\/noticias\/portadoras-de-futuro-do-sistema-fiemg-em-montes-claros-participaram-de-palestra-especial-em-celebracao-ao-dia-da-mulher\/#primaryimage\"},\"thumbnailUrl\":\"https:\/\/www.fiemg.com.br\/fiemg\/wp-content\/uploads\/sites\/10\/2026\/03\/Palestra-Mulheres-Ariane.jpg\",\"datePublished\":\"2026-03-09T14:42:28+00:00\",\"dateModified\":\"2026-03-09T16:51:46+00:00\",\"breadcrumb\":{\"@id\":\"https:\/\/www.fiemg.com.br\/fiemg\/noticias\/portadoras-de-futuro-do-sistema-fiemg-em-montes-claros-participaram-de-palestra-especial-em-celebracao-ao-dia-da-mulher\/#breadcrumb\"},\"inLanguage\":\"pt-BR\",\"potentialAction\":[{\"@type\":\"ReadAction\",\"target\":[\"https:\/\/www.fiemg.com.br\/fiemg\/noticias\/portadoras-de-futuro-do-sistema-fiemg-em-montes-claros-participaram-de-palestra-especial-em-celebracao-ao-dia-da-mulher\/\"]}]},{\"@type\":\"ImageObject\",\"inLanguage\":\"pt-BR\",\"@id\":\"https:\/\/www.fiemg.com.br\/fiemg\/noticias\/portadoras-de-futuro-do-sistema-fiemg-em-montes-claros-participaram-de-palestra-especial-em-celebracao-ao-dia-da-mulher\/#primaryimage\",\"url\":\"https:\/\/www.fiemg.com.br\/fiemg\/wp-content\/uploads\/sites\/10\/2026\/03\/Palestra-Mulheres-Ariane.jpg\",\"contentUrl\":\"https:\/\/www.fiemg.com.br\/fiemg\/wp-content\/uploads\/sites\/10\/2026\/03\/Palestra-Mulheres-Ariane.jpg\",\"width\":300,\"height\":286},{\"@type\":\"BreadcrumbList\",\"@id\":\"https:\/\/www.fiemg.com.br\/fiemg\/noticias\/portadoras-de-futuro-do-sistema-fiemg-em-montes-claros-participaram-de-palestra-especial-em-celebracao-ao-dia-da-mulher\/#breadcrumb\",\"itemListElement\":[{\"@type\":\"ListItem\",\"position\":1,\"name\":\"In\u00edcio\",\"item\":\"https:\/\/www.fiemg.com.br\/fiemg\/\"},{\"@type\":\"ListItem\",\"position\":2,\"name\":\"Portadoras de Futuro do Sistema FIEMG em Montes Claros participaram de palestra especial em celebra\u00e7\u00e3o ao Dia da Mulher\"}]},{\"@type\":\"WebSite\",\"@id\":\"https:\/\/www.fiemg.com.br\/fiemg\/#website\",\"url\":\"https:\/\/www.fiemg.com.br\/fiemg\/\",\"name\":\"FIEMG\",\"description\":\"Federa\u00e7\u00e3o das Ind\u00fastrias do Estado de Minas Gerais\",\"publisher\":{\"@id\":\"https:\/\/www.fiemg.com.br\/fiemg\/#organization\"},\"potentialAction\":[{\"@type\":\"SearchAction\",\"target\":{\"@type\":\"EntryPoint\",\"urlTemplate\":\"https:\/\/www.fiemg.com.br\/fiemg\/?s={search_term_string}\"},\"query-input\":{\"@type\":\"PropertyValueSpecification\",\"valueRequired\":true,\"valueName\":\"search_term_string\"}}],\"inLanguage\":\"pt-BR\"},{\"@type\":\"Organization\",\"@id\":\"https:\/\/www.fiemg.com.br\/fiemg\/#organization\",\"name\":\"FIEMG\",\"url\":\"https:\/\/www.fiemg.com.br\/fiemg\/\",\"logo\":{\"@type\":\"ImageObject\",\"inLanguage\":\"pt-BR\",\"@id\":\"https:\/\/www.fiemg.com.br\/fiemg\/#\/schema\/logo\/image\/\",\"url\":\"https:\/\/www.fiemg.com.br\/fiemg\/wp-content\/uploads\/sites\/10\/2023\/02\/fiemg_branco.svg\",\"contentUrl\":\"https:\/\/www.fiemg.com.br\/fiemg\/wp-content\/uploads\/sites\/10\/2023\/02\/fiemg_branco.svg\",\"width\":561,\"height\":147,\"caption\":\"FIEMG\"},\"image\":{\"@id\":\"https:\/\/www.fiemg.com.br\/fiemg\/#\/schema\/logo\/image\/\"}}]}<\/script>\n<!-- \/ Yoast SEO plugin. -->","yoast_head_json":{"title":"Portadoras de Futuro do Sistema FIEMG em Montes Claros participaram de palestra especial em celebra\u00e7\u00e3o ao Dia da Mulher - FIEMG","robots":{"index":"index","follow":"follow","max-snippet":"max-snippet:-1","max-image-preview":"max-image-preview:large","max-video-preview":"max-video-preview:-1"},"canonical":"https:\/\/www.fiemg.com.br\/fiemg\/noticias\/portadoras-de-futuro-do-sistema-fiemg-em-montes-claros-participaram-de-palestra-especial-em-celebracao-ao-dia-da-mulher\/","og_locale":"pt_BR","og_type":"article","og_title":"Portadoras de Futuro do Sistema FIEMG em Montes Claros participaram de palestra especial em celebra\u00e7\u00e3o ao Dia da Mulher - FIEMG","og_description":"As Portadoras de Futuro das unidades SESI SST, FIEMG Regional Norte e SENAI Montes Claros participaram, na manh\u00e3 desta segunda-feira (9), no audit\u00f3rio da Regional, de uma palestra com o tema \u201cFortalecendo la\u00e7os: a uni\u00e3o feminina como caminho para a transforma\u00e7\u00e3o\u201d, ministrada pela empreendedora, jornalista e palestrante Ariane Galdino. O evento teve ainda participa\u00e7\u00e3o de [&hellip;]","og_url":"https:\/\/www.fiemg.com.br\/fiemg\/noticias\/portadoras-de-futuro-do-sistema-fiemg-em-montes-claros-participaram-de-palestra-especial-em-celebracao-ao-dia-da-mulher\/","og_site_name":"FIEMG","article_modified_time":"2026-03-09T16:51:46+00:00","og_image":[{"width":300,"height":286,"url":"https:\/\/www.fiemg.com.br\/fiemg\/wp-content\/uploads\/sites\/10\/2026\/03\/Palestra-Mulheres-Ariane.jpg","type":"image\/jpeg"}],"twitter_card":"summary_large_image","twitter_misc":{"Est. tempo de leitura":"2 minutos"},"schema":{"@context":"https:\/\/schema.org","@graph":[{"@type":"WebPage","@id":"https:\/\/www.fiemg.com.br\/fiemg\/noticias\/portadoras-de-futuro-do-sistema-fiemg-em-montes-claros-participaram-de-palestra-especial-em-celebracao-ao-dia-da-mulher\/","url":"https:\/\/www.fiemg.com.br\/fiemg\/noticias\/portadoras-de-futuro-do-sistema-fiemg-em-montes-claros-participaram-de-palestra-especial-em-celebracao-ao-dia-da-mulher\/","name":"Portadoras de Futuro do Sistema FIEMG em Montes Claros participaram de palestra especial em celebra\u00e7\u00e3o ao Dia da Mulher - FIEMG","isPartOf":{"@id":"https:\/\/www.fiemg.com.br\/fiemg\/#website"},"primaryImageOfPage":{"@id":"https:\/\/www.fiemg.com.br\/fiemg\/noticias\/portadoras-de-futuro-do-sistema-fiemg-em-montes-claros-participaram-de-palestra-especial-em-celebracao-ao-dia-da-mulher\/#primaryimage"},"image":{"@id":"https:\/\/www.fiemg.com.br\/fiemg\/noticias\/portadoras-de-futuro-do-sistema-fiemg-em-montes-claros-participaram-de-palestra-especial-em-celebracao-ao-dia-da-mulher\/#primaryimage"},"thumbnailUrl":"https:\/\/www.fiemg.com.br\/fiemg\/wp-content\/uploads\/sites\/10\/2026\/03\/Palestra-Mulheres-Ariane.jpg","datePublished":"2026-03-09T14:42:28+00:00","dateModified":"2026-03-09T16:51:46+00:00","breadcrumb":{"@id":"https:\/\/www.fiemg.com.br\/fiemg\/noticias\/portadoras-de-futuro-do-sistema-fiemg-em-montes-claros-participaram-de-palestra-especial-em-celebracao-ao-dia-da-mulher\/#breadcrumb"},"inLanguage":"pt-BR","potentialAction":[{"@type":"ReadAction","target":["https:\/\/www.fiemg.com.br\/fiemg\/noticias\/portadoras-de-futuro-do-sistema-fiemg-em-montes-claros-participaram-de-palestra-especial-em-celebracao-ao-dia-da-mulher\/"]}]},{"@type":"ImageObject","inLanguage":"pt-BR","@id":"https:\/\/www.fiemg.com.br\/fiemg\/noticias\/portadoras-de-futuro-do-sistema-fiemg-em-montes-claros-participaram-de-palestra-especial-em-celebracao-ao-dia-da-mulher\/#primaryimage","url":"https:\/\/www.fiemg.com.br\/fiemg\/wp-content\/uploads\/sites\/10\/2026\/03\/Palestra-Mulheres-Ariane.jpg","contentUrl":"https:\/\/www.fiemg.com.br\/fiemg\/wp-content\/uploads\/sites\/10\/2026\/03\/Palestra-Mulheres-Ariane.jpg","width":300,"height":286},{"@type":"BreadcrumbList","@id":"https:\/\/www.fiemg.com.br\/fiemg\/noticias\/portadoras-de-futuro-do-sistema-fiemg-em-montes-claros-participaram-de-palestra-especial-em-celebracao-ao-dia-da-mulher\/#breadcrumb","itemListElement":[{"@type":"ListItem","position":1,"name":"In\u00edcio","item":"https:\/\/www.fiemg.com.br\/fiemg\/"},{"@type":"ListItem","position":2,"name":"Portadoras de Futuro do Sistema FIEMG em Montes Claros participaram de palestra especial em celebra\u00e7\u00e3o ao Dia da Mulher"}]},{"@type":"WebSite","@id":"https:\/\/www.fiemg.com.br\/fiemg\/#website","url":"https:\/\/www.fiemg.com.br\/fiemg\/","name":"FIEMG","description":"Federa\u00e7\u00e3o das Ind\u00fastrias do Estado de Minas Gerais","publisher":{"@id":"https:\/\/www.fiemg.com.br\/fiemg\/#organization"},"potentialAction":[{"@type":"SearchAction","target":{"@type":"EntryPoint","urlTemplate":"https:\/\/www.fiemg.com.br\/fiemg\/?s={search_term_string}"},"query-input":{"@type":"PropertyValueSpecification","valueRequired":true,"valueName":"search_term_string"}}],"inLanguage":"pt-BR"},{"@type":"Organization","@id":"https:\/\/www.fiemg.com.br\/fiemg\/#organization","name":"FIEMG","url":"https:\/\/www.fiemg.com.br\/fiemg\/","logo":{"@type":"ImageObject","inLanguage":"pt-BR","@id":"https:\/\/www.fiemg.com.br\/fiemg\/#\/schema\/logo\/image\/","url":"https:\/\/www.fiemg.com.br\/fiemg\/wp-content\/uploads\/sites\/10\/2023\/02\/fiemg_branco.svg","contentUrl":"https:\/\/www.fiemg.com.br\/fiemg\/wp-content\/uploads\/sites\/10\/2023\/02\/fiemg_branco.svg","width":561,"height":147,"caption":"FIEMG"},"image":{"@id":"https:\/\/www.fiemg.com.br\/fiemg\/#\/schema\/logo\/image\/"}}]}},"_links":{"self":[{"href":"https:\/\/www.fiemg.com.br\/fiemg\/wp-json\/wp\/v2\/noticias\/11123","targetHints":{"allow":["GET"]}}],"collection":[{"href":"https:\/\/www.fiemg.com.br\/fiemg\/wp-json\/wp\/v2\/noticias"}],"about":[{"href":"https:\/\/www.fiemg.com.br\/fiemg\/wp-json\/wp\/v2\/types\/noticias"}],"wp:featuredmedia":[{"embeddable":true,"href":"https:\/\/www.fiemg.com.br\/fiemg\/wp-json\/wp\/v2\/media\/11125"}],"wp:attachment":[{"href":"https:\/\/www.fiemg.com.br\/fiemg\/wp-json\/wp\/v2\/media?parent=11123"}],"wp:term":[{"taxonomy":"category","embeddable":true,"href":"https:\/\/www.fiemg.com.br\/fiemg\/wp-json\/wp\/v2\/categories?post=11123"},{"taxonomy":"post_tag","embeddable":true,"href":"https:\/\/www.fiemg.com.br\/fiemg\/wp-json\/wp\/v2\/tags?post=11123"}],"curies":[{"name":"wp","href":"https:\/\/api.w.org\/{rel}","templated":true}]}}