{"id":11131,"date":"2026-03-09T15:41:29","date_gmt":"2026-03-09T18:41:29","guid":{"rendered":"https:\/\/www.fiemg.com.br\/fiemg\/noticias\/greve-das-galinhas-e-impacto-da-quaresma-no-bolso\/"},"modified":"2026-03-10T16:13:26","modified_gmt":"2026-03-10T19:13:26","slug":"greve-das-galinhas-e-impacto-da-quaresma-no-bolso","status":"publish","type":"noticias","link":"https:\/\/www.fiemg.com.br\/fiemg\/noticias\/greve-das-galinhas-e-impacto-da-quaresma-no-bolso\/","title":{"rendered":"&#8220;Greve das Galinhas&#8221; e impacto da Quaresma no bolso"},"content":{"rendered":"\n<p>A Quaresma \u00e9 conhecida por ser uma tradi\u00e7\u00e3o que atravessa gera\u00e7\u00f5es h\u00e1 s\u00e9culos, independentemente, das transforma\u00e7\u00f5es religiosas ao longo dos anos. O que pouca gente sabe \u00e9 que o per\u00edodo impacta diretamente o mercado de prote\u00ednas no Brasil, pois ele \u00e9 marcado pela redu\u00e7\u00e3o do consumo de carne vermelha e o crescimento da procura por peixes e ovos \u2014 movimento que altera a din\u00e2mica de oferta, demanda e pre\u00e7os.<\/p>\n\n\n\n<p>Em Minas Gerais, o cen\u00e1rio j\u00e1 reflete essa mudan\u00e7a de comportamento. Dados do Centro de Estudos Avan\u00e7ados em Economia Aplicada (Cepea) indicam forte valoriza\u00e7\u00e3o do ovo no atacado desde o fim de 2025. A caixa com 30 d\u00fazias de ovos brancos extra passou de cerca de R$ 139 em dezembro para aproximadamente R$ 188 no in\u00edcio de mar\u00e7o, um aumento de R$ 49, o que representa alta de cerca de 35% no per\u00edodo.<\/p>\n\n\n\n<p>No caso do ovo vermelho extra, a valoriza\u00e7\u00e3o foi ainda mais expressiva: o pre\u00e7o saiu de R$ 151 para cerca de R$ 210, avan\u00e7o de R$ 59, equivalente a aproximadamente 39% de aumento.<\/p>\n\n\n\n<p>O fen\u00f4meno \u00e9 potencializado por um fator que tem despertado curiosidade no setor: a chamada \u201cGreve das Galinhas\u201d.<\/p>\n\n\n\n<p>Segundo o diretor t\u00e9cnico da Avimig e consultor do Sinpamig, Gustavo Ribeiro, o termo faz refer\u00eancia a uma quest\u00e3o fisiol\u00f3gica das aves. \u201cDurante a Quaresma \u00e9 observado uma \u2018falta\u2019 de ovos no mercado, mas isso se d\u00e1 pelo consumo de ovos que aumenta. Tradicionalmente, o per\u00edodo da Quaresma influencia o consumo dos ovos, especialmente entre os cat\u00f3licos, que costumam reduzir o consumo de carne vermelha. Como alternativa proteica mais acess\u00edvel, o ovo ganha destaque na mesa do brasileiro\u201d, explica.<\/p>\n\n\n\n<p>Ele acrescenta que o comportamento de compra se intensifica ao longo das semanas. \u201cAs vendas costumam apresentar crescimento gradual ao longo da Quaresma, com pico mais pr\u00f3ximo da Semana Santa. Esse aumento pode variar conforme fatores como pre\u00e7o das prote\u00ednas concorrentes, poder de compra do consumidor e cen\u00e1rio econ\u00f4mico\u201d, completa.<\/p>\n\n\n\n<p>Ao mesmo tempo, o clima exerce influ\u00eancia direta na produ\u00e7\u00e3o. \u201cFisiologicamente, nesse per\u00edodo do ano, temos um clima muito quente, o que diminui a ingest\u00e3o de ra\u00e7\u00e3o pelas aves. Essa diminui\u00e7\u00e3o de ingest\u00e3o de ra\u00e7\u00e3o resulta em uma diminui\u00e7\u00e3o da produ\u00e7\u00e3o de ovos. Por isso se fala em greve das aves\u201d, afirma Ribeiro.<\/p>\n\n\n\n<p>Minas Gerais possui um plantel estimado em aproximadamente 21 milh\u00f5es de galinhas e produ\u00e7\u00e3o anual de cerca de 6 bilh\u00f5es de ovos. Ainda assim, a combina\u00e7\u00e3o entre maior consumo e leve retra\u00e7\u00e3o produtiva ajuda a pressionar os pre\u00e7os.<\/p>\n\n\n\n<p><strong>Carne bovina n\u00e3o deve aliviar<\/strong><\/p>\n\n\n\n<p>Enquanto os ovos e os peixes ganham espa\u00e7o nas mesas, a expectativa de queda no pre\u00e7o da carne bovina pode n\u00e3o se confirmar na Quaresma. <\/p>\n\n\n\n<p>De acordo com o presidente do Sinduscarne, Pedro Braga, a recente valoriza\u00e7\u00e3o da arroba limita qualquer recuo no curto prazo. \u201cA carne de boi n\u00e3o deve ficar mais barata neste per\u00edodo. A arroba do boi gordo chegou a R$ 340 em fevereiro, segundo o Cepea, o maior valor desde novembro de 2024. Com essa alta recente, n\u00e3o h\u00e1 espa\u00e7o para queda significativa durante a Quaresma\u201d, afirma.<\/p>\n\n\n\n<p>Ele destaca que, tradicionalmente, o peixe registra aumento m\u00e9dio de cerca de 15% no pre\u00e7o durante a Quaresma, impulsionado pela maior procura. J\u00e1 outras prote\u00ednas, como su\u00edna e de frango, podem apresentar ajustes pontuais dependendo da demanda, mas o comportamento do mercado n\u00e3o \u00e9 determinado apenas pela tradi\u00e7\u00e3o religiosa. <\/p>\n\n\n\n<p><em>Ana Paula Motta<\/em><br><strong>Imprensa FIEMG<\/strong><\/p>\n","protected":false},"featured_media":11133,"template":"","categories":[15],"tags":[1687,1688,1689,1690],"class_list":["post-11131","noticias","type-noticias","status-publish","has-post-thumbnail","hentry","category-desenvolvimento-industrial","tag-greve-das-galinhas","tag-preco-da-carne","tag-quaresma-preco","tag-sinpamig"],"acf":[],"yoast_head":"<!-- This site is optimized with the Yoast SEO plugin v26.2 - https:\/\/yoast.com\/wordpress\/plugins\/seo\/ -->\n<title>&quot;Greve das Galinhas&quot; e impacto da Quaresma no bolso - FIEMG<\/title>\n<meta name=\"robots\" content=\"index, follow, max-snippet:-1, max-image-preview:large, max-video-preview:-1\" \/>\n<link rel=\"canonical\" href=\"https:\/\/www.fiemg.com.br\/fiemg\/noticias\/greve-das-galinhas-e-impacto-da-quaresma-no-bolso\/\" \/>\n<meta property=\"og:locale\" content=\"pt_BR\" \/>\n<meta property=\"og:type\" content=\"article\" \/>\n<meta property=\"og:title\" content=\"&quot;Greve das Galinhas&quot; e impacto da Quaresma no bolso - FIEMG\" \/>\n<meta property=\"og:description\" content=\"A Quaresma \u00e9 conhecida por ser uma tradi\u00e7\u00e3o que atravessa gera\u00e7\u00f5es h\u00e1 s\u00e9culos, independentemente, das transforma\u00e7\u00f5es religiosas ao longo dos anos. O que pouca gente sabe \u00e9 que o per\u00edodo impacta diretamente o mercado de prote\u00ednas no Brasil, pois ele \u00e9 marcado pela redu\u00e7\u00e3o do consumo de carne vermelha e o crescimento da procura por [&hellip;]\" \/>\n<meta property=\"og:url\" content=\"https:\/\/www.fiemg.com.br\/fiemg\/noticias\/greve-das-galinhas-e-impacto-da-quaresma-no-bolso\/\" \/>\n<meta property=\"og:site_name\" content=\"FIEMG\" \/>\n<meta property=\"article:modified_time\" content=\"2026-03-10T19:13:26+00:00\" \/>\n<meta property=\"og:image\" content=\"https:\/\/www.fiemg.com.br\/fiemg\/wp-content\/uploads\/sites\/10\/2026\/03\/greve-das-galinhas-ovos-caros.jpg\" \/>\n\t<meta property=\"og:image:width\" content=\"512\" \/>\n\t<meta property=\"og:image:height\" content=\"512\" \/>\n\t<meta property=\"og:image:type\" content=\"image\/jpeg\" \/>\n<meta name=\"twitter:card\" content=\"summary_large_image\" \/>\n<meta name=\"twitter:label1\" content=\"Est. tempo de leitura\" \/>\n\t<meta name=\"twitter:data1\" content=\"4 minutos\" \/>\n<script type=\"application\/ld+json\" class=\"yoast-schema-graph\">{\"@context\":\"https:\/\/schema.org\",\"@graph\":[{\"@type\":\"WebPage\",\"@id\":\"https:\/\/www.fiemg.com.br\/fiemg\/noticias\/greve-das-galinhas-e-impacto-da-quaresma-no-bolso\/\",\"url\":\"https:\/\/www.fiemg.com.br\/fiemg\/noticias\/greve-das-galinhas-e-impacto-da-quaresma-no-bolso\/\",\"name\":\"\\\"Greve das Galinhas\\\" e impacto da Quaresma no bolso - FIEMG\",\"isPartOf\":{\"@id\":\"https:\/\/www.fiemg.com.br\/fiemg\/#website\"},\"primaryImageOfPage\":{\"@id\":\"https:\/\/www.fiemg.com.br\/fiemg\/noticias\/greve-das-galinhas-e-impacto-da-quaresma-no-bolso\/#primaryimage\"},\"image\":{\"@id\":\"https:\/\/www.fiemg.com.br\/fiemg\/noticias\/greve-das-galinhas-e-impacto-da-quaresma-no-bolso\/#primaryimage\"},\"thumbnailUrl\":\"https:\/\/www.fiemg.com.br\/fiemg\/wp-content\/uploads\/sites\/10\/2026\/03\/greve-das-galinhas-ovos-caros.jpg\",\"datePublished\":\"2026-03-09T18:41:29+00:00\",\"dateModified\":\"2026-03-10T19:13:26+00:00\",\"breadcrumb\":{\"@id\":\"https:\/\/www.fiemg.com.br\/fiemg\/noticias\/greve-das-galinhas-e-impacto-da-quaresma-no-bolso\/#breadcrumb\"},\"inLanguage\":\"pt-BR\",\"potentialAction\":[{\"@type\":\"ReadAction\",\"target\":[\"https:\/\/www.fiemg.com.br\/fiemg\/noticias\/greve-das-galinhas-e-impacto-da-quaresma-no-bolso\/\"]}]},{\"@type\":\"ImageObject\",\"inLanguage\":\"pt-BR\",\"@id\":\"https:\/\/www.fiemg.com.br\/fiemg\/noticias\/greve-das-galinhas-e-impacto-da-quaresma-no-bolso\/#primaryimage\",\"url\":\"https:\/\/www.fiemg.com.br\/fiemg\/wp-content\/uploads\/sites\/10\/2026\/03\/greve-das-galinhas-ovos-caros.jpg\",\"contentUrl\":\"https:\/\/www.fiemg.com.br\/fiemg\/wp-content\/uploads\/sites\/10\/2026\/03\/greve-das-galinhas-ovos-caros.jpg\",\"width\":512,\"height\":512},{\"@type\":\"BreadcrumbList\",\"@id\":\"https:\/\/www.fiemg.com.br\/fiemg\/noticias\/greve-das-galinhas-e-impacto-da-quaresma-no-bolso\/#breadcrumb\",\"itemListElement\":[{\"@type\":\"ListItem\",\"position\":1,\"name\":\"In\u00edcio\",\"item\":\"https:\/\/www.fiemg.com.br\/fiemg\/\"},{\"@type\":\"ListItem\",\"position\":2,\"name\":\"Greve das Galinhas e impacto da quaresma no bolso\"}]},{\"@type\":\"WebSite\",\"@id\":\"https:\/\/www.fiemg.com.br\/fiemg\/#website\",\"url\":\"https:\/\/www.fiemg.com.br\/fiemg\/\",\"name\":\"FIEMG\",\"description\":\"Federa\u00e7\u00e3o das Ind\u00fastrias do Estado de Minas Gerais\",\"publisher\":{\"@id\":\"https:\/\/www.fiemg.com.br\/fiemg\/#organization\"},\"potentialAction\":[{\"@type\":\"SearchAction\",\"target\":{\"@type\":\"EntryPoint\",\"urlTemplate\":\"https:\/\/www.fiemg.com.br\/fiemg\/?s={search_term_string}\"},\"query-input\":{\"@type\":\"PropertyValueSpecification\",\"valueRequired\":true,\"valueName\":\"search_term_string\"}}],\"inLanguage\":\"pt-BR\"},{\"@type\":\"Organization\",\"@id\":\"https:\/\/www.fiemg.com.br\/fiemg\/#organization\",\"name\":\"FIEMG\",\"url\":\"https:\/\/www.fiemg.com.br\/fiemg\/\",\"logo\":{\"@type\":\"ImageObject\",\"inLanguage\":\"pt-BR\",\"@id\":\"https:\/\/www.fiemg.com.br\/fiemg\/#\/schema\/logo\/image\/\",\"url\":\"https:\/\/www.fiemg.com.br\/fiemg\/wp-content\/uploads\/sites\/10\/2023\/02\/fiemg_branco.svg\",\"contentUrl\":\"https:\/\/www.fiemg.com.br\/fiemg\/wp-content\/uploads\/sites\/10\/2023\/02\/fiemg_branco.svg\",\"width\":561,\"height\":147,\"caption\":\"FIEMG\"},\"image\":{\"@id\":\"https:\/\/www.fiemg.com.br\/fiemg\/#\/schema\/logo\/image\/\"}}]}<\/script>\n<!-- \/ Yoast SEO plugin. -->","yoast_head_json":{"title":"\"Greve das Galinhas\" e impacto da Quaresma no bolso - FIEMG","robots":{"index":"index","follow":"follow","max-snippet":"max-snippet:-1","max-image-preview":"max-image-preview:large","max-video-preview":"max-video-preview:-1"},"canonical":"https:\/\/www.fiemg.com.br\/fiemg\/noticias\/greve-das-galinhas-e-impacto-da-quaresma-no-bolso\/","og_locale":"pt_BR","og_type":"article","og_title":"\"Greve das Galinhas\" e impacto da Quaresma no bolso - FIEMG","og_description":"A Quaresma \u00e9 conhecida por ser uma tradi\u00e7\u00e3o que atravessa gera\u00e7\u00f5es h\u00e1 s\u00e9culos, independentemente, das transforma\u00e7\u00f5es religiosas ao longo dos anos. O que pouca gente sabe \u00e9 que o per\u00edodo impacta diretamente o mercado de prote\u00ednas no Brasil, pois ele \u00e9 marcado pela redu\u00e7\u00e3o do consumo de carne vermelha e o crescimento da procura por [&hellip;]","og_url":"https:\/\/www.fiemg.com.br\/fiemg\/noticias\/greve-das-galinhas-e-impacto-da-quaresma-no-bolso\/","og_site_name":"FIEMG","article_modified_time":"2026-03-10T19:13:26+00:00","og_image":[{"width":512,"height":512,"url":"https:\/\/www.fiemg.com.br\/fiemg\/wp-content\/uploads\/sites\/10\/2026\/03\/greve-das-galinhas-ovos-caros.jpg","type":"image\/jpeg"}],"twitter_card":"summary_large_image","twitter_misc":{"Est. tempo de leitura":"4 minutos"},"schema":{"@context":"https:\/\/schema.org","@graph":[{"@type":"WebPage","@id":"https:\/\/www.fiemg.com.br\/fiemg\/noticias\/greve-das-galinhas-e-impacto-da-quaresma-no-bolso\/","url":"https:\/\/www.fiemg.com.br\/fiemg\/noticias\/greve-das-galinhas-e-impacto-da-quaresma-no-bolso\/","name":"\"Greve das Galinhas\" e impacto da Quaresma no bolso - FIEMG","isPartOf":{"@id":"https:\/\/www.fiemg.com.br\/fiemg\/#website"},"primaryImageOfPage":{"@id":"https:\/\/www.fiemg.com.br\/fiemg\/noticias\/greve-das-galinhas-e-impacto-da-quaresma-no-bolso\/#primaryimage"},"image":{"@id":"https:\/\/www.fiemg.com.br\/fiemg\/noticias\/greve-das-galinhas-e-impacto-da-quaresma-no-bolso\/#primaryimage"},"thumbnailUrl":"https:\/\/www.fiemg.com.br\/fiemg\/wp-content\/uploads\/sites\/10\/2026\/03\/greve-das-galinhas-ovos-caros.jpg","datePublished":"2026-03-09T18:41:29+00:00","dateModified":"2026-03-10T19:13:26+00:00","breadcrumb":{"@id":"https:\/\/www.fiemg.com.br\/fiemg\/noticias\/greve-das-galinhas-e-impacto-da-quaresma-no-bolso\/#breadcrumb"},"inLanguage":"pt-BR","potentialAction":[{"@type":"ReadAction","target":["https:\/\/www.fiemg.com.br\/fiemg\/noticias\/greve-das-galinhas-e-impacto-da-quaresma-no-bolso\/"]}]},{"@type":"ImageObject","inLanguage":"pt-BR","@id":"https:\/\/www.fiemg.com.br\/fiemg\/noticias\/greve-das-galinhas-e-impacto-da-quaresma-no-bolso\/#primaryimage","url":"https:\/\/www.fiemg.com.br\/fiemg\/wp-content\/uploads\/sites\/10\/2026\/03\/greve-das-galinhas-ovos-caros.jpg","contentUrl":"https:\/\/www.fiemg.com.br\/fiemg\/wp-content\/uploads\/sites\/10\/2026\/03\/greve-das-galinhas-ovos-caros.jpg","width":512,"height":512},{"@type":"BreadcrumbList","@id":"https:\/\/www.fiemg.com.br\/fiemg\/noticias\/greve-das-galinhas-e-impacto-da-quaresma-no-bolso\/#breadcrumb","itemListElement":[{"@type":"ListItem","position":1,"name":"In\u00edcio","item":"https:\/\/www.fiemg.com.br\/fiemg\/"},{"@type":"ListItem","position":2,"name":"Greve das Galinhas e impacto da quaresma no bolso"}]},{"@type":"WebSite","@id":"https:\/\/www.fiemg.com.br\/fiemg\/#website","url":"https:\/\/www.fiemg.com.br\/fiemg\/","name":"FIEMG","description":"Federa\u00e7\u00e3o das Ind\u00fastrias do Estado de Minas Gerais","publisher":{"@id":"https:\/\/www.fiemg.com.br\/fiemg\/#organization"},"potentialAction":[{"@type":"SearchAction","target":{"@type":"EntryPoint","urlTemplate":"https:\/\/www.fiemg.com.br\/fiemg\/?s={search_term_string}"},"query-input":{"@type":"PropertyValueSpecification","valueRequired":true,"valueName":"search_term_string"}}],"inLanguage":"pt-BR"},{"@type":"Organization","@id":"https:\/\/www.fiemg.com.br\/fiemg\/#organization","name":"FIEMG","url":"https:\/\/www.fiemg.com.br\/fiemg\/","logo":{"@type":"ImageObject","inLanguage":"pt-BR","@id":"https:\/\/www.fiemg.com.br\/fiemg\/#\/schema\/logo\/image\/","url":"https:\/\/www.fiemg.com.br\/fiemg\/wp-content\/uploads\/sites\/10\/2023\/02\/fiemg_branco.svg","contentUrl":"https:\/\/www.fiemg.com.br\/fiemg\/wp-content\/uploads\/sites\/10\/2023\/02\/fiemg_branco.svg","width":561,"height":147,"caption":"FIEMG"},"image":{"@id":"https:\/\/www.fiemg.com.br\/fiemg\/#\/schema\/logo\/image\/"}}]}},"_links":{"self":[{"href":"https:\/\/www.fiemg.com.br\/fiemg\/wp-json\/wp\/v2\/noticias\/11131","targetHints":{"allow":["GET"]}}],"collection":[{"href":"https:\/\/www.fiemg.com.br\/fiemg\/wp-json\/wp\/v2\/noticias"}],"about":[{"href":"https:\/\/www.fiemg.com.br\/fiemg\/wp-json\/wp\/v2\/types\/noticias"}],"wp:featuredmedia":[{"embeddable":true,"href":"https:\/\/www.fiemg.com.br\/fiemg\/wp-json\/wp\/v2\/media\/11133"}],"wp:attachment":[{"href":"https:\/\/www.fiemg.com.br\/fiemg\/wp-json\/wp\/v2\/media?parent=11131"}],"wp:term":[{"taxonomy":"category","embeddable":true,"href":"https:\/\/www.fiemg.com.br\/fiemg\/wp-json\/wp\/v2\/categories?post=11131"},{"taxonomy":"post_tag","embeddable":true,"href":"https:\/\/www.fiemg.com.br\/fiemg\/wp-json\/wp\/v2\/tags?post=11131"}],"curies":[{"name":"wp","href":"https:\/\/api.w.org\/{rel}","templated":true}]}}