{"id":11151,"date":"2026-03-11T11:57:47","date_gmt":"2026-03-11T14:57:47","guid":{"rendered":"https:\/\/www.fiemg.com.br\/fiemg\/noticias\/programacao-reune-formacoes-presenciais-e-online-com-profissionais-reconhecidos-do-cinema-e-da-tv-ao-longo-do-ano\/"},"modified":"2026-03-11T12:37:16","modified_gmt":"2026-03-11T15:37:16","slug":"programacao-reune-formacoes-presenciais-e-online-com-profissionais-reconhecidos-do-cinema-e-da-tv-ao-longo-do-ano","status":"publish","type":"noticias","link":"https:\/\/www.fiemg.com.br\/fiemg\/noticias\/programacao-reune-formacoes-presenciais-e-online-com-profissionais-reconhecidos-do-cinema-e-da-tv-ao-longo-do-ano\/","title":{"rendered":"B\u00e1rbara Colen, atriz de Bacurau, ministra curso na Escola SENAI do Audiovisual"},"content":{"rendered":"\n<p>A atriz B\u00e1rbara Colen, conhecida por sua atua\u00e7\u00e3o no filme <em>Bacurau<\/em>, \u00e9 um dos destaques da programa\u00e7\u00e3o de cursos da Escola SENAI do Audiovisual, que est\u00e1 com inscri\u00e7\u00f5es abertas para forma\u00e7\u00f5es presenciais e online ao longo do ano. A artista ir\u00e1 ministrar o curso <strong>Ateli\u00ea de Montagem: Entre o Teatro e o Cinema<\/strong>, ao lado do ator, dramaturgo e diretor Vin\u00edcius de Souza, mestre em Teatro pela Universidade Federal de Minas Gerais.<\/p>\n\n\n\n<p>O curso prop\u00f5e uma investiga\u00e7\u00e3o pr\u00e1tica das rela\u00e7\u00f5es entre as linguagens do teatro e do cinema, a partir de processos criativos que aproximam as duas \u00e1reas. Segundo B\u00e1rbara Colen, a proposta busca ampliar a compreens\u00e3o sobre os pontos de contato entre essas formas de atua\u00e7\u00e3o. \u201cQuando a gente prop\u00f5e essa jun\u00e7\u00e3o entre teatro e cinema, normalmente se fala muito sobre as diferen\u00e7as entre os dois. Mas o que eu mais desejo com esse curso \u00e9 justamente que as pessoas consigam perceber as semelhan\u00e7as, aquilo que existe em comum entre essas linguagens e o quanto, no fundo, a atua\u00e7\u00e3o se diferencia muito pouco de um campo para o outro\u201d, afirma.<\/p>\n\n\n\n<figure class=\"wp-block-image alignleft size-large is-resized\"><img fetchpriority=\"high\" decoding=\"async\" width=\"683\" height=\"1024\" src=\"https:\/\/www.fiemg.com.br\/fiemg\/wp-content\/uploads\/sites\/10\/2026\/03\/image-1-683x1024.jpeg\" alt=\"\" class=\"wp-image-11157\" style=\"width:200px\" srcset=\"https:\/\/www.fiemg.com.br\/fiemg\/wp-content\/uploads\/sites\/10\/2026\/03\/image-1-683x1024.jpeg 683w, https:\/\/www.fiemg.com.br\/fiemg\/wp-content\/uploads\/sites\/10\/2026\/03\/image-1-200x300.jpeg 200w, https:\/\/www.fiemg.com.br\/fiemg\/wp-content\/uploads\/sites\/10\/2026\/03\/image-1-768x1152.jpeg 768w, https:\/\/www.fiemg.com.br\/fiemg\/wp-content\/uploads\/sites\/10\/2026\/03\/image-1-1024x1536.jpeg 1024w, https:\/\/www.fiemg.com.br\/fiemg\/wp-content\/uploads\/sites\/10\/2026\/03\/image-1.jpeg 1365w\" sizes=\"(max-width: 683px) 100vw, 683px\" \/><\/figure>\n\n\n\n<p class=\"has-text-align-left\">A atriz destaca que, muitas vezes, as diferen\u00e7as entre as linguagens est\u00e3o mais relacionadas a aspectos t\u00e9cnicos do que \u00e0 ess\u00eancia da atua\u00e7\u00e3o. \u201cA ideia tamb\u00e9m \u00e9 que possamos compartilhar bastante do nosso conhecimento tanto de teatro quanto de cinema, especialmente no sentido t\u00e9cnico mesmo, com procedimentos, m\u00e9todos de trabalho e experi\u00eancias que j\u00e1 vivenciamos nos nossos processos criativos\u201d, explica.<\/p>\n\n\n\n<p>Para ela, o curso tamb\u00e9m se diferencia por priorizar o aprendizado por meio da experimenta\u00e7\u00e3o. \u201cEnquanto pesquisamos esses procedimentos, tamb\u00e9m vamos experimentando na pr\u00e1tica e vivendo, inclusive, os desafios que surgem nesse percurso. O fato de o curso envolver o processo de cria\u00e7\u00e3o de um espet\u00e1culo faz toda a diferen\u00e7a, porque \u00e9 uma forma de viver a pr\u00e1tica art\u00edstica em toda a sua complexidade.\u201d<\/p>\n\n\n\n<p>Vin\u00edcius de Souza ressalta que o car\u00e1ter experimental \u00e9 parte central da proposta pedag\u00f3gica. \u201cExiste um pouco desse car\u00e1ter em aberto, dessa ideia de que o curso vai se construir a partir do encontro. E essa possibilidade de que muitas coisas aconte\u00e7am, inclusive coisas que a gente n\u00e3o controla totalmente, \u00e9 uma das partes mais fascinantes desse processo\u201d, afirma.<br><br><br><br><br><br><em>Foto: Ethel Braga<\/em><\/p>\n\n\n\n<figure class=\"wp-block-image alignright size-large is-resized\"><img decoding=\"async\" width=\"683\" height=\"1024\" src=\"https:\/\/www.fiemg.com.br\/fiemg\/wp-content\/uploads\/sites\/10\/2026\/03\/image-2-683x1024.jpeg\" alt=\"\" class=\"wp-image-11156\" style=\"width:200px\" srcset=\"https:\/\/www.fiemg.com.br\/fiemg\/wp-content\/uploads\/sites\/10\/2026\/03\/image-2-683x1024.jpeg 683w, https:\/\/www.fiemg.com.br\/fiemg\/wp-content\/uploads\/sites\/10\/2026\/03\/image-2-200x300.jpeg 200w, https:\/\/www.fiemg.com.br\/fiemg\/wp-content\/uploads\/sites\/10\/2026\/03\/image-2-768x1152.jpeg 768w, https:\/\/www.fiemg.com.br\/fiemg\/wp-content\/uploads\/sites\/10\/2026\/03\/image-2-1024x1536.jpeg 1024w, https:\/\/www.fiemg.com.br\/fiemg\/wp-content\/uploads\/sites\/10\/2026\/03\/image-2.jpeg 1365w\" sizes=\"(max-width: 683px) 100vw, 683px\" \/><\/figure>\n\n\n\n<p class=\"has-text-align-left\"><br>Segundo ele, o curso tamb\u00e9m marca a primeira colabora\u00e7\u00e3o entre os dois artistas. \u201c\u00c9 a primeira vez que estamos trabalhando juntos e tamb\u00e9m a primeira vez que vamos colocar essas linguagens para dialogar de uma forma mais radical. Ao mesmo tempo em que vamos compartilhar aquilo que j\u00e1 entendemos dessas linguagens, estamos muito curiosos para descobrir o que pode surgir desse di\u00e1logo.\u201d<\/p>\n\n\n\n<p>Al\u00e9m do curso conduzido por B\u00e1rbara Colen e Vin\u00edcius de Souza, a programa\u00e7\u00e3o da Escola SENAI do Audiovisual re\u00fane outras forma\u00e7\u00f5es ministradas por profissionais que atuam diretamente no mercado, incluindo diretores, roteiristas, montadores, fot\u00f3grafos e especialistas em diferentes \u00e1reas da produ\u00e7\u00e3o audiovisual. <br><br>Entre os destaques est\u00e1 tamb\u00e9m o curso <strong>Cria\u00e7\u00e3o de Trailers para Cinema<\/strong>, ministrado por Ricardo Mehedff, montador com p\u00f3s-gradua\u00e7\u00e3o pela George Washington University. O profissional possui passagens por festivais internacionais como Berlim, Roterd\u00e3 e Havana e \u00e9 respons\u00e1vel pela montagem de trailers de filmes nacionais e internacionais exibidos em salas de cinema, televis\u00e3o e plataformas de streaming.<br><\/p>\n\n\n\n<p class=\"has-text-align-right\"><br><em>Foto: Ethel Braga<\/em><\/p>\n\n\n\n<figure class=\"wp-block-image alignleft size-full is-resized\"><img decoding=\"async\" width=\"389\" height=\"397\" src=\"https:\/\/www.fiemg.com.br\/fiemg\/wp-content\/uploads\/sites\/10\/2026\/03\/image-3.jpeg\" alt=\"\" class=\"wp-image-11155\" style=\"width:200px\" srcset=\"https:\/\/www.fiemg.com.br\/fiemg\/wp-content\/uploads\/sites\/10\/2026\/03\/image-3.jpeg 389w, https:\/\/www.fiemg.com.br\/fiemg\/wp-content\/uploads\/sites\/10\/2026\/03\/image-3-294x300.jpeg 294w\" sizes=\"(max-width: 389px) 100vw, 389px\" \/><\/figure>\n\n\n\n<p class=\"has-text-align-left\"><br>A programa\u00e7\u00e3o inclui ainda cursos sobre elabora\u00e7\u00e3o de projetos audiovisuais, opera\u00e7\u00e3o de c\u00e2mera e steadicam, som no cinema, figurino para cinema, assist\u00eancia de dire\u00e7\u00e3o e realiza\u00e7\u00e3o de curta-metragem. Todos os cursos presenciais ser\u00e3o realizados no Centro Cultural SESIMINAS BH. As forma\u00e7\u00f5es online ocorrer\u00e3o em ambiente virtual.<\/p>\n\n\n\n<p class=\"has-text-align-left\">Na Escola SENAI do Audiovisual, o aprendizado \u00e9 conduzido por profissionais reconhecidos do setor, que compartilham experi\u00eancias e conhecimentos constru\u00eddos a partir de projetos realizados no mercado. A proposta \u00e9 oferecer forma\u00e7\u00e3o alinhada \u00e0s demandas atuais da ind\u00fastria, preparando profissionais para atuar em diferentes \u00e1reas do audiovisual.<br><br><br><br><br><em>Foto: Manuel Rolim<\/em><\/p>\n\n\n\n<p><\/p>\n\n\n\n<figure class=\"wp-block-image aligncenter size-large\"><img loading=\"lazy\" decoding=\"async\" width=\"728\" height=\"1024\" src=\"https:\/\/www.fiemg.com.br\/fiemg\/wp-content\/uploads\/sites\/10\/2026\/03\/SC001326B_CARTAZ_ESCOLASENAIAUDIOVISUAL_APROV2-728x1024.png\" alt=\"\" class=\"wp-image-11159\" srcset=\"https:\/\/www.fiemg.com.br\/fiemg\/wp-content\/uploads\/sites\/10\/2026\/03\/SC001326B_CARTAZ_ESCOLASENAIAUDIOVISUAL_APROV2-728x1024.png 728w, https:\/\/www.fiemg.com.br\/fiemg\/wp-content\/uploads\/sites\/10\/2026\/03\/SC001326B_CARTAZ_ESCOLASENAIAUDIOVISUAL_APROV2-213x300.png 213w, https:\/\/www.fiemg.com.br\/fiemg\/wp-content\/uploads\/sites\/10\/2026\/03\/SC001326B_CARTAZ_ESCOLASENAIAUDIOVISUAL_APROV2-768x1080.png 768w, https:\/\/www.fiemg.com.br\/fiemg\/wp-content\/uploads\/sites\/10\/2026\/03\/SC001326B_CARTAZ_ESCOLASENAIAUDIOVISUAL_APROV2.png 800w\" sizes=\"(max-width: 728px) 100vw, 728px\" \/><\/figure>\n\n\n\n<p>Mais informa\u00e7\u00f5es sobre os cursos e inscri\u00e7\u00f5es est\u00e3o dispon\u00edveis no site: <a href=\"https:\/\/www.fiemg.com.br\/sesi-cultura\/audiovisual\/\"> https:\/\/www.fiemg.com.br\/sesi-cultura\/audiovisual\/<\/a><br><strong>Local dos cursos presenciais:<\/strong> Centro Cultural SESIMINAS BH, rua \u00c1lvares Maciel, 59, Bairro Santa Efig\u00eania.<br><br><em>Denise Lucas<\/em><br><strong>Imprensa FIEMG<\/strong><\/p>\n\n\n\n<p><\/p>\n","protected":false},"featured_media":11158,"template":"","categories":[162],"tags":[995,165,100,114],"class_list":["post-11151","noticias","type-noticias","status-publish","has-post-thumbnail","hentry","category-cultura","tag-audiovisual","tag-cultura","tag-senai","tag-sesi"],"acf":[],"yoast_head":"<!-- This site is optimized with the Yoast SEO plugin v26.2 - https:\/\/yoast.com\/wordpress\/plugins\/seo\/ -->\n<title>B\u00e1rbara Colen, atriz de Bacurau, ministra curso na Escola SENAI do Audiovisual - FIEMG<\/title>\n<meta name=\"description\" content=\"Programa\u00e7\u00e3o re\u00fane forma\u00e7\u00f5es presenciais e online com profissionais reconhecidos do cinema e da TV ao longo do ano\" \/>\n<meta name=\"robots\" content=\"index, follow, max-snippet:-1, max-image-preview:large, max-video-preview:-1\" \/>\n<link rel=\"canonical\" href=\"https:\/\/www.fiemg.com.br\/fiemg\/noticias\/programacao-reune-formacoes-presenciais-e-online-com-profissionais-reconhecidos-do-cinema-e-da-tv-ao-longo-do-ano\/\" \/>\n<meta property=\"og:locale\" content=\"pt_BR\" \/>\n<meta property=\"og:type\" content=\"article\" \/>\n<meta property=\"og:title\" content=\"B\u00e1rbara Colen, atriz de Bacurau, ministra curso na Escola SENAI do Audiovisual - FIEMG\" \/>\n<meta property=\"og:description\" content=\"Programa\u00e7\u00e3o re\u00fane forma\u00e7\u00f5es presenciais e online com profissionais reconhecidos do cinema e da TV ao longo do ano\" \/>\n<meta property=\"og:url\" content=\"https:\/\/www.fiemg.com.br\/fiemg\/noticias\/programacao-reune-formacoes-presenciais-e-online-com-profissionais-reconhecidos-do-cinema-e-da-tv-ao-longo-do-ano\/\" \/>\n<meta property=\"og:site_name\" content=\"FIEMG\" \/>\n<meta property=\"article:modified_time\" content=\"2026-03-11T15:37:16+00:00\" \/>\n<meta property=\"og:image\" content=\"https:\/\/www.fiemg.com.br\/fiemg\/wp-content\/uploads\/sites\/10\/2026\/03\/audiovisual-thumb.png\" \/>\n\t<meta property=\"og:image:width\" content=\"1600\" \/>\n\t<meta property=\"og:image:height\" content=\"1600\" \/>\n\t<meta property=\"og:image:type\" content=\"image\/png\" \/>\n<meta name=\"twitter:card\" content=\"summary_large_image\" \/>\n<meta name=\"twitter:label1\" content=\"Est. tempo de leitura\" \/>\n\t<meta name=\"twitter:data1\" content=\"5 minutos\" \/>\n<script type=\"application\/ld+json\" class=\"yoast-schema-graph\">{\"@context\":\"https:\/\/schema.org\",\"@graph\":[{\"@type\":\"WebPage\",\"@id\":\"https:\/\/www.fiemg.com.br\/fiemg\/noticias\/programacao-reune-formacoes-presenciais-e-online-com-profissionais-reconhecidos-do-cinema-e-da-tv-ao-longo-do-ano\/\",\"url\":\"https:\/\/www.fiemg.com.br\/fiemg\/noticias\/programacao-reune-formacoes-presenciais-e-online-com-profissionais-reconhecidos-do-cinema-e-da-tv-ao-longo-do-ano\/\",\"name\":\"B\u00e1rbara Colen, atriz de Bacurau, ministra curso na Escola SENAI do Audiovisual - FIEMG\",\"isPartOf\":{\"@id\":\"https:\/\/www.fiemg.com.br\/fiemg\/#website\"},\"primaryImageOfPage\":{\"@id\":\"https:\/\/www.fiemg.com.br\/fiemg\/noticias\/programacao-reune-formacoes-presenciais-e-online-com-profissionais-reconhecidos-do-cinema-e-da-tv-ao-longo-do-ano\/#primaryimage\"},\"image\":{\"@id\":\"https:\/\/www.fiemg.com.br\/fiemg\/noticias\/programacao-reune-formacoes-presenciais-e-online-com-profissionais-reconhecidos-do-cinema-e-da-tv-ao-longo-do-ano\/#primaryimage\"},\"thumbnailUrl\":\"https:\/\/www.fiemg.com.br\/fiemg\/wp-content\/uploads\/sites\/10\/2026\/03\/audiovisual-thumb-1.png\",\"datePublished\":\"2026-03-11T14:57:47+00:00\",\"dateModified\":\"2026-03-11T15:37:16+00:00\",\"description\":\"Programa\u00e7\u00e3o re\u00fane forma\u00e7\u00f5es presenciais e online com profissionais reconhecidos do cinema e da TV ao longo do ano\",\"breadcrumb\":{\"@id\":\"https:\/\/www.fiemg.com.br\/fiemg\/noticias\/programacao-reune-formacoes-presenciais-e-online-com-profissionais-reconhecidos-do-cinema-e-da-tv-ao-longo-do-ano\/#breadcrumb\"},\"inLanguage\":\"pt-BR\",\"potentialAction\":[{\"@type\":\"ReadAction\",\"target\":[\"https:\/\/www.fiemg.com.br\/fiemg\/noticias\/programacao-reune-formacoes-presenciais-e-online-com-profissionais-reconhecidos-do-cinema-e-da-tv-ao-longo-do-ano\/\"]}]},{\"@type\":\"ImageObject\",\"inLanguage\":\"pt-BR\",\"@id\":\"https:\/\/www.fiemg.com.br\/fiemg\/noticias\/programacao-reune-formacoes-presenciais-e-online-com-profissionais-reconhecidos-do-cinema-e-da-tv-ao-longo-do-ano\/#primaryimage\",\"url\":\"https:\/\/www.fiemg.com.br\/fiemg\/wp-content\/uploads\/sites\/10\/2026\/03\/audiovisual-thumb-1.png\",\"contentUrl\":\"https:\/\/www.fiemg.com.br\/fiemg\/wp-content\/uploads\/sites\/10\/2026\/03\/audiovisual-thumb-1.png\",\"width\":1600,\"height\":1600},{\"@type\":\"BreadcrumbList\",\"@id\":\"https:\/\/www.fiemg.com.br\/fiemg\/noticias\/programacao-reune-formacoes-presenciais-e-online-com-profissionais-reconhecidos-do-cinema-e-da-tv-ao-longo-do-ano\/#breadcrumb\",\"itemListElement\":[{\"@type\":\"ListItem\",\"position\":1,\"name\":\"In\u00edcio\",\"item\":\"https:\/\/www.fiemg.com.br\/fiemg\/\"},{\"@type\":\"ListItem\",\"position\":2,\"name\":\"B\u00e1rbara Colen, atriz de Bacurau, ministra curso na Escola SENAI do Audiovisual\"}]},{\"@type\":\"WebSite\",\"@id\":\"https:\/\/www.fiemg.com.br\/fiemg\/#website\",\"url\":\"https:\/\/www.fiemg.com.br\/fiemg\/\",\"name\":\"FIEMG\",\"description\":\"Federa\u00e7\u00e3o das Ind\u00fastrias do Estado de Minas Gerais\",\"publisher\":{\"@id\":\"https:\/\/www.fiemg.com.br\/fiemg\/#organization\"},\"potentialAction\":[{\"@type\":\"SearchAction\",\"target\":{\"@type\":\"EntryPoint\",\"urlTemplate\":\"https:\/\/www.fiemg.com.br\/fiemg\/?s={search_term_string}\"},\"query-input\":{\"@type\":\"PropertyValueSpecification\",\"valueRequired\":true,\"valueName\":\"search_term_string\"}}],\"inLanguage\":\"pt-BR\"},{\"@type\":\"Organization\",\"@id\":\"https:\/\/www.fiemg.com.br\/fiemg\/#organization\",\"name\":\"FIEMG\",\"url\":\"https:\/\/www.fiemg.com.br\/fiemg\/\",\"logo\":{\"@type\":\"ImageObject\",\"inLanguage\":\"pt-BR\",\"@id\":\"https:\/\/www.fiemg.com.br\/fiemg\/#\/schema\/logo\/image\/\",\"url\":\"https:\/\/www.fiemg.com.br\/fiemg\/wp-content\/uploads\/sites\/10\/2023\/02\/fiemg_branco.svg\",\"contentUrl\":\"https:\/\/www.fiemg.com.br\/fiemg\/wp-content\/uploads\/sites\/10\/2023\/02\/fiemg_branco.svg\",\"width\":561,\"height\":147,\"caption\":\"FIEMG\"},\"image\":{\"@id\":\"https:\/\/www.fiemg.com.br\/fiemg\/#\/schema\/logo\/image\/\"}}]}<\/script>\n<!-- \/ Yoast SEO plugin. -->","yoast_head_json":{"title":"B\u00e1rbara Colen, atriz de Bacurau, ministra curso na Escola SENAI do Audiovisual - FIEMG","description":"Programa\u00e7\u00e3o re\u00fane forma\u00e7\u00f5es presenciais e online com profissionais reconhecidos do cinema e da TV ao longo do ano","robots":{"index":"index","follow":"follow","max-snippet":"max-snippet:-1","max-image-preview":"max-image-preview:large","max-video-preview":"max-video-preview:-1"},"canonical":"https:\/\/www.fiemg.com.br\/fiemg\/noticias\/programacao-reune-formacoes-presenciais-e-online-com-profissionais-reconhecidos-do-cinema-e-da-tv-ao-longo-do-ano\/","og_locale":"pt_BR","og_type":"article","og_title":"B\u00e1rbara Colen, atriz de Bacurau, ministra curso na Escola SENAI do Audiovisual - FIEMG","og_description":"Programa\u00e7\u00e3o re\u00fane forma\u00e7\u00f5es presenciais e online com profissionais reconhecidos do cinema e da TV ao longo do ano","og_url":"https:\/\/www.fiemg.com.br\/fiemg\/noticias\/programacao-reune-formacoes-presenciais-e-online-com-profissionais-reconhecidos-do-cinema-e-da-tv-ao-longo-do-ano\/","og_site_name":"FIEMG","article_modified_time":"2026-03-11T15:37:16+00:00","og_image":[{"width":1600,"height":1600,"url":"https:\/\/www.fiemg.com.br\/fiemg\/wp-content\/uploads\/sites\/10\/2026\/03\/audiovisual-thumb.png","type":"image\/png"}],"twitter_card":"summary_large_image","twitter_misc":{"Est. tempo de leitura":"5 minutos"},"schema":{"@context":"https:\/\/schema.org","@graph":[{"@type":"WebPage","@id":"https:\/\/www.fiemg.com.br\/fiemg\/noticias\/programacao-reune-formacoes-presenciais-e-online-com-profissionais-reconhecidos-do-cinema-e-da-tv-ao-longo-do-ano\/","url":"https:\/\/www.fiemg.com.br\/fiemg\/noticias\/programacao-reune-formacoes-presenciais-e-online-com-profissionais-reconhecidos-do-cinema-e-da-tv-ao-longo-do-ano\/","name":"B\u00e1rbara Colen, atriz de Bacurau, ministra curso na Escola SENAI do Audiovisual - FIEMG","isPartOf":{"@id":"https:\/\/www.fiemg.com.br\/fiemg\/#website"},"primaryImageOfPage":{"@id":"https:\/\/www.fiemg.com.br\/fiemg\/noticias\/programacao-reune-formacoes-presenciais-e-online-com-profissionais-reconhecidos-do-cinema-e-da-tv-ao-longo-do-ano\/#primaryimage"},"image":{"@id":"https:\/\/www.fiemg.com.br\/fiemg\/noticias\/programacao-reune-formacoes-presenciais-e-online-com-profissionais-reconhecidos-do-cinema-e-da-tv-ao-longo-do-ano\/#primaryimage"},"thumbnailUrl":"https:\/\/www.fiemg.com.br\/fiemg\/wp-content\/uploads\/sites\/10\/2026\/03\/audiovisual-thumb-1.png","datePublished":"2026-03-11T14:57:47+00:00","dateModified":"2026-03-11T15:37:16+00:00","description":"Programa\u00e7\u00e3o re\u00fane forma\u00e7\u00f5es presenciais e online com profissionais reconhecidos do cinema e da TV ao longo do ano","breadcrumb":{"@id":"https:\/\/www.fiemg.com.br\/fiemg\/noticias\/programacao-reune-formacoes-presenciais-e-online-com-profissionais-reconhecidos-do-cinema-e-da-tv-ao-longo-do-ano\/#breadcrumb"},"inLanguage":"pt-BR","potentialAction":[{"@type":"ReadAction","target":["https:\/\/www.fiemg.com.br\/fiemg\/noticias\/programacao-reune-formacoes-presenciais-e-online-com-profissionais-reconhecidos-do-cinema-e-da-tv-ao-longo-do-ano\/"]}]},{"@type":"ImageObject","inLanguage":"pt-BR","@id":"https:\/\/www.fiemg.com.br\/fiemg\/noticias\/programacao-reune-formacoes-presenciais-e-online-com-profissionais-reconhecidos-do-cinema-e-da-tv-ao-longo-do-ano\/#primaryimage","url":"https:\/\/www.fiemg.com.br\/fiemg\/wp-content\/uploads\/sites\/10\/2026\/03\/audiovisual-thumb-1.png","contentUrl":"https:\/\/www.fiemg.com.br\/fiemg\/wp-content\/uploads\/sites\/10\/2026\/03\/audiovisual-thumb-1.png","width":1600,"height":1600},{"@type":"BreadcrumbList","@id":"https:\/\/www.fiemg.com.br\/fiemg\/noticias\/programacao-reune-formacoes-presenciais-e-online-com-profissionais-reconhecidos-do-cinema-e-da-tv-ao-longo-do-ano\/#breadcrumb","itemListElement":[{"@type":"ListItem","position":1,"name":"In\u00edcio","item":"https:\/\/www.fiemg.com.br\/fiemg\/"},{"@type":"ListItem","position":2,"name":"B\u00e1rbara Colen, atriz de Bacurau, ministra curso na Escola SENAI do Audiovisual"}]},{"@type":"WebSite","@id":"https:\/\/www.fiemg.com.br\/fiemg\/#website","url":"https:\/\/www.fiemg.com.br\/fiemg\/","name":"FIEMG","description":"Federa\u00e7\u00e3o das Ind\u00fastrias do Estado de Minas Gerais","publisher":{"@id":"https:\/\/www.fiemg.com.br\/fiemg\/#organization"},"potentialAction":[{"@type":"SearchAction","target":{"@type":"EntryPoint","urlTemplate":"https:\/\/www.fiemg.com.br\/fiemg\/?s={search_term_string}"},"query-input":{"@type":"PropertyValueSpecification","valueRequired":true,"valueName":"search_term_string"}}],"inLanguage":"pt-BR"},{"@type":"Organization","@id":"https:\/\/www.fiemg.com.br\/fiemg\/#organization","name":"FIEMG","url":"https:\/\/www.fiemg.com.br\/fiemg\/","logo":{"@type":"ImageObject","inLanguage":"pt-BR","@id":"https:\/\/www.fiemg.com.br\/fiemg\/#\/schema\/logo\/image\/","url":"https:\/\/www.fiemg.com.br\/fiemg\/wp-content\/uploads\/sites\/10\/2023\/02\/fiemg_branco.svg","contentUrl":"https:\/\/www.fiemg.com.br\/fiemg\/wp-content\/uploads\/sites\/10\/2023\/02\/fiemg_branco.svg","width":561,"height":147,"caption":"FIEMG"},"image":{"@id":"https:\/\/www.fiemg.com.br\/fiemg\/#\/schema\/logo\/image\/"}}]}},"_links":{"self":[{"href":"https:\/\/www.fiemg.com.br\/fiemg\/wp-json\/wp\/v2\/noticias\/11151","targetHints":{"allow":["GET"]}}],"collection":[{"href":"https:\/\/www.fiemg.com.br\/fiemg\/wp-json\/wp\/v2\/noticias"}],"about":[{"href":"https:\/\/www.fiemg.com.br\/fiemg\/wp-json\/wp\/v2\/types\/noticias"}],"wp:featuredmedia":[{"embeddable":true,"href":"https:\/\/www.fiemg.com.br\/fiemg\/wp-json\/wp\/v2\/media\/11158"}],"wp:attachment":[{"href":"https:\/\/www.fiemg.com.br\/fiemg\/wp-json\/wp\/v2\/media?parent=11151"}],"wp:term":[{"taxonomy":"category","embeddable":true,"href":"https:\/\/www.fiemg.com.br\/fiemg\/wp-json\/wp\/v2\/categories?post=11151"},{"taxonomy":"post_tag","embeddable":true,"href":"https:\/\/www.fiemg.com.br\/fiemg\/wp-json\/wp\/v2\/tags?post=11151"}],"curies":[{"name":"wp","href":"https:\/\/api.w.org\/{rel}","templated":true}]}}