{"id":11160,"date":"2026-03-11T12:34:33","date_gmt":"2026-03-11T15:34:33","guid":{"rendered":"https:\/\/www.fiemg.com.br\/fiemg\/noticias\/reuniao-ordinaria-reuniu-especialistas-e-empresarios-para-discutir-desafios-regulatorios-sustentabilidade-e-competitividade-da-industria-alimenticia\/"},"modified":"2026-03-11T12:34:42","modified_gmt":"2026-03-11T15:34:42","slug":"reuniao-ordinaria-reuniu-especialistas-e-empresarios-para-discutir-desafios-regulatorios-sustentabilidade-e-competitividade-da-industria-alimenticia","status":"publish","type":"noticias","link":"https:\/\/www.fiemg.com.br\/fiemg\/noticias\/reuniao-ordinaria-reuniu-especialistas-e-empresarios-para-discutir-desafios-regulatorios-sustentabilidade-e-competitividade-da-industria-alimenticia\/","title":{"rendered":"C\u00e2mara de Alimentos e Bebidas da FIEMG debate log\u00edstica reversa, preven\u00e7\u00e3o ambiental e inova\u00e7\u00e3o no setor"},"content":{"rendered":"\n<p>A C\u00e2mara de Alimentos e Bebidas da FIEMG realizou, no dia 11 de mar\u00e7o, uma reuni\u00e3o ordin\u00e1ria na sede da entidade, em Belo Horizonte. O encontro reuniu representantes do setor para debater temas relevantes para a ind\u00fastria, como o Programa PRECEND, log\u00edstica reversa e inova\u00e7\u00e3o, com a apresenta\u00e7\u00e3o do case do Alimmente Hub.<\/p>\n\n\n\n<p>Na abertura, o presidente do colegiado, Win\u00edcius Dantas, destacou a import\u00e2ncia das discuss\u00f5es realizadas no \u00e2mbito da C\u00e2mara, que re\u00fane diversas demandas do setor e busca trazer pautas relevantes para o fortalecimento da ind\u00fastria de alimentos.<\/p>\n\n\n\n<p>Dantas tamb\u00e9m chamou aten\u00e7\u00e3o para os desafios enfrentados pelo empresariado brasileiro. Segundo ele, \u00e9 necess\u00e1rio mais respeito ao setor produtivo diante da elevada carga de custos para manter uma empresa em funcionamento. Ao mencionar o debate sobre a escala de trabalho 6&#215;1, afirmou que os encargos s\u00e3o elevados, a produtividade ainda \u00e9 baixa e que muitos pequenos empres\u00e1rios enfrentam dificuldades para manter seus neg\u00f3cios.<\/p>\n\n\n\n<p>Durante a programa\u00e7\u00e3o, Patr\u00edcia Cajueiro, coordenadora t\u00e9cnico ambiental da Ger\u00eancia de Meio Ambiente da FIEMG, e Monicke Sant\u2019Anna, coordenadora jur\u00eddico ambiental da mesma ger\u00eancia, apresentaram o Programa PRECEND. A iniciativa da Copasa \u00e9 voltada \u00e0 preven\u00e7\u00e3o e resposta a emerg\u00eancias ambientais relacionadas ao saneamento, com foco na prote\u00e7\u00e3o de mananciais utilizados para abastecimento p\u00fablico.<\/p>\n\n\n\n<p>O programa prev\u00ea o monitoramento de riscos ambientais e a defini\u00e7\u00e3o de protocolos de a\u00e7\u00e3o em situa\u00e7\u00f5es de emerg\u00eancia. A ades\u00e3o pode ser obrigat\u00f3ria conforme o tipo de atividade e o porte do empreendimento, sendo o processo estruturado em tr\u00eas etapas: diagn\u00f3stico, adequa\u00e7\u00e3o e monitoramento de par\u00e2metros.<\/p>\n\n\n\n<p>Outro tema discutido foi a log\u00edstica reversa no estado de Minas Gerais. A apresenta\u00e7\u00e3o foi conduzida por Alice Lib\u00e2nia, superintendente de Res\u00edduos S\u00f3lidos da Secretaria de Estado de Meio Ambiente e Desenvolvimento Sustent\u00e1vel de Minas Gerais, e Monicke Sant\u2019Anna.<\/p>\n\n\n\n<p>Inicialmente, foram apresentadas as diferen\u00e7as entre economia linear e economia circular. Enquanto o modelo linear segue a l\u00f3gica de extrair, produzir, consumir e descartar, a economia circular busca manter produtos, componentes e materiais em seu mais alto n\u00edvel de utilidade e valor pelo maior tempo poss\u00edvel, promovendo a recupera\u00e7\u00e3o e reinser\u00e7\u00e3o de recursos no ciclo produtivo.<\/p>\n\n\n\n<p>Tamb\u00e9m foram apresentados aspectos da Pol\u00edtica Estadual de Res\u00edduos S\u00f3lidos e da Delibera\u00e7\u00e3o Normativa COPAM n\u00ba 249\/2024, que estabelece diretrizes para implementa\u00e7\u00e3o, operacionaliza\u00e7\u00e3o e monitoramento dos sistemas de log\u00edstica reversa em Minas Gerais. A norma abrange fabricantes, importadores, distribuidores e comerciantes varejistas, incluindo opera\u00e7\u00f5es de com\u00e9rcio eletr\u00f4nico que comercializam no estado.<\/p>\n\n\n\n<p>A reuni\u00e3o tamb\u00e9m contou com a apresenta\u00e7\u00e3o do Alimmente Hub, conduzida por Vin\u00edcius Roman, diretor t\u00e9cnico da Neo Ventures. A iniciativa busca estimular a inova\u00e7\u00e3o no setor aliment\u00edcio por meio do desenvolvimento de solu\u00e7\u00f5es para desafios enfrentados pelas empresas.<\/p>\n\n\n\n<p>Segundo Roman, um hub de inova\u00e7\u00e3o tem como objetivo identificar problemas enfrentados pelas empresas e buscar solu\u00e7\u00f5es por meio de projetos desenvolvidos em parceria com startups, universidades, empresas e outros atores da cadeia produtiva. Para ele, o papel do Alimmente Hub \u00e9 apoiar as empresas na cria\u00e7\u00e3o de solu\u00e7\u00f5es inovadoras, contribuindo para ampliar a competitividade e manter sua relev\u00e2ncia no mercado.<br><br>Para ver as fotos da reuni\u00e3o da C\u00e2mara de Alimentos e Bebidas acesse o <a href=\"https:\/\/www.flickr.com\/photos\/sistemafiemg\/albums\/72177720332470427\">Flickr do Sistema FIEMG<\/a><br><br><em>Denise Lucas<\/em><br><strong>Imprensa FIEMG<\/strong><\/p>\n","protected":false},"featured_media":11162,"template":"","categories":[15],"tags":[823,987,78,403],"class_list":["post-11160","noticias","type-noticias","status-publish","has-post-thumbnail","hentry","category-desenvolvimento-industrial","tag-alimentos","tag-economia-circular","tag-fiemg","tag-meio-ambiente"],"acf":[],"yoast_head":"<!-- This site is optimized with the Yoast SEO plugin v26.2 - https:\/\/yoast.com\/wordpress\/plugins\/seo\/ -->\n<title>C\u00e2mara de Alimentos e Bebidas da FIEMG debate log\u00edstica reversa, preven\u00e7\u00e3o ambiental e inova\u00e7\u00e3o no setor - FIEMG<\/title>\n<meta name=\"description\" content=\"Reuni\u00e3o ordin\u00e1ria reuniu especialistas e empres\u00e1rios para discutir desafios regulat\u00f3rios, sustentabilidade e competitividade da ind\u00fastria aliment\u00edcia\" \/>\n<meta name=\"robots\" content=\"index, follow, max-snippet:-1, max-image-preview:large, max-video-preview:-1\" \/>\n<link rel=\"canonical\" href=\"https:\/\/www.fiemg.com.br\/fiemg\/noticias\/reuniao-ordinaria-reuniu-especialistas-e-empresarios-para-discutir-desafios-regulatorios-sustentabilidade-e-competitividade-da-industria-alimenticia\/\" \/>\n<meta property=\"og:locale\" content=\"pt_BR\" \/>\n<meta property=\"og:type\" content=\"article\" \/>\n<meta property=\"og:title\" content=\"C\u00e2mara de Alimentos e Bebidas da FIEMG debate log\u00edstica reversa, preven\u00e7\u00e3o ambiental e inova\u00e7\u00e3o no setor - FIEMG\" \/>\n<meta property=\"og:description\" content=\"Reuni\u00e3o ordin\u00e1ria reuniu especialistas e empres\u00e1rios para discutir desafios regulat\u00f3rios, sustentabilidade e competitividade da ind\u00fastria aliment\u00edcia\" \/>\n<meta property=\"og:url\" content=\"https:\/\/www.fiemg.com.br\/fiemg\/noticias\/reuniao-ordinaria-reuniu-especialistas-e-empresarios-para-discutir-desafios-regulatorios-sustentabilidade-e-competitividade-da-industria-alimenticia\/\" \/>\n<meta property=\"og:site_name\" content=\"FIEMG\" \/>\n<meta property=\"article:modified_time\" content=\"2026-03-11T15:34:42+00:00\" \/>\n<meta property=\"og:image\" content=\"https:\/\/www.fiemg.com.br\/fiemg\/wp-content\/uploads\/sites\/10\/2026\/03\/alimentos-camara-thumb-1024x1024.png\" \/>\n\t<meta property=\"og:image:width\" content=\"1024\" \/>\n\t<meta property=\"og:image:height\" content=\"1024\" \/>\n\t<meta property=\"og:image:type\" content=\"image\/png\" \/>\n<meta name=\"twitter:card\" content=\"summary_large_image\" \/>\n<meta name=\"twitter:label1\" content=\"Est. tempo de leitura\" \/>\n\t<meta name=\"twitter:data1\" content=\"4 minutos\" \/>\n<script type=\"application\/ld+json\" class=\"yoast-schema-graph\">{\"@context\":\"https:\/\/schema.org\",\"@graph\":[{\"@type\":\"WebPage\",\"@id\":\"https:\/\/www.fiemg.com.br\/fiemg\/noticias\/reuniao-ordinaria-reuniu-especialistas-e-empresarios-para-discutir-desafios-regulatorios-sustentabilidade-e-competitividade-da-industria-alimenticia\/\",\"url\":\"https:\/\/www.fiemg.com.br\/fiemg\/noticias\/reuniao-ordinaria-reuniu-especialistas-e-empresarios-para-discutir-desafios-regulatorios-sustentabilidade-e-competitividade-da-industria-alimenticia\/\",\"name\":\"C\u00e2mara de Alimentos e Bebidas da FIEMG debate log\u00edstica reversa, preven\u00e7\u00e3o ambiental e inova\u00e7\u00e3o no setor - FIEMG\",\"isPartOf\":{\"@id\":\"https:\/\/www.fiemg.com.br\/fiemg\/#website\"},\"primaryImageOfPage\":{\"@id\":\"https:\/\/www.fiemg.com.br\/fiemg\/noticias\/reuniao-ordinaria-reuniu-especialistas-e-empresarios-para-discutir-desafios-regulatorios-sustentabilidade-e-competitividade-da-industria-alimenticia\/#primaryimage\"},\"image\":{\"@id\":\"https:\/\/www.fiemg.com.br\/fiemg\/noticias\/reuniao-ordinaria-reuniu-especialistas-e-empresarios-para-discutir-desafios-regulatorios-sustentabilidade-e-competitividade-da-industria-alimenticia\/#primaryimage\"},\"thumbnailUrl\":\"https:\/\/www.fiemg.com.br\/fiemg\/wp-content\/uploads\/sites\/10\/2026\/03\/alimentos-camara-thumb.png\",\"datePublished\":\"2026-03-11T15:34:33+00:00\",\"dateModified\":\"2026-03-11T15:34:42+00:00\",\"description\":\"Reuni\u00e3o ordin\u00e1ria reuniu especialistas e empres\u00e1rios para discutir desafios regulat\u00f3rios, sustentabilidade e competitividade da ind\u00fastria aliment\u00edcia\",\"breadcrumb\":{\"@id\":\"https:\/\/www.fiemg.com.br\/fiemg\/noticias\/reuniao-ordinaria-reuniu-especialistas-e-empresarios-para-discutir-desafios-regulatorios-sustentabilidade-e-competitividade-da-industria-alimenticia\/#breadcrumb\"},\"inLanguage\":\"pt-BR\",\"potentialAction\":[{\"@type\":\"ReadAction\",\"target\":[\"https:\/\/www.fiemg.com.br\/fiemg\/noticias\/reuniao-ordinaria-reuniu-especialistas-e-empresarios-para-discutir-desafios-regulatorios-sustentabilidade-e-competitividade-da-industria-alimenticia\/\"]}]},{\"@type\":\"ImageObject\",\"inLanguage\":\"pt-BR\",\"@id\":\"https:\/\/www.fiemg.com.br\/fiemg\/noticias\/reuniao-ordinaria-reuniu-especialistas-e-empresarios-para-discutir-desafios-regulatorios-sustentabilidade-e-competitividade-da-industria-alimenticia\/#primaryimage\",\"url\":\"https:\/\/www.fiemg.com.br\/fiemg\/wp-content\/uploads\/sites\/10\/2026\/03\/alimentos-camara-thumb.png\",\"contentUrl\":\"https:\/\/www.fiemg.com.br\/fiemg\/wp-content\/uploads\/sites\/10\/2026\/03\/alimentos-camara-thumb.png\",\"width\":1600,\"height\":1600},{\"@type\":\"BreadcrumbList\",\"@id\":\"https:\/\/www.fiemg.com.br\/fiemg\/noticias\/reuniao-ordinaria-reuniu-especialistas-e-empresarios-para-discutir-desafios-regulatorios-sustentabilidade-e-competitividade-da-industria-alimenticia\/#breadcrumb\",\"itemListElement\":[{\"@type\":\"ListItem\",\"position\":1,\"name\":\"In\u00edcio\",\"item\":\"https:\/\/www.fiemg.com.br\/fiemg\/\"},{\"@type\":\"ListItem\",\"position\":2,\"name\":\"C\u00e2mara de Alimentos e Bebidas da FIEMG debate log\u00edstica reversa, preven\u00e7\u00e3o ambiental e inova\u00e7\u00e3o no setor\"}]},{\"@type\":\"WebSite\",\"@id\":\"https:\/\/www.fiemg.com.br\/fiemg\/#website\",\"url\":\"https:\/\/www.fiemg.com.br\/fiemg\/\",\"name\":\"FIEMG\",\"description\":\"Federa\u00e7\u00e3o das Ind\u00fastrias do Estado de Minas Gerais\",\"publisher\":{\"@id\":\"https:\/\/www.fiemg.com.br\/fiemg\/#organization\"},\"potentialAction\":[{\"@type\":\"SearchAction\",\"target\":{\"@type\":\"EntryPoint\",\"urlTemplate\":\"https:\/\/www.fiemg.com.br\/fiemg\/?s={search_term_string}\"},\"query-input\":{\"@type\":\"PropertyValueSpecification\",\"valueRequired\":true,\"valueName\":\"search_term_string\"}}],\"inLanguage\":\"pt-BR\"},{\"@type\":\"Organization\",\"@id\":\"https:\/\/www.fiemg.com.br\/fiemg\/#organization\",\"name\":\"FIEMG\",\"url\":\"https:\/\/www.fiemg.com.br\/fiemg\/\",\"logo\":{\"@type\":\"ImageObject\",\"inLanguage\":\"pt-BR\",\"@id\":\"https:\/\/www.fiemg.com.br\/fiemg\/#\/schema\/logo\/image\/\",\"url\":\"https:\/\/www.fiemg.com.br\/fiemg\/wp-content\/uploads\/sites\/10\/2023\/02\/fiemg_branco.svg\",\"contentUrl\":\"https:\/\/www.fiemg.com.br\/fiemg\/wp-content\/uploads\/sites\/10\/2023\/02\/fiemg_branco.svg\",\"width\":561,\"height\":147,\"caption\":\"FIEMG\"},\"image\":{\"@id\":\"https:\/\/www.fiemg.com.br\/fiemg\/#\/schema\/logo\/image\/\"}}]}<\/script>\n<!-- \/ Yoast SEO plugin. -->","yoast_head_json":{"title":"C\u00e2mara de Alimentos e Bebidas da FIEMG debate log\u00edstica reversa, preven\u00e7\u00e3o ambiental e inova\u00e7\u00e3o no setor - FIEMG","description":"Reuni\u00e3o ordin\u00e1ria reuniu especialistas e empres\u00e1rios para discutir desafios regulat\u00f3rios, sustentabilidade e competitividade da ind\u00fastria aliment\u00edcia","robots":{"index":"index","follow":"follow","max-snippet":"max-snippet:-1","max-image-preview":"max-image-preview:large","max-video-preview":"max-video-preview:-1"},"canonical":"https:\/\/www.fiemg.com.br\/fiemg\/noticias\/reuniao-ordinaria-reuniu-especialistas-e-empresarios-para-discutir-desafios-regulatorios-sustentabilidade-e-competitividade-da-industria-alimenticia\/","og_locale":"pt_BR","og_type":"article","og_title":"C\u00e2mara de Alimentos e Bebidas da FIEMG debate log\u00edstica reversa, preven\u00e7\u00e3o ambiental e inova\u00e7\u00e3o no setor - FIEMG","og_description":"Reuni\u00e3o ordin\u00e1ria reuniu especialistas e empres\u00e1rios para discutir desafios regulat\u00f3rios, sustentabilidade e competitividade da ind\u00fastria aliment\u00edcia","og_url":"https:\/\/www.fiemg.com.br\/fiemg\/noticias\/reuniao-ordinaria-reuniu-especialistas-e-empresarios-para-discutir-desafios-regulatorios-sustentabilidade-e-competitividade-da-industria-alimenticia\/","og_site_name":"FIEMG","article_modified_time":"2026-03-11T15:34:42+00:00","og_image":[{"width":1024,"height":1024,"url":"https:\/\/www.fiemg.com.br\/fiemg\/wp-content\/uploads\/sites\/10\/2026\/03\/alimentos-camara-thumb-1024x1024.png","type":"image\/png"}],"twitter_card":"summary_large_image","twitter_misc":{"Est. tempo de leitura":"4 minutos"},"schema":{"@context":"https:\/\/schema.org","@graph":[{"@type":"WebPage","@id":"https:\/\/www.fiemg.com.br\/fiemg\/noticias\/reuniao-ordinaria-reuniu-especialistas-e-empresarios-para-discutir-desafios-regulatorios-sustentabilidade-e-competitividade-da-industria-alimenticia\/","url":"https:\/\/www.fiemg.com.br\/fiemg\/noticias\/reuniao-ordinaria-reuniu-especialistas-e-empresarios-para-discutir-desafios-regulatorios-sustentabilidade-e-competitividade-da-industria-alimenticia\/","name":"C\u00e2mara de Alimentos e Bebidas da FIEMG debate log\u00edstica reversa, preven\u00e7\u00e3o ambiental e inova\u00e7\u00e3o no setor - FIEMG","isPartOf":{"@id":"https:\/\/www.fiemg.com.br\/fiemg\/#website"},"primaryImageOfPage":{"@id":"https:\/\/www.fiemg.com.br\/fiemg\/noticias\/reuniao-ordinaria-reuniu-especialistas-e-empresarios-para-discutir-desafios-regulatorios-sustentabilidade-e-competitividade-da-industria-alimenticia\/#primaryimage"},"image":{"@id":"https:\/\/www.fiemg.com.br\/fiemg\/noticias\/reuniao-ordinaria-reuniu-especialistas-e-empresarios-para-discutir-desafios-regulatorios-sustentabilidade-e-competitividade-da-industria-alimenticia\/#primaryimage"},"thumbnailUrl":"https:\/\/www.fiemg.com.br\/fiemg\/wp-content\/uploads\/sites\/10\/2026\/03\/alimentos-camara-thumb.png","datePublished":"2026-03-11T15:34:33+00:00","dateModified":"2026-03-11T15:34:42+00:00","description":"Reuni\u00e3o ordin\u00e1ria reuniu especialistas e empres\u00e1rios para discutir desafios regulat\u00f3rios, sustentabilidade e competitividade da ind\u00fastria aliment\u00edcia","breadcrumb":{"@id":"https:\/\/www.fiemg.com.br\/fiemg\/noticias\/reuniao-ordinaria-reuniu-especialistas-e-empresarios-para-discutir-desafios-regulatorios-sustentabilidade-e-competitividade-da-industria-alimenticia\/#breadcrumb"},"inLanguage":"pt-BR","potentialAction":[{"@type":"ReadAction","target":["https:\/\/www.fiemg.com.br\/fiemg\/noticias\/reuniao-ordinaria-reuniu-especialistas-e-empresarios-para-discutir-desafios-regulatorios-sustentabilidade-e-competitividade-da-industria-alimenticia\/"]}]},{"@type":"ImageObject","inLanguage":"pt-BR","@id":"https:\/\/www.fiemg.com.br\/fiemg\/noticias\/reuniao-ordinaria-reuniu-especialistas-e-empresarios-para-discutir-desafios-regulatorios-sustentabilidade-e-competitividade-da-industria-alimenticia\/#primaryimage","url":"https:\/\/www.fiemg.com.br\/fiemg\/wp-content\/uploads\/sites\/10\/2026\/03\/alimentos-camara-thumb.png","contentUrl":"https:\/\/www.fiemg.com.br\/fiemg\/wp-content\/uploads\/sites\/10\/2026\/03\/alimentos-camara-thumb.png","width":1600,"height":1600},{"@type":"BreadcrumbList","@id":"https:\/\/www.fiemg.com.br\/fiemg\/noticias\/reuniao-ordinaria-reuniu-especialistas-e-empresarios-para-discutir-desafios-regulatorios-sustentabilidade-e-competitividade-da-industria-alimenticia\/#breadcrumb","itemListElement":[{"@type":"ListItem","position":1,"name":"In\u00edcio","item":"https:\/\/www.fiemg.com.br\/fiemg\/"},{"@type":"ListItem","position":2,"name":"C\u00e2mara de Alimentos e Bebidas da FIEMG debate log\u00edstica reversa, preven\u00e7\u00e3o ambiental e inova\u00e7\u00e3o no setor"}]},{"@type":"WebSite","@id":"https:\/\/www.fiemg.com.br\/fiemg\/#website","url":"https:\/\/www.fiemg.com.br\/fiemg\/","name":"FIEMG","description":"Federa\u00e7\u00e3o das Ind\u00fastrias do Estado de Minas Gerais","publisher":{"@id":"https:\/\/www.fiemg.com.br\/fiemg\/#organization"},"potentialAction":[{"@type":"SearchAction","target":{"@type":"EntryPoint","urlTemplate":"https:\/\/www.fiemg.com.br\/fiemg\/?s={search_term_string}"},"query-input":{"@type":"PropertyValueSpecification","valueRequired":true,"valueName":"search_term_string"}}],"inLanguage":"pt-BR"},{"@type":"Organization","@id":"https:\/\/www.fiemg.com.br\/fiemg\/#organization","name":"FIEMG","url":"https:\/\/www.fiemg.com.br\/fiemg\/","logo":{"@type":"ImageObject","inLanguage":"pt-BR","@id":"https:\/\/www.fiemg.com.br\/fiemg\/#\/schema\/logo\/image\/","url":"https:\/\/www.fiemg.com.br\/fiemg\/wp-content\/uploads\/sites\/10\/2023\/02\/fiemg_branco.svg","contentUrl":"https:\/\/www.fiemg.com.br\/fiemg\/wp-content\/uploads\/sites\/10\/2023\/02\/fiemg_branco.svg","width":561,"height":147,"caption":"FIEMG"},"image":{"@id":"https:\/\/www.fiemg.com.br\/fiemg\/#\/schema\/logo\/image\/"}}]}},"_links":{"self":[{"href":"https:\/\/www.fiemg.com.br\/fiemg\/wp-json\/wp\/v2\/noticias\/11160","targetHints":{"allow":["GET"]}}],"collection":[{"href":"https:\/\/www.fiemg.com.br\/fiemg\/wp-json\/wp\/v2\/noticias"}],"about":[{"href":"https:\/\/www.fiemg.com.br\/fiemg\/wp-json\/wp\/v2\/types\/noticias"}],"wp:featuredmedia":[{"embeddable":true,"href":"https:\/\/www.fiemg.com.br\/fiemg\/wp-json\/wp\/v2\/media\/11162"}],"wp:attachment":[{"href":"https:\/\/www.fiemg.com.br\/fiemg\/wp-json\/wp\/v2\/media?parent=11160"}],"wp:term":[{"taxonomy":"category","embeddable":true,"href":"https:\/\/www.fiemg.com.br\/fiemg\/wp-json\/wp\/v2\/categories?post=11160"},{"taxonomy":"post_tag","embeddable":true,"href":"https:\/\/www.fiemg.com.br\/fiemg\/wp-json\/wp\/v2\/tags?post=11160"}],"curies":[{"name":"wp","href":"https:\/\/api.w.org\/{rel}","templated":true}]}}