{"id":11180,"date":"2026-03-12T12:05:33","date_gmt":"2026-03-12T15:05:33","guid":{"rendered":"https:\/\/www.fiemg.com.br\/fiemg\/noticias\/fiemg-regional-norte-realiza-visita-institucional-a-industria-bana-brazil-em-janauba\/"},"modified":"2026-03-12T14:22:25","modified_gmt":"2026-03-12T17:22:25","slug":"fiemg-regional-norte-realiza-visita-institucional-a-industria-bana-brazil-em-janauba","status":"publish","type":"noticias","link":"https:\/\/www.fiemg.com.br\/fiemg\/noticias\/fiemg-regional-norte-realiza-visita-institucional-a-industria-bana-brazil-em-janauba\/","title":{"rendered":"FIEMG Regional Norte realiza visita institucional \u00e0 ind\u00fastria Bana Brazil em Jana\u00faba"},"content":{"rendered":"\n<p>Representantes da FIEMG Regional Norte realizaram uma visita institucional \u00e0 ind\u00fastria Bana Brazil, em Jana\u00faba (MG), com o objetivo de conhecer de perto as opera\u00e7\u00f5es da empresa, fortalecer o relacionamento com o setor industrial da regi\u00e3o e apresentar as solu\u00e7\u00f5es oferecidas pelo Sistema FIEMG para apoiar o desenvolvimento das ind\u00fastrias do Norte de Minas.<\/p>\n\n\n\n<p>Participaram da agenda o presidente da FIEMG Regional Norte, Adauto Marques Batista, e o analista de Rela\u00e7\u00f5es Empresariais da institui\u00e7\u00e3o, \u00c2ngelo Vieira.<\/p>\n\n\n\n<p>A comitiva da FIEMG foi recebida pela equipe de gest\u00e3o da Bana Brazil, representada por Leonardo Robleto, diretor da empresa, Fernanda Borges, gerente administrativa, e Leonardo Vieira, gerente de opera\u00e7\u00f5es.<\/p>\n\n\n\n<p>Os representantes da FIEMG conheceram a estrutura produtiva da empresa e os processos envolvidos na produ\u00e7\u00e3o de derivados da banana, atividade que agrega valor \u00e0 cadeia produtiva regional e contribui para a gera\u00e7\u00e3o de emprego e renda no Norte de Minas.<\/p>\n\n\n\n<p>Al\u00e9m da apresenta\u00e7\u00e3o das opera\u00e7\u00f5es da empresa, tamb\u00e9m foram discutidas oportunidades de coopera\u00e7\u00e3o institucional com o Sistema FIEMG, que disponibiliza solu\u00e7\u00f5es voltadas para qualifica\u00e7\u00e3o profissional, inova\u00e7\u00e3o, aumento da competitividade industrial, sa\u00fade e seguran\u00e7a do trabalho, tecnologia e desenvolvimento empresarial.<\/p>\n\n\n\n<p>Para o presidente da FIEMG Regional Norte, Adauto Marques, a aproxima\u00e7\u00e3o com as ind\u00fastrias da regi\u00e3o \u00e9 fundamental para fortalecer o ambiente produtivo. \u201cA iniciativa integra a estrat\u00e9gia da entidade de intensificar o relacionamento com empresas industriais da regi\u00e3o, aproximando o Sistema FIEMG das demandas do setor produtivo, j\u00e1 que tem o compromisso de estar pr\u00f3ximo das ind\u00fastrias, entendendo suas necessidades e construindo solu\u00e7\u00f5es que contribuam para o crescimento e a competitividade do setor industrial\u201d, acrescentou Marques<\/p>\n\n\n\n<p>Segundo \u00c2ngelo Vieira, analista de Rela\u00e7\u00f5es Empresariais da FIEMG Regional Norte, a visita refor\u00e7a o papel da institui\u00e7\u00e3o como parceira estrat\u00e9gica das empresas. \u201cNosso objetivo \u00e9 aproximar o Sistema FIEMG das ind\u00fastrias do Norte de Minas, colocando \u00e0 disposi\u00e7\u00e3o solu\u00e7\u00f5es que apoiem o desenvolvimento, a inova\u00e7\u00e3o e o fortalecimento das empresas da regi\u00e3o\u201d, conclui.<\/p>\n\n\n\n<p>Rosangela Silveira<\/p>\n\n\n\n<p><strong>Imprensa FIEMG Regional Norte<\/strong><\/p>\n\n\n\n<p><\/p>\n","protected":false},"featured_media":11181,"template":"","categories":[14],"tags":[],"class_list":["post-11180","noticias","type-noticias","status-publish","has-post-thumbnail","hentry","category-noticias"],"acf":[],"yoast_head":"<!-- This site is optimized with the Yoast SEO plugin v26.2 - https:\/\/yoast.com\/wordpress\/plugins\/seo\/ -->\n<title>FIEMG Regional Norte realiza visita institucional \u00e0 ind\u00fastria Bana Brazil em Jana\u00faba - FIEMG<\/title>\n<meta name=\"robots\" content=\"index, follow, max-snippet:-1, max-image-preview:large, max-video-preview:-1\" \/>\n<link rel=\"canonical\" href=\"https:\/\/www.fiemg.com.br\/fiemg\/noticias\/fiemg-regional-norte-realiza-visita-institucional-a-industria-bana-brazil-em-janauba\/\" \/>\n<meta property=\"og:locale\" content=\"pt_BR\" \/>\n<meta property=\"og:type\" content=\"article\" \/>\n<meta property=\"og:title\" content=\"FIEMG Regional Norte realiza visita institucional \u00e0 ind\u00fastria Bana Brazil em Jana\u00faba - FIEMG\" \/>\n<meta property=\"og:description\" content=\"Representantes da FIEMG Regional Norte realizaram uma visita institucional \u00e0 ind\u00fastria Bana Brazil, em Jana\u00faba (MG), com o objetivo de conhecer de perto as opera\u00e7\u00f5es da empresa, fortalecer o relacionamento com o setor industrial da regi\u00e3o e apresentar as solu\u00e7\u00f5es oferecidas pelo Sistema FIEMG para apoiar o desenvolvimento das ind\u00fastrias do Norte de Minas. Participaram [&hellip;]\" \/>\n<meta property=\"og:url\" content=\"https:\/\/www.fiemg.com.br\/fiemg\/noticias\/fiemg-regional-norte-realiza-visita-institucional-a-industria-bana-brazil-em-janauba\/\" \/>\n<meta property=\"og:site_name\" content=\"FIEMG\" \/>\n<meta property=\"article:modified_time\" content=\"2026-03-12T17:22:25+00:00\" \/>\n<meta property=\"og:image\" content=\"https:\/\/www.fiemg.com.br\/fiemg\/wp-content\/uploads\/sites\/10\/2026\/03\/Bana-Brazil-Janauba.jpg\" \/>\n\t<meta property=\"og:image:width\" content=\"300\" \/>\n\t<meta property=\"og:image:height\" content=\"363\" \/>\n\t<meta property=\"og:image:type\" content=\"image\/jpeg\" \/>\n<meta name=\"twitter:card\" content=\"summary_large_image\" \/>\n<meta name=\"twitter:label1\" content=\"Est. tempo de leitura\" \/>\n\t<meta name=\"twitter:data1\" content=\"2 minutos\" \/>\n<script type=\"application\/ld+json\" class=\"yoast-schema-graph\">{\"@context\":\"https:\/\/schema.org\",\"@graph\":[{\"@type\":\"WebPage\",\"@id\":\"https:\/\/www.fiemg.com.br\/fiemg\/noticias\/fiemg-regional-norte-realiza-visita-institucional-a-industria-bana-brazil-em-janauba\/\",\"url\":\"https:\/\/www.fiemg.com.br\/fiemg\/noticias\/fiemg-regional-norte-realiza-visita-institucional-a-industria-bana-brazil-em-janauba\/\",\"name\":\"FIEMG Regional Norte realiza visita institucional \u00e0 ind\u00fastria Bana Brazil em Jana\u00faba - FIEMG\",\"isPartOf\":{\"@id\":\"https:\/\/www.fiemg.com.br\/fiemg\/#website\"},\"primaryImageOfPage\":{\"@id\":\"https:\/\/www.fiemg.com.br\/fiemg\/noticias\/fiemg-regional-norte-realiza-visita-institucional-a-industria-bana-brazil-em-janauba\/#primaryimage\"},\"image\":{\"@id\":\"https:\/\/www.fiemg.com.br\/fiemg\/noticias\/fiemg-regional-norte-realiza-visita-institucional-a-industria-bana-brazil-em-janauba\/#primaryimage\"},\"thumbnailUrl\":\"https:\/\/www.fiemg.com.br\/fiemg\/wp-content\/uploads\/sites\/10\/2026\/03\/Bana-Brazil-Janauba.jpg\",\"datePublished\":\"2026-03-12T15:05:33+00:00\",\"dateModified\":\"2026-03-12T17:22:25+00:00\",\"breadcrumb\":{\"@id\":\"https:\/\/www.fiemg.com.br\/fiemg\/noticias\/fiemg-regional-norte-realiza-visita-institucional-a-industria-bana-brazil-em-janauba\/#breadcrumb\"},\"inLanguage\":\"pt-BR\",\"potentialAction\":[{\"@type\":\"ReadAction\",\"target\":[\"https:\/\/www.fiemg.com.br\/fiemg\/noticias\/fiemg-regional-norte-realiza-visita-institucional-a-industria-bana-brazil-em-janauba\/\"]}]},{\"@type\":\"ImageObject\",\"inLanguage\":\"pt-BR\",\"@id\":\"https:\/\/www.fiemg.com.br\/fiemg\/noticias\/fiemg-regional-norte-realiza-visita-institucional-a-industria-bana-brazil-em-janauba\/#primaryimage\",\"url\":\"https:\/\/www.fiemg.com.br\/fiemg\/wp-content\/uploads\/sites\/10\/2026\/03\/Bana-Brazil-Janauba.jpg\",\"contentUrl\":\"https:\/\/www.fiemg.com.br\/fiemg\/wp-content\/uploads\/sites\/10\/2026\/03\/Bana-Brazil-Janauba.jpg\",\"width\":300,\"height\":363},{\"@type\":\"BreadcrumbList\",\"@id\":\"https:\/\/www.fiemg.com.br\/fiemg\/noticias\/fiemg-regional-norte-realiza-visita-institucional-a-industria-bana-brazil-em-janauba\/#breadcrumb\",\"itemListElement\":[{\"@type\":\"ListItem\",\"position\":1,\"name\":\"In\u00edcio\",\"item\":\"https:\/\/www.fiemg.com.br\/fiemg\/\"},{\"@type\":\"ListItem\",\"position\":2,\"name\":\"FIEMG Regional Norte realiza visita institucional \u00e0 ind\u00fastria Bana Brazil em Jana\u00faba\"}]},{\"@type\":\"WebSite\",\"@id\":\"https:\/\/www.fiemg.com.br\/fiemg\/#website\",\"url\":\"https:\/\/www.fiemg.com.br\/fiemg\/\",\"name\":\"FIEMG\",\"description\":\"Federa\u00e7\u00e3o das Ind\u00fastrias do Estado de Minas Gerais\",\"publisher\":{\"@id\":\"https:\/\/www.fiemg.com.br\/fiemg\/#organization\"},\"potentialAction\":[{\"@type\":\"SearchAction\",\"target\":{\"@type\":\"EntryPoint\",\"urlTemplate\":\"https:\/\/www.fiemg.com.br\/fiemg\/?s={search_term_string}\"},\"query-input\":{\"@type\":\"PropertyValueSpecification\",\"valueRequired\":true,\"valueName\":\"search_term_string\"}}],\"inLanguage\":\"pt-BR\"},{\"@type\":\"Organization\",\"@id\":\"https:\/\/www.fiemg.com.br\/fiemg\/#organization\",\"name\":\"FIEMG\",\"url\":\"https:\/\/www.fiemg.com.br\/fiemg\/\",\"logo\":{\"@type\":\"ImageObject\",\"inLanguage\":\"pt-BR\",\"@id\":\"https:\/\/www.fiemg.com.br\/fiemg\/#\/schema\/logo\/image\/\",\"url\":\"https:\/\/www.fiemg.com.br\/fiemg\/wp-content\/uploads\/sites\/10\/2023\/02\/fiemg_branco.svg\",\"contentUrl\":\"https:\/\/www.fiemg.com.br\/fiemg\/wp-content\/uploads\/sites\/10\/2023\/02\/fiemg_branco.svg\",\"width\":561,\"height\":147,\"caption\":\"FIEMG\"},\"image\":{\"@id\":\"https:\/\/www.fiemg.com.br\/fiemg\/#\/schema\/logo\/image\/\"}}]}<\/script>\n<!-- \/ Yoast SEO plugin. -->","yoast_head_json":{"title":"FIEMG Regional Norte realiza visita institucional \u00e0 ind\u00fastria Bana Brazil em Jana\u00faba - FIEMG","robots":{"index":"index","follow":"follow","max-snippet":"max-snippet:-1","max-image-preview":"max-image-preview:large","max-video-preview":"max-video-preview:-1"},"canonical":"https:\/\/www.fiemg.com.br\/fiemg\/noticias\/fiemg-regional-norte-realiza-visita-institucional-a-industria-bana-brazil-em-janauba\/","og_locale":"pt_BR","og_type":"article","og_title":"FIEMG Regional Norte realiza visita institucional \u00e0 ind\u00fastria Bana Brazil em Jana\u00faba - FIEMG","og_description":"Representantes da FIEMG Regional Norte realizaram uma visita institucional \u00e0 ind\u00fastria Bana Brazil, em Jana\u00faba (MG), com o objetivo de conhecer de perto as opera\u00e7\u00f5es da empresa, fortalecer o relacionamento com o setor industrial da regi\u00e3o e apresentar as solu\u00e7\u00f5es oferecidas pelo Sistema FIEMG para apoiar o desenvolvimento das ind\u00fastrias do Norte de Minas. Participaram [&hellip;]","og_url":"https:\/\/www.fiemg.com.br\/fiemg\/noticias\/fiemg-regional-norte-realiza-visita-institucional-a-industria-bana-brazil-em-janauba\/","og_site_name":"FIEMG","article_modified_time":"2026-03-12T17:22:25+00:00","og_image":[{"width":300,"height":363,"url":"https:\/\/www.fiemg.com.br\/fiemg\/wp-content\/uploads\/sites\/10\/2026\/03\/Bana-Brazil-Janauba.jpg","type":"image\/jpeg"}],"twitter_card":"summary_large_image","twitter_misc":{"Est. tempo de leitura":"2 minutos"},"schema":{"@context":"https:\/\/schema.org","@graph":[{"@type":"WebPage","@id":"https:\/\/www.fiemg.com.br\/fiemg\/noticias\/fiemg-regional-norte-realiza-visita-institucional-a-industria-bana-brazil-em-janauba\/","url":"https:\/\/www.fiemg.com.br\/fiemg\/noticias\/fiemg-regional-norte-realiza-visita-institucional-a-industria-bana-brazil-em-janauba\/","name":"FIEMG Regional Norte realiza visita institucional \u00e0 ind\u00fastria Bana Brazil em Jana\u00faba - FIEMG","isPartOf":{"@id":"https:\/\/www.fiemg.com.br\/fiemg\/#website"},"primaryImageOfPage":{"@id":"https:\/\/www.fiemg.com.br\/fiemg\/noticias\/fiemg-regional-norte-realiza-visita-institucional-a-industria-bana-brazil-em-janauba\/#primaryimage"},"image":{"@id":"https:\/\/www.fiemg.com.br\/fiemg\/noticias\/fiemg-regional-norte-realiza-visita-institucional-a-industria-bana-brazil-em-janauba\/#primaryimage"},"thumbnailUrl":"https:\/\/www.fiemg.com.br\/fiemg\/wp-content\/uploads\/sites\/10\/2026\/03\/Bana-Brazil-Janauba.jpg","datePublished":"2026-03-12T15:05:33+00:00","dateModified":"2026-03-12T17:22:25+00:00","breadcrumb":{"@id":"https:\/\/www.fiemg.com.br\/fiemg\/noticias\/fiemg-regional-norte-realiza-visita-institucional-a-industria-bana-brazil-em-janauba\/#breadcrumb"},"inLanguage":"pt-BR","potentialAction":[{"@type":"ReadAction","target":["https:\/\/www.fiemg.com.br\/fiemg\/noticias\/fiemg-regional-norte-realiza-visita-institucional-a-industria-bana-brazil-em-janauba\/"]}]},{"@type":"ImageObject","inLanguage":"pt-BR","@id":"https:\/\/www.fiemg.com.br\/fiemg\/noticias\/fiemg-regional-norte-realiza-visita-institucional-a-industria-bana-brazil-em-janauba\/#primaryimage","url":"https:\/\/www.fiemg.com.br\/fiemg\/wp-content\/uploads\/sites\/10\/2026\/03\/Bana-Brazil-Janauba.jpg","contentUrl":"https:\/\/www.fiemg.com.br\/fiemg\/wp-content\/uploads\/sites\/10\/2026\/03\/Bana-Brazil-Janauba.jpg","width":300,"height":363},{"@type":"BreadcrumbList","@id":"https:\/\/www.fiemg.com.br\/fiemg\/noticias\/fiemg-regional-norte-realiza-visita-institucional-a-industria-bana-brazil-em-janauba\/#breadcrumb","itemListElement":[{"@type":"ListItem","position":1,"name":"In\u00edcio","item":"https:\/\/www.fiemg.com.br\/fiemg\/"},{"@type":"ListItem","position":2,"name":"FIEMG Regional Norte realiza visita institucional \u00e0 ind\u00fastria Bana Brazil em Jana\u00faba"}]},{"@type":"WebSite","@id":"https:\/\/www.fiemg.com.br\/fiemg\/#website","url":"https:\/\/www.fiemg.com.br\/fiemg\/","name":"FIEMG","description":"Federa\u00e7\u00e3o das Ind\u00fastrias do Estado de Minas Gerais","publisher":{"@id":"https:\/\/www.fiemg.com.br\/fiemg\/#organization"},"potentialAction":[{"@type":"SearchAction","target":{"@type":"EntryPoint","urlTemplate":"https:\/\/www.fiemg.com.br\/fiemg\/?s={search_term_string}"},"query-input":{"@type":"PropertyValueSpecification","valueRequired":true,"valueName":"search_term_string"}}],"inLanguage":"pt-BR"},{"@type":"Organization","@id":"https:\/\/www.fiemg.com.br\/fiemg\/#organization","name":"FIEMG","url":"https:\/\/www.fiemg.com.br\/fiemg\/","logo":{"@type":"ImageObject","inLanguage":"pt-BR","@id":"https:\/\/www.fiemg.com.br\/fiemg\/#\/schema\/logo\/image\/","url":"https:\/\/www.fiemg.com.br\/fiemg\/wp-content\/uploads\/sites\/10\/2023\/02\/fiemg_branco.svg","contentUrl":"https:\/\/www.fiemg.com.br\/fiemg\/wp-content\/uploads\/sites\/10\/2023\/02\/fiemg_branco.svg","width":561,"height":147,"caption":"FIEMG"},"image":{"@id":"https:\/\/www.fiemg.com.br\/fiemg\/#\/schema\/logo\/image\/"}}]}},"_links":{"self":[{"href":"https:\/\/www.fiemg.com.br\/fiemg\/wp-json\/wp\/v2\/noticias\/11180","targetHints":{"allow":["GET"]}}],"collection":[{"href":"https:\/\/www.fiemg.com.br\/fiemg\/wp-json\/wp\/v2\/noticias"}],"about":[{"href":"https:\/\/www.fiemg.com.br\/fiemg\/wp-json\/wp\/v2\/types\/noticias"}],"wp:featuredmedia":[{"embeddable":true,"href":"https:\/\/www.fiemg.com.br\/fiemg\/wp-json\/wp\/v2\/media\/11181"}],"wp:attachment":[{"href":"https:\/\/www.fiemg.com.br\/fiemg\/wp-json\/wp\/v2\/media?parent=11180"}],"wp:term":[{"taxonomy":"category","embeddable":true,"href":"https:\/\/www.fiemg.com.br\/fiemg\/wp-json\/wp\/v2\/categories?post=11180"},{"taxonomy":"post_tag","embeddable":true,"href":"https:\/\/www.fiemg.com.br\/fiemg\/wp-json\/wp\/v2\/tags?post=11180"}],"curies":[{"name":"wp","href":"https:\/\/api.w.org\/{rel}","templated":true}]}}