{"id":11187,"date":"2026-03-13T12:12:11","date_gmt":"2026-03-13T15:12:11","guid":{"rendered":"https:\/\/www.fiemg.com.br\/fiemg\/noticias\/conselho-da-fiemg-debate-acordo-mercosul-uniao-europeia-e-mecanismos-de-defesa-comercial\/"},"modified":"2026-03-16T08:42:13","modified_gmt":"2026-03-16T11:42:13","slug":"conselho-da-fiemg-debate-acordo-mercosul-uniao-europeia-e-mecanismos-de-defesa-comercial","status":"publish","type":"noticias","link":"https:\/\/www.fiemg.com.br\/fiemg\/noticias\/conselho-da-fiemg-debate-acordo-mercosul-uniao-europeia-e-mecanismos-de-defesa-comercial\/","title":{"rendered":"Conselho da FIEMG debate acordo Mercosul\u2013Uni\u00e3o Europeia e mecanismos de defesa comercial"},"content":{"rendered":"\n<p>O Conselho de Rela\u00e7\u00f5es Internacionais da Federa\u00e7\u00e3o das Ind\u00fastrias de Minas Gerais (FIEMG) realizou, nesta sexta-feira (13), uma reuni\u00e3o para discutir temas estrat\u00e9gicos relacionados ao com\u00e9rcio internacional e seus impactos para a ind\u00fastria mineira. O encontro ocorreu na sede da entidade, em Belo Horizonte, reunindo representantes do setor produtivo e especialistas para debater oportunidades e desafios no cen\u00e1rio global.<\/p>\n\n\n\n<p>A abertura foi conduzida pelo presidente do Conselho de Rela\u00e7\u00f5es Internacionais da FIEMG, Alexandre Mello, que destacou a import\u00e2ncia de ampliar o di\u00e1logo sobre os impactos do acordo entre Mercosul e Uni\u00e3o Europeia para o setor produtivo. \u201cA gente tem visto ainda d\u00favidas do setor, ent\u00e3o este \u00e9 o momento de discutir o tema e esclarecer os impactos e oportunidades para a ind\u00fastria\u201d, afirmou Mello.<\/p>\n\n\n\n<p>Segundo Mello, a FIEMG tem acompanhado o tema e promovido iniciativas para ampliar o debate sobre o acordo comercial. Ele lembrou que o presidente da entidade, Fl\u00e1vio Roscoe, tamb\u00e9m tem abordado o assunto em entrevistas, ressaltando tanto as oportunidades quanto os desafios que o acordo pode representar para o Brasil e para Minas Gerais.<\/p>\n\n\n\n<p>Na sequ\u00eancia, a analista de Pol\u00edticas e Ind\u00fastria da Confedera\u00e7\u00e3o Nacional da Ind\u00fastria (CNI), Iara Ferreira, apresentou um panorama sobre a inser\u00e7\u00e3o do Brasil no com\u00e9rcio internacional e os desafios para ampliar a competitividade da ind\u00fastria no mercado global. \u201cA integra\u00e7\u00e3o internacional do Brasil ainda est\u00e1 aqu\u00e9m do potencial. Somos o 15\u00ba maior produtor industrial do mundo, mas ocupamos apenas a 30\u00aa posi\u00e7\u00e3o nas exporta\u00e7\u00f5es de bens industriais\u201d, evidenciou Ferreira.<\/p>\n\n\n\n<p>Em seguida, a gerente de Diplomacia Empresarial e Competitividade do Com\u00e9rcio da CNI, <strong>Constanza Negri Biassuti<\/strong>, apresentou as perspectivas do acordo entre Mercosul e Uni\u00e3o Europeia e os principais compromissos previstos no tratado. \u201cO acordo cria condi\u00e7\u00f5es para ampliar as exporta\u00e7\u00f5es e aprofundar a integra\u00e7\u00e3o da ind\u00fastria brasileira com a Uni\u00e3o Europeia\u201d, destacou.<\/p>\n\n\n\n<p>Durante o debate, o presidente do Centro Industrial e Empresarial de Minas Gerais (CIEMG) e do Sindicato da Ind\u00fastria do Ferro de Minas Gerais (Sindifer), <strong>Fausto Varella<\/strong>, ressaltou a import\u00e2ncia de ampliar o valor agregado das exporta\u00e7\u00f5es e aproveitar as vantagens competitivas do pa\u00eds no com\u00e9rcio internacional. \u201cO Brasil tem uma vantagem importante pela sua matriz energ\u00e9tica mais limpa, e precisamos aproveitar esse diferencial para fortalecer nossa presen\u00e7a no mercado internacional\u201d, enfatizou Varella.<\/p>\n\n\n\n<p>A reuni\u00e3o tamb\u00e9m abordou os <strong>mecanismos de defesa comercial<\/strong>, instrumentos utilizados para garantir condi\u00e7\u00f5es equilibradas de concorr\u00eancia no com\u00e9rcio internacional.<\/p>\n\n\n\n<p>Entre os exemplos apresentados est\u00e1 o processo de <strong>antidumping conduzido pelo Sindimalhas-MG<\/strong>, tema detalhado pela advogada <strong>Karla Borges, do escrit\u00f3rio BFSA trade law advogados<\/strong>. Segundo a advogada, o processo foi constru\u00eddo a partir de um esfor\u00e7o conjunto entre empresas do setor e entidades industriais de diferentes regi\u00f5es do pa\u00eds. \u201cO processo demonstrou que produtos importados estavam chegando ao Brasil a pre\u00e7os inferiores aos praticados no mercado de origem, causando preju\u00edzos \u00e0 ind\u00fastria nacional\u201d, explicou Borges.<\/p>\n\n\n\n<p>Ao comentar os instrumentos de prote\u00e7\u00e3o previstos nas regras do com\u00e9rcio internacional, <strong>Luiz Eduardo Salles, s\u00f3cio do escrit\u00f3rio Azevedo Sette Advogados<\/strong>, destacou a import\u00e2ncia dos mecanismos de defesa comercial para equilibrar a concorr\u00eancia. \u201cA defesa comercial re\u00fane instrumentos leg\u00edtimos que os pa\u00edses podem utilizar para proteger sua ind\u00fastria quando h\u00e1 problemas decorrentes do aumento das importa\u00e7\u00f5es\u201d, ressaltou Salles.<\/p>\n\n\n\n<p><strong>Imprensa FIEMG<\/strong><\/p>\n","protected":false},"featured_media":11189,"template":"","categories":[15],"tags":[78],"class_list":["post-11187","noticias","type-noticias","status-publish","has-post-thumbnail","hentry","category-desenvolvimento-industrial","tag-fiemg"],"acf":[],"yoast_head":"<!-- This site is optimized with the Yoast SEO plugin v26.2 - https:\/\/yoast.com\/wordpress\/plugins\/seo\/ -->\n<title>Conselho da FIEMG debate acordo Mercosul\u2013Uni\u00e3o Europeia e mecanismos de defesa comercial - FIEMG<\/title>\n<meta name=\"description\" content=\"Reuni\u00e3o do Conselho de Rela\u00e7\u00f5es Internacionais da FIEMG aborda impactos do com\u00e9rcio internacional e instrumentos estrat\u00e9gicos para a ind\u00fastria mineira\" \/>\n<meta name=\"robots\" content=\"index, follow, max-snippet:-1, max-image-preview:large, max-video-preview:-1\" \/>\n<link rel=\"canonical\" href=\"https:\/\/www.fiemg.com.br\/fiemg\/noticias\/conselho-da-fiemg-debate-acordo-mercosul-uniao-europeia-e-mecanismos-de-defesa-comercial\/\" \/>\n<meta property=\"og:locale\" content=\"pt_BR\" \/>\n<meta property=\"og:type\" content=\"article\" \/>\n<meta property=\"og:title\" content=\"Conselho da FIEMG debate acordo Mercosul\u2013Uni\u00e3o Europeia e mecanismos de defesa comercial - FIEMG\" \/>\n<meta property=\"og:description\" content=\"Reuni\u00e3o do Conselho de Rela\u00e7\u00f5es Internacionais da FIEMG aborda impactos do com\u00e9rcio internacional e instrumentos estrat\u00e9gicos para a ind\u00fastria mineira\" \/>\n<meta property=\"og:url\" content=\"https:\/\/www.fiemg.com.br\/fiemg\/noticias\/conselho-da-fiemg-debate-acordo-mercosul-uniao-europeia-e-mecanismos-de-defesa-comercial\/\" \/>\n<meta property=\"og:site_name\" content=\"FIEMG\" \/>\n<meta property=\"article:modified_time\" content=\"2026-03-16T11:42:13+00:00\" \/>\n<meta property=\"og:image\" content=\"https:\/\/www.fiemg.com.br\/fiemg\/wp-content\/uploads\/sites\/10\/2026\/03\/Thumb-1.png\" \/>\n\t<meta property=\"og:image:width\" content=\"512\" \/>\n\t<meta property=\"og:image:height\" content=\"512\" \/>\n\t<meta property=\"og:image:type\" content=\"image\/png\" \/>\n<meta name=\"twitter:card\" content=\"summary_large_image\" \/>\n<meta name=\"twitter:label1\" content=\"Est. tempo de leitura\" \/>\n\t<meta name=\"twitter:data1\" content=\"4 minutos\" \/>\n<script type=\"application\/ld+json\" class=\"yoast-schema-graph\">{\"@context\":\"https:\/\/schema.org\",\"@graph\":[{\"@type\":\"WebPage\",\"@id\":\"https:\/\/www.fiemg.com.br\/fiemg\/noticias\/conselho-da-fiemg-debate-acordo-mercosul-uniao-europeia-e-mecanismos-de-defesa-comercial\/\",\"url\":\"https:\/\/www.fiemg.com.br\/fiemg\/noticias\/conselho-da-fiemg-debate-acordo-mercosul-uniao-europeia-e-mecanismos-de-defesa-comercial\/\",\"name\":\"Conselho da FIEMG debate acordo Mercosul\u2013Uni\u00e3o Europeia e mecanismos de defesa comercial - FIEMG\",\"isPartOf\":{\"@id\":\"https:\/\/www.fiemg.com.br\/fiemg\/#website\"},\"primaryImageOfPage\":{\"@id\":\"https:\/\/www.fiemg.com.br\/fiemg\/noticias\/conselho-da-fiemg-debate-acordo-mercosul-uniao-europeia-e-mecanismos-de-defesa-comercial\/#primaryimage\"},\"image\":{\"@id\":\"https:\/\/www.fiemg.com.br\/fiemg\/noticias\/conselho-da-fiemg-debate-acordo-mercosul-uniao-europeia-e-mecanismos-de-defesa-comercial\/#primaryimage\"},\"thumbnailUrl\":\"https:\/\/www.fiemg.com.br\/fiemg\/wp-content\/uploads\/sites\/10\/2026\/03\/Thumb-1.png\",\"datePublished\":\"2026-03-13T15:12:11+00:00\",\"dateModified\":\"2026-03-16T11:42:13+00:00\",\"description\":\"Reuni\u00e3o do Conselho de Rela\u00e7\u00f5es Internacionais da FIEMG aborda impactos do com\u00e9rcio internacional e instrumentos estrat\u00e9gicos para a ind\u00fastria mineira\",\"breadcrumb\":{\"@id\":\"https:\/\/www.fiemg.com.br\/fiemg\/noticias\/conselho-da-fiemg-debate-acordo-mercosul-uniao-europeia-e-mecanismos-de-defesa-comercial\/#breadcrumb\"},\"inLanguage\":\"pt-BR\",\"potentialAction\":[{\"@type\":\"ReadAction\",\"target\":[\"https:\/\/www.fiemg.com.br\/fiemg\/noticias\/conselho-da-fiemg-debate-acordo-mercosul-uniao-europeia-e-mecanismos-de-defesa-comercial\/\"]}]},{\"@type\":\"ImageObject\",\"inLanguage\":\"pt-BR\",\"@id\":\"https:\/\/www.fiemg.com.br\/fiemg\/noticias\/conselho-da-fiemg-debate-acordo-mercosul-uniao-europeia-e-mecanismos-de-defesa-comercial\/#primaryimage\",\"url\":\"https:\/\/www.fiemg.com.br\/fiemg\/wp-content\/uploads\/sites\/10\/2026\/03\/Thumb-1.png\",\"contentUrl\":\"https:\/\/www.fiemg.com.br\/fiemg\/wp-content\/uploads\/sites\/10\/2026\/03\/Thumb-1.png\",\"width\":512,\"height\":512},{\"@type\":\"BreadcrumbList\",\"@id\":\"https:\/\/www.fiemg.com.br\/fiemg\/noticias\/conselho-da-fiemg-debate-acordo-mercosul-uniao-europeia-e-mecanismos-de-defesa-comercial\/#breadcrumb\",\"itemListElement\":[{\"@type\":\"ListItem\",\"position\":1,\"name\":\"In\u00edcio\",\"item\":\"https:\/\/www.fiemg.com.br\/fiemg\/\"},{\"@type\":\"ListItem\",\"position\":2,\"name\":\"Conselho da FIEMG debate acordo Mercosul\u2013Uni\u00e3o Europeia e mecanismos de defesa comercial\"}]},{\"@type\":\"WebSite\",\"@id\":\"https:\/\/www.fiemg.com.br\/fiemg\/#website\",\"url\":\"https:\/\/www.fiemg.com.br\/fiemg\/\",\"name\":\"FIEMG\",\"description\":\"Federa\u00e7\u00e3o das Ind\u00fastrias do Estado de Minas Gerais\",\"publisher\":{\"@id\":\"https:\/\/www.fiemg.com.br\/fiemg\/#organization\"},\"potentialAction\":[{\"@type\":\"SearchAction\",\"target\":{\"@type\":\"EntryPoint\",\"urlTemplate\":\"https:\/\/www.fiemg.com.br\/fiemg\/?s={search_term_string}\"},\"query-input\":{\"@type\":\"PropertyValueSpecification\",\"valueRequired\":true,\"valueName\":\"search_term_string\"}}],\"inLanguage\":\"pt-BR\"},{\"@type\":\"Organization\",\"@id\":\"https:\/\/www.fiemg.com.br\/fiemg\/#organization\",\"name\":\"FIEMG\",\"url\":\"https:\/\/www.fiemg.com.br\/fiemg\/\",\"logo\":{\"@type\":\"ImageObject\",\"inLanguage\":\"pt-BR\",\"@id\":\"https:\/\/www.fiemg.com.br\/fiemg\/#\/schema\/logo\/image\/\",\"url\":\"https:\/\/www.fiemg.com.br\/fiemg\/wp-content\/uploads\/sites\/10\/2023\/02\/fiemg_branco.svg\",\"contentUrl\":\"https:\/\/www.fiemg.com.br\/fiemg\/wp-content\/uploads\/sites\/10\/2023\/02\/fiemg_branco.svg\",\"width\":561,\"height\":147,\"caption\":\"FIEMG\"},\"image\":{\"@id\":\"https:\/\/www.fiemg.com.br\/fiemg\/#\/schema\/logo\/image\/\"}}]}<\/script>\n<!-- \/ Yoast SEO plugin. -->","yoast_head_json":{"title":"Conselho da FIEMG debate acordo Mercosul\u2013Uni\u00e3o Europeia e mecanismos de defesa comercial - FIEMG","description":"Reuni\u00e3o do Conselho de Rela\u00e7\u00f5es Internacionais da FIEMG aborda impactos do com\u00e9rcio internacional e instrumentos estrat\u00e9gicos para a ind\u00fastria mineira","robots":{"index":"index","follow":"follow","max-snippet":"max-snippet:-1","max-image-preview":"max-image-preview:large","max-video-preview":"max-video-preview:-1"},"canonical":"https:\/\/www.fiemg.com.br\/fiemg\/noticias\/conselho-da-fiemg-debate-acordo-mercosul-uniao-europeia-e-mecanismos-de-defesa-comercial\/","og_locale":"pt_BR","og_type":"article","og_title":"Conselho da FIEMG debate acordo Mercosul\u2013Uni\u00e3o Europeia e mecanismos de defesa comercial - FIEMG","og_description":"Reuni\u00e3o do Conselho de Rela\u00e7\u00f5es Internacionais da FIEMG aborda impactos do com\u00e9rcio internacional e instrumentos estrat\u00e9gicos para a ind\u00fastria mineira","og_url":"https:\/\/www.fiemg.com.br\/fiemg\/noticias\/conselho-da-fiemg-debate-acordo-mercosul-uniao-europeia-e-mecanismos-de-defesa-comercial\/","og_site_name":"FIEMG","article_modified_time":"2026-03-16T11:42:13+00:00","og_image":[{"width":512,"height":512,"url":"https:\/\/www.fiemg.com.br\/fiemg\/wp-content\/uploads\/sites\/10\/2026\/03\/Thumb-1.png","type":"image\/png"}],"twitter_card":"summary_large_image","twitter_misc":{"Est. tempo de leitura":"4 minutos"},"schema":{"@context":"https:\/\/schema.org","@graph":[{"@type":"WebPage","@id":"https:\/\/www.fiemg.com.br\/fiemg\/noticias\/conselho-da-fiemg-debate-acordo-mercosul-uniao-europeia-e-mecanismos-de-defesa-comercial\/","url":"https:\/\/www.fiemg.com.br\/fiemg\/noticias\/conselho-da-fiemg-debate-acordo-mercosul-uniao-europeia-e-mecanismos-de-defesa-comercial\/","name":"Conselho da FIEMG debate acordo Mercosul\u2013Uni\u00e3o Europeia e mecanismos de defesa comercial - FIEMG","isPartOf":{"@id":"https:\/\/www.fiemg.com.br\/fiemg\/#website"},"primaryImageOfPage":{"@id":"https:\/\/www.fiemg.com.br\/fiemg\/noticias\/conselho-da-fiemg-debate-acordo-mercosul-uniao-europeia-e-mecanismos-de-defesa-comercial\/#primaryimage"},"image":{"@id":"https:\/\/www.fiemg.com.br\/fiemg\/noticias\/conselho-da-fiemg-debate-acordo-mercosul-uniao-europeia-e-mecanismos-de-defesa-comercial\/#primaryimage"},"thumbnailUrl":"https:\/\/www.fiemg.com.br\/fiemg\/wp-content\/uploads\/sites\/10\/2026\/03\/Thumb-1.png","datePublished":"2026-03-13T15:12:11+00:00","dateModified":"2026-03-16T11:42:13+00:00","description":"Reuni\u00e3o do Conselho de Rela\u00e7\u00f5es Internacionais da FIEMG aborda impactos do com\u00e9rcio internacional e instrumentos estrat\u00e9gicos para a ind\u00fastria mineira","breadcrumb":{"@id":"https:\/\/www.fiemg.com.br\/fiemg\/noticias\/conselho-da-fiemg-debate-acordo-mercosul-uniao-europeia-e-mecanismos-de-defesa-comercial\/#breadcrumb"},"inLanguage":"pt-BR","potentialAction":[{"@type":"ReadAction","target":["https:\/\/www.fiemg.com.br\/fiemg\/noticias\/conselho-da-fiemg-debate-acordo-mercosul-uniao-europeia-e-mecanismos-de-defesa-comercial\/"]}]},{"@type":"ImageObject","inLanguage":"pt-BR","@id":"https:\/\/www.fiemg.com.br\/fiemg\/noticias\/conselho-da-fiemg-debate-acordo-mercosul-uniao-europeia-e-mecanismos-de-defesa-comercial\/#primaryimage","url":"https:\/\/www.fiemg.com.br\/fiemg\/wp-content\/uploads\/sites\/10\/2026\/03\/Thumb-1.png","contentUrl":"https:\/\/www.fiemg.com.br\/fiemg\/wp-content\/uploads\/sites\/10\/2026\/03\/Thumb-1.png","width":512,"height":512},{"@type":"BreadcrumbList","@id":"https:\/\/www.fiemg.com.br\/fiemg\/noticias\/conselho-da-fiemg-debate-acordo-mercosul-uniao-europeia-e-mecanismos-de-defesa-comercial\/#breadcrumb","itemListElement":[{"@type":"ListItem","position":1,"name":"In\u00edcio","item":"https:\/\/www.fiemg.com.br\/fiemg\/"},{"@type":"ListItem","position":2,"name":"Conselho da FIEMG debate acordo Mercosul\u2013Uni\u00e3o Europeia e mecanismos de defesa comercial"}]},{"@type":"WebSite","@id":"https:\/\/www.fiemg.com.br\/fiemg\/#website","url":"https:\/\/www.fiemg.com.br\/fiemg\/","name":"FIEMG","description":"Federa\u00e7\u00e3o das Ind\u00fastrias do Estado de Minas Gerais","publisher":{"@id":"https:\/\/www.fiemg.com.br\/fiemg\/#organization"},"potentialAction":[{"@type":"SearchAction","target":{"@type":"EntryPoint","urlTemplate":"https:\/\/www.fiemg.com.br\/fiemg\/?s={search_term_string}"},"query-input":{"@type":"PropertyValueSpecification","valueRequired":true,"valueName":"search_term_string"}}],"inLanguage":"pt-BR"},{"@type":"Organization","@id":"https:\/\/www.fiemg.com.br\/fiemg\/#organization","name":"FIEMG","url":"https:\/\/www.fiemg.com.br\/fiemg\/","logo":{"@type":"ImageObject","inLanguage":"pt-BR","@id":"https:\/\/www.fiemg.com.br\/fiemg\/#\/schema\/logo\/image\/","url":"https:\/\/www.fiemg.com.br\/fiemg\/wp-content\/uploads\/sites\/10\/2023\/02\/fiemg_branco.svg","contentUrl":"https:\/\/www.fiemg.com.br\/fiemg\/wp-content\/uploads\/sites\/10\/2023\/02\/fiemg_branco.svg","width":561,"height":147,"caption":"FIEMG"},"image":{"@id":"https:\/\/www.fiemg.com.br\/fiemg\/#\/schema\/logo\/image\/"}}]}},"_links":{"self":[{"href":"https:\/\/www.fiemg.com.br\/fiemg\/wp-json\/wp\/v2\/noticias\/11187","targetHints":{"allow":["GET"]}}],"collection":[{"href":"https:\/\/www.fiemg.com.br\/fiemg\/wp-json\/wp\/v2\/noticias"}],"about":[{"href":"https:\/\/www.fiemg.com.br\/fiemg\/wp-json\/wp\/v2\/types\/noticias"}],"wp:featuredmedia":[{"embeddable":true,"href":"https:\/\/www.fiemg.com.br\/fiemg\/wp-json\/wp\/v2\/media\/11189"}],"wp:attachment":[{"href":"https:\/\/www.fiemg.com.br\/fiemg\/wp-json\/wp\/v2\/media?parent=11187"}],"wp:term":[{"taxonomy":"category","embeddable":true,"href":"https:\/\/www.fiemg.com.br\/fiemg\/wp-json\/wp\/v2\/categories?post=11187"},{"taxonomy":"post_tag","embeddable":true,"href":"https:\/\/www.fiemg.com.br\/fiemg\/wp-json\/wp\/v2\/tags?post=11187"}],"curies":[{"name":"wp","href":"https:\/\/api.w.org\/{rel}","templated":true}]}}