{"id":11271,"date":"2026-03-20T11:11:04","date_gmt":"2026-03-20T14:11:04","guid":{"rendered":"https:\/\/www.fiemg.com.br\/fiemg\/noticias\/evento-gratuito-em-contagem-reune-gestores-para-discutir-mudancas-na-norma-e-estrategias-praticas-de-adequacao\/"},"modified":"2026-03-20T11:11:16","modified_gmt":"2026-03-20T14:11:16","slug":"evento-gratuito-em-contagem-reune-gestores-para-discutir-mudancas-na-norma-e-estrategias-praticas-de-adequacao","status":"publish","type":"noticias","link":"https:\/\/www.fiemg.com.br\/fiemg\/noticias\/evento-gratuito-em-contagem-reune-gestores-para-discutir-mudancas-na-norma-e-estrategias-praticas-de-adequacao\/","title":{"rendered":"Caf\u00e9 Empresarial debate altera\u00e7\u00f5es da NR-01 e impactos para a ind\u00fastria"},"content":{"rendered":"\n<p>Com o objetivo de promover conhecimento aplicado e fortalecer a gest\u00e3o nas empresas, o Centro Industrial e Empresarial de Minas Gerais promove, no dia 26 de mar\u00e7o, mais uma edi\u00e7\u00e3o do Caf\u00e9 Empresarial, com foco nas altera\u00e7\u00f5es da NR-01 e seus impactos no ambiente de trabalho.<\/p>\n\n\n\n<p>A iniciativa busca compartilhar experi\u00eancias de grandes gestores com profissionais e empreendedores, contribuindo de forma pr\u00e1tica para a solu\u00e7\u00e3o de desafios do dia a dia. Al\u00e9m disso, o encontro pretende inspirar melhorias nos neg\u00f3cios e estimular a troca de experi\u00eancias e o networking entre os participantes.<\/p>\n\n\n\n<p>Durante o evento, ser\u00e3o abordadas as principais mudan\u00e7as da Norma Regulamentadora n\u00ba 01, incluindo aspectos relacionados aos fatores psicossociais no trabalho, tema cada vez mais relevante no contexto corporativo. Tamb\u00e9m ser\u00e3o apresentadas sugest\u00f5es de adequa\u00e7\u00e3o \u00e0s exig\u00eancias da norma e uma an\u00e1lise dos impactos mais significativos para as empresas.<\/p>\n\n\n\n<p>A palestra ser\u00e1 conduzida por Guilherme Sena Fonseca Penna, coordenador de Seguran\u00e7a do Trabalho do SESI Minas Gerais. Com mais de 20 anos de experi\u00eancia na \u00e1rea, o especialista possui atua\u00e7\u00e3o consolidada em diversos segmentos industriais e \u00e9 refer\u00eancia em sistemas de gest\u00e3o integrados.<\/p>\n\n\n\n<p>O Caf\u00e9 Empresarial \u00e9 uma oportunidade para gestores e profissionais se atualizarem sobre mudan\u00e7as regulat\u00f3rias, ampliarem sua vis\u00e3o estrat\u00e9gica e se conectarem com outros l\u00edderes do setor produtivo.<\/p>\n\n\n\n<p><strong>Servi\u00e7o<\/strong><strong><br><\/strong><strong> Caf\u00e9 Empresarial \u2013 As altera\u00e7\u00f5es da NR-01 e seus impactos<\/strong><strong><br><\/strong><strong> Data:<\/strong> 26 de mar\u00e7o de 2026<br><strong>Hor\u00e1rio:<\/strong> 08h30 \u00e0s 10h00<br><strong>Carga hor\u00e1ria: <\/strong>2 horas<br><strong>Formato:<\/strong> presencial<br><strong>Local: <\/strong>CIEMG \u2013 Avenida Babita Camargos, 766, Cidade Industrial, Contagem (MG)<br><a href=\"https:\/\/ciemgcursos.com.br\/curso\/cafe-empresarial-as-alteracoes-da-nr-01-e-seus-impactos\/\">Inscri\u00e7\u00f5es gratuitas&nbsp;<\/a><\/p>\n","protected":false},"featured_media":11273,"template":"","categories":[15],"tags":[753,1169,1671],"class_list":["post-11271","noticias","type-noticias","status-publish","has-post-thumbnail","hentry","category-desenvolvimento-industrial","tag-ciemg","tag-contagem","tag-nr1"],"acf":[],"yoast_head":"<!-- This site is optimized with the Yoast SEO plugin v26.2 - https:\/\/yoast.com\/wordpress\/plugins\/seo\/ -->\n<title>Caf\u00e9 Empresarial debate altera\u00e7\u00f5es da NR-01 e impactos para a ind\u00fastria - FIEMG<\/title>\n<meta name=\"description\" content=\"Evento gratuito em Contagem re\u00fane gestores para discutir mudan\u00e7as na norma e estrat\u00e9gias pr\u00e1ticas de adequa\u00e7\u00e3o\" \/>\n<meta name=\"robots\" content=\"index, follow, max-snippet:-1, max-image-preview:large, max-video-preview:-1\" \/>\n<link rel=\"canonical\" href=\"https:\/\/www.fiemg.com.br\/fiemg\/noticias\/evento-gratuito-em-contagem-reune-gestores-para-discutir-mudancas-na-norma-e-estrategias-praticas-de-adequacao\/\" \/>\n<meta property=\"og:locale\" content=\"pt_BR\" \/>\n<meta property=\"og:type\" content=\"article\" \/>\n<meta property=\"og:title\" content=\"Caf\u00e9 Empresarial debate altera\u00e7\u00f5es da NR-01 e impactos para a ind\u00fastria - FIEMG\" \/>\n<meta property=\"og:description\" content=\"Evento gratuito em Contagem re\u00fane gestores para discutir mudan\u00e7as na norma e estrat\u00e9gias pr\u00e1ticas de adequa\u00e7\u00e3o\" \/>\n<meta property=\"og:url\" content=\"https:\/\/www.fiemg.com.br\/fiemg\/noticias\/evento-gratuito-em-contagem-reune-gestores-para-discutir-mudancas-na-norma-e-estrategias-praticas-de-adequacao\/\" \/>\n<meta property=\"og:site_name\" content=\"FIEMG\" \/>\n<meta property=\"article:modified_time\" content=\"2026-03-20T14:11:16+00:00\" \/>\n<meta property=\"og:image\" content=\"https:\/\/www.fiemg.com.br\/fiemg\/wp-content\/uploads\/sites\/10\/2026\/03\/cafe-empresarial-marco.png\" \/>\n\t<meta property=\"og:image:width\" content=\"1600\" \/>\n\t<meta property=\"og:image:height\" content=\"1600\" \/>\n\t<meta property=\"og:image:type\" content=\"image\/png\" \/>\n<meta name=\"twitter:card\" content=\"summary_large_image\" \/>\n<meta name=\"twitter:label1\" content=\"Est. tempo de leitura\" \/>\n\t<meta name=\"twitter:data1\" content=\"2 minutos\" \/>\n<script type=\"application\/ld+json\" class=\"yoast-schema-graph\">{\"@context\":\"https:\/\/schema.org\",\"@graph\":[{\"@type\":\"WebPage\",\"@id\":\"https:\/\/www.fiemg.com.br\/fiemg\/noticias\/evento-gratuito-em-contagem-reune-gestores-para-discutir-mudancas-na-norma-e-estrategias-praticas-de-adequacao\/\",\"url\":\"https:\/\/www.fiemg.com.br\/fiemg\/noticias\/evento-gratuito-em-contagem-reune-gestores-para-discutir-mudancas-na-norma-e-estrategias-praticas-de-adequacao\/\",\"name\":\"Caf\u00e9 Empresarial debate altera\u00e7\u00f5es da NR-01 e impactos para a ind\u00fastria - FIEMG\",\"isPartOf\":{\"@id\":\"https:\/\/www.fiemg.com.br\/fiemg\/#website\"},\"primaryImageOfPage\":{\"@id\":\"https:\/\/www.fiemg.com.br\/fiemg\/noticias\/evento-gratuito-em-contagem-reune-gestores-para-discutir-mudancas-na-norma-e-estrategias-praticas-de-adequacao\/#primaryimage\"},\"image\":{\"@id\":\"https:\/\/www.fiemg.com.br\/fiemg\/noticias\/evento-gratuito-em-contagem-reune-gestores-para-discutir-mudancas-na-norma-e-estrategias-praticas-de-adequacao\/#primaryimage\"},\"thumbnailUrl\":\"https:\/\/www.fiemg.com.br\/fiemg\/wp-content\/uploads\/sites\/10\/2026\/03\/cafe-empresarial-marco.png\",\"datePublished\":\"2026-03-20T14:11:04+00:00\",\"dateModified\":\"2026-03-20T14:11:16+00:00\",\"description\":\"Evento gratuito em Contagem re\u00fane gestores para discutir mudan\u00e7as na norma e estrat\u00e9gias pr\u00e1ticas de adequa\u00e7\u00e3o\",\"breadcrumb\":{\"@id\":\"https:\/\/www.fiemg.com.br\/fiemg\/noticias\/evento-gratuito-em-contagem-reune-gestores-para-discutir-mudancas-na-norma-e-estrategias-praticas-de-adequacao\/#breadcrumb\"},\"inLanguage\":\"pt-BR\",\"potentialAction\":[{\"@type\":\"ReadAction\",\"target\":[\"https:\/\/www.fiemg.com.br\/fiemg\/noticias\/evento-gratuito-em-contagem-reune-gestores-para-discutir-mudancas-na-norma-e-estrategias-praticas-de-adequacao\/\"]}]},{\"@type\":\"ImageObject\",\"inLanguage\":\"pt-BR\",\"@id\":\"https:\/\/www.fiemg.com.br\/fiemg\/noticias\/evento-gratuito-em-contagem-reune-gestores-para-discutir-mudancas-na-norma-e-estrategias-praticas-de-adequacao\/#primaryimage\",\"url\":\"https:\/\/www.fiemg.com.br\/fiemg\/wp-content\/uploads\/sites\/10\/2026\/03\/cafe-empresarial-marco.png\",\"contentUrl\":\"https:\/\/www.fiemg.com.br\/fiemg\/wp-content\/uploads\/sites\/10\/2026\/03\/cafe-empresarial-marco.png\",\"width\":1600,\"height\":1600},{\"@type\":\"BreadcrumbList\",\"@id\":\"https:\/\/www.fiemg.com.br\/fiemg\/noticias\/evento-gratuito-em-contagem-reune-gestores-para-discutir-mudancas-na-norma-e-estrategias-praticas-de-adequacao\/#breadcrumb\",\"itemListElement\":[{\"@type\":\"ListItem\",\"position\":1,\"name\":\"In\u00edcio\",\"item\":\"https:\/\/www.fiemg.com.br\/fiemg\/\"},{\"@type\":\"ListItem\",\"position\":2,\"name\":\"Caf\u00e9 Empresarial debate altera\u00e7\u00f5es da NR-01 e impactos para a ind\u00fastria\"}]},{\"@type\":\"WebSite\",\"@id\":\"https:\/\/www.fiemg.com.br\/fiemg\/#website\",\"url\":\"https:\/\/www.fiemg.com.br\/fiemg\/\",\"name\":\"FIEMG\",\"description\":\"Federa\u00e7\u00e3o das Ind\u00fastrias do Estado de Minas Gerais\",\"publisher\":{\"@id\":\"https:\/\/www.fiemg.com.br\/fiemg\/#organization\"},\"potentialAction\":[{\"@type\":\"SearchAction\",\"target\":{\"@type\":\"EntryPoint\",\"urlTemplate\":\"https:\/\/www.fiemg.com.br\/fiemg\/?s={search_term_string}\"},\"query-input\":{\"@type\":\"PropertyValueSpecification\",\"valueRequired\":true,\"valueName\":\"search_term_string\"}}],\"inLanguage\":\"pt-BR\"},{\"@type\":\"Organization\",\"@id\":\"https:\/\/www.fiemg.com.br\/fiemg\/#organization\",\"name\":\"FIEMG\",\"url\":\"https:\/\/www.fiemg.com.br\/fiemg\/\",\"logo\":{\"@type\":\"ImageObject\",\"inLanguage\":\"pt-BR\",\"@id\":\"https:\/\/www.fiemg.com.br\/fiemg\/#\/schema\/logo\/image\/\",\"url\":\"https:\/\/www.fiemg.com.br\/fiemg\/wp-content\/uploads\/sites\/10\/2023\/02\/fiemg_branco.svg\",\"contentUrl\":\"https:\/\/www.fiemg.com.br\/fiemg\/wp-content\/uploads\/sites\/10\/2023\/02\/fiemg_branco.svg\",\"width\":561,\"height\":147,\"caption\":\"FIEMG\"},\"image\":{\"@id\":\"https:\/\/www.fiemg.com.br\/fiemg\/#\/schema\/logo\/image\/\"}}]}<\/script>\n<!-- \/ Yoast SEO plugin. -->","yoast_head_json":{"title":"Caf\u00e9 Empresarial debate altera\u00e7\u00f5es da NR-01 e impactos para a ind\u00fastria - FIEMG","description":"Evento gratuito em Contagem re\u00fane gestores para discutir mudan\u00e7as na norma e estrat\u00e9gias pr\u00e1ticas de adequa\u00e7\u00e3o","robots":{"index":"index","follow":"follow","max-snippet":"max-snippet:-1","max-image-preview":"max-image-preview:large","max-video-preview":"max-video-preview:-1"},"canonical":"https:\/\/www.fiemg.com.br\/fiemg\/noticias\/evento-gratuito-em-contagem-reune-gestores-para-discutir-mudancas-na-norma-e-estrategias-praticas-de-adequacao\/","og_locale":"pt_BR","og_type":"article","og_title":"Caf\u00e9 Empresarial debate altera\u00e7\u00f5es da NR-01 e impactos para a ind\u00fastria - FIEMG","og_description":"Evento gratuito em Contagem re\u00fane gestores para discutir mudan\u00e7as na norma e estrat\u00e9gias pr\u00e1ticas de adequa\u00e7\u00e3o","og_url":"https:\/\/www.fiemg.com.br\/fiemg\/noticias\/evento-gratuito-em-contagem-reune-gestores-para-discutir-mudancas-na-norma-e-estrategias-praticas-de-adequacao\/","og_site_name":"FIEMG","article_modified_time":"2026-03-20T14:11:16+00:00","og_image":[{"width":1600,"height":1600,"url":"https:\/\/www.fiemg.com.br\/fiemg\/wp-content\/uploads\/sites\/10\/2026\/03\/cafe-empresarial-marco.png","type":"image\/png"}],"twitter_card":"summary_large_image","twitter_misc":{"Est. tempo de leitura":"2 minutos"},"schema":{"@context":"https:\/\/schema.org","@graph":[{"@type":"WebPage","@id":"https:\/\/www.fiemg.com.br\/fiemg\/noticias\/evento-gratuito-em-contagem-reune-gestores-para-discutir-mudancas-na-norma-e-estrategias-praticas-de-adequacao\/","url":"https:\/\/www.fiemg.com.br\/fiemg\/noticias\/evento-gratuito-em-contagem-reune-gestores-para-discutir-mudancas-na-norma-e-estrategias-praticas-de-adequacao\/","name":"Caf\u00e9 Empresarial debate altera\u00e7\u00f5es da NR-01 e impactos para a ind\u00fastria - FIEMG","isPartOf":{"@id":"https:\/\/www.fiemg.com.br\/fiemg\/#website"},"primaryImageOfPage":{"@id":"https:\/\/www.fiemg.com.br\/fiemg\/noticias\/evento-gratuito-em-contagem-reune-gestores-para-discutir-mudancas-na-norma-e-estrategias-praticas-de-adequacao\/#primaryimage"},"image":{"@id":"https:\/\/www.fiemg.com.br\/fiemg\/noticias\/evento-gratuito-em-contagem-reune-gestores-para-discutir-mudancas-na-norma-e-estrategias-praticas-de-adequacao\/#primaryimage"},"thumbnailUrl":"https:\/\/www.fiemg.com.br\/fiemg\/wp-content\/uploads\/sites\/10\/2026\/03\/cafe-empresarial-marco.png","datePublished":"2026-03-20T14:11:04+00:00","dateModified":"2026-03-20T14:11:16+00:00","description":"Evento gratuito em Contagem re\u00fane gestores para discutir mudan\u00e7as na norma e estrat\u00e9gias pr\u00e1ticas de adequa\u00e7\u00e3o","breadcrumb":{"@id":"https:\/\/www.fiemg.com.br\/fiemg\/noticias\/evento-gratuito-em-contagem-reune-gestores-para-discutir-mudancas-na-norma-e-estrategias-praticas-de-adequacao\/#breadcrumb"},"inLanguage":"pt-BR","potentialAction":[{"@type":"ReadAction","target":["https:\/\/www.fiemg.com.br\/fiemg\/noticias\/evento-gratuito-em-contagem-reune-gestores-para-discutir-mudancas-na-norma-e-estrategias-praticas-de-adequacao\/"]}]},{"@type":"ImageObject","inLanguage":"pt-BR","@id":"https:\/\/www.fiemg.com.br\/fiemg\/noticias\/evento-gratuito-em-contagem-reune-gestores-para-discutir-mudancas-na-norma-e-estrategias-praticas-de-adequacao\/#primaryimage","url":"https:\/\/www.fiemg.com.br\/fiemg\/wp-content\/uploads\/sites\/10\/2026\/03\/cafe-empresarial-marco.png","contentUrl":"https:\/\/www.fiemg.com.br\/fiemg\/wp-content\/uploads\/sites\/10\/2026\/03\/cafe-empresarial-marco.png","width":1600,"height":1600},{"@type":"BreadcrumbList","@id":"https:\/\/www.fiemg.com.br\/fiemg\/noticias\/evento-gratuito-em-contagem-reune-gestores-para-discutir-mudancas-na-norma-e-estrategias-praticas-de-adequacao\/#breadcrumb","itemListElement":[{"@type":"ListItem","position":1,"name":"In\u00edcio","item":"https:\/\/www.fiemg.com.br\/fiemg\/"},{"@type":"ListItem","position":2,"name":"Caf\u00e9 Empresarial debate altera\u00e7\u00f5es da NR-01 e impactos para a ind\u00fastria"}]},{"@type":"WebSite","@id":"https:\/\/www.fiemg.com.br\/fiemg\/#website","url":"https:\/\/www.fiemg.com.br\/fiemg\/","name":"FIEMG","description":"Federa\u00e7\u00e3o das Ind\u00fastrias do Estado de Minas Gerais","publisher":{"@id":"https:\/\/www.fiemg.com.br\/fiemg\/#organization"},"potentialAction":[{"@type":"SearchAction","target":{"@type":"EntryPoint","urlTemplate":"https:\/\/www.fiemg.com.br\/fiemg\/?s={search_term_string}"},"query-input":{"@type":"PropertyValueSpecification","valueRequired":true,"valueName":"search_term_string"}}],"inLanguage":"pt-BR"},{"@type":"Organization","@id":"https:\/\/www.fiemg.com.br\/fiemg\/#organization","name":"FIEMG","url":"https:\/\/www.fiemg.com.br\/fiemg\/","logo":{"@type":"ImageObject","inLanguage":"pt-BR","@id":"https:\/\/www.fiemg.com.br\/fiemg\/#\/schema\/logo\/image\/","url":"https:\/\/www.fiemg.com.br\/fiemg\/wp-content\/uploads\/sites\/10\/2023\/02\/fiemg_branco.svg","contentUrl":"https:\/\/www.fiemg.com.br\/fiemg\/wp-content\/uploads\/sites\/10\/2023\/02\/fiemg_branco.svg","width":561,"height":147,"caption":"FIEMG"},"image":{"@id":"https:\/\/www.fiemg.com.br\/fiemg\/#\/schema\/logo\/image\/"}}]}},"_links":{"self":[{"href":"https:\/\/www.fiemg.com.br\/fiemg\/wp-json\/wp\/v2\/noticias\/11271","targetHints":{"allow":["GET"]}}],"collection":[{"href":"https:\/\/www.fiemg.com.br\/fiemg\/wp-json\/wp\/v2\/noticias"}],"about":[{"href":"https:\/\/www.fiemg.com.br\/fiemg\/wp-json\/wp\/v2\/types\/noticias"}],"wp:featuredmedia":[{"embeddable":true,"href":"https:\/\/www.fiemg.com.br\/fiemg\/wp-json\/wp\/v2\/media\/11273"}],"wp:attachment":[{"href":"https:\/\/www.fiemg.com.br\/fiemg\/wp-json\/wp\/v2\/media?parent=11271"}],"wp:term":[{"taxonomy":"category","embeddable":true,"href":"https:\/\/www.fiemg.com.br\/fiemg\/wp-json\/wp\/v2\/categories?post=11271"},{"taxonomy":"post_tag","embeddable":true,"href":"https:\/\/www.fiemg.com.br\/fiemg\/wp-json\/wp\/v2\/tags?post=11271"}],"curies":[{"name":"wp","href":"https:\/\/api.w.org\/{rel}","templated":true}]}}