{"id":11863,"date":"2026-04-29T11:50:19","date_gmt":"2026-04-29T14:50:19","guid":{"rendered":"https:\/\/www.fiemg.com.br\/fiemg\/noticias\/estado-concentrou-15-das-exportacoes-brasileiras-para-o-bloco-em-2025-e-tem-potencial-para-avancar-na-venda-de-produtos-industrializados-aponta-fiemg\/"},"modified":"2026-04-29T11:50:24","modified_gmt":"2026-04-29T14:50:24","slug":"estado-concentrou-15-das-exportacoes-brasileiras-para-o-bloco-em-2025-e-tem-potencial-para-avancar-na-venda-de-produtos-industrializados-aponta-fiemg","status":"publish","type":"noticias","link":"https:\/\/www.fiemg.com.br\/fiemg\/noticias\/estado-concentrou-15-das-exportacoes-brasileiras-para-o-bloco-em-2025-e-tem-potencial-para-avancar-na-venda-de-produtos-industrializados-aponta-fiemg\/","title":{"rendered":"Minas lidera super\u00e1vit com a Uni\u00e3o Europeia e deve diversificar exporta\u00e7\u00f5es com novo acordo comercial"},"content":{"rendered":"\n<p>O acordo comercial entre o Mercosul e a Uni\u00e3o Europeia entrar\u00e1 em vigor provisoriamente em 1\u00ba de maio de 2026 e deve ampliar as oportunidades para a ind\u00fastria mineira. Minas Gerais \u00e9 o estado brasileiro com maior super\u00e1vit comercial com o bloco europeu, com saldo de US$ 4 bilh\u00f5es em 2025, al\u00e9m de ter a Uni\u00e3o Europeia como seu segundo maior parceiro comercial.<\/p>\n\n\n\n<p>De acordo com um estudo da Federa\u00e7\u00e3o das Ind\u00fastrias do Estado de Minas Gerais (FIEMG), o estado concentra cerca de 15% de todas as exporta\u00e7\u00f5es brasileiras destinadas ao bloco em 2025, o que refor\u00e7a a relev\u00e2ncia estrat\u00e9gica de Minas na rela\u00e7\u00e3o comercial entre Brasil e Europa. A avalia\u00e7\u00e3o \u00e9 de que o acordo pode impulsionar ainda mais esse desempenho, com espa\u00e7o para diversifica\u00e7\u00e3o da pauta exportadora e amplia\u00e7\u00e3o da participa\u00e7\u00e3o de produtos industrializados.<\/p>\n\n\n\n<p>O tratado, negociado ao longo de mais de duas d\u00e9cadas e assinado em janeiro de 2026, prev\u00ea a redu\u00e7\u00e3o gradual de tarifas e barreiras comerciais, criando uma das maiores \u00e1reas de livre com\u00e9rcio do mundo. Al\u00e9m disso, estabelece uma s\u00e9rie de regras de facilita\u00e7\u00e3o de com\u00e9rcio e investimentos. Para Minas Gerais, o acordo refor\u00e7a oportunidades em produtos com potencial de maior valor agregado, como caf\u00e9 industrializado, alimentos processados, rochas ornamentais beneficiadas, autope\u00e7as, partes de motores, sil\u00edcio met\u00e1lico e outros qu\u00edmicos inorg\u00e2nicos, dentre outros nichos industriais que ter\u00e3o tarifas eliminadas ou reduzidas. Cadeias j\u00e1 consolidadas na pauta mineira, como caf\u00e9 verde, celulose e metalurgia, seguem relevantes para o com\u00e9rcio com a Uni\u00e3o Europeia, ainda que parte delas j\u00e1 era isenta de tarifas antes do acordo.<\/p>\n\n\n\n<p>Ao mesmo tempo, a FIEMG alerta para a necessidade de aten\u00e7\u00e3o em rela\u00e7\u00e3o \u00e0 competitividade da ind\u00fastria, sobretudo em segmentos mais expostos \u00e0 concorr\u00eancia internacional e \u00e0s exig\u00eancias regulat\u00f3rias e ambientais do mercado europeu.<\/p>\n\n\n\n<p>No cen\u00e1rio nacional, o estudo identificou cerca de 11 bilh\u00f5es de euros em produtos imediatamente beneficiados pelo acordo baseado no que o bloco importou do Brasil em 2025, com ganhos associados \u00e0 expans\u00e3o do com\u00e9rcio exterior, al\u00e9m de aumento da produtividade e maior integra\u00e7\u00e3o \u00e0s cadeias globais de valor.<\/p>\n\n\n\n<p>Para a coordenadora de Facilita\u00e7\u00e3o de Neg\u00f3cios Internacionais da FIEMG, Ver\u00f4nica Winter, o acordo representa uma oportunidade estrat\u00e9gica para o estado, mas exige preparo das empresas. \u201cMinas Gerais j\u00e1 tem uma rela\u00e7\u00e3o comercial relevante com a Uni\u00e3o Europeia, sobretudo em commodities agr\u00edcolas, minerais e insumos industriais. A oportunidade agora \u00e9 de avan\u00e7ar na diversifica\u00e7\u00e3o das exporta\u00e7\u00f5es e aumentar a participa\u00e7\u00e3o de produtos industrializados, garantindo maior valor agregado e competitividade internacional&#8221;, afirma.<\/p>\n\n\n\n<p>A FIEMG refor\u00e7a que acompanha o tema de forma estrat\u00e9gica e defende a ado\u00e7\u00e3o de pol\u00edticas p\u00fablicas que apoiem a adapta\u00e7\u00e3o da ind\u00fastria brasileira \u00e0s novas condi\u00e7\u00f5es de mercado, especialmente em rela\u00e7\u00e3o \u00e0 inova\u00e7\u00e3o, produtividade e inser\u00e7\u00e3o internacional. Entre os principais pontos de aten\u00e7\u00e3o est\u00e3o as exig\u00eancias sanit\u00e1rias e ambientais da Uni\u00e3o Europeia, as regras de origem, a capacidade de adapta\u00e7\u00e3o das pequenas e m\u00e9dias empresas e os impactos sobre setores mais sens\u00edveis \u00e0 concorr\u00eancia externa.<br><br>Confira o estudo completo <a href=\"https:\/\/www.fiemg.com.br\/wp-content\/uploads\/2026\/04\/Impactos-do-Acordo-Mercosul-UE-para-o-Brasil-CIN-FIEMG.pdf\">NESTE LINK<\/a>.<\/p>\n\n\n\n<p><strong>Imprensa FIEMG<\/strong><\/p>\n\n\n\n<p><\/p>\n","protected":false},"featured_media":11864,"template":"","categories":[15],"tags":[215,78,1167],"class_list":["post-11863","noticias","type-noticias","status-publish","has-post-thumbnail","hentry","category-desenvolvimento-industrial","tag-exportacao","tag-fiemg","tag-mercosul"],"acf":[],"yoast_head":"<!-- This site is optimized with the Yoast SEO plugin v26.2 - https:\/\/yoast.com\/wordpress\/plugins\/seo\/ -->\n<title>Minas lidera super\u00e1vit com a Uni\u00e3o Europeia e deve diversificar exporta\u00e7\u00f5es com novo acordo comercial - FIEMG<\/title>\n<meta name=\"description\" content=\"Estado concentrou 15% das exporta\u00e7\u00f5es brasileiras para o bloco em 2025 e tem potencial para avan\u00e7ar na venda de produtos industrializados, aponta FIEMG\" \/>\n<meta name=\"robots\" content=\"index, follow, max-snippet:-1, max-image-preview:large, max-video-preview:-1\" \/>\n<link rel=\"canonical\" href=\"https:\/\/www.fiemg.com.br\/fiemg\/noticias\/estado-concentrou-15-das-exportacoes-brasileiras-para-o-bloco-em-2025-e-tem-potencial-para-avancar-na-venda-de-produtos-industrializados-aponta-fiemg\/\" \/>\n<meta property=\"og:locale\" content=\"pt_BR\" \/>\n<meta property=\"og:type\" content=\"article\" \/>\n<meta property=\"og:title\" content=\"Minas lidera super\u00e1vit com a Uni\u00e3o Europeia e deve diversificar exporta\u00e7\u00f5es com novo acordo comercial - FIEMG\" \/>\n<meta property=\"og:description\" content=\"Estado concentrou 15% das exporta\u00e7\u00f5es brasileiras para o bloco em 2025 e tem potencial para avan\u00e7ar na venda de produtos industrializados, aponta FIEMG\" \/>\n<meta property=\"og:url\" content=\"https:\/\/www.fiemg.com.br\/fiemg\/noticias\/estado-concentrou-15-das-exportacoes-brasileiras-para-o-bloco-em-2025-e-tem-potencial-para-avancar-na-venda-de-produtos-industrializados-aponta-fiemg\/\" \/>\n<meta property=\"og:site_name\" content=\"FIEMG\" \/>\n<meta property=\"article:modified_time\" content=\"2026-04-29T14:50:24+00:00\" \/>\n<meta property=\"og:image\" content=\"https:\/\/www.fiemg.com.br\/fiemg\/wp-content\/uploads\/sites\/10\/2026\/04\/exportacao-thumb-1024x1024.png\" \/>\n\t<meta property=\"og:image:width\" content=\"1024\" \/>\n\t<meta property=\"og:image:height\" content=\"1024\" \/>\n\t<meta property=\"og:image:type\" content=\"image\/png\" \/>\n<meta name=\"twitter:card\" content=\"summary_large_image\" \/>\n<meta name=\"twitter:label1\" content=\"Est. tempo de leitura\" \/>\n\t<meta name=\"twitter:data1\" content=\"3 minutos\" \/>\n<script type=\"application\/ld+json\" class=\"yoast-schema-graph\">{\"@context\":\"https:\/\/schema.org\",\"@graph\":[{\"@type\":\"WebPage\",\"@id\":\"https:\/\/www.fiemg.com.br\/fiemg\/noticias\/estado-concentrou-15-das-exportacoes-brasileiras-para-o-bloco-em-2025-e-tem-potencial-para-avancar-na-venda-de-produtos-industrializados-aponta-fiemg\/\",\"url\":\"https:\/\/www.fiemg.com.br\/fiemg\/noticias\/estado-concentrou-15-das-exportacoes-brasileiras-para-o-bloco-em-2025-e-tem-potencial-para-avancar-na-venda-de-produtos-industrializados-aponta-fiemg\/\",\"name\":\"Minas lidera super\u00e1vit com a Uni\u00e3o Europeia e deve diversificar exporta\u00e7\u00f5es com novo acordo comercial - FIEMG\",\"isPartOf\":{\"@id\":\"https:\/\/www.fiemg.com.br\/fiemg\/#website\"},\"primaryImageOfPage\":{\"@id\":\"https:\/\/www.fiemg.com.br\/fiemg\/noticias\/estado-concentrou-15-das-exportacoes-brasileiras-para-o-bloco-em-2025-e-tem-potencial-para-avancar-na-venda-de-produtos-industrializados-aponta-fiemg\/#primaryimage\"},\"image\":{\"@id\":\"https:\/\/www.fiemg.com.br\/fiemg\/noticias\/estado-concentrou-15-das-exportacoes-brasileiras-para-o-bloco-em-2025-e-tem-potencial-para-avancar-na-venda-de-produtos-industrializados-aponta-fiemg\/#primaryimage\"},\"thumbnailUrl\":\"https:\/\/www.fiemg.com.br\/fiemg\/wp-content\/uploads\/sites\/10\/2026\/04\/exportacao-thumb.png\",\"datePublished\":\"2026-04-29T14:50:19+00:00\",\"dateModified\":\"2026-04-29T14:50:24+00:00\",\"description\":\"Estado concentrou 15% das exporta\u00e7\u00f5es brasileiras para o bloco em 2025 e tem potencial para avan\u00e7ar na venda de produtos industrializados, aponta FIEMG\",\"breadcrumb\":{\"@id\":\"https:\/\/www.fiemg.com.br\/fiemg\/noticias\/estado-concentrou-15-das-exportacoes-brasileiras-para-o-bloco-em-2025-e-tem-potencial-para-avancar-na-venda-de-produtos-industrializados-aponta-fiemg\/#breadcrumb\"},\"inLanguage\":\"pt-BR\",\"potentialAction\":[{\"@type\":\"ReadAction\",\"target\":[\"https:\/\/www.fiemg.com.br\/fiemg\/noticias\/estado-concentrou-15-das-exportacoes-brasileiras-para-o-bloco-em-2025-e-tem-potencial-para-avancar-na-venda-de-produtos-industrializados-aponta-fiemg\/\"]}]},{\"@type\":\"ImageObject\",\"inLanguage\":\"pt-BR\",\"@id\":\"https:\/\/www.fiemg.com.br\/fiemg\/noticias\/estado-concentrou-15-das-exportacoes-brasileiras-para-o-bloco-em-2025-e-tem-potencial-para-avancar-na-venda-de-produtos-industrializados-aponta-fiemg\/#primaryimage\",\"url\":\"https:\/\/www.fiemg.com.br\/fiemg\/wp-content\/uploads\/sites\/10\/2026\/04\/exportacao-thumb.png\",\"contentUrl\":\"https:\/\/www.fiemg.com.br\/fiemg\/wp-content\/uploads\/sites\/10\/2026\/04\/exportacao-thumb.png\",\"width\":1600,\"height\":1600},{\"@type\":\"BreadcrumbList\",\"@id\":\"https:\/\/www.fiemg.com.br\/fiemg\/noticias\/estado-concentrou-15-das-exportacoes-brasileiras-para-o-bloco-em-2025-e-tem-potencial-para-avancar-na-venda-de-produtos-industrializados-aponta-fiemg\/#breadcrumb\",\"itemListElement\":[{\"@type\":\"ListItem\",\"position\":1,\"name\":\"In\u00edcio\",\"item\":\"https:\/\/www.fiemg.com.br\/fiemg\/\"},{\"@type\":\"ListItem\",\"position\":2,\"name\":\"Minas lidera super\u00e1vit com a Uni\u00e3o Europeia e deve diversificar exporta\u00e7\u00f5es com novo acordo comercial\"}]},{\"@type\":\"WebSite\",\"@id\":\"https:\/\/www.fiemg.com.br\/fiemg\/#website\",\"url\":\"https:\/\/www.fiemg.com.br\/fiemg\/\",\"name\":\"FIEMG\",\"description\":\"Federa\u00e7\u00e3o das Ind\u00fastrias do Estado de Minas Gerais\",\"publisher\":{\"@id\":\"https:\/\/www.fiemg.com.br\/fiemg\/#organization\"},\"potentialAction\":[{\"@type\":\"SearchAction\",\"target\":{\"@type\":\"EntryPoint\",\"urlTemplate\":\"https:\/\/www.fiemg.com.br\/fiemg\/?s={search_term_string}\"},\"query-input\":{\"@type\":\"PropertyValueSpecification\",\"valueRequired\":true,\"valueName\":\"search_term_string\"}}],\"inLanguage\":\"pt-BR\"},{\"@type\":\"Organization\",\"@id\":\"https:\/\/www.fiemg.com.br\/fiemg\/#organization\",\"name\":\"FIEMG\",\"url\":\"https:\/\/www.fiemg.com.br\/fiemg\/\",\"logo\":{\"@type\":\"ImageObject\",\"inLanguage\":\"pt-BR\",\"@id\":\"https:\/\/www.fiemg.com.br\/fiemg\/#\/schema\/logo\/image\/\",\"url\":\"https:\/\/www.fiemg.com.br\/fiemg\/wp-content\/uploads\/sites\/10\/2023\/02\/fiemg_branco.svg\",\"contentUrl\":\"https:\/\/www.fiemg.com.br\/fiemg\/wp-content\/uploads\/sites\/10\/2023\/02\/fiemg_branco.svg\",\"width\":561,\"height\":147,\"caption\":\"FIEMG\"},\"image\":{\"@id\":\"https:\/\/www.fiemg.com.br\/fiemg\/#\/schema\/logo\/image\/\"}}]}<\/script>\n<!-- \/ Yoast SEO plugin. -->","yoast_head_json":{"title":"Minas lidera super\u00e1vit com a Uni\u00e3o Europeia e deve diversificar exporta\u00e7\u00f5es com novo acordo comercial - FIEMG","description":"Estado concentrou 15% das exporta\u00e7\u00f5es brasileiras para o bloco em 2025 e tem potencial para avan\u00e7ar na venda de produtos industrializados, aponta FIEMG","robots":{"index":"index","follow":"follow","max-snippet":"max-snippet:-1","max-image-preview":"max-image-preview:large","max-video-preview":"max-video-preview:-1"},"canonical":"https:\/\/www.fiemg.com.br\/fiemg\/noticias\/estado-concentrou-15-das-exportacoes-brasileiras-para-o-bloco-em-2025-e-tem-potencial-para-avancar-na-venda-de-produtos-industrializados-aponta-fiemg\/","og_locale":"pt_BR","og_type":"article","og_title":"Minas lidera super\u00e1vit com a Uni\u00e3o Europeia e deve diversificar exporta\u00e7\u00f5es com novo acordo comercial - FIEMG","og_description":"Estado concentrou 15% das exporta\u00e7\u00f5es brasileiras para o bloco em 2025 e tem potencial para avan\u00e7ar na venda de produtos industrializados, aponta FIEMG","og_url":"https:\/\/www.fiemg.com.br\/fiemg\/noticias\/estado-concentrou-15-das-exportacoes-brasileiras-para-o-bloco-em-2025-e-tem-potencial-para-avancar-na-venda-de-produtos-industrializados-aponta-fiemg\/","og_site_name":"FIEMG","article_modified_time":"2026-04-29T14:50:24+00:00","og_image":[{"width":1024,"height":1024,"url":"https:\/\/www.fiemg.com.br\/fiemg\/wp-content\/uploads\/sites\/10\/2026\/04\/exportacao-thumb-1024x1024.png","type":"image\/png"}],"twitter_card":"summary_large_image","twitter_misc":{"Est. tempo de leitura":"3 minutos"},"schema":{"@context":"https:\/\/schema.org","@graph":[{"@type":"WebPage","@id":"https:\/\/www.fiemg.com.br\/fiemg\/noticias\/estado-concentrou-15-das-exportacoes-brasileiras-para-o-bloco-em-2025-e-tem-potencial-para-avancar-na-venda-de-produtos-industrializados-aponta-fiemg\/","url":"https:\/\/www.fiemg.com.br\/fiemg\/noticias\/estado-concentrou-15-das-exportacoes-brasileiras-para-o-bloco-em-2025-e-tem-potencial-para-avancar-na-venda-de-produtos-industrializados-aponta-fiemg\/","name":"Minas lidera super\u00e1vit com a Uni\u00e3o Europeia e deve diversificar exporta\u00e7\u00f5es com novo acordo comercial - FIEMG","isPartOf":{"@id":"https:\/\/www.fiemg.com.br\/fiemg\/#website"},"primaryImageOfPage":{"@id":"https:\/\/www.fiemg.com.br\/fiemg\/noticias\/estado-concentrou-15-das-exportacoes-brasileiras-para-o-bloco-em-2025-e-tem-potencial-para-avancar-na-venda-de-produtos-industrializados-aponta-fiemg\/#primaryimage"},"image":{"@id":"https:\/\/www.fiemg.com.br\/fiemg\/noticias\/estado-concentrou-15-das-exportacoes-brasileiras-para-o-bloco-em-2025-e-tem-potencial-para-avancar-na-venda-de-produtos-industrializados-aponta-fiemg\/#primaryimage"},"thumbnailUrl":"https:\/\/www.fiemg.com.br\/fiemg\/wp-content\/uploads\/sites\/10\/2026\/04\/exportacao-thumb.png","datePublished":"2026-04-29T14:50:19+00:00","dateModified":"2026-04-29T14:50:24+00:00","description":"Estado concentrou 15% das exporta\u00e7\u00f5es brasileiras para o bloco em 2025 e tem potencial para avan\u00e7ar na venda de produtos industrializados, aponta FIEMG","breadcrumb":{"@id":"https:\/\/www.fiemg.com.br\/fiemg\/noticias\/estado-concentrou-15-das-exportacoes-brasileiras-para-o-bloco-em-2025-e-tem-potencial-para-avancar-na-venda-de-produtos-industrializados-aponta-fiemg\/#breadcrumb"},"inLanguage":"pt-BR","potentialAction":[{"@type":"ReadAction","target":["https:\/\/www.fiemg.com.br\/fiemg\/noticias\/estado-concentrou-15-das-exportacoes-brasileiras-para-o-bloco-em-2025-e-tem-potencial-para-avancar-na-venda-de-produtos-industrializados-aponta-fiemg\/"]}]},{"@type":"ImageObject","inLanguage":"pt-BR","@id":"https:\/\/www.fiemg.com.br\/fiemg\/noticias\/estado-concentrou-15-das-exportacoes-brasileiras-para-o-bloco-em-2025-e-tem-potencial-para-avancar-na-venda-de-produtos-industrializados-aponta-fiemg\/#primaryimage","url":"https:\/\/www.fiemg.com.br\/fiemg\/wp-content\/uploads\/sites\/10\/2026\/04\/exportacao-thumb.png","contentUrl":"https:\/\/www.fiemg.com.br\/fiemg\/wp-content\/uploads\/sites\/10\/2026\/04\/exportacao-thumb.png","width":1600,"height":1600},{"@type":"BreadcrumbList","@id":"https:\/\/www.fiemg.com.br\/fiemg\/noticias\/estado-concentrou-15-das-exportacoes-brasileiras-para-o-bloco-em-2025-e-tem-potencial-para-avancar-na-venda-de-produtos-industrializados-aponta-fiemg\/#breadcrumb","itemListElement":[{"@type":"ListItem","position":1,"name":"In\u00edcio","item":"https:\/\/www.fiemg.com.br\/fiemg\/"},{"@type":"ListItem","position":2,"name":"Minas lidera super\u00e1vit com a Uni\u00e3o Europeia e deve diversificar exporta\u00e7\u00f5es com novo acordo comercial"}]},{"@type":"WebSite","@id":"https:\/\/www.fiemg.com.br\/fiemg\/#website","url":"https:\/\/www.fiemg.com.br\/fiemg\/","name":"FIEMG","description":"Federa\u00e7\u00e3o das Ind\u00fastrias do Estado de Minas Gerais","publisher":{"@id":"https:\/\/www.fiemg.com.br\/fiemg\/#organization"},"potentialAction":[{"@type":"SearchAction","target":{"@type":"EntryPoint","urlTemplate":"https:\/\/www.fiemg.com.br\/fiemg\/?s={search_term_string}"},"query-input":{"@type":"PropertyValueSpecification","valueRequired":true,"valueName":"search_term_string"}}],"inLanguage":"pt-BR"},{"@type":"Organization","@id":"https:\/\/www.fiemg.com.br\/fiemg\/#organization","name":"FIEMG","url":"https:\/\/www.fiemg.com.br\/fiemg\/","logo":{"@type":"ImageObject","inLanguage":"pt-BR","@id":"https:\/\/www.fiemg.com.br\/fiemg\/#\/schema\/logo\/image\/","url":"https:\/\/www.fiemg.com.br\/fiemg\/wp-content\/uploads\/sites\/10\/2023\/02\/fiemg_branco.svg","contentUrl":"https:\/\/www.fiemg.com.br\/fiemg\/wp-content\/uploads\/sites\/10\/2023\/02\/fiemg_branco.svg","width":561,"height":147,"caption":"FIEMG"},"image":{"@id":"https:\/\/www.fiemg.com.br\/fiemg\/#\/schema\/logo\/image\/"}}]}},"_links":{"self":[{"href":"https:\/\/www.fiemg.com.br\/fiemg\/wp-json\/wp\/v2\/noticias\/11863","targetHints":{"allow":["GET"]}}],"collection":[{"href":"https:\/\/www.fiemg.com.br\/fiemg\/wp-json\/wp\/v2\/noticias"}],"about":[{"href":"https:\/\/www.fiemg.com.br\/fiemg\/wp-json\/wp\/v2\/types\/noticias"}],"wp:featuredmedia":[{"embeddable":true,"href":"https:\/\/www.fiemg.com.br\/fiemg\/wp-json\/wp\/v2\/media\/11864"}],"wp:attachment":[{"href":"https:\/\/www.fiemg.com.br\/fiemg\/wp-json\/wp\/v2\/media?parent=11863"}],"wp:term":[{"taxonomy":"category","embeddable":true,"href":"https:\/\/www.fiemg.com.br\/fiemg\/wp-json\/wp\/v2\/categories?post=11863"},{"taxonomy":"post_tag","embeddable":true,"href":"https:\/\/www.fiemg.com.br\/fiemg\/wp-json\/wp\/v2\/tags?post=11863"}],"curies":[{"name":"wp","href":"https:\/\/api.w.org\/{rel}","templated":true}]}}