{"id":15663,"date":"2026-08-31T13:37:40","date_gmt":"2026-08-31T16:37:40","guid":{"rendered":"https:\/\/www.fiemg.com.br\/fiemg\/noticias\/sesi-promove-palestra-online-e-gratuita-sobre-riscos-psicossociais\/"},"modified":"2026-08-31T13:37:42","modified_gmt":"2026-08-31T16:37:42","slug":"sesi-promove-palestra-online-e-gratuita-sobre-riscos-psicossociais","status":"publish","type":"noticias","link":"https:\/\/www.fiemg.com.br\/fiemg\/noticias\/sesi-promove-palestra-online-e-gratuita-sobre-riscos-psicossociais\/","title":{"rendered":"SESI promove palestra online e gratuita sobre riscos psicossociais"},"content":{"rendered":"\n<p class=\"wp-block-paragraph\">O SESI Vida, por meio da \u00e1rea de Promo\u00e7\u00e3o da Sa\u00fade, realiza, no dia 3 de setembro, das 19h \u00e0s 21h, a palestra online e gratuita \u201cGest\u00e3o de Riscos Psicossociais: identifica\u00e7\u00e3o, preven\u00e7\u00e3o e manejo no trabalho\u201d. A iniciativa vai abordar os principais desafios relacionados \u00e0 sa\u00fade mental nas organiza\u00e7\u00f5es e apresentar caminhos para identificar, prevenir e gerenciar fatores que podem impactar o bem-estar dos trabalhadores.<\/p>\n\n\n\n<p class=\"wp-block-paragraph\">O encontro ser\u00e1 conduzido pela psic\u00f3loga, consultora, docente e escritora L\u00facia Sim\u00f5es Sebben, pioneira no Brasil no desenvolvimento de metodologias de avalia\u00e7\u00e3o e gest\u00e3o dos riscos psicossociais no trabalho.<\/p>\n\n\n\n<p class=\"wp-block-paragraph\">A programa\u00e7\u00e3o prop\u00f5e uma reflex\u00e3o sobre como empresas, lideran\u00e7as e trabalhadores podem reconhecer fatores associados ao adoecimento mental e contribuir para a constru\u00e7\u00e3o de ambientes profissionais mais seguros e saud\u00e1veis.<\/p>\n\n\n\n<p class=\"wp-block-paragraph\">Entre os temas que ser\u00e3o apresentados est\u00e3o riscos psicossociais e sa\u00fade mental corporativa, mitos e verdades relacionados \u00e0 NR-01, processo cont\u00ednuo de adoecimento mental, seguran\u00e7a psicol\u00f3gica, bem-estar, autocuidado e autogest\u00e3o.<\/p>\n\n\n\n<p class=\"wp-block-paragraph\">A palestra tamb\u00e9m vai discutir o papel das lideran\u00e7as na promo\u00e7\u00e3o da sa\u00fade mental, o conceito de l\u00edder educador, os impactos da cultura do medo e da chamada sociedade do cansa\u00e7o, al\u00e9m de tabus, dogmas e estigmas relacionados ao tema.<\/p>\n\n\n\n<p class=\"wp-block-paragraph\">Outro ponto da programa\u00e7\u00e3o ser\u00e1 a abordagem dos Primeiros Socorros em Sa\u00fade Mental, com informa\u00e7\u00f5es voltadas \u00e0 sensibiliza\u00e7\u00e3o e ao desenvolvimento de uma cultura de preven\u00e7\u00e3o e cuidado nas organiza\u00e7\u00f5es.<\/p>\n\n\n\n<p class=\"wp-block-paragraph\"><strong>Servi\u00e7o<\/strong><br>Gest\u00e3o de Riscos Psicossociais: identifica\u00e7\u00e3o, preven\u00e7\u00e3o e manejo no trabalho<br><strong>Data<\/strong>: 3 de setembro<br><strong>Hor\u00e1rio<\/strong>: 19h \u00e0s 21h<br><strong>Formato<\/strong>: online<\/p>\n\n\n\n<p class=\"wp-block-paragraph\"><br>Fa\u00e7a a sua inscri\u00e7\u00e3o clicando <a href=\"https:\/\/www.sympla.com.br\/evento-online\/gestao-de-riscos-psicossociais-identificacao-prevencao-e-manejo-no-trabalho\/3545284\" id=\"https:\/\/www.sympla.com.br\/evento-online\/gestao-de-riscos-psicossociais-identificacao-prevencao-e-manejo-no-trabalho\/3545284\">aqui<\/a>.<\/p>\n\n\n\n<p class=\"wp-block-paragraph\"><strong>Imprensa FIEMG<\/strong><\/p>\n","protected":false},"featured_media":15665,"template":"","categories":[],"tags":[],"class_list":["post-15663","noticias","type-noticias","status-publish","has-post-thumbnail","hentry"],"acf":[],"yoast_head":"<!-- This site is optimized with the Yoast SEO plugin v27.7 - https:\/\/yoast.com\/product\/yoast-seo-wordpress\/ -->\n<title>SESI promove palestra online e gratuita sobre riscos psicossociais - FIEMG<\/title>\n<meta name=\"description\" content=\"Evento online e gratuito aborda sa\u00fade mental, preven\u00e7\u00e3o ao adoecimento e bem-estar no ambiente de trabalho\" \/>\n<meta name=\"robots\" content=\"index, follow, max-snippet:-1, max-image-preview:large, max-video-preview:-1\" \/>\n<link rel=\"canonical\" href=\"https:\/\/www.fiemg.com.br\/fiemg\/noticias\/sesi-promove-palestra-online-e-gratuita-sobre-riscos-psicossociais\/\" \/>\n<meta property=\"og:locale\" content=\"pt_BR\" \/>\n<meta property=\"og:type\" content=\"article\" \/>\n<meta property=\"og:title\" content=\"SESI promove palestra online e gratuita sobre riscos psicossociais - FIEMG\" \/>\n<meta property=\"og:description\" content=\"Evento online e gratuito aborda sa\u00fade mental, preven\u00e7\u00e3o ao adoecimento e bem-estar no ambiente de trabalho\" \/>\n<meta property=\"og:url\" content=\"https:\/\/www.fiemg.com.br\/fiemg\/noticias\/sesi-promove-palestra-online-e-gratuita-sobre-riscos-psicossociais\/\" \/>\n<meta property=\"og:site_name\" content=\"FIEMG\" \/>\n<meta property=\"article:modified_time\" content=\"2026-08-31T16:37:42+00:00\" \/>\n<meta property=\"og:image\" content=\"https:\/\/www.fiemg.com.br\/fiemg\/wp-content\/uploads\/sites\/10\/2026\/08\/Thumb-93-1.png\" \/>\n\t<meta property=\"og:image:width\" content=\"512\" \/>\n\t<meta property=\"og:image:height\" content=\"512\" \/>\n\t<meta property=\"og:image:type\" content=\"image\/png\" \/>\n<meta name=\"twitter:card\" content=\"summary_large_image\" \/>\n<meta name=\"twitter:label1\" content=\"Est. tempo de leitura\" \/>\n\t<meta name=\"twitter:data1\" content=\"2 minutos\" \/>\n<script type=\"application\/ld+json\" class=\"yoast-schema-graph\">{\"@context\":\"https:\\\/\\\/schema.org\",\"@graph\":[{\"@type\":\"WebPage\",\"@id\":\"https:\\\/\\\/www.fiemg.com.br\\\/fiemg\\\/noticias\\\/sesi-promove-palestra-online-e-gratuita-sobre-riscos-psicossociais\\\/\",\"url\":\"https:\\\/\\\/www.fiemg.com.br\\\/fiemg\\\/noticias\\\/sesi-promove-palestra-online-e-gratuita-sobre-riscos-psicossociais\\\/\",\"name\":\"SESI promove palestra online e gratuita sobre riscos psicossociais - FIEMG\",\"isPartOf\":{\"@id\":\"https:\\\/\\\/www.fiemg.com.br\\\/fiemg\\\/#website\"},\"primaryImageOfPage\":{\"@id\":\"https:\\\/\\\/www.fiemg.com.br\\\/fiemg\\\/noticias\\\/sesi-promove-palestra-online-e-gratuita-sobre-riscos-psicossociais\\\/#primaryimage\"},\"image\":{\"@id\":\"https:\\\/\\\/www.fiemg.com.br\\\/fiemg\\\/noticias\\\/sesi-promove-palestra-online-e-gratuita-sobre-riscos-psicossociais\\\/#primaryimage\"},\"thumbnailUrl\":\"https:\\\/\\\/www.fiemg.com.br\\\/fiemg\\\/wp-content\\\/uploads\\\/sites\\\/10\\\/2026\\\/08\\\/Thumb-93-1.png\",\"datePublished\":\"2026-08-31T16:37:40+00:00\",\"dateModified\":\"2026-08-31T16:37:42+00:00\",\"description\":\"Evento online e gratuito aborda sa\u00fade mental, preven\u00e7\u00e3o ao adoecimento e bem-estar no ambiente de trabalho\",\"breadcrumb\":{\"@id\":\"https:\\\/\\\/www.fiemg.com.br\\\/fiemg\\\/noticias\\\/sesi-promove-palestra-online-e-gratuita-sobre-riscos-psicossociais\\\/#breadcrumb\"},\"inLanguage\":\"pt-BR\",\"potentialAction\":[{\"@type\":\"ReadAction\",\"target\":[\"https:\\\/\\\/www.fiemg.com.br\\\/fiemg\\\/noticias\\\/sesi-promove-palestra-online-e-gratuita-sobre-riscos-psicossociais\\\/\"]}]},{\"@type\":\"ImageObject\",\"inLanguage\":\"pt-BR\",\"@id\":\"https:\\\/\\\/www.fiemg.com.br\\\/fiemg\\\/noticias\\\/sesi-promove-palestra-online-e-gratuita-sobre-riscos-psicossociais\\\/#primaryimage\",\"url\":\"https:\\\/\\\/www.fiemg.com.br\\\/fiemg\\\/wp-content\\\/uploads\\\/sites\\\/10\\\/2026\\\/08\\\/Thumb-93-1.png\",\"contentUrl\":\"https:\\\/\\\/www.fiemg.com.br\\\/fiemg\\\/wp-content\\\/uploads\\\/sites\\\/10\\\/2026\\\/08\\\/Thumb-93-1.png\",\"width\":512,\"height\":512},{\"@type\":\"BreadcrumbList\",\"@id\":\"https:\\\/\\\/www.fiemg.com.br\\\/fiemg\\\/noticias\\\/sesi-promove-palestra-online-e-gratuita-sobre-riscos-psicossociais\\\/#breadcrumb\",\"itemListElement\":[{\"@type\":\"ListItem\",\"position\":1,\"name\":\"In\u00edcio\",\"item\":\"https:\\\/\\\/www.fiemg.com.br\\\/fiemg\\\/\"},{\"@type\":\"ListItem\",\"position\":2,\"name\":\"SESI promove palestra online e gratuita sobre riscos psicossociais\"}]},{\"@type\":\"WebSite\",\"@id\":\"https:\\\/\\\/www.fiemg.com.br\\\/fiemg\\\/#website\",\"url\":\"https:\\\/\\\/www.fiemg.com.br\\\/fiemg\\\/\",\"name\":\"FIEMG\",\"description\":\"Federa\u00e7\u00e3o das Ind\u00fastrias do Estado de Minas Gerais\",\"publisher\":{\"@id\":\"https:\\\/\\\/www.fiemg.com.br\\\/fiemg\\\/#organization\"},\"potentialAction\":[{\"@type\":\"SearchAction\",\"target\":{\"@type\":\"EntryPoint\",\"urlTemplate\":\"https:\\\/\\\/www.fiemg.com.br\\\/fiemg\\\/?s={search_term_string}\"},\"query-input\":{\"@type\":\"PropertyValueSpecification\",\"valueRequired\":true,\"valueName\":\"search_term_string\"}}],\"inLanguage\":\"pt-BR\"},{\"@type\":\"Organization\",\"@id\":\"https:\\\/\\\/www.fiemg.com.br\\\/fiemg\\\/#organization\",\"name\":\"FIEMG\",\"url\":\"https:\\\/\\\/www.fiemg.com.br\\\/fiemg\\\/\",\"logo\":{\"@type\":\"ImageObject\",\"inLanguage\":\"pt-BR\",\"@id\":\"https:\\\/\\\/www.fiemg.com.br\\\/fiemg\\\/#\\\/schema\\\/logo\\\/image\\\/\",\"url\":\"https:\\\/\\\/www.fiemg.com.br\\\/fiemg\\\/wp-content\\\/uploads\\\/sites\\\/10\\\/2023\\\/02\\\/fiemg_branco.svg\",\"contentUrl\":\"https:\\\/\\\/www.fiemg.com.br\\\/fiemg\\\/wp-content\\\/uploads\\\/sites\\\/10\\\/2023\\\/02\\\/fiemg_branco.svg\",\"width\":561,\"height\":147,\"caption\":\"FIEMG\"},\"image\":{\"@id\":\"https:\\\/\\\/www.fiemg.com.br\\\/fiemg\\\/#\\\/schema\\\/logo\\\/image\\\/\"}}]}<\/script>\n<!-- \/ Yoast SEO plugin. -->","yoast_head_json":{"title":"SESI promove palestra online e gratuita sobre riscos psicossociais - FIEMG","description":"Evento online e gratuito aborda sa\u00fade mental, preven\u00e7\u00e3o ao adoecimento e bem-estar no ambiente de trabalho","robots":{"index":"index","follow":"follow","max-snippet":"max-snippet:-1","max-image-preview":"max-image-preview:large","max-video-preview":"max-video-preview:-1"},"canonical":"https:\/\/www.fiemg.com.br\/fiemg\/noticias\/sesi-promove-palestra-online-e-gratuita-sobre-riscos-psicossociais\/","og_locale":"pt_BR","og_type":"article","og_title":"SESI promove palestra online e gratuita sobre riscos psicossociais - FIEMG","og_description":"Evento online e gratuito aborda sa\u00fade mental, preven\u00e7\u00e3o ao adoecimento e bem-estar no ambiente de trabalho","og_url":"https:\/\/www.fiemg.com.br\/fiemg\/noticias\/sesi-promove-palestra-online-e-gratuita-sobre-riscos-psicossociais\/","og_site_name":"FIEMG","article_modified_time":"2026-08-31T16:37:42+00:00","og_image":[{"width":512,"height":512,"url":"https:\/\/www.fiemg.com.br\/fiemg\/wp-content\/uploads\/sites\/10\/2026\/08\/Thumb-93-1.png","type":"image\/png"}],"twitter_card":"summary_large_image","twitter_misc":{"Est. tempo de leitura":"2 minutos"},"schema":{"@context":"https:\/\/schema.org","@graph":[{"@type":"WebPage","@id":"https:\/\/www.fiemg.com.br\/fiemg\/noticias\/sesi-promove-palestra-online-e-gratuita-sobre-riscos-psicossociais\/","url":"https:\/\/www.fiemg.com.br\/fiemg\/noticias\/sesi-promove-palestra-online-e-gratuita-sobre-riscos-psicossociais\/","name":"SESI promove palestra online e gratuita sobre riscos psicossociais - FIEMG","isPartOf":{"@id":"https:\/\/www.fiemg.com.br\/fiemg\/#website"},"primaryImageOfPage":{"@id":"https:\/\/www.fiemg.com.br\/fiemg\/noticias\/sesi-promove-palestra-online-e-gratuita-sobre-riscos-psicossociais\/#primaryimage"},"image":{"@id":"https:\/\/www.fiemg.com.br\/fiemg\/noticias\/sesi-promove-palestra-online-e-gratuita-sobre-riscos-psicossociais\/#primaryimage"},"thumbnailUrl":"https:\/\/www.fiemg.com.br\/fiemg\/wp-content\/uploads\/sites\/10\/2026\/08\/Thumb-93-1.png","datePublished":"2026-08-31T16:37:40+00:00","dateModified":"2026-08-31T16:37:42+00:00","description":"Evento online e gratuito aborda sa\u00fade mental, preven\u00e7\u00e3o ao adoecimento e bem-estar no ambiente de trabalho","breadcrumb":{"@id":"https:\/\/www.fiemg.com.br\/fiemg\/noticias\/sesi-promove-palestra-online-e-gratuita-sobre-riscos-psicossociais\/#breadcrumb"},"inLanguage":"pt-BR","potentialAction":[{"@type":"ReadAction","target":["https:\/\/www.fiemg.com.br\/fiemg\/noticias\/sesi-promove-palestra-online-e-gratuita-sobre-riscos-psicossociais\/"]}]},{"@type":"ImageObject","inLanguage":"pt-BR","@id":"https:\/\/www.fiemg.com.br\/fiemg\/noticias\/sesi-promove-palestra-online-e-gratuita-sobre-riscos-psicossociais\/#primaryimage","url":"https:\/\/www.fiemg.com.br\/fiemg\/wp-content\/uploads\/sites\/10\/2026\/08\/Thumb-93-1.png","contentUrl":"https:\/\/www.fiemg.com.br\/fiemg\/wp-content\/uploads\/sites\/10\/2026\/08\/Thumb-93-1.png","width":512,"height":512},{"@type":"BreadcrumbList","@id":"https:\/\/www.fiemg.com.br\/fiemg\/noticias\/sesi-promove-palestra-online-e-gratuita-sobre-riscos-psicossociais\/#breadcrumb","itemListElement":[{"@type":"ListItem","position":1,"name":"In\u00edcio","item":"https:\/\/www.fiemg.com.br\/fiemg\/"},{"@type":"ListItem","position":2,"name":"SESI promove palestra online e gratuita sobre riscos psicossociais"}]},{"@type":"WebSite","@id":"https:\/\/www.fiemg.com.br\/fiemg\/#website","url":"https:\/\/www.fiemg.com.br\/fiemg\/","name":"FIEMG","description":"Federa\u00e7\u00e3o das Ind\u00fastrias do Estado de Minas Gerais","publisher":{"@id":"https:\/\/www.fiemg.com.br\/fiemg\/#organization"},"potentialAction":[{"@type":"SearchAction","target":{"@type":"EntryPoint","urlTemplate":"https:\/\/www.fiemg.com.br\/fiemg\/?s={search_term_string}"},"query-input":{"@type":"PropertyValueSpecification","valueRequired":true,"valueName":"search_term_string"}}],"inLanguage":"pt-BR"},{"@type":"Organization","@id":"https:\/\/www.fiemg.com.br\/fiemg\/#organization","name":"FIEMG","url":"https:\/\/www.fiemg.com.br\/fiemg\/","logo":{"@type":"ImageObject","inLanguage":"pt-BR","@id":"https:\/\/www.fiemg.com.br\/fiemg\/#\/schema\/logo\/image\/","url":"https:\/\/www.fiemg.com.br\/fiemg\/wp-content\/uploads\/sites\/10\/2023\/02\/fiemg_branco.svg","contentUrl":"https:\/\/www.fiemg.com.br\/fiemg\/wp-content\/uploads\/sites\/10\/2023\/02\/fiemg_branco.svg","width":561,"height":147,"caption":"FIEMG"},"image":{"@id":"https:\/\/www.fiemg.com.br\/fiemg\/#\/schema\/logo\/image\/"}}]}},"_links":{"self":[{"href":"https:\/\/www.fiemg.com.br\/fiemg\/wp-json\/wp\/v2\/noticias\/15663","targetHints":{"allow":["GET"]}}],"collection":[{"href":"https:\/\/www.fiemg.com.br\/fiemg\/wp-json\/wp\/v2\/noticias"}],"about":[{"href":"https:\/\/www.fiemg.com.br\/fiemg\/wp-json\/wp\/v2\/types\/noticias"}],"wp:featuredmedia":[{"embeddable":true,"href":"https:\/\/www.fiemg.com.br\/fiemg\/wp-json\/wp\/v2\/media\/15665"}],"wp:attachment":[{"href":"https:\/\/www.fiemg.com.br\/fiemg\/wp-json\/wp\/v2\/media?parent=15663"}],"wp:term":[{"taxonomy":"category","embeddable":true,"href":"https:\/\/www.fiemg.com.br\/fiemg\/wp-json\/wp\/v2\/categories?post=15663"},{"taxonomy":"post_tag","embeddable":true,"href":"https:\/\/www.fiemg.com.br\/fiemg\/wp-json\/wp\/v2\/tags?post=15663"}],"curies":[{"name":"wp","href":"https:\/\/api.w.org\/{rel}","templated":true}]}}