{"id":15667,"date":"2026-09-01T08:21:11","date_gmt":"2026-09-01T11:21:11","guid":{"rendered":"https:\/\/www.fiemg.com.br\/fiemg\/noticias\/para-a-federacao-projeto-de-lei-574-2025-pode-impulsionar-area-central-da-capital-e-bairros-proximos-alem-de-estimular-novos-investimentos-e-contribuir-para-a-geracao-de-emprego-e-renda\/"},"modified":"2026-09-01T09:40:28","modified_gmt":"2026-09-01T12:40:28","slug":"para-a-federacao-projeto-de-lei-574-2025-pode-impulsionar-area-central-da-capital-e-bairros-proximos-alem-de-estimular-novos-investimentos-e-contribuir-para-a-geracao-de-emprego-e-renda","status":"publish","type":"noticias","link":"https:\/\/www.fiemg.com.br\/fiemg\/noticias\/para-a-federacao-projeto-de-lei-574-2025-pode-impulsionar-area-central-da-capital-e-bairros-proximos-alem-de-estimular-novos-investimentos-e-contribuir-para-a-geracao-de-emprego-e-renda\/","title":{"rendered":"FIEMG celebra aprova\u00e7\u00e3o de projeto de requalifica\u00e7\u00e3o da regi\u00e3o central de Belo Horizonte"},"content":{"rendered":"\n<p class=\"wp-block-paragraph\">A Federa\u00e7\u00e3o das Ind\u00fastrias do Estado de Minas Gerais (FIEMG) celebra a aprova\u00e7\u00e3o, nesta segunda-feira (31), do Projeto de Lei 574\/2025, de autoria da Prefeitura de Belo Horizonte, que cria a Opera\u00e7\u00e3o Urbana Simplificada (OUS) Regenera\u00e7\u00e3o dos Bairros do Centro da capital. A proposta estabelece regras especiais para \u00e1reas ligadas ao hipercentro e normas espec\u00edficas de uso e ocupa\u00e7\u00e3o do solo, com o objetivo de incentivar a requalifica\u00e7\u00e3o urbana e ampliar as possibilidades de desenvolvimento da regi\u00e3o central da capital.<\/p>\n\n\n\n<p class=\"wp-block-paragraph\">O projeto contempla os bairros Carlos Prates, Bonfim, Lagoinha, Conc\u00f3rdia, Floresta, Santa Efig\u00eania, Boa Viagem, Barro Preto e Col\u00e9gio Batista, \u00e1reas consolidadas da cidade, atendidas por infraestrutura urbana e pr\u00f3ximas a importantes corredores de transporte, com\u00e9rcio, servi\u00e7os e equipamentos p\u00fablicos. Na avalia\u00e7\u00e3o da FIEMG, a cria\u00e7\u00e3o de condi\u00e7\u00f5es para estimular novos empreendimentos, reformas, \u201cretrofit\u201d e ocupa\u00e7\u00e3o residencial nessas regi\u00f5es pode contribuir para aproveitar melhor a infraestrutura j\u00e1 existente, atrair investimentos privados e ampliar a circula\u00e7\u00e3o de pessoas e atividades econ\u00f4micas no entorno do hipercentro.<\/p>\n\n\n\n<figure class=\"wp-block-image alignleft size-full is-resized\"><img fetchpriority=\"high\" decoding=\"async\" width=\"618\" height=\"878\" src=\"https:\/\/www.fiemg.com.br\/fiemg\/wp-content\/uploads\/sites\/10\/2026\/09\/P7-CRIATIVO-VERTICAL._Foto_Sebastiao-Jacinto-Junior_1901353.jpg\" alt=\"\" class=\"wp-image-15683\" style=\"width:400px\" srcset=\"https:\/\/www.fiemg.com.br\/fiemg\/wp-content\/uploads\/sites\/10\/2026\/09\/P7-CRIATIVO-VERTICAL._Foto_Sebastiao-Jacinto-Junior_1901353.jpg 618w, https:\/\/www.fiemg.com.br\/fiemg\/wp-content\/uploads\/sites\/10\/2026\/09\/P7-CRIATIVO-VERTICAL._Foto_Sebastiao-Jacinto-Junior_1901353-211x300.jpg 211w\" sizes=\"(max-width: 618px) 100vw, 618px\" \/><\/figure>\n\n\n\n<p class=\"wp-block-paragraph\">Al\u00e9m dos impactos urban\u00edsticos, a medida tem potencial para movimentar uma ampla cadeia produtiva, envolvendo empresas da constru\u00e7\u00e3o civil, ind\u00fastria de materiais, com\u00e9rcio, servi\u00e7os especializados, arquitetura, engenharia e fornecedores. O setor da constru\u00e7\u00e3o possui forte capacidade de disseminar investimentos por diferentes segmentos da economia e, por isso, projetos de requalifica\u00e7\u00e3o urbana podem representar novas oportunidades de neg\u00f3cios, emprego e renda na capital.<\/p>\n\n\n\n<p class=\"wp-block-paragraph\">O presidente do Sindicato da Ind\u00fastria da Constru\u00e7\u00e3o Civil no Estado de Minas Gerais (Sinduscon-MG), Raphael Lafet\u00e1, destaca que o projeto pode dar um novo impulso a \u00e1reas tradicionais de Belo Horizonte que j\u00e1 disp\u00f5em de infraestrutura adequada.<\/p>\n\n\n\n<p class=\"wp-block-paragraph\">\u201cO projeto \u00e9 de muita import\u00e2ncia para Belo Horizonte porque cria uma possibilidade de requalifica\u00e7\u00e3o de todo o espa\u00e7o em volta do Centro. S\u00e3o regi\u00f5es que j\u00e1 possuem a infraestrutura p\u00fablica necess\u00e1ria para oferecer boa habita\u00e7\u00e3o e boa conviv\u00eancia urbana\u201d, afirma. Segundo Lafet\u00e1, a proposta tamb\u00e9m pode contribuir para a dinamiza\u00e7\u00e3o da economia e para uma ocupa\u00e7\u00e3o mais eficiente da cidade. \u201cO projeto vai trazer uma nova vida para essa regi\u00e3o e, com isso, novos empregos podem ser gerados. H\u00e1 tamb\u00e9m um ganho importante de mobilidade porque as pessoas podem morar mais pr\u00f3ximas do Centro e reduzir a depend\u00eancia do carro em seus deslocamentos\u201d, acrescenta.<\/p>\n\n\n\n<p class=\"wp-block-paragraph\">A discuss\u00e3o ocorre em um momento relevante para a constru\u00e7\u00e3o civil mineira. Dados do Boletim da Constru\u00e7\u00e3o, elaborado pela Ger\u00eancia de Economia da FIEMG, mostram que o PIB da constru\u00e7\u00e3o em Minas Gerais caiu 3,7% no acumulado do primeiro trimestre de 2026, enquanto o setor avan\u00e7ou 1,3% no Brasil. O levantamento aponta ainda que a atividade mineira atravessa um processo de perda de f\u00f4lego desde 2025.<\/p>\n\n\n\n<p class=\"wp-block-paragraph\">O mercado de trabalho tamb\u00e9m reflete esse cen\u00e1rio. No primeiro trimestre deste ano, o n\u00famero de pessoas ocupadas na constru\u00e7\u00e3o em Minas Gerais recuou 2,4% na compara\u00e7\u00e3o com o mesmo per\u00edodo de 2025, enquanto houve crescimento de 0,4% no pa\u00eds. Nesse ambiente, a FIEMG avalia que iniciativas capazes de ampliar a carteira de projetos e estimular investimentos privados podem contribuir para criar frentes de trabalho e fortalecer a atividade econ\u00f4mica do setor.<\/p>\n\n\n\n<p class=\"wp-block-paragraph\">Para Raphael Lafet\u00e1, a aprova\u00e7\u00e3o do PL pode contribuir para ampliar as perspectivas de novos empreendimentos. \u201cEstamos com muita esperan\u00e7a de que esse projeto avance rapidamente e seja regulamentado pela prefeitura, para que os projetos possam come\u00e7ar a chegar. Queremos ver Belo Horizonte crescendo e melhorando cada vez mais para o cidad\u00e3o\u201d, conclui.<\/p>\n\n\n\n<p class=\"wp-block-paragraph\"><strong>Imprensa FIEMG<\/strong><\/p>\n","protected":false},"featured_media":15685,"template":"","categories":[15],"tags":[1819,1124,1820,1821,1822,1823,78,1824,1825,287,1826],"class_list":["post-15667","noticias","type-noticias","status-publish","has-post-thumbnail","hentry","category-desenvolvimento-industrial","tag-barro-preto","tag-belo-horizonte","tag-boa-viagem","tag-bonfim","tag-carlos-prates","tag-concordia","tag-fiemg","tag-floresta","tag-lagoinha","tag-p7-criativo","tag-santa-efigenia"],"acf":[],"yoast_head":"<!-- This site is optimized with the Yoast SEO plugin v27.7 - https:\/\/yoast.com\/product\/yoast-seo-wordpress\/ -->\n<title>FIEMG celebra aprova\u00e7\u00e3o de projeto de requalifica\u00e7\u00e3o da regi\u00e3o central de Belo Horizonte - FIEMG<\/title>\n<meta name=\"description\" content=\"Para a Federa\u00e7\u00e3o, Projeto de Lei 574\/2025 pode impulsionar \u00e1rea central da capital e bairros pr\u00f3ximos, al\u00e9m de estimular novos investimentos e contribuir para a gera\u00e7\u00e3o de emprego e renda\" \/>\n<meta name=\"robots\" content=\"index, follow, max-snippet:-1, max-image-preview:large, max-video-preview:-1\" \/>\n<link rel=\"canonical\" href=\"https:\/\/www.fiemg.com.br\/fiemg\/noticias\/para-a-federacao-projeto-de-lei-574-2025-pode-impulsionar-area-central-da-capital-e-bairros-proximos-alem-de-estimular-novos-investimentos-e-contribuir-para-a-geracao-de-emprego-e-renda\/\" \/>\n<meta property=\"og:locale\" content=\"pt_BR\" \/>\n<meta property=\"og:type\" content=\"article\" \/>\n<meta property=\"og:title\" content=\"FIEMG celebra aprova\u00e7\u00e3o de projeto de requalifica\u00e7\u00e3o da regi\u00e3o central de Belo Horizonte - FIEMG\" \/>\n<meta property=\"og:description\" content=\"Para a Federa\u00e7\u00e3o, Projeto de Lei 574\/2025 pode impulsionar \u00e1rea central da capital e bairros pr\u00f3ximos, al\u00e9m de estimular novos investimentos e contribuir para a gera\u00e7\u00e3o de emprego e renda\" \/>\n<meta property=\"og:url\" content=\"https:\/\/www.fiemg.com.br\/fiemg\/noticias\/para-a-federacao-projeto-de-lei-574-2025-pode-impulsionar-area-central-da-capital-e-bairros-proximos-alem-de-estimular-novos-investimentos-e-contribuir-para-a-geracao-de-emprego-e-renda\/\" \/>\n<meta property=\"og:site_name\" content=\"FIEMG\" \/>\n<meta property=\"article:modified_time\" content=\"2026-09-01T12:40:28+00:00\" \/>\n<meta property=\"og:image\" content=\"https:\/\/www.fiemg.com.br\/fiemg\/wp-content\/uploads\/sites\/10\/2026\/09\/CARD_SUGESTAO_PAUTA-100_1503881.jpg\" \/>\n\t<meta property=\"og:image:width\" content=\"1200\" \/>\n\t<meta property=\"og:image:height\" content=\"1200\" \/>\n\t<meta property=\"og:image:type\" content=\"image\/jpeg\" \/>\n<meta name=\"twitter:card\" content=\"summary_large_image\" \/>\n<meta name=\"twitter:label1\" content=\"Est. tempo de leitura\" \/>\n\t<meta name=\"twitter:data1\" content=\"4 minutos\" \/>\n<script type=\"application\/ld+json\" class=\"yoast-schema-graph\">{\"@context\":\"https:\\\/\\\/schema.org\",\"@graph\":[{\"@type\":\"WebPage\",\"@id\":\"https:\\\/\\\/www.fiemg.com.br\\\/fiemg\\\/noticias\\\/para-a-federacao-projeto-de-lei-574-2025-pode-impulsionar-area-central-da-capital-e-bairros-proximos-alem-de-estimular-novos-investimentos-e-contribuir-para-a-geracao-de-emprego-e-renda\\\/\",\"url\":\"https:\\\/\\\/www.fiemg.com.br\\\/fiemg\\\/noticias\\\/para-a-federacao-projeto-de-lei-574-2025-pode-impulsionar-area-central-da-capital-e-bairros-proximos-alem-de-estimular-novos-investimentos-e-contribuir-para-a-geracao-de-emprego-e-renda\\\/\",\"name\":\"FIEMG celebra aprova\u00e7\u00e3o de projeto de requalifica\u00e7\u00e3o da regi\u00e3o central de Belo Horizonte - FIEMG\",\"isPartOf\":{\"@id\":\"https:\\\/\\\/www.fiemg.com.br\\\/fiemg\\\/#website\"},\"primaryImageOfPage\":{\"@id\":\"https:\\\/\\\/www.fiemg.com.br\\\/fiemg\\\/noticias\\\/para-a-federacao-projeto-de-lei-574-2025-pode-impulsionar-area-central-da-capital-e-bairros-proximos-alem-de-estimular-novos-investimentos-e-contribuir-para-a-geracao-de-emprego-e-renda\\\/#primaryimage\"},\"image\":{\"@id\":\"https:\\\/\\\/www.fiemg.com.br\\\/fiemg\\\/noticias\\\/para-a-federacao-projeto-de-lei-574-2025-pode-impulsionar-area-central-da-capital-e-bairros-proximos-alem-de-estimular-novos-investimentos-e-contribuir-para-a-geracao-de-emprego-e-renda\\\/#primaryimage\"},\"thumbnailUrl\":\"https:\\\/\\\/www.fiemg.com.br\\\/fiemg\\\/wp-content\\\/uploads\\\/sites\\\/10\\\/2026\\\/09\\\/CARD_SUGESTAO_PAUTA-100_5054677_2890888.jpg\",\"datePublished\":\"2026-09-01T11:21:11+00:00\",\"dateModified\":\"2026-09-01T12:40:28+00:00\",\"description\":\"Para a Federa\u00e7\u00e3o, Projeto de Lei 574\\\/2025 pode impulsionar \u00e1rea central da capital e bairros pr\u00f3ximos, al\u00e9m de estimular novos investimentos e contribuir para a gera\u00e7\u00e3o de emprego e renda\",\"breadcrumb\":{\"@id\":\"https:\\\/\\\/www.fiemg.com.br\\\/fiemg\\\/noticias\\\/para-a-federacao-projeto-de-lei-574-2025-pode-impulsionar-area-central-da-capital-e-bairros-proximos-alem-de-estimular-novos-investimentos-e-contribuir-para-a-geracao-de-emprego-e-renda\\\/#breadcrumb\"},\"inLanguage\":\"pt-BR\",\"potentialAction\":[{\"@type\":\"ReadAction\",\"target\":[\"https:\\\/\\\/www.fiemg.com.br\\\/fiemg\\\/noticias\\\/para-a-federacao-projeto-de-lei-574-2025-pode-impulsionar-area-central-da-capital-e-bairros-proximos-alem-de-estimular-novos-investimentos-e-contribuir-para-a-geracao-de-emprego-e-renda\\\/\"]}]},{\"@type\":\"ImageObject\",\"inLanguage\":\"pt-BR\",\"@id\":\"https:\\\/\\\/www.fiemg.com.br\\\/fiemg\\\/noticias\\\/para-a-federacao-projeto-de-lei-574-2025-pode-impulsionar-area-central-da-capital-e-bairros-proximos-alem-de-estimular-novos-investimentos-e-contribuir-para-a-geracao-de-emprego-e-renda\\\/#primaryimage\",\"url\":\"https:\\\/\\\/www.fiemg.com.br\\\/fiemg\\\/wp-content\\\/uploads\\\/sites\\\/10\\\/2026\\\/09\\\/CARD_SUGESTAO_PAUTA-100_5054677_2890888.jpg\",\"contentUrl\":\"https:\\\/\\\/www.fiemg.com.br\\\/fiemg\\\/wp-content\\\/uploads\\\/sites\\\/10\\\/2026\\\/09\\\/CARD_SUGESTAO_PAUTA-100_5054677_2890888.jpg\",\"width\":1200,\"height\":1200},{\"@type\":\"BreadcrumbList\",\"@id\":\"https:\\\/\\\/www.fiemg.com.br\\\/fiemg\\\/noticias\\\/para-a-federacao-projeto-de-lei-574-2025-pode-impulsionar-area-central-da-capital-e-bairros-proximos-alem-de-estimular-novos-investimentos-e-contribuir-para-a-geracao-de-emprego-e-renda\\\/#breadcrumb\",\"itemListElement\":[{\"@type\":\"ListItem\",\"position\":1,\"name\":\"In\u00edcio\",\"item\":\"https:\\\/\\\/www.fiemg.com.br\\\/fiemg\\\/\"},{\"@type\":\"ListItem\",\"position\":2,\"name\":\"FIEMG celebra aprova\u00e7\u00e3o de projeto de requalifica\u00e7\u00e3o da regi\u00e3o central de Belo Horizonte\"}]},{\"@type\":\"WebSite\",\"@id\":\"https:\\\/\\\/www.fiemg.com.br\\\/fiemg\\\/#website\",\"url\":\"https:\\\/\\\/www.fiemg.com.br\\\/fiemg\\\/\",\"name\":\"FIEMG\",\"description\":\"Federa\u00e7\u00e3o das Ind\u00fastrias do Estado de Minas Gerais\",\"publisher\":{\"@id\":\"https:\\\/\\\/www.fiemg.com.br\\\/fiemg\\\/#organization\"},\"potentialAction\":[{\"@type\":\"SearchAction\",\"target\":{\"@type\":\"EntryPoint\",\"urlTemplate\":\"https:\\\/\\\/www.fiemg.com.br\\\/fiemg\\\/?s={search_term_string}\"},\"query-input\":{\"@type\":\"PropertyValueSpecification\",\"valueRequired\":true,\"valueName\":\"search_term_string\"}}],\"inLanguage\":\"pt-BR\"},{\"@type\":\"Organization\",\"@id\":\"https:\\\/\\\/www.fiemg.com.br\\\/fiemg\\\/#organization\",\"name\":\"FIEMG\",\"url\":\"https:\\\/\\\/www.fiemg.com.br\\\/fiemg\\\/\",\"logo\":{\"@type\":\"ImageObject\",\"inLanguage\":\"pt-BR\",\"@id\":\"https:\\\/\\\/www.fiemg.com.br\\\/fiemg\\\/#\\\/schema\\\/logo\\\/image\\\/\",\"url\":\"https:\\\/\\\/www.fiemg.com.br\\\/fiemg\\\/wp-content\\\/uploads\\\/sites\\\/10\\\/2023\\\/02\\\/fiemg_branco.svg\",\"contentUrl\":\"https:\\\/\\\/www.fiemg.com.br\\\/fiemg\\\/wp-content\\\/uploads\\\/sites\\\/10\\\/2023\\\/02\\\/fiemg_branco.svg\",\"width\":561,\"height\":147,\"caption\":\"FIEMG\"},\"image\":{\"@id\":\"https:\\\/\\\/www.fiemg.com.br\\\/fiemg\\\/#\\\/schema\\\/logo\\\/image\\\/\"}}]}<\/script>\n<!-- \/ Yoast SEO plugin. -->","yoast_head_json":{"title":"FIEMG celebra aprova\u00e7\u00e3o de projeto de requalifica\u00e7\u00e3o da regi\u00e3o central de Belo Horizonte - FIEMG","description":"Para a Federa\u00e7\u00e3o, Projeto de Lei 574\/2025 pode impulsionar \u00e1rea central da capital e bairros pr\u00f3ximos, al\u00e9m de estimular novos investimentos e contribuir para a gera\u00e7\u00e3o de emprego e renda","robots":{"index":"index","follow":"follow","max-snippet":"max-snippet:-1","max-image-preview":"max-image-preview:large","max-video-preview":"max-video-preview:-1"},"canonical":"https:\/\/www.fiemg.com.br\/fiemg\/noticias\/para-a-federacao-projeto-de-lei-574-2025-pode-impulsionar-area-central-da-capital-e-bairros-proximos-alem-de-estimular-novos-investimentos-e-contribuir-para-a-geracao-de-emprego-e-renda\/","og_locale":"pt_BR","og_type":"article","og_title":"FIEMG celebra aprova\u00e7\u00e3o de projeto de requalifica\u00e7\u00e3o da regi\u00e3o central de Belo Horizonte - FIEMG","og_description":"Para a Federa\u00e7\u00e3o, Projeto de Lei 574\/2025 pode impulsionar \u00e1rea central da capital e bairros pr\u00f3ximos, al\u00e9m de estimular novos investimentos e contribuir para a gera\u00e7\u00e3o de emprego e renda","og_url":"https:\/\/www.fiemg.com.br\/fiemg\/noticias\/para-a-federacao-projeto-de-lei-574-2025-pode-impulsionar-area-central-da-capital-e-bairros-proximos-alem-de-estimular-novos-investimentos-e-contribuir-para-a-geracao-de-emprego-e-renda\/","og_site_name":"FIEMG","article_modified_time":"2026-09-01T12:40:28+00:00","og_image":[{"width":1200,"height":1200,"url":"https:\/\/www.fiemg.com.br\/fiemg\/wp-content\/uploads\/sites\/10\/2026\/09\/CARD_SUGESTAO_PAUTA-100_1503881.jpg","type":"image\/jpeg"}],"twitter_card":"summary_large_image","twitter_misc":{"Est. tempo de leitura":"4 minutos"},"schema":{"@context":"https:\/\/schema.org","@graph":[{"@type":"WebPage","@id":"https:\/\/www.fiemg.com.br\/fiemg\/noticias\/para-a-federacao-projeto-de-lei-574-2025-pode-impulsionar-area-central-da-capital-e-bairros-proximos-alem-de-estimular-novos-investimentos-e-contribuir-para-a-geracao-de-emprego-e-renda\/","url":"https:\/\/www.fiemg.com.br\/fiemg\/noticias\/para-a-federacao-projeto-de-lei-574-2025-pode-impulsionar-area-central-da-capital-e-bairros-proximos-alem-de-estimular-novos-investimentos-e-contribuir-para-a-geracao-de-emprego-e-renda\/","name":"FIEMG celebra aprova\u00e7\u00e3o de projeto de requalifica\u00e7\u00e3o da regi\u00e3o central de Belo Horizonte - FIEMG","isPartOf":{"@id":"https:\/\/www.fiemg.com.br\/fiemg\/#website"},"primaryImageOfPage":{"@id":"https:\/\/www.fiemg.com.br\/fiemg\/noticias\/para-a-federacao-projeto-de-lei-574-2025-pode-impulsionar-area-central-da-capital-e-bairros-proximos-alem-de-estimular-novos-investimentos-e-contribuir-para-a-geracao-de-emprego-e-renda\/#primaryimage"},"image":{"@id":"https:\/\/www.fiemg.com.br\/fiemg\/noticias\/para-a-federacao-projeto-de-lei-574-2025-pode-impulsionar-area-central-da-capital-e-bairros-proximos-alem-de-estimular-novos-investimentos-e-contribuir-para-a-geracao-de-emprego-e-renda\/#primaryimage"},"thumbnailUrl":"https:\/\/www.fiemg.com.br\/fiemg\/wp-content\/uploads\/sites\/10\/2026\/09\/CARD_SUGESTAO_PAUTA-100_5054677_2890888.jpg","datePublished":"2026-09-01T11:21:11+00:00","dateModified":"2026-09-01T12:40:28+00:00","description":"Para a Federa\u00e7\u00e3o, Projeto de Lei 574\/2025 pode impulsionar \u00e1rea central da capital e bairros pr\u00f3ximos, al\u00e9m de estimular novos investimentos e contribuir para a gera\u00e7\u00e3o de emprego e renda","breadcrumb":{"@id":"https:\/\/www.fiemg.com.br\/fiemg\/noticias\/para-a-federacao-projeto-de-lei-574-2025-pode-impulsionar-area-central-da-capital-e-bairros-proximos-alem-de-estimular-novos-investimentos-e-contribuir-para-a-geracao-de-emprego-e-renda\/#breadcrumb"},"inLanguage":"pt-BR","potentialAction":[{"@type":"ReadAction","target":["https:\/\/www.fiemg.com.br\/fiemg\/noticias\/para-a-federacao-projeto-de-lei-574-2025-pode-impulsionar-area-central-da-capital-e-bairros-proximos-alem-de-estimular-novos-investimentos-e-contribuir-para-a-geracao-de-emprego-e-renda\/"]}]},{"@type":"ImageObject","inLanguage":"pt-BR","@id":"https:\/\/www.fiemg.com.br\/fiemg\/noticias\/para-a-federacao-projeto-de-lei-574-2025-pode-impulsionar-area-central-da-capital-e-bairros-proximos-alem-de-estimular-novos-investimentos-e-contribuir-para-a-geracao-de-emprego-e-renda\/#primaryimage","url":"https:\/\/www.fiemg.com.br\/fiemg\/wp-content\/uploads\/sites\/10\/2026\/09\/CARD_SUGESTAO_PAUTA-100_5054677_2890888.jpg","contentUrl":"https:\/\/www.fiemg.com.br\/fiemg\/wp-content\/uploads\/sites\/10\/2026\/09\/CARD_SUGESTAO_PAUTA-100_5054677_2890888.jpg","width":1200,"height":1200},{"@type":"BreadcrumbList","@id":"https:\/\/www.fiemg.com.br\/fiemg\/noticias\/para-a-federacao-projeto-de-lei-574-2025-pode-impulsionar-area-central-da-capital-e-bairros-proximos-alem-de-estimular-novos-investimentos-e-contribuir-para-a-geracao-de-emprego-e-renda\/#breadcrumb","itemListElement":[{"@type":"ListItem","position":1,"name":"In\u00edcio","item":"https:\/\/www.fiemg.com.br\/fiemg\/"},{"@type":"ListItem","position":2,"name":"FIEMG celebra aprova\u00e7\u00e3o de projeto de requalifica\u00e7\u00e3o da regi\u00e3o central de Belo Horizonte"}]},{"@type":"WebSite","@id":"https:\/\/www.fiemg.com.br\/fiemg\/#website","url":"https:\/\/www.fiemg.com.br\/fiemg\/","name":"FIEMG","description":"Federa\u00e7\u00e3o das Ind\u00fastrias do Estado de Minas Gerais","publisher":{"@id":"https:\/\/www.fiemg.com.br\/fiemg\/#organization"},"potentialAction":[{"@type":"SearchAction","target":{"@type":"EntryPoint","urlTemplate":"https:\/\/www.fiemg.com.br\/fiemg\/?s={search_term_string}"},"query-input":{"@type":"PropertyValueSpecification","valueRequired":true,"valueName":"search_term_string"}}],"inLanguage":"pt-BR"},{"@type":"Organization","@id":"https:\/\/www.fiemg.com.br\/fiemg\/#organization","name":"FIEMG","url":"https:\/\/www.fiemg.com.br\/fiemg\/","logo":{"@type":"ImageObject","inLanguage":"pt-BR","@id":"https:\/\/www.fiemg.com.br\/fiemg\/#\/schema\/logo\/image\/","url":"https:\/\/www.fiemg.com.br\/fiemg\/wp-content\/uploads\/sites\/10\/2023\/02\/fiemg_branco.svg","contentUrl":"https:\/\/www.fiemg.com.br\/fiemg\/wp-content\/uploads\/sites\/10\/2023\/02\/fiemg_branco.svg","width":561,"height":147,"caption":"FIEMG"},"image":{"@id":"https:\/\/www.fiemg.com.br\/fiemg\/#\/schema\/logo\/image\/"}}]}},"_links":{"self":[{"href":"https:\/\/www.fiemg.com.br\/fiemg\/wp-json\/wp\/v2\/noticias\/15667","targetHints":{"allow":["GET"]}}],"collection":[{"href":"https:\/\/www.fiemg.com.br\/fiemg\/wp-json\/wp\/v2\/noticias"}],"about":[{"href":"https:\/\/www.fiemg.com.br\/fiemg\/wp-json\/wp\/v2\/types\/noticias"}],"wp:featuredmedia":[{"embeddable":true,"href":"https:\/\/www.fiemg.com.br\/fiemg\/wp-json\/wp\/v2\/media\/15685"}],"wp:attachment":[{"href":"https:\/\/www.fiemg.com.br\/fiemg\/wp-json\/wp\/v2\/media?parent=15667"}],"wp:term":[{"taxonomy":"category","embeddable":true,"href":"https:\/\/www.fiemg.com.br\/fiemg\/wp-json\/wp\/v2\/categories?post=15667"},{"taxonomy":"post_tag","embeddable":true,"href":"https:\/\/www.fiemg.com.br\/fiemg\/wp-json\/wp\/v2\/tags?post=15667"}],"curies":[{"name":"wp","href":"https:\/\/api.w.org\/{rel}","templated":true}]}}