{"id":15812,"date":"2026-09-04T16:19:33","date_gmt":"2026-09-04T19:19:33","guid":{"rendered":"https:\/\/www.fiemg.com.br\/fiemg\/noticias\/liderancas-sindicais-debatem-acoes-estrategicas-para-a-industria-regional\/"},"modified":"2026-09-04T16:19:33","modified_gmt":"2026-09-04T19:19:33","slug":"liderancas-sindicais-debatem-acoes-estrategicas-para-a-industria-regional","status":"publish","type":"noticias","link":"https:\/\/www.fiemg.com.br\/fiemg\/noticias\/liderancas-sindicais-debatem-acoes-estrategicas-para-a-industria-regional\/","title":{"rendered":"Lideran\u00e7as sindicais debatem a\u00e7\u00f5es estrat\u00e9gicas para a ind\u00fastria regional"},"content":{"rendered":"\n<p class=\"wp-block-paragraph\">A FIEMG Regional Zona da Mata realizou, no dia 31 de agosto, uma reuni\u00e3o com os presidentes de sindicatos patronais da regi\u00e3o, na sede da entidade, em Juiz de Fora. O encontro reuniu as lideran\u00e7as para apresentar um balan\u00e7o das a\u00e7\u00f5es desenvolvidas pela Regional, discutir projetos estrat\u00e9gicos e fortalecer a constru\u00e7\u00e3o conjunta de iniciativas voltadas ao desenvolvimento da ind\u00fastria regional.<\/p>\n\n\n\n<p class=\"wp-block-paragraph\">A abertura foi conduzida pela presidente da FIEMG Regional Zona da Mata e do Sindivest JF-GV, Mari\u00e2ngela Marcon, que destacou a import\u00e2ncia da participa\u00e7\u00e3o ativa dos sindicatos na defini\u00e7\u00e3o dos caminhos da Regional. Segundo ela, o objetivo do encontro foi promover uma reflex\u00e3o conjunta sobre os desafios do setor produtivo e ampliar a integra\u00e7\u00e3o entre sindicatos, empresas, institui\u00e7\u00f5es de ensino, poder p\u00fablico e demais parceiros estrat\u00e9gicos.<\/p>\n\n\n\n<p class=\"wp-block-paragraph\">Durante a reuni\u00e3o, Mari\u00e2ngela apresentou um panorama da atua\u00e7\u00e3o da FIEMG Regional Zona da Mata no primeiro semestre de 2026, com destaque para a\u00e7\u00f5es de relacionamento institucional, capacita\u00e7\u00f5es, projetos estrat\u00e9gicos, representa\u00e7\u00e3o empresarial e aproxima\u00e7\u00e3o com empresas e lideran\u00e7as. Entre os resultados apresentados est\u00e3o eventos empresariais, cursos e treinamentos, produ\u00e7\u00e3o de conte\u00fados institucionais e iniciativas de comunica\u00e7\u00e3o voltadas ao fortalecimento da presen\u00e7a da Federa\u00e7\u00e3o na regi\u00e3o.<\/p>\n\n\n\n<p class=\"wp-block-paragraph\">A presidente tamb\u00e9m ressaltou o trabalho desenvolvido pelo projeto FIEMG Itinerante, que tem ampliado a presen\u00e7a da entidade nos munic\u00edpios do interior da Zona da Mata, levando capacita\u00e7\u00f5es, informa\u00e7\u00f5es e solu\u00e7\u00f5es para atender \u00e0s demandas das empresas locais. Entre as a\u00e7\u00f5es destacadas est\u00e3o os semin\u00e1rios voltados \u00e0 atualiza\u00e7\u00e3o trabalhista e aos impactos da NR-1, promovidos em diferentes munic\u00edpios da regi\u00e3o. A iniciativa j\u00e1 foi realizada em Juiz de Fora, Ub\u00e1 e Muria\u00e9, e em breve acontecer\u00e1 em S\u00e3o Jo\u00e3o Nepomuceno e Barbacena.<\/p>\n\n\n\n<p class=\"wp-block-paragraph\"><strong>Projetos e integra\u00e7\u00e3o regional<\/strong><\/p>\n\n\n\n<p class=\"wp-block-paragraph\">Outro tema abordado foi a import\u00e2ncia da constru\u00e7\u00e3o de um ecossistema regional mais conectado, aproximando empresas, sindicatos, institui\u00e7\u00f5es de ensino e demais atores que contribuem para o desenvolvimento econ\u00f4mico. Mari\u00e2ngela refor\u00e7ou a necessidade de fortalecer conex\u00f5es e criar uma agenda conjunta para ampliar oportunidades e solu\u00e7\u00f5es para a ind\u00fastria da Zona da Mata.<\/p>\n\n\n\n<p class=\"wp-block-paragraph\">Entre os projetos apresentados estava o Programa Recriar, iniciativa que aproxima ind\u00fastria e educa\u00e7\u00e3o, contribuindo para a forma\u00e7\u00e3o de novos talentos e para o fortalecimento da rela\u00e7\u00e3o entre empresas e comunidade. A presidente destacou a participa\u00e7\u00e3o das unidades SESI da regi\u00e3o no programa e a import\u00e2ncia da educa\u00e7\u00e3o como ferramenta de transforma\u00e7\u00e3o social e prepara\u00e7\u00e3o das pr\u00f3ximas gera\u00e7\u00f5es. \u201cOs n\u00fameros do Recriar na Zona da Mata s\u00e3o os melhores de Minas, com destaque para as escolas de Juiz de Fora e Ub\u00e1\u201d, disse.<\/p>\n\n\n\n<p class=\"wp-block-paragraph\">Tamb\u00e9m foi apresentado o projeto de cria\u00e7\u00e3o do Conselho Estrat\u00e9gico da FIEMG Regional Zona da Mata, que tem como proposta ampliar a escuta junto ao setor produtivo, identificar demandas priorit\u00e1rias, mobilizar lideran\u00e7as e construir projetos de m\u00e9dio e longo prazo para fortalecer a representatividade da ind\u00fastria regional.<\/p>\n\n\n\n<p class=\"wp-block-paragraph\">Durante o encontro, a presidente Mari\u00e2ngela Marcon tamb\u00e9m realizou a entrega de certificados de reconhecimento aos presidentes Carlos Eduardo Manera (Sinduscon-JF) e Jo\u00e3o Luis Rocha Amaral (Sindimeias-JF), pela atua\u00e7\u00e3o durante o per\u00edodo das fortes chuvas que atingiram a regi\u00e3o, destacando o trabalho humanit\u00e1rio desenvolvido pelas entidades no apoio \u00e0s comunidades afetadas. \u00a0Os presidentes n\u00e3o haviam conseguido participar do evento de homenagem realizado pela Regional no m\u00eas de maio, iniciativa que refor\u00e7ou o papel das entidades sindicais como parceiras da sociedade e agentes de transforma\u00e7\u00e3o regional.<\/p>\n\n\n\n<p class=\"wp-block-paragraph\"><strong>Fortalecimento da atua\u00e7\u00e3o sindical<\/strong><\/p>\n\n\n\n<p class=\"wp-block-paragraph\">Durante o encontro, os presidentes de sindicatos contribu\u00edram com sugest\u00f5es, observa\u00e7\u00f5es e demandas relacionadas \u00e0 atua\u00e7\u00e3o institucional. As discuss\u00f5es refor\u00e7am a import\u00e2ncia do di\u00e1logo permanente entre as entidades para aprimorar servi\u00e7os, ampliar a participa\u00e7\u00e3o das empresas nas iniciativas da FIEMG e fortalecer a representa\u00e7\u00e3o da ind\u00fastria. Tamb\u00e9m foram abordados aspectos relacionados \u00e0 utiliza\u00e7\u00e3o da estrutura da nova sede da FIEMG Regional ZM, com o objetivo de alinhar informa\u00e7\u00f5es, esclarecer d\u00favidas e buscar melhorias na experi\u00eancia dos sindicatos e parceiros que utilizam o espa\u00e7o.<\/p>\n\n\n\n<p class=\"wp-block-paragraph\">Ao final do encontro, Mari\u00e2ngela Marcon refor\u00e7ou o compromisso da Regional em construir uma atua\u00e7\u00e3o cada vez mais integrada, transparente e pr\u00f3xima dos sindicatos e das empresas. \u201cTudo o que fa\u00e7o pela FIEMG \u00e9 colocando o que tenho de melhor: meu tempo, meu estudo e minha dedica\u00e7\u00e3o para buscar solu\u00e7\u00f5es e promover a integra\u00e7\u00e3o necess\u00e1ria para o desenvolvimento da regi\u00e3o\u201d, destacou.<\/p>\n\n\n\n<p class=\"wp-block-paragraph\">.<\/p>\n\n\n\n<p class=\"wp-block-paragraph\"><a href=\"https:\/\/www.fiemg.com.br\/fiemg\/wp-content\/uploads\/sites\/10\/2026\/09\/Reuniao-de-Presidentes-Agosto-1.pdf\">CLIQUE AQUI E CONHE\u00c7A OS RESULTADOS DA FIEMG REGIONAL ZM &#8211; 1\u00ba SEMESTRE 2026<\/a><\/p>\n\n\n\n<p class=\"wp-block-paragraph\">.<\/p>\n\n\n\n<p class=\"wp-block-paragraph\"><em>Graciele Vianna<\/em><\/p>\n\n\n\n<p class=\"wp-block-paragraph\"><strong>Imprensa FIEMG<\/strong><\/p>\n","protected":false},"featured_media":15814,"template":"","categories":[15],"tags":[],"class_list":["post-15812","noticias","type-noticias","status-publish","has-post-thumbnail","hentry","category-desenvolvimento-industrial"],"acf":[],"yoast_head":"<!-- This site is optimized with the Yoast SEO plugin v27.7 - https:\/\/yoast.com\/product\/yoast-seo-wordpress\/ -->\n<title>Lideran\u00e7as sindicais debatem a\u00e7\u00f5es estrat\u00e9gicas para a ind\u00fastria regional - FIEMG<\/title>\n<meta name=\"robots\" content=\"index, follow, max-snippet:-1, max-image-preview:large, max-video-preview:-1\" \/>\n<link rel=\"canonical\" href=\"https:\/\/www.fiemg.com.br\/fiemg\/noticias\/liderancas-sindicais-debatem-acoes-estrategicas-para-a-industria-regional\/\" \/>\n<meta property=\"og:locale\" content=\"pt_BR\" \/>\n<meta property=\"og:type\" content=\"article\" \/>\n<meta property=\"og:title\" content=\"Lideran\u00e7as sindicais debatem a\u00e7\u00f5es estrat\u00e9gicas para a ind\u00fastria regional - FIEMG\" \/>\n<meta property=\"og:description\" content=\"A FIEMG Regional Zona da Mata realizou, no dia 31 de agosto, uma reuni\u00e3o com os presidentes de sindicatos patronais da regi\u00e3o, na sede da entidade, em Juiz de Fora. O encontro reuniu as lideran\u00e7as para apresentar um balan\u00e7o das a\u00e7\u00f5es desenvolvidas pela Regional, discutir projetos estrat\u00e9gicos e fortalecer a constru\u00e7\u00e3o conjunta de iniciativas voltadas [&hellip;]\" \/>\n<meta property=\"og:url\" content=\"https:\/\/www.fiemg.com.br\/fiemg\/noticias\/liderancas-sindicais-debatem-acoes-estrategicas-para-a-industria-regional\/\" \/>\n<meta property=\"og:site_name\" content=\"FIEMG\" \/>\n<meta property=\"og:image\" content=\"https:\/\/www.fiemg.com.br\/fiemg\/wp-content\/uploads\/sites\/10\/2026\/09\/reuniao-pres-peq.png\" \/>\n\t<meta property=\"og:image:width\" content=\"512\" \/>\n\t<meta property=\"og:image:height\" content=\"512\" \/>\n\t<meta property=\"og:image:type\" content=\"image\/png\" \/>\n<meta name=\"twitter:card\" content=\"summary_large_image\" \/>\n<meta name=\"twitter:label1\" content=\"Est. tempo de leitura\" \/>\n\t<meta name=\"twitter:data1\" content=\"5 minutos\" \/>\n<script type=\"application\/ld+json\" class=\"yoast-schema-graph\">{\"@context\":\"https:\\\/\\\/schema.org\",\"@graph\":[{\"@type\":\"WebPage\",\"@id\":\"https:\\\/\\\/www.fiemg.com.br\\\/fiemg\\\/noticias\\\/liderancas-sindicais-debatem-acoes-estrategicas-para-a-industria-regional\\\/\",\"url\":\"https:\\\/\\\/www.fiemg.com.br\\\/fiemg\\\/noticias\\\/liderancas-sindicais-debatem-acoes-estrategicas-para-a-industria-regional\\\/\",\"name\":\"Lideran\u00e7as sindicais debatem a\u00e7\u00f5es estrat\u00e9gicas para a ind\u00fastria regional - FIEMG\",\"isPartOf\":{\"@id\":\"https:\\\/\\\/www.fiemg.com.br\\\/fiemg\\\/#website\"},\"primaryImageOfPage\":{\"@id\":\"https:\\\/\\\/www.fiemg.com.br\\\/fiemg\\\/noticias\\\/liderancas-sindicais-debatem-acoes-estrategicas-para-a-industria-regional\\\/#primaryimage\"},\"image\":{\"@id\":\"https:\\\/\\\/www.fiemg.com.br\\\/fiemg\\\/noticias\\\/liderancas-sindicais-debatem-acoes-estrategicas-para-a-industria-regional\\\/#primaryimage\"},\"thumbnailUrl\":\"https:\\\/\\\/www.fiemg.com.br\\\/fiemg\\\/wp-content\\\/uploads\\\/sites\\\/10\\\/2026\\\/09\\\/reuniao-pres-peq.png\",\"datePublished\":\"2026-09-04T19:19:33+00:00\",\"breadcrumb\":{\"@id\":\"https:\\\/\\\/www.fiemg.com.br\\\/fiemg\\\/noticias\\\/liderancas-sindicais-debatem-acoes-estrategicas-para-a-industria-regional\\\/#breadcrumb\"},\"inLanguage\":\"pt-BR\",\"potentialAction\":[{\"@type\":\"ReadAction\",\"target\":[\"https:\\\/\\\/www.fiemg.com.br\\\/fiemg\\\/noticias\\\/liderancas-sindicais-debatem-acoes-estrategicas-para-a-industria-regional\\\/\"]}]},{\"@type\":\"ImageObject\",\"inLanguage\":\"pt-BR\",\"@id\":\"https:\\\/\\\/www.fiemg.com.br\\\/fiemg\\\/noticias\\\/liderancas-sindicais-debatem-acoes-estrategicas-para-a-industria-regional\\\/#primaryimage\",\"url\":\"https:\\\/\\\/www.fiemg.com.br\\\/fiemg\\\/wp-content\\\/uploads\\\/sites\\\/10\\\/2026\\\/09\\\/reuniao-pres-peq.png\",\"contentUrl\":\"https:\\\/\\\/www.fiemg.com.br\\\/fiemg\\\/wp-content\\\/uploads\\\/sites\\\/10\\\/2026\\\/09\\\/reuniao-pres-peq.png\",\"width\":512,\"height\":512},{\"@type\":\"BreadcrumbList\",\"@id\":\"https:\\\/\\\/www.fiemg.com.br\\\/fiemg\\\/noticias\\\/liderancas-sindicais-debatem-acoes-estrategicas-para-a-industria-regional\\\/#breadcrumb\",\"itemListElement\":[{\"@type\":\"ListItem\",\"position\":1,\"name\":\"In\u00edcio\",\"item\":\"https:\\\/\\\/www.fiemg.com.br\\\/fiemg\\\/\"},{\"@type\":\"ListItem\",\"position\":2,\"name\":\"Lideran\u00e7as sindicais debatem a\u00e7\u00f5es estrat\u00e9gicas para a ind\u00fastria regional\"}]},{\"@type\":\"WebSite\",\"@id\":\"https:\\\/\\\/www.fiemg.com.br\\\/fiemg\\\/#website\",\"url\":\"https:\\\/\\\/www.fiemg.com.br\\\/fiemg\\\/\",\"name\":\"FIEMG\",\"description\":\"Federa\u00e7\u00e3o das Ind\u00fastrias do Estado de Minas Gerais\",\"publisher\":{\"@id\":\"https:\\\/\\\/www.fiemg.com.br\\\/fiemg\\\/#organization\"},\"potentialAction\":[{\"@type\":\"SearchAction\",\"target\":{\"@type\":\"EntryPoint\",\"urlTemplate\":\"https:\\\/\\\/www.fiemg.com.br\\\/fiemg\\\/?s={search_term_string}\"},\"query-input\":{\"@type\":\"PropertyValueSpecification\",\"valueRequired\":true,\"valueName\":\"search_term_string\"}}],\"inLanguage\":\"pt-BR\"},{\"@type\":\"Organization\",\"@id\":\"https:\\\/\\\/www.fiemg.com.br\\\/fiemg\\\/#organization\",\"name\":\"FIEMG\",\"url\":\"https:\\\/\\\/www.fiemg.com.br\\\/fiemg\\\/\",\"logo\":{\"@type\":\"ImageObject\",\"inLanguage\":\"pt-BR\",\"@id\":\"https:\\\/\\\/www.fiemg.com.br\\\/fiemg\\\/#\\\/schema\\\/logo\\\/image\\\/\",\"url\":\"https:\\\/\\\/www.fiemg.com.br\\\/fiemg\\\/wp-content\\\/uploads\\\/sites\\\/10\\\/2023\\\/02\\\/fiemg_branco.svg\",\"contentUrl\":\"https:\\\/\\\/www.fiemg.com.br\\\/fiemg\\\/wp-content\\\/uploads\\\/sites\\\/10\\\/2023\\\/02\\\/fiemg_branco.svg\",\"width\":561,\"height\":147,\"caption\":\"FIEMG\"},\"image\":{\"@id\":\"https:\\\/\\\/www.fiemg.com.br\\\/fiemg\\\/#\\\/schema\\\/logo\\\/image\\\/\"}}]}<\/script>\n<!-- \/ Yoast SEO plugin. -->","yoast_head_json":{"title":"Lideran\u00e7as sindicais debatem a\u00e7\u00f5es estrat\u00e9gicas para a ind\u00fastria regional - FIEMG","robots":{"index":"index","follow":"follow","max-snippet":"max-snippet:-1","max-image-preview":"max-image-preview:large","max-video-preview":"max-video-preview:-1"},"canonical":"https:\/\/www.fiemg.com.br\/fiemg\/noticias\/liderancas-sindicais-debatem-acoes-estrategicas-para-a-industria-regional\/","og_locale":"pt_BR","og_type":"article","og_title":"Lideran\u00e7as sindicais debatem a\u00e7\u00f5es estrat\u00e9gicas para a ind\u00fastria regional - FIEMG","og_description":"A FIEMG Regional Zona da Mata realizou, no dia 31 de agosto, uma reuni\u00e3o com os presidentes de sindicatos patronais da regi\u00e3o, na sede da entidade, em Juiz de Fora. O encontro reuniu as lideran\u00e7as para apresentar um balan\u00e7o das a\u00e7\u00f5es desenvolvidas pela Regional, discutir projetos estrat\u00e9gicos e fortalecer a constru\u00e7\u00e3o conjunta de iniciativas voltadas [&hellip;]","og_url":"https:\/\/www.fiemg.com.br\/fiemg\/noticias\/liderancas-sindicais-debatem-acoes-estrategicas-para-a-industria-regional\/","og_site_name":"FIEMG","og_image":[{"width":512,"height":512,"url":"https:\/\/www.fiemg.com.br\/fiemg\/wp-content\/uploads\/sites\/10\/2026\/09\/reuniao-pres-peq.png","type":"image\/png"}],"twitter_card":"summary_large_image","twitter_misc":{"Est. tempo de leitura":"5 minutos"},"schema":{"@context":"https:\/\/schema.org","@graph":[{"@type":"WebPage","@id":"https:\/\/www.fiemg.com.br\/fiemg\/noticias\/liderancas-sindicais-debatem-acoes-estrategicas-para-a-industria-regional\/","url":"https:\/\/www.fiemg.com.br\/fiemg\/noticias\/liderancas-sindicais-debatem-acoes-estrategicas-para-a-industria-regional\/","name":"Lideran\u00e7as sindicais debatem a\u00e7\u00f5es estrat\u00e9gicas para a ind\u00fastria regional - FIEMG","isPartOf":{"@id":"https:\/\/www.fiemg.com.br\/fiemg\/#website"},"primaryImageOfPage":{"@id":"https:\/\/www.fiemg.com.br\/fiemg\/noticias\/liderancas-sindicais-debatem-acoes-estrategicas-para-a-industria-regional\/#primaryimage"},"image":{"@id":"https:\/\/www.fiemg.com.br\/fiemg\/noticias\/liderancas-sindicais-debatem-acoes-estrategicas-para-a-industria-regional\/#primaryimage"},"thumbnailUrl":"https:\/\/www.fiemg.com.br\/fiemg\/wp-content\/uploads\/sites\/10\/2026\/09\/reuniao-pres-peq.png","datePublished":"2026-09-04T19:19:33+00:00","breadcrumb":{"@id":"https:\/\/www.fiemg.com.br\/fiemg\/noticias\/liderancas-sindicais-debatem-acoes-estrategicas-para-a-industria-regional\/#breadcrumb"},"inLanguage":"pt-BR","potentialAction":[{"@type":"ReadAction","target":["https:\/\/www.fiemg.com.br\/fiemg\/noticias\/liderancas-sindicais-debatem-acoes-estrategicas-para-a-industria-regional\/"]}]},{"@type":"ImageObject","inLanguage":"pt-BR","@id":"https:\/\/www.fiemg.com.br\/fiemg\/noticias\/liderancas-sindicais-debatem-acoes-estrategicas-para-a-industria-regional\/#primaryimage","url":"https:\/\/www.fiemg.com.br\/fiemg\/wp-content\/uploads\/sites\/10\/2026\/09\/reuniao-pres-peq.png","contentUrl":"https:\/\/www.fiemg.com.br\/fiemg\/wp-content\/uploads\/sites\/10\/2026\/09\/reuniao-pres-peq.png","width":512,"height":512},{"@type":"BreadcrumbList","@id":"https:\/\/www.fiemg.com.br\/fiemg\/noticias\/liderancas-sindicais-debatem-acoes-estrategicas-para-a-industria-regional\/#breadcrumb","itemListElement":[{"@type":"ListItem","position":1,"name":"In\u00edcio","item":"https:\/\/www.fiemg.com.br\/fiemg\/"},{"@type":"ListItem","position":2,"name":"Lideran\u00e7as sindicais debatem a\u00e7\u00f5es estrat\u00e9gicas para a ind\u00fastria regional"}]},{"@type":"WebSite","@id":"https:\/\/www.fiemg.com.br\/fiemg\/#website","url":"https:\/\/www.fiemg.com.br\/fiemg\/","name":"FIEMG","description":"Federa\u00e7\u00e3o das Ind\u00fastrias do Estado de Minas Gerais","publisher":{"@id":"https:\/\/www.fiemg.com.br\/fiemg\/#organization"},"potentialAction":[{"@type":"SearchAction","target":{"@type":"EntryPoint","urlTemplate":"https:\/\/www.fiemg.com.br\/fiemg\/?s={search_term_string}"},"query-input":{"@type":"PropertyValueSpecification","valueRequired":true,"valueName":"search_term_string"}}],"inLanguage":"pt-BR"},{"@type":"Organization","@id":"https:\/\/www.fiemg.com.br\/fiemg\/#organization","name":"FIEMG","url":"https:\/\/www.fiemg.com.br\/fiemg\/","logo":{"@type":"ImageObject","inLanguage":"pt-BR","@id":"https:\/\/www.fiemg.com.br\/fiemg\/#\/schema\/logo\/image\/","url":"https:\/\/www.fiemg.com.br\/fiemg\/wp-content\/uploads\/sites\/10\/2023\/02\/fiemg_branco.svg","contentUrl":"https:\/\/www.fiemg.com.br\/fiemg\/wp-content\/uploads\/sites\/10\/2023\/02\/fiemg_branco.svg","width":561,"height":147,"caption":"FIEMG"},"image":{"@id":"https:\/\/www.fiemg.com.br\/fiemg\/#\/schema\/logo\/image\/"}}]}},"_links":{"self":[{"href":"https:\/\/www.fiemg.com.br\/fiemg\/wp-json\/wp\/v2\/noticias\/15812","targetHints":{"allow":["GET"]}}],"collection":[{"href":"https:\/\/www.fiemg.com.br\/fiemg\/wp-json\/wp\/v2\/noticias"}],"about":[{"href":"https:\/\/www.fiemg.com.br\/fiemg\/wp-json\/wp\/v2\/types\/noticias"}],"wp:featuredmedia":[{"embeddable":true,"href":"https:\/\/www.fiemg.com.br\/fiemg\/wp-json\/wp\/v2\/media\/15814"}],"wp:attachment":[{"href":"https:\/\/www.fiemg.com.br\/fiemg\/wp-json\/wp\/v2\/media?parent=15812"}],"wp:term":[{"taxonomy":"category","embeddable":true,"href":"https:\/\/www.fiemg.com.br\/fiemg\/wp-json\/wp\/v2\/categories?post=15812"},{"taxonomy":"post_tag","embeddable":true,"href":"https:\/\/www.fiemg.com.br\/fiemg\/wp-json\/wp\/v2\/tags?post=15812"}],"curies":[{"name":"wp","href":"https:\/\/api.w.org\/{rel}","templated":true}]}}