{"id":2248,"date":"2023-08-25T16:14:28","date_gmt":"2023-08-25T19:14:28","guid":{"rendered":"https:\/\/www.fiemg.com.br\/fiemg\/noticias\/camara-da-industria-automotiva-debate-dados-do-segmento\/"},"modified":"2023-08-25T16:15:26","modified_gmt":"2023-08-25T19:15:26","slug":"camara-da-industria-automotiva-debate-dados-do-segmento","status":"publish","type":"noticias","link":"https:\/\/www.fiemg.com.br\/fiemg\/noticias\/camara-da-industria-automotiva-debate-dados-do-segmento\/","title":{"rendered":"C\u00e2mara da Ind\u00fastria Automotiva debate dados do segmento"},"content":{"rendered":"<p>Alguns n\u00fameros do do setor automotivo em Minas foram apresentados e debatidos durante reuni\u00e3o da C\u00e2mara da Ind\u00fastria Automotiva e Mobilidade da FIEMG, realizada nessa quinta-feira (24\/8). Os dados dizem respeito \u00e0 estrutura, \u00e0 evolu\u00e7\u00e3o do segmento nos \u00faltimos anos e o desempenho recente do mercado de trabalho.<\/p>\n<p>Os n\u00fameros s\u00e3o de 2021 e foram extra\u00eddos da Rela\u00e7\u00e3o Anual de Informa\u00e7\u00f5es Sociais (Rais), do Minist\u00e9rio do Trabalho e Emprego, segundo disseram Amanda Fernandes e Walter Horta, analistas de Estudos Econ\u00f4micos da Federa\u00e7\u00e3o. O objetivo da apresenta\u00e7\u00e3o, conforme os analistas, foi mostrar um panorama setorial da ind\u00fastria automotiva, subsidiando o trabalho da c\u00e2mara.<\/p>\n<p>Cerca de 600 empresas est\u00e3o instaladas em Minas Gerais e geram mais de 53 mil empregos, com uma massa salarial anual que chega a R$ 2,3 bilh\u00f5es por ano. A participa\u00e7\u00e3o do estado no Brasil em rela\u00e7\u00e3o ao n\u00famero de empresas \u00e9 10%, empregos, 12,6%, e massa salarial, 10,7%.<\/p>\n<p>Entre 2020 e 2021, o valor bruto da produ\u00e7\u00e3o industrial do segmento automotivo em Minas registrou aumento de 37,2%, totalizando R$ 40, 8 bilh\u00f5es. No mesmo per\u00edodo, o n\u00famero de empregados avan\u00e7ou em 4,1 mil.<\/p>\n<p>\u201cNos \u00faltimos meses, o setor de ve\u00edculos de Minas vem apresentando desempenho superior ao do Brasil, puxado pela maior produ\u00e7\u00e3o de pe\u00e7as e de ve\u00edculos leves Em junho de 2023 o n\u00edvel de produ\u00e7\u00e3o do setor no estado ficou 13,7% acima do patamar pr\u00e9 pandemia, ao passo que, no pa\u00eds, o n\u00edvel de produ\u00e7\u00e3o ficou 15,5% abaixo do patamar de fevereiro de 2020\u201d, informou Horta.<\/p>\n<p>Os analistas apontaram tamb\u00e9m algumas perspectivas e situa\u00e7\u00f5es de alerta que podem influenciar o setor. No primeiro ponto est\u00e3o manuten\u00e7\u00e3o das reformas econ\u00f4micas, recomposi\u00e7\u00e3o da renda das fam\u00edlias, demanda reprimida por autom\u00f3veis novos e agenda de neoindustrializa\u00e7\u00e3o, enquanto a segunda pauta envolve o elevado n\u00edvel de endividamento das fam\u00edlias, taxa de juros em patamar restritivo, mudan\u00e7as na Lei dos Caminhoneiros e baixo crescimento mundial.<\/p>\n<p>&#8220;Eu vejo os dados como uma grande oportunidade para a gente de entender melhor o mercado, os cen\u00e1rios e as perspectivas. \u00c9 importantes extrair informa\u00e7\u00f5es s\u00f3lidas dessa apresenta\u00e7\u00e3o para a atua\u00e7\u00e3o da c\u00e2mara, alinhando a\u00e7\u00f5es estrat\u00e9gicas com n\u00fameros confi\u00e1veis&#8221;, disse o secret\u00e1rio-executivo do colegiado, Jos\u00e9 Ewerton Lara, que conduziu a reuni\u00e3o<\/p>\n<p><em>Rafael Passos<\/em><br \/>\n<strong>Imprensa FIEMG<\/strong><\/p>\n","protected":false},"featured_media":2250,"template":"","categories":[15],"tags":[130,131,78,104],"class_list":["post-2248","noticias","type-noticias","status-publish","has-post-thumbnail","hentry","category-desenvolvimento-industrial","tag-automotiva","tag-camara","tag-fiemg","tag-industria"],"acf":[],"yoast_head":"<!-- This site is optimized with the Yoast SEO plugin v26.2 - https:\/\/yoast.com\/wordpress\/plugins\/seo\/ -->\n<title>C\u00e2mara da Ind\u00fastria Automotiva debate dados do segmento - FIEMG<\/title>\n<meta name=\"robots\" content=\"index, follow, max-snippet:-1, max-image-preview:large, max-video-preview:-1\" \/>\n<link rel=\"canonical\" href=\"https:\/\/www.fiemg.com.br\/fiemg\/noticias\/camara-da-industria-automotiva-debate-dados-do-segmento\/\" \/>\n<meta property=\"og:locale\" content=\"pt_BR\" \/>\n<meta property=\"og:type\" content=\"article\" \/>\n<meta property=\"og:title\" content=\"C\u00e2mara da Ind\u00fastria Automotiva debate dados do segmento - FIEMG\" \/>\n<meta property=\"og:description\" content=\"Alguns n\u00fameros do do setor automotivo em Minas foram apresentados e debatidos durante reuni\u00e3o da C\u00e2mara da Ind\u00fastria Automotiva e Mobilidade da FIEMG, realizada nessa quinta-feira (24\/8). Os dados dizem respeito \u00e0 estrutura, \u00e0 evolu\u00e7\u00e3o do segmento nos \u00faltimos anos e o desempenho recente do mercado de trabalho. Os n\u00fameros s\u00e3o de 2021 e foram [&hellip;]\" \/>\n<meta property=\"og:url\" content=\"https:\/\/www.fiemg.com.br\/fiemg\/noticias\/camara-da-industria-automotiva-debate-dados-do-segmento\/\" \/>\n<meta property=\"og:site_name\" content=\"FIEMG\" \/>\n<meta property=\"article:modified_time\" content=\"2023-08-25T19:15:26+00:00\" \/>\n<meta property=\"og:image\" content=\"https:\/\/www.fiemg.com.br\/fiemg\/wp-content\/uploads\/sites\/10\/2023\/08\/default.png\" \/>\n\t<meta property=\"og:image:width\" content=\"300\" \/>\n\t<meta property=\"og:image:height\" content=\"300\" \/>\n\t<meta property=\"og:image:type\" content=\"image\/png\" \/>\n<meta name=\"twitter:card\" content=\"summary_large_image\" \/>\n<meta name=\"twitter:label1\" content=\"Est. tempo de leitura\" \/>\n\t<meta name=\"twitter:data1\" content=\"2 minutos\" \/>\n<script type=\"application\/ld+json\" class=\"yoast-schema-graph\">{\"@context\":\"https:\/\/schema.org\",\"@graph\":[{\"@type\":\"WebPage\",\"@id\":\"https:\/\/www.fiemg.com.br\/fiemg\/noticias\/camara-da-industria-automotiva-debate-dados-do-segmento\/\",\"url\":\"https:\/\/www.fiemg.com.br\/fiemg\/noticias\/camara-da-industria-automotiva-debate-dados-do-segmento\/\",\"name\":\"C\u00e2mara da Ind\u00fastria Automotiva debate dados do segmento - FIEMG\",\"isPartOf\":{\"@id\":\"https:\/\/www.fiemg.com.br\/fiemg\/#website\"},\"primaryImageOfPage\":{\"@id\":\"https:\/\/www.fiemg.com.br\/fiemg\/noticias\/camara-da-industria-automotiva-debate-dados-do-segmento\/#primaryimage\"},\"image\":{\"@id\":\"https:\/\/www.fiemg.com.br\/fiemg\/noticias\/camara-da-industria-automotiva-debate-dados-do-segmento\/#primaryimage\"},\"thumbnailUrl\":\"https:\/\/www.fiemg.com.br\/fiemg\/wp-content\/uploads\/sites\/10\/2023\/08\/camara_automotiva_fiemg.jpg\",\"datePublished\":\"2023-08-25T19:14:28+00:00\",\"dateModified\":\"2023-08-25T19:15:26+00:00\",\"breadcrumb\":{\"@id\":\"https:\/\/www.fiemg.com.br\/fiemg\/noticias\/camara-da-industria-automotiva-debate-dados-do-segmento\/#breadcrumb\"},\"inLanguage\":\"pt-BR\",\"potentialAction\":[{\"@type\":\"ReadAction\",\"target\":[\"https:\/\/www.fiemg.com.br\/fiemg\/noticias\/camara-da-industria-automotiva-debate-dados-do-segmento\/\"]}]},{\"@type\":\"ImageObject\",\"inLanguage\":\"pt-BR\",\"@id\":\"https:\/\/www.fiemg.com.br\/fiemg\/noticias\/camara-da-industria-automotiva-debate-dados-do-segmento\/#primaryimage\",\"url\":\"https:\/\/www.fiemg.com.br\/fiemg\/wp-content\/uploads\/sites\/10\/2023\/08\/camara_automotiva_fiemg.jpg\",\"contentUrl\":\"https:\/\/www.fiemg.com.br\/fiemg\/wp-content\/uploads\/sites\/10\/2023\/08\/camara_automotiva_fiemg.jpg\",\"width\":1577,\"height\":852,\"caption\":\"Reuni\u00e3o da C\u00e2mara da Ind\u00fastria Automotiva e Mobilidade\"},{\"@type\":\"BreadcrumbList\",\"@id\":\"https:\/\/www.fiemg.com.br\/fiemg\/noticias\/camara-da-industria-automotiva-debate-dados-do-segmento\/#breadcrumb\",\"itemListElement\":[{\"@type\":\"ListItem\",\"position\":1,\"name\":\"In\u00edcio\",\"item\":\"https:\/\/www.fiemg.com.br\/fiemg\/\"},{\"@type\":\"ListItem\",\"position\":2,\"name\":\"C\u00e2mara da Ind\u00fastria Automotiva debate dados do segmento\"}]},{\"@type\":\"WebSite\",\"@id\":\"https:\/\/www.fiemg.com.br\/fiemg\/#website\",\"url\":\"https:\/\/www.fiemg.com.br\/fiemg\/\",\"name\":\"FIEMG\",\"description\":\"Federa\u00e7\u00e3o das Ind\u00fastrias do Estado de Minas Gerais\",\"publisher\":{\"@id\":\"https:\/\/www.fiemg.com.br\/fiemg\/#organization\"},\"potentialAction\":[{\"@type\":\"SearchAction\",\"target\":{\"@type\":\"EntryPoint\",\"urlTemplate\":\"https:\/\/www.fiemg.com.br\/fiemg\/?s={search_term_string}\"},\"query-input\":{\"@type\":\"PropertyValueSpecification\",\"valueRequired\":true,\"valueName\":\"search_term_string\"}}],\"inLanguage\":\"pt-BR\"},{\"@type\":\"Organization\",\"@id\":\"https:\/\/www.fiemg.com.br\/fiemg\/#organization\",\"name\":\"FIEMG\",\"url\":\"https:\/\/www.fiemg.com.br\/fiemg\/\",\"logo\":{\"@type\":\"ImageObject\",\"inLanguage\":\"pt-BR\",\"@id\":\"https:\/\/www.fiemg.com.br\/fiemg\/#\/schema\/logo\/image\/\",\"url\":\"https:\/\/www.fiemg.com.br\/fiemg\/wp-content\/uploads\/sites\/10\/2023\/02\/fiemg_branco.svg\",\"contentUrl\":\"https:\/\/www.fiemg.com.br\/fiemg\/wp-content\/uploads\/sites\/10\/2023\/02\/fiemg_branco.svg\",\"width\":561,\"height\":147,\"caption\":\"FIEMG\"},\"image\":{\"@id\":\"https:\/\/www.fiemg.com.br\/fiemg\/#\/schema\/logo\/image\/\"}}]}<\/script>\n<!-- \/ Yoast SEO plugin. -->","yoast_head_json":{"title":"C\u00e2mara da Ind\u00fastria Automotiva debate dados do segmento - FIEMG","robots":{"index":"index","follow":"follow","max-snippet":"max-snippet:-1","max-image-preview":"max-image-preview:large","max-video-preview":"max-video-preview:-1"},"canonical":"https:\/\/www.fiemg.com.br\/fiemg\/noticias\/camara-da-industria-automotiva-debate-dados-do-segmento\/","og_locale":"pt_BR","og_type":"article","og_title":"C\u00e2mara da Ind\u00fastria Automotiva debate dados do segmento - FIEMG","og_description":"Alguns n\u00fameros do do setor automotivo em Minas foram apresentados e debatidos durante reuni\u00e3o da C\u00e2mara da Ind\u00fastria Automotiva e Mobilidade da FIEMG, realizada nessa quinta-feira (24\/8). Os dados dizem respeito \u00e0 estrutura, \u00e0 evolu\u00e7\u00e3o do segmento nos \u00faltimos anos e o desempenho recente do mercado de trabalho. Os n\u00fameros s\u00e3o de 2021 e foram [&hellip;]","og_url":"https:\/\/www.fiemg.com.br\/fiemg\/noticias\/camara-da-industria-automotiva-debate-dados-do-segmento\/","og_site_name":"FIEMG","article_modified_time":"2023-08-25T19:15:26+00:00","og_image":[{"width":300,"height":300,"url":"https:\/\/www.fiemg.com.br\/fiemg\/wp-content\/uploads\/sites\/10\/2023\/08\/default.png","type":"image\/png"}],"twitter_card":"summary_large_image","twitter_misc":{"Est. tempo de leitura":"2 minutos"},"schema":{"@context":"https:\/\/schema.org","@graph":[{"@type":"WebPage","@id":"https:\/\/www.fiemg.com.br\/fiemg\/noticias\/camara-da-industria-automotiva-debate-dados-do-segmento\/","url":"https:\/\/www.fiemg.com.br\/fiemg\/noticias\/camara-da-industria-automotiva-debate-dados-do-segmento\/","name":"C\u00e2mara da Ind\u00fastria Automotiva debate dados do segmento - FIEMG","isPartOf":{"@id":"https:\/\/www.fiemg.com.br\/fiemg\/#website"},"primaryImageOfPage":{"@id":"https:\/\/www.fiemg.com.br\/fiemg\/noticias\/camara-da-industria-automotiva-debate-dados-do-segmento\/#primaryimage"},"image":{"@id":"https:\/\/www.fiemg.com.br\/fiemg\/noticias\/camara-da-industria-automotiva-debate-dados-do-segmento\/#primaryimage"},"thumbnailUrl":"https:\/\/www.fiemg.com.br\/fiemg\/wp-content\/uploads\/sites\/10\/2023\/08\/camara_automotiva_fiemg.jpg","datePublished":"2023-08-25T19:14:28+00:00","dateModified":"2023-08-25T19:15:26+00:00","breadcrumb":{"@id":"https:\/\/www.fiemg.com.br\/fiemg\/noticias\/camara-da-industria-automotiva-debate-dados-do-segmento\/#breadcrumb"},"inLanguage":"pt-BR","potentialAction":[{"@type":"ReadAction","target":["https:\/\/www.fiemg.com.br\/fiemg\/noticias\/camara-da-industria-automotiva-debate-dados-do-segmento\/"]}]},{"@type":"ImageObject","inLanguage":"pt-BR","@id":"https:\/\/www.fiemg.com.br\/fiemg\/noticias\/camara-da-industria-automotiva-debate-dados-do-segmento\/#primaryimage","url":"https:\/\/www.fiemg.com.br\/fiemg\/wp-content\/uploads\/sites\/10\/2023\/08\/camara_automotiva_fiemg.jpg","contentUrl":"https:\/\/www.fiemg.com.br\/fiemg\/wp-content\/uploads\/sites\/10\/2023\/08\/camara_automotiva_fiemg.jpg","width":1577,"height":852,"caption":"Reuni\u00e3o da C\u00e2mara da Ind\u00fastria Automotiva e Mobilidade"},{"@type":"BreadcrumbList","@id":"https:\/\/www.fiemg.com.br\/fiemg\/noticias\/camara-da-industria-automotiva-debate-dados-do-segmento\/#breadcrumb","itemListElement":[{"@type":"ListItem","position":1,"name":"In\u00edcio","item":"https:\/\/www.fiemg.com.br\/fiemg\/"},{"@type":"ListItem","position":2,"name":"C\u00e2mara da Ind\u00fastria Automotiva debate dados do segmento"}]},{"@type":"WebSite","@id":"https:\/\/www.fiemg.com.br\/fiemg\/#website","url":"https:\/\/www.fiemg.com.br\/fiemg\/","name":"FIEMG","description":"Federa\u00e7\u00e3o das Ind\u00fastrias do Estado de Minas Gerais","publisher":{"@id":"https:\/\/www.fiemg.com.br\/fiemg\/#organization"},"potentialAction":[{"@type":"SearchAction","target":{"@type":"EntryPoint","urlTemplate":"https:\/\/www.fiemg.com.br\/fiemg\/?s={search_term_string}"},"query-input":{"@type":"PropertyValueSpecification","valueRequired":true,"valueName":"search_term_string"}}],"inLanguage":"pt-BR"},{"@type":"Organization","@id":"https:\/\/www.fiemg.com.br\/fiemg\/#organization","name":"FIEMG","url":"https:\/\/www.fiemg.com.br\/fiemg\/","logo":{"@type":"ImageObject","inLanguage":"pt-BR","@id":"https:\/\/www.fiemg.com.br\/fiemg\/#\/schema\/logo\/image\/","url":"https:\/\/www.fiemg.com.br\/fiemg\/wp-content\/uploads\/sites\/10\/2023\/02\/fiemg_branco.svg","contentUrl":"https:\/\/www.fiemg.com.br\/fiemg\/wp-content\/uploads\/sites\/10\/2023\/02\/fiemg_branco.svg","width":561,"height":147,"caption":"FIEMG"},"image":{"@id":"https:\/\/www.fiemg.com.br\/fiemg\/#\/schema\/logo\/image\/"}}]}},"_links":{"self":[{"href":"https:\/\/www.fiemg.com.br\/fiemg\/wp-json\/wp\/v2\/noticias\/2248","targetHints":{"allow":["GET"]}}],"collection":[{"href":"https:\/\/www.fiemg.com.br\/fiemg\/wp-json\/wp\/v2\/noticias"}],"about":[{"href":"https:\/\/www.fiemg.com.br\/fiemg\/wp-json\/wp\/v2\/types\/noticias"}],"wp:featuredmedia":[{"embeddable":true,"href":"https:\/\/www.fiemg.com.br\/fiemg\/wp-json\/wp\/v2\/media\/2250"}],"wp:attachment":[{"href":"https:\/\/www.fiemg.com.br\/fiemg\/wp-json\/wp\/v2\/media?parent=2248"}],"wp:term":[{"taxonomy":"category","embeddable":true,"href":"https:\/\/www.fiemg.com.br\/fiemg\/wp-json\/wp\/v2\/categories?post=2248"},{"taxonomy":"post_tag","embeddable":true,"href":"https:\/\/www.fiemg.com.br\/fiemg\/wp-json\/wp\/v2\/tags?post=2248"}],"curies":[{"name":"wp","href":"https:\/\/api.w.org\/{rel}","templated":true}]}}