{"id":2443,"date":"2023-09-14T18:19:41","date_gmt":"2023-09-14T21:19:41","guid":{"rendered":"https:\/\/www.fiemg.com.br\/fiemg\/?post_type=noticias&#038;p=2443"},"modified":"2023-09-15T11:18:26","modified_gmt":"2023-09-15T14:18:26","slug":"a-importancia-do-crea-mg-na-geracao-de-oportunidades","status":"publish","type":"noticias","link":"https:\/\/www.fiemg.com.br\/fiemg\/noticias\/a-importancia-do-crea-mg-na-geracao-de-oportunidades\/","title":{"rendered":"A import\u00e2ncia do CREA-MG na gera\u00e7\u00e3o de oportunidades"},"content":{"rendered":"\n<p>Em meio a um dos maiores encontros industriais do estado, no cora\u00e7\u00e3o de Montes Claros, Nicolau Neder Damasceno, gerente de fiscaliza\u00e7\u00e3o do CREA-MG, tomou a palavra na tarde do primeiro dia do Minascon 2023 para destacar a miss\u00e3o e a import\u00e2ncia do conselho na gera\u00e7\u00e3o de oportunidades atrav\u00e9s da fiscaliza\u00e7\u00e3o.<\/p>\n\n\n\n<p>A palestra intitulada &#8220;CREA: fiscalizar para gerar oportunidades&#8221; buscou elucidar como as a\u00e7\u00f5es fiscalizat\u00f3rias, longe de serem meramente punitivas, trabalham na orienta\u00e7\u00e3o e na promo\u00e7\u00e3o de um ambiente de neg\u00f3cios mais seguro, \u00e9tico e prospero para todos os envolvidos.<\/p>\n\n\n\n<p>Segundo Damasceno, o CREA fiscaliza os empreendimentos para identificar pessoas sem habilita\u00e7\u00e3o atuando nas \u00e1reas de engenharia e, quando existe uma irregularidade, \u00e9 oferecido um auto de infra\u00e7\u00e3o. &#8220;A pr\u00e1tica orienta o leigo, que est\u00e1 fazendo atividade de engenharia sem habilita\u00e7\u00e3o, \u00e0 regularizar a situa\u00e7\u00e3o. Que \u00e9 justamente contratar uma empresa habilitada ou um profissional. Quanto mais o conselho levar fiscaliza\u00e7\u00e3o e identificar pessoas sem habilita\u00e7\u00e3o atuando, mais o mercado de trabalho da engenharia vai crescer&#8221;, orienta.<\/p>\n\n\n\n<p><strong>Leia mais:<\/strong><\/p>\n\n\n\n<p><a href=\"https:\/\/www.fiemg.com.br\/noticias\/minascon-2023-comeca-em-montes-claros\/\"><strong>Minascon 2023 come\u00e7a em Montes Claros<\/strong><\/a><br><a href=\"https:\/\/www.fiemg.com.br\/noticias\/construcao-civil-o-pilar-do-desenvolvimento-no-norte-de-minas\/\"><strong>Constru\u00e7\u00e3o civil: o pilar do desenvolvimento no Norte de Minas<\/strong><\/a><br><a href=\"https:\/\/www.fiemg.com.br\/noticias\/feirao-da-caixa-no-minascon-mais-facil-ter-casa-propria\/\"><strong>Feir\u00e3o da CAIXA no Minascon: mais f\u00e1cil ter casa pr\u00f3pria<\/strong><\/a><br><strong><a href=\"https:\/\/www.fiemg.com.br\/noticias\/totvs-fala-de-tecnologia-no-minascon\/\">TOTVS exibe perspectivas da tecnologia no Minascon 2023<\/a><\/strong><\/p>\n\n\n\n<div style=\"height:30px\" aria-hidden=\"true\" class=\"wp-block-spacer\"><\/div>\n\n\n\n<p>A plateia, composta por profissionais da \u00e1rea, estudantes e interessados no setor, p\u00f4de perceber a fiscaliza\u00e7\u00e3o sob uma nova \u00f3tica, onde a orienta\u00e7\u00e3o e a garantia de uma atua\u00e7\u00e3o t\u00e9cnica e \u00e9tica podem pavimentar caminhos promissores e sustent\u00e1veis para o setor da constru\u00e7\u00e3o civil em Minas Gerais.<\/p>\n\n\n\n<p>Ao final da apresenta\u00e7\u00e3o, Damasceno se disponibilizou para responder perguntas, consolidando um momento rico de troca e aprendizado. A palestra &#8220;CREA: fiscalizar para gerar oportunidades&#8221; se despediu deixando uma mensagem forte sobre o papel transformador da fiscaliza\u00e7\u00e3o consciente e atuante na constru\u00e7\u00e3o de um setor mais forte e respons\u00e1vel.<\/p>\n\n\n\n<p>O Minascon \u00e9 o principal evento da cadeia produtiva da constru\u00e7\u00e3o civil em Minas Gerais, uma realiza\u00e7\u00e3o da Federa\u00e7\u00e3o das Ind\u00fastrias de Minas Gerais (FIEMG), com a iniciativa da C\u00e2mara da Ind\u00fastria da Constru\u00e7\u00e3o e dos Sindicatos da Ind\u00fastria da Constru\u00e7\u00e3o Civil (Sinduscon) do Norte de Minas. Em sua 20\u00aa edi\u00e7\u00e3o, conta com o apoio master do SEBRAE Minas e os patroc\u00ednios ouro do CREA-MG e CODEMGE, patroc\u00ednio prata da TOTVS e apoio da Caixa Econ\u00f4mica Federal.<\/p>\n\n\n\n<figure class=\"wp-block-embed is-type-rich is-provider-flickr wp-block-embed-flickr\"><div class=\"wp-block-embed__wrapper\">\n<a data-flickr-embed='true' href='https:\/\/www.flickr.com\/photos\/sistemafiemg\/albums\/72177720311191945' title='140923 MINASCON 2023 - CREA FISCALIZAR PARA GERAR OPORTUNIDADES NICOLAU NEDER DAMASCENO GERENTE DE FISCALIZACAO DO CREA MG by FIEMGoficial, on Flickr'><img src='https:\/\/live.staticflickr.com\/65535\/53187754034_68536f8037_c.jpg' width='800' height='600' alt='IMG_9166'><\/a><script async src='https:\/\/embedr.flickr.com\/assets\/client-code.js' charset='utf-8'><\/script>\n<\/div><\/figure>\n\n\n\n<p><em>Ana Paula Motta<\/em><br><strong>IMPRENSA FIEMG<\/strong><\/p>\n","protected":false},"featured_media":2450,"template":"","categories":[15],"tags":[108,242,109],"class_list":["post-2443","noticias","type-noticias","status-publish","has-post-thumbnail","hentry","category-desenvolvimento-industrial","tag-construcao-civil","tag-fiscalizacao-de-obra","tag-minascon-2023"],"acf":[],"yoast_head":"<!-- This site is optimized with the Yoast SEO plugin v26.2 - https:\/\/yoast.com\/wordpress\/plugins\/seo\/ -->\n<title>A import\u00e2ncia do CREA-MG na gera\u00e7\u00e3o de oportunidades - FIEMG<\/title>\n<meta name=\"description\" content=\"Palestra realizada por especialista do CREA-MG destaca o papel da fiscaliza\u00e7\u00e3o do conselho como geradora de oportunidades no Minascon 2023\" \/>\n<meta name=\"robots\" content=\"index, follow, max-snippet:-1, max-image-preview:large, max-video-preview:-1\" \/>\n<link rel=\"canonical\" href=\"https:\/\/www.fiemg.com.br\/fiemg\/noticias\/a-importancia-do-crea-mg-na-geracao-de-oportunidades\/\" \/>\n<meta property=\"og:locale\" content=\"pt_BR\" \/>\n<meta property=\"og:type\" content=\"article\" \/>\n<meta property=\"og:title\" content=\"A import\u00e2ncia do CREA-MG na gera\u00e7\u00e3o de oportunidades - FIEMG\" \/>\n<meta property=\"og:description\" content=\"Palestra realizada por especialista do CREA-MG destaca o papel da fiscaliza\u00e7\u00e3o do conselho como geradora de oportunidades no Minascon 2023\" \/>\n<meta property=\"og:url\" content=\"https:\/\/www.fiemg.com.br\/fiemg\/noticias\/a-importancia-do-crea-mg-na-geracao-de-oportunidades\/\" \/>\n<meta property=\"og:site_name\" content=\"FIEMG\" \/>\n<meta property=\"article:modified_time\" content=\"2023-09-15T14:18:26+00:00\" \/>\n<meta property=\"og:image\" content=\"https:\/\/www.fiemg.com.br\/fiemg\/wp-content\/uploads\/sites\/10\/2023\/09\/palestra-crea-minascon-fiemg.jpg\" \/>\n\t<meta property=\"og:image:width\" content=\"300\" \/>\n\t<meta property=\"og:image:height\" content=\"200\" \/>\n\t<meta property=\"og:image:type\" content=\"image\/jpeg\" \/>\n<meta name=\"twitter:card\" content=\"summary_large_image\" \/>\n<meta name=\"twitter:label1\" content=\"Est. tempo de leitura\" \/>\n\t<meta name=\"twitter:data1\" content=\"2 minutos\" \/>\n<script type=\"application\/ld+json\" class=\"yoast-schema-graph\">{\"@context\":\"https:\/\/schema.org\",\"@graph\":[{\"@type\":\"WebPage\",\"@id\":\"https:\/\/www.fiemg.com.br\/fiemg\/noticias\/a-importancia-do-crea-mg-na-geracao-de-oportunidades\/\",\"url\":\"https:\/\/www.fiemg.com.br\/fiemg\/noticias\/a-importancia-do-crea-mg-na-geracao-de-oportunidades\/\",\"name\":\"A import\u00e2ncia do CREA-MG na gera\u00e7\u00e3o de oportunidades - FIEMG\",\"isPartOf\":{\"@id\":\"https:\/\/www.fiemg.com.br\/fiemg\/#website\"},\"primaryImageOfPage\":{\"@id\":\"https:\/\/www.fiemg.com.br\/fiemg\/noticias\/a-importancia-do-crea-mg-na-geracao-de-oportunidades\/#primaryimage\"},\"image\":{\"@id\":\"https:\/\/www.fiemg.com.br\/fiemg\/noticias\/a-importancia-do-crea-mg-na-geracao-de-oportunidades\/#primaryimage\"},\"thumbnailUrl\":\"https:\/\/www.fiemg.com.br\/fiemg\/wp-content\/uploads\/sites\/10\/2023\/09\/palestra-crea-minascon-fiemg.jpg\",\"datePublished\":\"2023-09-14T21:19:41+00:00\",\"dateModified\":\"2023-09-15T14:18:26+00:00\",\"description\":\"Palestra realizada por especialista do CREA-MG destaca o papel da fiscaliza\u00e7\u00e3o do conselho como geradora de oportunidades no Minascon 2023\",\"breadcrumb\":{\"@id\":\"https:\/\/www.fiemg.com.br\/fiemg\/noticias\/a-importancia-do-crea-mg-na-geracao-de-oportunidades\/#breadcrumb\"},\"inLanguage\":\"pt-BR\",\"potentialAction\":[{\"@type\":\"ReadAction\",\"target\":[\"https:\/\/www.fiemg.com.br\/fiemg\/noticias\/a-importancia-do-crea-mg-na-geracao-de-oportunidades\/\"]}]},{\"@type\":\"ImageObject\",\"inLanguage\":\"pt-BR\",\"@id\":\"https:\/\/www.fiemg.com.br\/fiemg\/noticias\/a-importancia-do-crea-mg-na-geracao-de-oportunidades\/#primaryimage\",\"url\":\"https:\/\/www.fiemg.com.br\/fiemg\/wp-content\/uploads\/sites\/10\/2023\/09\/palestra-crea-minascon-fiemg.jpg\",\"contentUrl\":\"https:\/\/www.fiemg.com.br\/fiemg\/wp-content\/uploads\/sites\/10\/2023\/09\/palestra-crea-minascon-fiemg.jpg\",\"width\":300,\"height\":200,\"caption\":\"A import\u00e2ncia do CREA-MG na gera\u00e7\u00e3o de oportunidades\"},{\"@type\":\"BreadcrumbList\",\"@id\":\"https:\/\/www.fiemg.com.br\/fiemg\/noticias\/a-importancia-do-crea-mg-na-geracao-de-oportunidades\/#breadcrumb\",\"itemListElement\":[{\"@type\":\"ListItem\",\"position\":1,\"name\":\"In\u00edcio\",\"item\":\"https:\/\/www.fiemg.com.br\/fiemg\/\"},{\"@type\":\"ListItem\",\"position\":2,\"name\":\"A import\u00e2ncia do CREA-MG na gera\u00e7\u00e3o de oportunidades\"}]},{\"@type\":\"WebSite\",\"@id\":\"https:\/\/www.fiemg.com.br\/fiemg\/#website\",\"url\":\"https:\/\/www.fiemg.com.br\/fiemg\/\",\"name\":\"FIEMG\",\"description\":\"Federa\u00e7\u00e3o das Ind\u00fastrias do Estado de Minas Gerais\",\"publisher\":{\"@id\":\"https:\/\/www.fiemg.com.br\/fiemg\/#organization\"},\"potentialAction\":[{\"@type\":\"SearchAction\",\"target\":{\"@type\":\"EntryPoint\",\"urlTemplate\":\"https:\/\/www.fiemg.com.br\/fiemg\/?s={search_term_string}\"},\"query-input\":{\"@type\":\"PropertyValueSpecification\",\"valueRequired\":true,\"valueName\":\"search_term_string\"}}],\"inLanguage\":\"pt-BR\"},{\"@type\":\"Organization\",\"@id\":\"https:\/\/www.fiemg.com.br\/fiemg\/#organization\",\"name\":\"FIEMG\",\"url\":\"https:\/\/www.fiemg.com.br\/fiemg\/\",\"logo\":{\"@type\":\"ImageObject\",\"inLanguage\":\"pt-BR\",\"@id\":\"https:\/\/www.fiemg.com.br\/fiemg\/#\/schema\/logo\/image\/\",\"url\":\"https:\/\/www.fiemg.com.br\/fiemg\/wp-content\/uploads\/sites\/10\/2023\/02\/fiemg_branco.svg\",\"contentUrl\":\"https:\/\/www.fiemg.com.br\/fiemg\/wp-content\/uploads\/sites\/10\/2023\/02\/fiemg_branco.svg\",\"width\":561,\"height\":147,\"caption\":\"FIEMG\"},\"image\":{\"@id\":\"https:\/\/www.fiemg.com.br\/fiemg\/#\/schema\/logo\/image\/\"}}]}<\/script>\n<!-- \/ Yoast SEO plugin. -->","yoast_head_json":{"title":"A import\u00e2ncia do CREA-MG na gera\u00e7\u00e3o de oportunidades - FIEMG","description":"Palestra realizada por especialista do CREA-MG destaca o papel da fiscaliza\u00e7\u00e3o do conselho como geradora de oportunidades no Minascon 2023","robots":{"index":"index","follow":"follow","max-snippet":"max-snippet:-1","max-image-preview":"max-image-preview:large","max-video-preview":"max-video-preview:-1"},"canonical":"https:\/\/www.fiemg.com.br\/fiemg\/noticias\/a-importancia-do-crea-mg-na-geracao-de-oportunidades\/","og_locale":"pt_BR","og_type":"article","og_title":"A import\u00e2ncia do CREA-MG na gera\u00e7\u00e3o de oportunidades - FIEMG","og_description":"Palestra realizada por especialista do CREA-MG destaca o papel da fiscaliza\u00e7\u00e3o do conselho como geradora de oportunidades no Minascon 2023","og_url":"https:\/\/www.fiemg.com.br\/fiemg\/noticias\/a-importancia-do-crea-mg-na-geracao-de-oportunidades\/","og_site_name":"FIEMG","article_modified_time":"2023-09-15T14:18:26+00:00","og_image":[{"width":300,"height":200,"url":"https:\/\/www.fiemg.com.br\/fiemg\/wp-content\/uploads\/sites\/10\/2023\/09\/palestra-crea-minascon-fiemg.jpg","type":"image\/jpeg"}],"twitter_card":"summary_large_image","twitter_misc":{"Est. tempo de leitura":"2 minutos"},"schema":{"@context":"https:\/\/schema.org","@graph":[{"@type":"WebPage","@id":"https:\/\/www.fiemg.com.br\/fiemg\/noticias\/a-importancia-do-crea-mg-na-geracao-de-oportunidades\/","url":"https:\/\/www.fiemg.com.br\/fiemg\/noticias\/a-importancia-do-crea-mg-na-geracao-de-oportunidades\/","name":"A import\u00e2ncia do CREA-MG na gera\u00e7\u00e3o de oportunidades - FIEMG","isPartOf":{"@id":"https:\/\/www.fiemg.com.br\/fiemg\/#website"},"primaryImageOfPage":{"@id":"https:\/\/www.fiemg.com.br\/fiemg\/noticias\/a-importancia-do-crea-mg-na-geracao-de-oportunidades\/#primaryimage"},"image":{"@id":"https:\/\/www.fiemg.com.br\/fiemg\/noticias\/a-importancia-do-crea-mg-na-geracao-de-oportunidades\/#primaryimage"},"thumbnailUrl":"https:\/\/www.fiemg.com.br\/fiemg\/wp-content\/uploads\/sites\/10\/2023\/09\/palestra-crea-minascon-fiemg.jpg","datePublished":"2023-09-14T21:19:41+00:00","dateModified":"2023-09-15T14:18:26+00:00","description":"Palestra realizada por especialista do CREA-MG destaca o papel da fiscaliza\u00e7\u00e3o do conselho como geradora de oportunidades no Minascon 2023","breadcrumb":{"@id":"https:\/\/www.fiemg.com.br\/fiemg\/noticias\/a-importancia-do-crea-mg-na-geracao-de-oportunidades\/#breadcrumb"},"inLanguage":"pt-BR","potentialAction":[{"@type":"ReadAction","target":["https:\/\/www.fiemg.com.br\/fiemg\/noticias\/a-importancia-do-crea-mg-na-geracao-de-oportunidades\/"]}]},{"@type":"ImageObject","inLanguage":"pt-BR","@id":"https:\/\/www.fiemg.com.br\/fiemg\/noticias\/a-importancia-do-crea-mg-na-geracao-de-oportunidades\/#primaryimage","url":"https:\/\/www.fiemg.com.br\/fiemg\/wp-content\/uploads\/sites\/10\/2023\/09\/palestra-crea-minascon-fiemg.jpg","contentUrl":"https:\/\/www.fiemg.com.br\/fiemg\/wp-content\/uploads\/sites\/10\/2023\/09\/palestra-crea-minascon-fiemg.jpg","width":300,"height":200,"caption":"A import\u00e2ncia do CREA-MG na gera\u00e7\u00e3o de oportunidades"},{"@type":"BreadcrumbList","@id":"https:\/\/www.fiemg.com.br\/fiemg\/noticias\/a-importancia-do-crea-mg-na-geracao-de-oportunidades\/#breadcrumb","itemListElement":[{"@type":"ListItem","position":1,"name":"In\u00edcio","item":"https:\/\/www.fiemg.com.br\/fiemg\/"},{"@type":"ListItem","position":2,"name":"A import\u00e2ncia do CREA-MG na gera\u00e7\u00e3o de oportunidades"}]},{"@type":"WebSite","@id":"https:\/\/www.fiemg.com.br\/fiemg\/#website","url":"https:\/\/www.fiemg.com.br\/fiemg\/","name":"FIEMG","description":"Federa\u00e7\u00e3o das Ind\u00fastrias do Estado de Minas Gerais","publisher":{"@id":"https:\/\/www.fiemg.com.br\/fiemg\/#organization"},"potentialAction":[{"@type":"SearchAction","target":{"@type":"EntryPoint","urlTemplate":"https:\/\/www.fiemg.com.br\/fiemg\/?s={search_term_string}"},"query-input":{"@type":"PropertyValueSpecification","valueRequired":true,"valueName":"search_term_string"}}],"inLanguage":"pt-BR"},{"@type":"Organization","@id":"https:\/\/www.fiemg.com.br\/fiemg\/#organization","name":"FIEMG","url":"https:\/\/www.fiemg.com.br\/fiemg\/","logo":{"@type":"ImageObject","inLanguage":"pt-BR","@id":"https:\/\/www.fiemg.com.br\/fiemg\/#\/schema\/logo\/image\/","url":"https:\/\/www.fiemg.com.br\/fiemg\/wp-content\/uploads\/sites\/10\/2023\/02\/fiemg_branco.svg","contentUrl":"https:\/\/www.fiemg.com.br\/fiemg\/wp-content\/uploads\/sites\/10\/2023\/02\/fiemg_branco.svg","width":561,"height":147,"caption":"FIEMG"},"image":{"@id":"https:\/\/www.fiemg.com.br\/fiemg\/#\/schema\/logo\/image\/"}}]}},"_links":{"self":[{"href":"https:\/\/www.fiemg.com.br\/fiemg\/wp-json\/wp\/v2\/noticias\/2443","targetHints":{"allow":["GET"]}}],"collection":[{"href":"https:\/\/www.fiemg.com.br\/fiemg\/wp-json\/wp\/v2\/noticias"}],"about":[{"href":"https:\/\/www.fiemg.com.br\/fiemg\/wp-json\/wp\/v2\/types\/noticias"}],"wp:featuredmedia":[{"embeddable":true,"href":"https:\/\/www.fiemg.com.br\/fiemg\/wp-json\/wp\/v2\/media\/2450"}],"wp:attachment":[{"href":"https:\/\/www.fiemg.com.br\/fiemg\/wp-json\/wp\/v2\/media?parent=2443"}],"wp:term":[{"taxonomy":"category","embeddable":true,"href":"https:\/\/www.fiemg.com.br\/fiemg\/wp-json\/wp\/v2\/categories?post=2443"},{"taxonomy":"post_tag","embeddable":true,"href":"https:\/\/www.fiemg.com.br\/fiemg\/wp-json\/wp\/v2\/tags?post=2443"}],"curies":[{"name":"wp","href":"https:\/\/api.w.org\/{rel}","templated":true}]}}