{"id":2502,"date":"2023-09-19T18:32:31","date_gmt":"2023-09-19T21:32:31","guid":{"rendered":"https:\/\/www.fiemg.com.br\/fiemg\/noticias\/mercado-de-joias-e-tema-de-workshop-no-p7-criativo\/"},"modified":"2023-09-19T18:32:32","modified_gmt":"2023-09-19T21:32:32","slug":"mercado-de-joias-e-tema-de-workshop-no-p7-criativo","status":"publish","type":"noticias","link":"https:\/\/www.fiemg.com.br\/fiemg\/noticias\/mercado-de-joias-e-tema-de-workshop-no-p7-criativo\/","title":{"rendered":"Mercado de joias \u00e9 tema de workshop no P7 Criativo"},"content":{"rendered":"\n<p>O Instituto Euvaldo Lodi (IEL), em parceria com o Servi\u00e7o Brasileiro de Apoio \u00e0s Micro e Pequenas Empresas de Minas Gerais (Sebrae-MG), promoveu de 11 a 13 de setembro o Workshop Varejo de Joias na Retomada do Com\u00e9rcio. O evento foi realizado no P7 Criativo, pr\u00e9dio de 25 andares no Centro de Belo Horizonte que abriga um hub de economia criativa, e teve como foco as pequenas ind\u00fastrias do segmento localizadas na Regi\u00e3o Metropolitana de BH.<\/p>\n\n\n\n<p>O objetivo foi capacitar profissionais do setor para lidar com os desafios e aproveitar as oportunidades, sobretudo na retomada do com\u00e9rcio, sobretudo no per\u00edodo p\u00f3s-pandemia. Nesse sentido, os participantes tiveram contato com conte\u00fados sobre passo a passo de venda, evolu\u00e7\u00e3o do varejo e componentes de joias de acordo com o perfil do cliente.<\/p>\n\n\n\n<p>A ind\u00fastria joalheira mineira \u00e9 reconhecida por sua tradi\u00e7\u00e3o, qualidade, design e criatividade. No entanto, assim como muitos outros segmentos, recentemente enfrentou desafios significativos que afetaram din\u00e2mica de vendas e a rela\u00e7\u00e3o com os consumidores.<\/p>\n\n\n\n<p>Priscila Teixeira, gerente da Ros\u00e1lia Nazareth Joias, ind\u00fastria associada do Sindijoias, sindicato que apoiou a iniciativa, elogiou curso pelo conte\u00fado abordado e sugeriu que a iniciativa seja repetida.<\/p>\n","protected":false},"featured_media":2503,"template":"","categories":[15],"tags":[104,286,287,288],"class_list":["post-2502","noticias","type-noticias","status-publish","has-post-thumbnail","hentry","category-desenvolvimento-industrial","tag-industria","tag-mercado-de-joias","tag-p7-criativo","tag-sebrae"],"acf":[],"yoast_head":"<!-- This site is optimized with the Yoast SEO plugin v26.2 - https:\/\/yoast.com\/wordpress\/plugins\/seo\/ -->\n<title>Mercado de joias \u00e9 tema de workshop no P7 Criativo - FIEMG<\/title>\n<meta name=\"description\" content=\"Evento foi realizado pelo IEL em parceria com o Servi\u00e7o Brasileiro de Apoio \u00e0s Micro e Pequenas Empresas de Minas Gerais\" \/>\n<meta name=\"robots\" content=\"index, follow, max-snippet:-1, max-image-preview:large, max-video-preview:-1\" \/>\n<link rel=\"canonical\" href=\"https:\/\/www.fiemg.com.br\/fiemg\/noticias\/mercado-de-joias-e-tema-de-workshop-no-p7-criativo\/\" \/>\n<meta property=\"og:locale\" content=\"pt_BR\" \/>\n<meta property=\"og:type\" content=\"article\" \/>\n<meta property=\"og:title\" content=\"Mercado de joias \u00e9 tema de workshop no P7 Criativo - FIEMG\" \/>\n<meta property=\"og:description\" content=\"Evento foi realizado pelo IEL em parceria com o Servi\u00e7o Brasileiro de Apoio \u00e0s Micro e Pequenas Empresas de Minas Gerais\" \/>\n<meta property=\"og:url\" content=\"https:\/\/www.fiemg.com.br\/fiemg\/noticias\/mercado-de-joias-e-tema-de-workshop-no-p7-criativo\/\" \/>\n<meta property=\"og:site_name\" content=\"FIEMG\" \/>\n<meta property=\"article:modified_time\" content=\"2023-09-19T21:32:32+00:00\" \/>\n<meta property=\"og:image\" content=\"https:\/\/www.fiemg.com.br\/fiemg\/wp-content\/uploads\/sites\/10\/2023\/09\/joia-evento-iel.jpeg\" \/>\n\t<meta property=\"og:image:width\" content=\"300\" \/>\n\t<meta property=\"og:image:height\" content=\"200\" \/>\n\t<meta property=\"og:image:type\" content=\"image\/jpeg\" \/>\n<meta name=\"twitter:card\" content=\"summary_large_image\" \/>\n<meta name=\"twitter:label1\" content=\"Est. tempo de leitura\" \/>\n\t<meta name=\"twitter:data1\" content=\"2 minutos\" \/>\n<script type=\"application\/ld+json\" class=\"yoast-schema-graph\">{\"@context\":\"https:\/\/schema.org\",\"@graph\":[{\"@type\":\"WebPage\",\"@id\":\"https:\/\/www.fiemg.com.br\/fiemg\/noticias\/mercado-de-joias-e-tema-de-workshop-no-p7-criativo\/\",\"url\":\"https:\/\/www.fiemg.com.br\/fiemg\/noticias\/mercado-de-joias-e-tema-de-workshop-no-p7-criativo\/\",\"name\":\"Mercado de joias \u00e9 tema de workshop no P7 Criativo - FIEMG\",\"isPartOf\":{\"@id\":\"https:\/\/www.fiemg.com.br\/fiemg\/#website\"},\"primaryImageOfPage\":{\"@id\":\"https:\/\/www.fiemg.com.br\/fiemg\/noticias\/mercado-de-joias-e-tema-de-workshop-no-p7-criativo\/#primaryimage\"},\"image\":{\"@id\":\"https:\/\/www.fiemg.com.br\/fiemg\/noticias\/mercado-de-joias-e-tema-de-workshop-no-p7-criativo\/#primaryimage\"},\"thumbnailUrl\":\"https:\/\/www.fiemg.com.br\/fiemg\/wp-content\/uploads\/sites\/10\/2023\/09\/joia-evento-iel.jpeg\",\"datePublished\":\"2023-09-19T21:32:31+00:00\",\"dateModified\":\"2023-09-19T21:32:32+00:00\",\"description\":\"Evento foi realizado pelo IEL em parceria com o Servi\u00e7o Brasileiro de Apoio \u00e0s Micro e Pequenas Empresas de Minas Gerais\",\"breadcrumb\":{\"@id\":\"https:\/\/www.fiemg.com.br\/fiemg\/noticias\/mercado-de-joias-e-tema-de-workshop-no-p7-criativo\/#breadcrumb\"},\"inLanguage\":\"pt-BR\",\"potentialAction\":[{\"@type\":\"ReadAction\",\"target\":[\"https:\/\/www.fiemg.com.br\/fiemg\/noticias\/mercado-de-joias-e-tema-de-workshop-no-p7-criativo\/\"]}]},{\"@type\":\"ImageObject\",\"inLanguage\":\"pt-BR\",\"@id\":\"https:\/\/www.fiemg.com.br\/fiemg\/noticias\/mercado-de-joias-e-tema-de-workshop-no-p7-criativo\/#primaryimage\",\"url\":\"https:\/\/www.fiemg.com.br\/fiemg\/wp-content\/uploads\/sites\/10\/2023\/09\/joia-evento-iel.jpeg\",\"contentUrl\":\"https:\/\/www.fiemg.com.br\/fiemg\/wp-content\/uploads\/sites\/10\/2023\/09\/joia-evento-iel.jpeg\",\"width\":300,\"height\":200,\"caption\":\"Mercado de joias \u00e9 tema de workshop no P7 Criativo\"},{\"@type\":\"BreadcrumbList\",\"@id\":\"https:\/\/www.fiemg.com.br\/fiemg\/noticias\/mercado-de-joias-e-tema-de-workshop-no-p7-criativo\/#breadcrumb\",\"itemListElement\":[{\"@type\":\"ListItem\",\"position\":1,\"name\":\"In\u00edcio\",\"item\":\"https:\/\/www.fiemg.com.br\/fiemg\/\"},{\"@type\":\"ListItem\",\"position\":2,\"name\":\"Mercado de joias \u00e9 tema de workshop no P7 Criativo\"}]},{\"@type\":\"WebSite\",\"@id\":\"https:\/\/www.fiemg.com.br\/fiemg\/#website\",\"url\":\"https:\/\/www.fiemg.com.br\/fiemg\/\",\"name\":\"FIEMG\",\"description\":\"Federa\u00e7\u00e3o das Ind\u00fastrias do Estado de Minas Gerais\",\"publisher\":{\"@id\":\"https:\/\/www.fiemg.com.br\/fiemg\/#organization\"},\"potentialAction\":[{\"@type\":\"SearchAction\",\"target\":{\"@type\":\"EntryPoint\",\"urlTemplate\":\"https:\/\/www.fiemg.com.br\/fiemg\/?s={search_term_string}\"},\"query-input\":{\"@type\":\"PropertyValueSpecification\",\"valueRequired\":true,\"valueName\":\"search_term_string\"}}],\"inLanguage\":\"pt-BR\"},{\"@type\":\"Organization\",\"@id\":\"https:\/\/www.fiemg.com.br\/fiemg\/#organization\",\"name\":\"FIEMG\",\"url\":\"https:\/\/www.fiemg.com.br\/fiemg\/\",\"logo\":{\"@type\":\"ImageObject\",\"inLanguage\":\"pt-BR\",\"@id\":\"https:\/\/www.fiemg.com.br\/fiemg\/#\/schema\/logo\/image\/\",\"url\":\"https:\/\/www.fiemg.com.br\/fiemg\/wp-content\/uploads\/sites\/10\/2023\/02\/fiemg_branco.svg\",\"contentUrl\":\"https:\/\/www.fiemg.com.br\/fiemg\/wp-content\/uploads\/sites\/10\/2023\/02\/fiemg_branco.svg\",\"width\":561,\"height\":147,\"caption\":\"FIEMG\"},\"image\":{\"@id\":\"https:\/\/www.fiemg.com.br\/fiemg\/#\/schema\/logo\/image\/\"}}]}<\/script>\n<!-- \/ Yoast SEO plugin. -->","yoast_head_json":{"title":"Mercado de joias \u00e9 tema de workshop no P7 Criativo - FIEMG","description":"Evento foi realizado pelo IEL em parceria com o Servi\u00e7o Brasileiro de Apoio \u00e0s Micro e Pequenas Empresas de Minas Gerais","robots":{"index":"index","follow":"follow","max-snippet":"max-snippet:-1","max-image-preview":"max-image-preview:large","max-video-preview":"max-video-preview:-1"},"canonical":"https:\/\/www.fiemg.com.br\/fiemg\/noticias\/mercado-de-joias-e-tema-de-workshop-no-p7-criativo\/","og_locale":"pt_BR","og_type":"article","og_title":"Mercado de joias \u00e9 tema de workshop no P7 Criativo - FIEMG","og_description":"Evento foi realizado pelo IEL em parceria com o Servi\u00e7o Brasileiro de Apoio \u00e0s Micro e Pequenas Empresas de Minas Gerais","og_url":"https:\/\/www.fiemg.com.br\/fiemg\/noticias\/mercado-de-joias-e-tema-de-workshop-no-p7-criativo\/","og_site_name":"FIEMG","article_modified_time":"2023-09-19T21:32:32+00:00","og_image":[{"width":300,"height":200,"url":"https:\/\/www.fiemg.com.br\/fiemg\/wp-content\/uploads\/sites\/10\/2023\/09\/joia-evento-iel.jpeg","type":"image\/jpeg"}],"twitter_card":"summary_large_image","twitter_misc":{"Est. tempo de leitura":"2 minutos"},"schema":{"@context":"https:\/\/schema.org","@graph":[{"@type":"WebPage","@id":"https:\/\/www.fiemg.com.br\/fiemg\/noticias\/mercado-de-joias-e-tema-de-workshop-no-p7-criativo\/","url":"https:\/\/www.fiemg.com.br\/fiemg\/noticias\/mercado-de-joias-e-tema-de-workshop-no-p7-criativo\/","name":"Mercado de joias \u00e9 tema de workshop no P7 Criativo - FIEMG","isPartOf":{"@id":"https:\/\/www.fiemg.com.br\/fiemg\/#website"},"primaryImageOfPage":{"@id":"https:\/\/www.fiemg.com.br\/fiemg\/noticias\/mercado-de-joias-e-tema-de-workshop-no-p7-criativo\/#primaryimage"},"image":{"@id":"https:\/\/www.fiemg.com.br\/fiemg\/noticias\/mercado-de-joias-e-tema-de-workshop-no-p7-criativo\/#primaryimage"},"thumbnailUrl":"https:\/\/www.fiemg.com.br\/fiemg\/wp-content\/uploads\/sites\/10\/2023\/09\/joia-evento-iel.jpeg","datePublished":"2023-09-19T21:32:31+00:00","dateModified":"2023-09-19T21:32:32+00:00","description":"Evento foi realizado pelo IEL em parceria com o Servi\u00e7o Brasileiro de Apoio \u00e0s Micro e Pequenas Empresas de Minas Gerais","breadcrumb":{"@id":"https:\/\/www.fiemg.com.br\/fiemg\/noticias\/mercado-de-joias-e-tema-de-workshop-no-p7-criativo\/#breadcrumb"},"inLanguage":"pt-BR","potentialAction":[{"@type":"ReadAction","target":["https:\/\/www.fiemg.com.br\/fiemg\/noticias\/mercado-de-joias-e-tema-de-workshop-no-p7-criativo\/"]}]},{"@type":"ImageObject","inLanguage":"pt-BR","@id":"https:\/\/www.fiemg.com.br\/fiemg\/noticias\/mercado-de-joias-e-tema-de-workshop-no-p7-criativo\/#primaryimage","url":"https:\/\/www.fiemg.com.br\/fiemg\/wp-content\/uploads\/sites\/10\/2023\/09\/joia-evento-iel.jpeg","contentUrl":"https:\/\/www.fiemg.com.br\/fiemg\/wp-content\/uploads\/sites\/10\/2023\/09\/joia-evento-iel.jpeg","width":300,"height":200,"caption":"Mercado de joias \u00e9 tema de workshop no P7 Criativo"},{"@type":"BreadcrumbList","@id":"https:\/\/www.fiemg.com.br\/fiemg\/noticias\/mercado-de-joias-e-tema-de-workshop-no-p7-criativo\/#breadcrumb","itemListElement":[{"@type":"ListItem","position":1,"name":"In\u00edcio","item":"https:\/\/www.fiemg.com.br\/fiemg\/"},{"@type":"ListItem","position":2,"name":"Mercado de joias \u00e9 tema de workshop no P7 Criativo"}]},{"@type":"WebSite","@id":"https:\/\/www.fiemg.com.br\/fiemg\/#website","url":"https:\/\/www.fiemg.com.br\/fiemg\/","name":"FIEMG","description":"Federa\u00e7\u00e3o das Ind\u00fastrias do Estado de Minas Gerais","publisher":{"@id":"https:\/\/www.fiemg.com.br\/fiemg\/#organization"},"potentialAction":[{"@type":"SearchAction","target":{"@type":"EntryPoint","urlTemplate":"https:\/\/www.fiemg.com.br\/fiemg\/?s={search_term_string}"},"query-input":{"@type":"PropertyValueSpecification","valueRequired":true,"valueName":"search_term_string"}}],"inLanguage":"pt-BR"},{"@type":"Organization","@id":"https:\/\/www.fiemg.com.br\/fiemg\/#organization","name":"FIEMG","url":"https:\/\/www.fiemg.com.br\/fiemg\/","logo":{"@type":"ImageObject","inLanguage":"pt-BR","@id":"https:\/\/www.fiemg.com.br\/fiemg\/#\/schema\/logo\/image\/","url":"https:\/\/www.fiemg.com.br\/fiemg\/wp-content\/uploads\/sites\/10\/2023\/02\/fiemg_branco.svg","contentUrl":"https:\/\/www.fiemg.com.br\/fiemg\/wp-content\/uploads\/sites\/10\/2023\/02\/fiemg_branco.svg","width":561,"height":147,"caption":"FIEMG"},"image":{"@id":"https:\/\/www.fiemg.com.br\/fiemg\/#\/schema\/logo\/image\/"}}]}},"_links":{"self":[{"href":"https:\/\/www.fiemg.com.br\/fiemg\/wp-json\/wp\/v2\/noticias\/2502","targetHints":{"allow":["GET"]}}],"collection":[{"href":"https:\/\/www.fiemg.com.br\/fiemg\/wp-json\/wp\/v2\/noticias"}],"about":[{"href":"https:\/\/www.fiemg.com.br\/fiemg\/wp-json\/wp\/v2\/types\/noticias"}],"wp:featuredmedia":[{"embeddable":true,"href":"https:\/\/www.fiemg.com.br\/fiemg\/wp-json\/wp\/v2\/media\/2503"}],"wp:attachment":[{"href":"https:\/\/www.fiemg.com.br\/fiemg\/wp-json\/wp\/v2\/media?parent=2502"}],"wp:term":[{"taxonomy":"category","embeddable":true,"href":"https:\/\/www.fiemg.com.br\/fiemg\/wp-json\/wp\/v2\/categories?post=2502"},{"taxonomy":"post_tag","embeddable":true,"href":"https:\/\/www.fiemg.com.br\/fiemg\/wp-json\/wp\/v2\/tags?post=2502"}],"curies":[{"name":"wp","href":"https:\/\/api.w.org\/{rel}","templated":true}]}}