{"id":2589,"date":"2023-09-27T09:06:04","date_gmt":"2023-09-27T12:06:04","guid":{"rendered":"https:\/\/www.fiemg.com.br\/fiemg\/noticias\/industria-automotiva-e-mobilidade-estuda-planos-de-esg\/"},"modified":"2023-09-29T10:37:39","modified_gmt":"2023-09-29T13:37:39","slug":"industria-automotiva-e-mobilidade-estuda-planos-de-esg","status":"publish","type":"noticias","link":"https:\/\/www.fiemg.com.br\/fiemg\/noticias\/industria-automotiva-e-mobilidade-estuda-planos-de-esg\/","title":{"rendered":"Ind\u00fastria Automotiva e Mobilidade estuda planos de ESG"},"content":{"rendered":"\n<p>No dia 26 de setembro, a C\u00e2mara da Ind\u00fastria Automotiva e Mobilidade da FIEMG conduziu uma reuni\u00e3o, de forma on-line, para discutir conte\u00fados relevantes para o setor, com foco no objetivo do colegiado que \u00e9 contribuir para a competitividade e sustentabilidade (ambiental, social e econ\u00f4mica) da cadeia automotiva e de mobilidade.<\/p>\n\n\n\n<p>O presidente Valentino Rizzioli refor\u00e7ou a import\u00e2ncia de trazer pautas atualizadas para discuss\u00e3o no grupo, uma vez que considera o setor automotivo na vanguarda em Minas Gerais. \u201cAssuntos relevantes como o ESG devem ser inclu\u00eddos no di\u00e1logo da ind\u00fastria. Aquilo que se est\u00e1 investindo hoje em Minas Gerais \u00e9 bem superior que qualquer lugar no Brasil. Portanto s\u00e3o esses os pontos que temos que colocar no grupo da FIEMG para refor\u00e7ar e continuar, inclusive, nessa linha de trabalho\u201d, comenta Rizzioli.<\/p>\n\n\n\n<p>Nesse contexto, a pauta da reuni\u00e3o contou com uma apresenta\u00e7\u00e3o sobre ESG (Ambiental, Social e Governan\u00e7a) realizada pela gerente da \u00e1rea de integridade da FIEMG, Aline Azevedo, com apoio de Fernando Patrus, membro do GT de ESG da FIEMG. Ambos falaram sobre o papel do Comit\u00ea ESG formado por representantes de algumas \u00e1reas estrat\u00e9gicas da Federa\u00e7\u00e3o mineira.<\/p>\n\n\n\n<p>Segundo Azevedo, o comit\u00ea prop\u00f5e transformar a\u00e7\u00f5es ESG em vantagem competitiva, para gera\u00e7\u00e3o de valor dos clientes, bem como adotar um modelo de Governan\u00e7a ESG, que indica boas pr\u00e1ticas de mercado e ganhos de imagem e reputa\u00e7\u00e3o. \u201cO objetivo \u00e9 ter uma agenda genu\u00edna significativa que gere valor \u00e0 ind\u00fastria\u201d, diz a gerente.<\/p>\n\n\n\n<p>Outra proposta \u00e9 integrar a\u00e7\u00f5es ambientais, sociais e de governan\u00e7a em um n\u00edvel estrat\u00e9gico e comunicar mais sobre o assunto com o posicionamento estrat\u00e9gico da FIEMG. Para al\u00e9m das apresenta\u00e7\u00f5es, o encontro conduzido pelo secret\u00e1rio-executivo da C\u00e2mara, Jos\u00e9 Ewerton Bretz, teve como objetivo alinhar defini\u00e7\u00f5es estrat\u00e9gicas junto aos membros, sempre visando fortalecer as a\u00e7\u00f5es focadas neste segmento t\u00e3o vital para a economia mineira.<\/p>\n\n\n\n<p><em>Ana Paula Motta<\/em><br><strong>Imprensa FIEMG<\/strong><\/p>\n","protected":false},"featured_media":2591,"template":"","categories":[15],"tags":[340,221],"class_list":["post-2589","noticias","type-noticias","status-publish","has-post-thumbnail","hentry","category-desenvolvimento-industrial","tag-esg-na-industria","tag-industria-automotiva"],"acf":[],"yoast_head":"<!-- This site is optimized with the Yoast SEO plugin v26.2 - https:\/\/yoast.com\/wordpress\/plugins\/seo\/ -->\n<title>Ind\u00fastria Automotiva e Mobilidade estuda planos de ESG - FIEMG<\/title>\n<meta name=\"description\" content=\"C\u00e2mara da Ind\u00fastria Automotiva e Mobilidade discutiu a\u00e7\u00f5es futuras e contou com a participa\u00e7\u00e3o de membros do Comit\u00ea ESG da FIEMG\" \/>\n<meta name=\"robots\" content=\"index, follow, max-snippet:-1, max-image-preview:large, max-video-preview:-1\" \/>\n<link rel=\"canonical\" href=\"https:\/\/www.fiemg.com.br\/fiemg\/noticias\/industria-automotiva-e-mobilidade-estuda-planos-de-esg\/\" \/>\n<meta property=\"og:locale\" content=\"pt_BR\" \/>\n<meta property=\"og:type\" content=\"article\" \/>\n<meta property=\"og:title\" content=\"Ind\u00fastria Automotiva e Mobilidade estuda planos de ESG - FIEMG\" \/>\n<meta property=\"og:description\" content=\"C\u00e2mara da Ind\u00fastria Automotiva e Mobilidade discutiu a\u00e7\u00f5es futuras e contou com a participa\u00e7\u00e3o de membros do Comit\u00ea ESG da FIEMG\" \/>\n<meta property=\"og:url\" content=\"https:\/\/www.fiemg.com.br\/fiemg\/noticias\/industria-automotiva-e-mobilidade-estuda-planos-de-esg\/\" \/>\n<meta property=\"og:site_name\" content=\"FIEMG\" \/>\n<meta property=\"article:modified_time\" content=\"2023-09-29T13:37:39+00:00\" \/>\n<meta property=\"og:image\" content=\"https:\/\/www.fiemg.com.br\/fiemg\/wp-content\/uploads\/sites\/10\/2023\/09\/camara-automotiva-mobilidade-esg.jpg\" \/>\n\t<meta property=\"og:image:width\" content=\"300\" \/>\n\t<meta property=\"og:image:height\" content=\"200\" \/>\n\t<meta property=\"og:image:type\" content=\"image\/jpeg\" \/>\n<meta name=\"twitter:card\" content=\"summary_large_image\" \/>\n<meta name=\"twitter:label1\" content=\"Est. tempo de leitura\" \/>\n\t<meta name=\"twitter:data1\" content=\"2 minutos\" \/>\n<script type=\"application\/ld+json\" class=\"yoast-schema-graph\">{\"@context\":\"https:\/\/schema.org\",\"@graph\":[{\"@type\":\"WebPage\",\"@id\":\"https:\/\/www.fiemg.com.br\/fiemg\/noticias\/industria-automotiva-e-mobilidade-estuda-planos-de-esg\/\",\"url\":\"https:\/\/www.fiemg.com.br\/fiemg\/noticias\/industria-automotiva-e-mobilidade-estuda-planos-de-esg\/\",\"name\":\"Ind\u00fastria Automotiva e Mobilidade estuda planos de ESG - FIEMG\",\"isPartOf\":{\"@id\":\"https:\/\/www.fiemg.com.br\/fiemg\/#website\"},\"primaryImageOfPage\":{\"@id\":\"https:\/\/www.fiemg.com.br\/fiemg\/noticias\/industria-automotiva-e-mobilidade-estuda-planos-de-esg\/#primaryimage\"},\"image\":{\"@id\":\"https:\/\/www.fiemg.com.br\/fiemg\/noticias\/industria-automotiva-e-mobilidade-estuda-planos-de-esg\/#primaryimage\"},\"thumbnailUrl\":\"https:\/\/www.fiemg.com.br\/fiemg\/wp-content\/uploads\/sites\/10\/2023\/09\/camara-automotiva-mobilidade-esg.jpg\",\"datePublished\":\"2023-09-27T12:06:04+00:00\",\"dateModified\":\"2023-09-29T13:37:39+00:00\",\"description\":\"C\u00e2mara da Ind\u00fastria Automotiva e Mobilidade discutiu a\u00e7\u00f5es futuras e contou com a participa\u00e7\u00e3o de membros do Comit\u00ea ESG da FIEMG\",\"breadcrumb\":{\"@id\":\"https:\/\/www.fiemg.com.br\/fiemg\/noticias\/industria-automotiva-e-mobilidade-estuda-planos-de-esg\/#breadcrumb\"},\"inLanguage\":\"pt-BR\",\"potentialAction\":[{\"@type\":\"ReadAction\",\"target\":[\"https:\/\/www.fiemg.com.br\/fiemg\/noticias\/industria-automotiva-e-mobilidade-estuda-planos-de-esg\/\"]}]},{\"@type\":\"ImageObject\",\"inLanguage\":\"pt-BR\",\"@id\":\"https:\/\/www.fiemg.com.br\/fiemg\/noticias\/industria-automotiva-e-mobilidade-estuda-planos-de-esg\/#primaryimage\",\"url\":\"https:\/\/www.fiemg.com.br\/fiemg\/wp-content\/uploads\/sites\/10\/2023\/09\/camara-automotiva-mobilidade-esg.jpg\",\"contentUrl\":\"https:\/\/www.fiemg.com.br\/fiemg\/wp-content\/uploads\/sites\/10\/2023\/09\/camara-automotiva-mobilidade-esg.jpg\",\"width\":300,\"height\":200,\"caption\":\"C\u00e2mara da Ind\u00fastria Automotiva e Mobilidade discutiu a\u00e7\u00f5es futuras e contou com a participa\u00e7\u00e3o de membros do Comit\u00ea ESG da FIEMG\"},{\"@type\":\"BreadcrumbList\",\"@id\":\"https:\/\/www.fiemg.com.br\/fiemg\/noticias\/industria-automotiva-e-mobilidade-estuda-planos-de-esg\/#breadcrumb\",\"itemListElement\":[{\"@type\":\"ListItem\",\"position\":1,\"name\":\"In\u00edcio\",\"item\":\"https:\/\/www.fiemg.com.br\/fiemg\/\"},{\"@type\":\"ListItem\",\"position\":2,\"name\":\"Ind\u00fastria Automotiva e Mobilidade estuda planos de ESG\"}]},{\"@type\":\"WebSite\",\"@id\":\"https:\/\/www.fiemg.com.br\/fiemg\/#website\",\"url\":\"https:\/\/www.fiemg.com.br\/fiemg\/\",\"name\":\"FIEMG\",\"description\":\"Federa\u00e7\u00e3o das Ind\u00fastrias do Estado de Minas Gerais\",\"publisher\":{\"@id\":\"https:\/\/www.fiemg.com.br\/fiemg\/#organization\"},\"potentialAction\":[{\"@type\":\"SearchAction\",\"target\":{\"@type\":\"EntryPoint\",\"urlTemplate\":\"https:\/\/www.fiemg.com.br\/fiemg\/?s={search_term_string}\"},\"query-input\":{\"@type\":\"PropertyValueSpecification\",\"valueRequired\":true,\"valueName\":\"search_term_string\"}}],\"inLanguage\":\"pt-BR\"},{\"@type\":\"Organization\",\"@id\":\"https:\/\/www.fiemg.com.br\/fiemg\/#organization\",\"name\":\"FIEMG\",\"url\":\"https:\/\/www.fiemg.com.br\/fiemg\/\",\"logo\":{\"@type\":\"ImageObject\",\"inLanguage\":\"pt-BR\",\"@id\":\"https:\/\/www.fiemg.com.br\/fiemg\/#\/schema\/logo\/image\/\",\"url\":\"https:\/\/www.fiemg.com.br\/fiemg\/wp-content\/uploads\/sites\/10\/2023\/02\/fiemg_branco.svg\",\"contentUrl\":\"https:\/\/www.fiemg.com.br\/fiemg\/wp-content\/uploads\/sites\/10\/2023\/02\/fiemg_branco.svg\",\"width\":561,\"height\":147,\"caption\":\"FIEMG\"},\"image\":{\"@id\":\"https:\/\/www.fiemg.com.br\/fiemg\/#\/schema\/logo\/image\/\"}}]}<\/script>\n<!-- \/ Yoast SEO plugin. -->","yoast_head_json":{"title":"Ind\u00fastria Automotiva e Mobilidade estuda planos de ESG - FIEMG","description":"C\u00e2mara da Ind\u00fastria Automotiva e Mobilidade discutiu a\u00e7\u00f5es futuras e contou com a participa\u00e7\u00e3o de membros do Comit\u00ea ESG da FIEMG","robots":{"index":"index","follow":"follow","max-snippet":"max-snippet:-1","max-image-preview":"max-image-preview:large","max-video-preview":"max-video-preview:-1"},"canonical":"https:\/\/www.fiemg.com.br\/fiemg\/noticias\/industria-automotiva-e-mobilidade-estuda-planos-de-esg\/","og_locale":"pt_BR","og_type":"article","og_title":"Ind\u00fastria Automotiva e Mobilidade estuda planos de ESG - FIEMG","og_description":"C\u00e2mara da Ind\u00fastria Automotiva e Mobilidade discutiu a\u00e7\u00f5es futuras e contou com a participa\u00e7\u00e3o de membros do Comit\u00ea ESG da FIEMG","og_url":"https:\/\/www.fiemg.com.br\/fiemg\/noticias\/industria-automotiva-e-mobilidade-estuda-planos-de-esg\/","og_site_name":"FIEMG","article_modified_time":"2023-09-29T13:37:39+00:00","og_image":[{"width":300,"height":200,"url":"https:\/\/www.fiemg.com.br\/fiemg\/wp-content\/uploads\/sites\/10\/2023\/09\/camara-automotiva-mobilidade-esg.jpg","type":"image\/jpeg"}],"twitter_card":"summary_large_image","twitter_misc":{"Est. tempo de leitura":"2 minutos"},"schema":{"@context":"https:\/\/schema.org","@graph":[{"@type":"WebPage","@id":"https:\/\/www.fiemg.com.br\/fiemg\/noticias\/industria-automotiva-e-mobilidade-estuda-planos-de-esg\/","url":"https:\/\/www.fiemg.com.br\/fiemg\/noticias\/industria-automotiva-e-mobilidade-estuda-planos-de-esg\/","name":"Ind\u00fastria Automotiva e Mobilidade estuda planos de ESG - FIEMG","isPartOf":{"@id":"https:\/\/www.fiemg.com.br\/fiemg\/#website"},"primaryImageOfPage":{"@id":"https:\/\/www.fiemg.com.br\/fiemg\/noticias\/industria-automotiva-e-mobilidade-estuda-planos-de-esg\/#primaryimage"},"image":{"@id":"https:\/\/www.fiemg.com.br\/fiemg\/noticias\/industria-automotiva-e-mobilidade-estuda-planos-de-esg\/#primaryimage"},"thumbnailUrl":"https:\/\/www.fiemg.com.br\/fiemg\/wp-content\/uploads\/sites\/10\/2023\/09\/camara-automotiva-mobilidade-esg.jpg","datePublished":"2023-09-27T12:06:04+00:00","dateModified":"2023-09-29T13:37:39+00:00","description":"C\u00e2mara da Ind\u00fastria Automotiva e Mobilidade discutiu a\u00e7\u00f5es futuras e contou com a participa\u00e7\u00e3o de membros do Comit\u00ea ESG da FIEMG","breadcrumb":{"@id":"https:\/\/www.fiemg.com.br\/fiemg\/noticias\/industria-automotiva-e-mobilidade-estuda-planos-de-esg\/#breadcrumb"},"inLanguage":"pt-BR","potentialAction":[{"@type":"ReadAction","target":["https:\/\/www.fiemg.com.br\/fiemg\/noticias\/industria-automotiva-e-mobilidade-estuda-planos-de-esg\/"]}]},{"@type":"ImageObject","inLanguage":"pt-BR","@id":"https:\/\/www.fiemg.com.br\/fiemg\/noticias\/industria-automotiva-e-mobilidade-estuda-planos-de-esg\/#primaryimage","url":"https:\/\/www.fiemg.com.br\/fiemg\/wp-content\/uploads\/sites\/10\/2023\/09\/camara-automotiva-mobilidade-esg.jpg","contentUrl":"https:\/\/www.fiemg.com.br\/fiemg\/wp-content\/uploads\/sites\/10\/2023\/09\/camara-automotiva-mobilidade-esg.jpg","width":300,"height":200,"caption":"C\u00e2mara da Ind\u00fastria Automotiva e Mobilidade discutiu a\u00e7\u00f5es futuras e contou com a participa\u00e7\u00e3o de membros do Comit\u00ea ESG da FIEMG"},{"@type":"BreadcrumbList","@id":"https:\/\/www.fiemg.com.br\/fiemg\/noticias\/industria-automotiva-e-mobilidade-estuda-planos-de-esg\/#breadcrumb","itemListElement":[{"@type":"ListItem","position":1,"name":"In\u00edcio","item":"https:\/\/www.fiemg.com.br\/fiemg\/"},{"@type":"ListItem","position":2,"name":"Ind\u00fastria Automotiva e Mobilidade estuda planos de ESG"}]},{"@type":"WebSite","@id":"https:\/\/www.fiemg.com.br\/fiemg\/#website","url":"https:\/\/www.fiemg.com.br\/fiemg\/","name":"FIEMG","description":"Federa\u00e7\u00e3o das Ind\u00fastrias do Estado de Minas Gerais","publisher":{"@id":"https:\/\/www.fiemg.com.br\/fiemg\/#organization"},"potentialAction":[{"@type":"SearchAction","target":{"@type":"EntryPoint","urlTemplate":"https:\/\/www.fiemg.com.br\/fiemg\/?s={search_term_string}"},"query-input":{"@type":"PropertyValueSpecification","valueRequired":true,"valueName":"search_term_string"}}],"inLanguage":"pt-BR"},{"@type":"Organization","@id":"https:\/\/www.fiemg.com.br\/fiemg\/#organization","name":"FIEMG","url":"https:\/\/www.fiemg.com.br\/fiemg\/","logo":{"@type":"ImageObject","inLanguage":"pt-BR","@id":"https:\/\/www.fiemg.com.br\/fiemg\/#\/schema\/logo\/image\/","url":"https:\/\/www.fiemg.com.br\/fiemg\/wp-content\/uploads\/sites\/10\/2023\/02\/fiemg_branco.svg","contentUrl":"https:\/\/www.fiemg.com.br\/fiemg\/wp-content\/uploads\/sites\/10\/2023\/02\/fiemg_branco.svg","width":561,"height":147,"caption":"FIEMG"},"image":{"@id":"https:\/\/www.fiemg.com.br\/fiemg\/#\/schema\/logo\/image\/"}}]}},"_links":{"self":[{"href":"https:\/\/www.fiemg.com.br\/fiemg\/wp-json\/wp\/v2\/noticias\/2589","targetHints":{"allow":["GET"]}}],"collection":[{"href":"https:\/\/www.fiemg.com.br\/fiemg\/wp-json\/wp\/v2\/noticias"}],"about":[{"href":"https:\/\/www.fiemg.com.br\/fiemg\/wp-json\/wp\/v2\/types\/noticias"}],"wp:featuredmedia":[{"embeddable":true,"href":"https:\/\/www.fiemg.com.br\/fiemg\/wp-json\/wp\/v2\/media\/2591"}],"wp:attachment":[{"href":"https:\/\/www.fiemg.com.br\/fiemg\/wp-json\/wp\/v2\/media?parent=2589"}],"wp:term":[{"taxonomy":"category","embeddable":true,"href":"https:\/\/www.fiemg.com.br\/fiemg\/wp-json\/wp\/v2\/categories?post=2589"},{"taxonomy":"post_tag","embeddable":true,"href":"https:\/\/www.fiemg.com.br\/fiemg\/wp-json\/wp\/v2\/tags?post=2589"}],"curies":[{"name":"wp","href":"https:\/\/api.w.org\/{rel}","templated":true}]}}