{"id":2646,"date":"2023-10-03T14:45:31","date_gmt":"2023-10-03T17:45:31","guid":{"rendered":"https:\/\/www.fiemg.com.br\/fiemg\/noticias\/com-participacao-expressiva-de-mulheres-iel-comeca-18a-turma-do-programa-de-desenvolvimento-de-conselheiros\/"},"modified":"2023-10-03T14:52:06","modified_gmt":"2023-10-03T17:52:06","slug":"com-participacao-expressiva-de-mulheres-iel-comeca-18a-turma-do-programa-de-desenvolvimento-de-conselheiros","status":"publish","type":"noticias","link":"https:\/\/www.fiemg.com.br\/fiemg\/noticias\/com-participacao-expressiva-de-mulheres-iel-comeca-18a-turma-do-programa-de-desenvolvimento-de-conselheiros\/","title":{"rendered":"Turma de conselheiros tem participa\u00e7\u00e3o expressiva de mulheres"},"content":{"rendered":"\n<p>O instituto Euvaldo Lodi (IEL) deu in\u00edcio nesta segunda-feira (2\/10) \u00e0 18\u00aa turma do Programa de Desenvolvimento de Conselheiros. Ao longo dos pr\u00f3ximos tr\u00eas meses, 58 profissionais, participantes do curso e que atuam em segmentos econ\u00f4micos distintos, ter\u00e3o a oportunidade de trocar experi\u00eancias e conhecimentos a partir da intera\u00e7\u00e3o entre alunos e professores. Com mais de 500 conselheiros formados, o curso chega \u00e0 edi\u00e7\u00e3o atual com a participa\u00e7\u00e3o expressiva de mulheres, que representam cerca de 70% dos discentes.<\/p>\n\n\n\n<p>O presidente da FIEMG, Fl\u00e1vio Roscoe, ministrou uma palestra na abertura das atividades e ressaltou que o objetivo central do curso \u00e9 melhorar o n\u00edvel de gest\u00e3o das empresas mineiras e brasileiras. O l\u00edder empresarial disse tamb\u00e9m que o desenvolvimento e o sucesso do programa se d\u00e3o em fun\u00e7\u00e3o do trabalho conjunto do IEL, por meio da Ger\u00eancia de Educa\u00e7\u00e3o Executiva, dos professores e alunos.<\/p>\n\n\n\n<p>\u201c\u00c9 um curso que se aprimora ao longo do tempo gra\u00e7as \u00e0s contribui\u00e7\u00f5es dos alunos, que s\u00e3o decisivos no engajamento ao longo do curso e na troca de experi\u00eancias\u201d, afirmou Roscoe que, mais uma vez, pediu que os participantes deem um retorno sobre o programa, visando \u00e0 melhoria do programa. O presidente reafirmou tamb\u00e9m a meta de chegar ao fim da sua gest\u00e3o com 1000 conselheiros formados.<\/p>\n\n\n\n<p>Fl\u00e1vio Roscoe falou sobre o cen\u00e1rio atual da economia e da ind\u00fastria brasileiras e entende que o setor produtivo vive um cen\u00e1rio de oportunidades de crescimento sustent\u00e1vel em decorr\u00eancia, sobretudo, da pauta ambiental. Nesse sentido, ele citou algumas iniciativas no segmento que prezam por uma menor pegada de carbono, como o uso de carv\u00e3o vegetal na produ\u00e7\u00e3o de ferro-gusa, e a necessidade de o pa\u00eds explorar melhor as suas fontes de energia limpa.<\/p>\n\n\n\n<p>Roscoe defendeu a utiliza\u00e7\u00e3o das usinas hidrel\u00e9tricas \u201ccomo fonte de energia limpa, renov\u00e1vel e constante, ajudando a reduzir as emiss\u00f5es de gases que contribuem para o efeito estufa\u201d. Essa tem\u00e1tica, inclusive, faz parte de uma campanha encabe\u00e7ada pela Federa\u00e7\u00e3o e que est\u00e1 no \u00e2mbito da pauta ESG.<\/p>\n\n\n\n<p>Gustavo Macena, diretor regional do IEL em Minas, tamb\u00e9m comentou sobre pr\u00e1ticas sustent\u00e1veis na ind\u00fastria ao apontar que o Programa de Forma\u00e7\u00e3o de Conselheiros, lan\u00e7ado em 2019, tem conex\u00e3o com os temas desafiadores e atuais do setor produtivo. \u201cEsse curso tem uma forma\u00e7\u00e3o ampla, com impacto na sociedade, no meio ambiente e nas comunidades onde voc\u00eas, empres\u00e1rios, atuam\u201d.<\/p>\n\n\n\n<p>Na mesma dire\u00e7\u00e3o, quem inseriu tamb\u00e9m o programa do IEL no contexto do ESG, especialmente no tema governan\u00e7a, foi o professor Marco Ant\u00f4nio Pires, respons\u00e1vel pela disciplina Estrat\u00e9gia e Monitoramento de Desempenho e a pela coordena\u00e7\u00e3o do trabalho na metodologia board case, que encerra o curso. Segundo ele, uma governan\u00e7a corporativa fortalecida \u00e9 um dos pilares para garantir uma conduta transparente, \u00e9tica e respons\u00e1vel das organiza\u00e7\u00f5es.<\/p>\n\n\n\n<p>Pires lembrou ainda da troca de conhecimento e experi\u00eancias proporcionada pelo programa aos alunos e professores. \u201cVoc\u00eas est\u00e3o se preparando para exercer uma posi\u00e7\u00e3o nas organiza\u00e7\u00f5es que \u00e9 extremamente relevante em v\u00e1rios sentidos\u201d, acrescentou.<\/p>\n\n\n\n<p>Gerente de Educa\u00e7\u00e3o Executiva e hub de carreiras do IEL, Rejaine Almeida, apresentou o perfil da nova turma, formada majoritariamente por mulheres, e do corpo docente. Em rela\u00e7\u00e3o \u00e0 participa\u00e7\u00e3o feminina no curso, a gestora entende que \u00e9 resultado do trabalho do IEL de fomentar a diversidade nos conselhos de administra\u00e7\u00e3o das empresas.<br><br>Clique <a href=\"https:\/\/www.flickr.com\/photos\/sistemafiemg\/albums\/72177720311643911\/with\/53230285120\/\" target=\"_blank\" rel=\"noreferrer noopener\"><strong>a<\/strong><\/a><a href=\"https:\/\/www.flickr.com\/photos\/sistemafiemg\/albums\/72177720311643911\/with\/53230285120\/\"><strong>qui<\/strong><\/a> e veja mais fotos do evento de lan\u00e7amento da 18\u00aa turma<br><br><em>Rafael Passos<br><\/em><strong>Imprensa FIEMG<\/strong><\/p>\n","protected":false},"featured_media":2647,"template":"","categories":[15],"tags":[78,93,104,370],"class_list":["post-2646","noticias","type-noticias","status-publish","has-post-thumbnail","hentry","category-desenvolvimento-industrial","tag-fiemg","tag-iel","tag-industria","tag-nova-turma"],"acf":[],"yoast_head":"<!-- This site is optimized with the Yoast SEO plugin v26.2 - https:\/\/yoast.com\/wordpress\/plugins\/seo\/ -->\n<title>Turma de conselheiros tem participa\u00e7\u00e3o expressiva de mulheres - FIEMG<\/title>\n<meta name=\"description\" content=\"Nova edi\u00e7\u00e3o de programa do IEL conta com cerca de 70% de participantes femininas e evidencia esfor\u00e7o do instituto pela diversidade em conselhos\" \/>\n<meta name=\"robots\" content=\"index, follow, max-snippet:-1, max-image-preview:large, max-video-preview:-1\" \/>\n<link rel=\"canonical\" href=\"https:\/\/www.fiemg.com.br\/fiemg\/noticias\/com-participacao-expressiva-de-mulheres-iel-comeca-18a-turma-do-programa-de-desenvolvimento-de-conselheiros\/\" \/>\n<meta property=\"og:locale\" content=\"pt_BR\" \/>\n<meta property=\"og:type\" content=\"article\" \/>\n<meta property=\"og:title\" content=\"Turma de conselheiros tem participa\u00e7\u00e3o expressiva de mulheres - FIEMG\" \/>\n<meta property=\"og:description\" content=\"Nova edi\u00e7\u00e3o de programa do IEL conta com cerca de 70% de participantes femininas e evidencia esfor\u00e7o do instituto pela diversidade em conselhos\" \/>\n<meta property=\"og:url\" content=\"https:\/\/www.fiemg.com.br\/fiemg\/noticias\/com-participacao-expressiva-de-mulheres-iel-comeca-18a-turma-do-programa-de-desenvolvimento-de-conselheiros\/\" \/>\n<meta property=\"og:site_name\" content=\"FIEMG\" \/>\n<meta property=\"article:modified_time\" content=\"2023-10-03T17:52:06+00:00\" \/>\n<meta property=\"og:image\" content=\"https:\/\/www.fiemg.com.br\/fiemg\/wp-content\/uploads\/sites\/10\/2023\/10\/lancada-18-turma-de-conselheiros.jpeg\" \/>\n\t<meta property=\"og:image:width\" content=\"300\" \/>\n\t<meta property=\"og:image:height\" content=\"200\" \/>\n\t<meta property=\"og:image:type\" content=\"image\/jpeg\" \/>\n<meta name=\"twitter:card\" content=\"summary_large_image\" \/>\n<meta name=\"twitter:label1\" content=\"Est. tempo de leitura\" \/>\n\t<meta name=\"twitter:data1\" content=\"4 minutos\" \/>\n<script type=\"application\/ld+json\" class=\"yoast-schema-graph\">{\"@context\":\"https:\/\/schema.org\",\"@graph\":[{\"@type\":\"WebPage\",\"@id\":\"https:\/\/www.fiemg.com.br\/fiemg\/noticias\/com-participacao-expressiva-de-mulheres-iel-comeca-18a-turma-do-programa-de-desenvolvimento-de-conselheiros\/\",\"url\":\"https:\/\/www.fiemg.com.br\/fiemg\/noticias\/com-participacao-expressiva-de-mulheres-iel-comeca-18a-turma-do-programa-de-desenvolvimento-de-conselheiros\/\",\"name\":\"Turma de conselheiros tem participa\u00e7\u00e3o expressiva de mulheres - FIEMG\",\"isPartOf\":{\"@id\":\"https:\/\/www.fiemg.com.br\/fiemg\/#website\"},\"primaryImageOfPage\":{\"@id\":\"https:\/\/www.fiemg.com.br\/fiemg\/noticias\/com-participacao-expressiva-de-mulheres-iel-comeca-18a-turma-do-programa-de-desenvolvimento-de-conselheiros\/#primaryimage\"},\"image\":{\"@id\":\"https:\/\/www.fiemg.com.br\/fiemg\/noticias\/com-participacao-expressiva-de-mulheres-iel-comeca-18a-turma-do-programa-de-desenvolvimento-de-conselheiros\/#primaryimage\"},\"thumbnailUrl\":\"https:\/\/www.fiemg.com.br\/fiemg\/wp-content\/uploads\/sites\/10\/2023\/10\/lancada-18-turma-de-conselheiros.jpeg\",\"datePublished\":\"2023-10-03T17:45:31+00:00\",\"dateModified\":\"2023-10-03T17:52:06+00:00\",\"description\":\"Nova edi\u00e7\u00e3o de programa do IEL conta com cerca de 70% de participantes femininas e evidencia esfor\u00e7o do instituto pela diversidade em conselhos\",\"breadcrumb\":{\"@id\":\"https:\/\/www.fiemg.com.br\/fiemg\/noticias\/com-participacao-expressiva-de-mulheres-iel-comeca-18a-turma-do-programa-de-desenvolvimento-de-conselheiros\/#breadcrumb\"},\"inLanguage\":\"pt-BR\",\"potentialAction\":[{\"@type\":\"ReadAction\",\"target\":[\"https:\/\/www.fiemg.com.br\/fiemg\/noticias\/com-participacao-expressiva-de-mulheres-iel-comeca-18a-turma-do-programa-de-desenvolvimento-de-conselheiros\/\"]}]},{\"@type\":\"ImageObject\",\"inLanguage\":\"pt-BR\",\"@id\":\"https:\/\/www.fiemg.com.br\/fiemg\/noticias\/com-participacao-expressiva-de-mulheres-iel-comeca-18a-turma-do-programa-de-desenvolvimento-de-conselheiros\/#primaryimage\",\"url\":\"https:\/\/www.fiemg.com.br\/fiemg\/wp-content\/uploads\/sites\/10\/2023\/10\/lancada-18-turma-de-conselheiros.jpeg\",\"contentUrl\":\"https:\/\/www.fiemg.com.br\/fiemg\/wp-content\/uploads\/sites\/10\/2023\/10\/lancada-18-turma-de-conselheiros.jpeg\",\"width\":300,\"height\":200,\"caption\":\"Com participa\u00e7\u00e3o expressiva de mulheres, IEL come\u00e7a 18\u00aa turma do Programa de Desenvolvimento de Conselheiros\"},{\"@type\":\"BreadcrumbList\",\"@id\":\"https:\/\/www.fiemg.com.br\/fiemg\/noticias\/com-participacao-expressiva-de-mulheres-iel-comeca-18a-turma-do-programa-de-desenvolvimento-de-conselheiros\/#breadcrumb\",\"itemListElement\":[{\"@type\":\"ListItem\",\"position\":1,\"name\":\"In\u00edcio\",\"item\":\"https:\/\/www.fiemg.com.br\/fiemg\/\"},{\"@type\":\"ListItem\",\"position\":2,\"name\":\"Turma de conselheiros tem participa\u00e7\u00e3o expressiva de mulheres\"}]},{\"@type\":\"WebSite\",\"@id\":\"https:\/\/www.fiemg.com.br\/fiemg\/#website\",\"url\":\"https:\/\/www.fiemg.com.br\/fiemg\/\",\"name\":\"FIEMG\",\"description\":\"Federa\u00e7\u00e3o das Ind\u00fastrias do Estado de Minas Gerais\",\"publisher\":{\"@id\":\"https:\/\/www.fiemg.com.br\/fiemg\/#organization\"},\"potentialAction\":[{\"@type\":\"SearchAction\",\"target\":{\"@type\":\"EntryPoint\",\"urlTemplate\":\"https:\/\/www.fiemg.com.br\/fiemg\/?s={search_term_string}\"},\"query-input\":{\"@type\":\"PropertyValueSpecification\",\"valueRequired\":true,\"valueName\":\"search_term_string\"}}],\"inLanguage\":\"pt-BR\"},{\"@type\":\"Organization\",\"@id\":\"https:\/\/www.fiemg.com.br\/fiemg\/#organization\",\"name\":\"FIEMG\",\"url\":\"https:\/\/www.fiemg.com.br\/fiemg\/\",\"logo\":{\"@type\":\"ImageObject\",\"inLanguage\":\"pt-BR\",\"@id\":\"https:\/\/www.fiemg.com.br\/fiemg\/#\/schema\/logo\/image\/\",\"url\":\"https:\/\/www.fiemg.com.br\/fiemg\/wp-content\/uploads\/sites\/10\/2023\/02\/fiemg_branco.svg\",\"contentUrl\":\"https:\/\/www.fiemg.com.br\/fiemg\/wp-content\/uploads\/sites\/10\/2023\/02\/fiemg_branco.svg\",\"width\":561,\"height\":147,\"caption\":\"FIEMG\"},\"image\":{\"@id\":\"https:\/\/www.fiemg.com.br\/fiemg\/#\/schema\/logo\/image\/\"}}]}<\/script>\n<!-- \/ Yoast SEO plugin. -->","yoast_head_json":{"title":"Turma de conselheiros tem participa\u00e7\u00e3o expressiva de mulheres - FIEMG","description":"Nova edi\u00e7\u00e3o de programa do IEL conta com cerca de 70% de participantes femininas e evidencia esfor\u00e7o do instituto pela diversidade em conselhos","robots":{"index":"index","follow":"follow","max-snippet":"max-snippet:-1","max-image-preview":"max-image-preview:large","max-video-preview":"max-video-preview:-1"},"canonical":"https:\/\/www.fiemg.com.br\/fiemg\/noticias\/com-participacao-expressiva-de-mulheres-iel-comeca-18a-turma-do-programa-de-desenvolvimento-de-conselheiros\/","og_locale":"pt_BR","og_type":"article","og_title":"Turma de conselheiros tem participa\u00e7\u00e3o expressiva de mulheres - FIEMG","og_description":"Nova edi\u00e7\u00e3o de programa do IEL conta com cerca de 70% de participantes femininas e evidencia esfor\u00e7o do instituto pela diversidade em conselhos","og_url":"https:\/\/www.fiemg.com.br\/fiemg\/noticias\/com-participacao-expressiva-de-mulheres-iel-comeca-18a-turma-do-programa-de-desenvolvimento-de-conselheiros\/","og_site_name":"FIEMG","article_modified_time":"2023-10-03T17:52:06+00:00","og_image":[{"width":300,"height":200,"url":"https:\/\/www.fiemg.com.br\/fiemg\/wp-content\/uploads\/sites\/10\/2023\/10\/lancada-18-turma-de-conselheiros.jpeg","type":"image\/jpeg"}],"twitter_card":"summary_large_image","twitter_misc":{"Est. tempo de leitura":"4 minutos"},"schema":{"@context":"https:\/\/schema.org","@graph":[{"@type":"WebPage","@id":"https:\/\/www.fiemg.com.br\/fiemg\/noticias\/com-participacao-expressiva-de-mulheres-iel-comeca-18a-turma-do-programa-de-desenvolvimento-de-conselheiros\/","url":"https:\/\/www.fiemg.com.br\/fiemg\/noticias\/com-participacao-expressiva-de-mulheres-iel-comeca-18a-turma-do-programa-de-desenvolvimento-de-conselheiros\/","name":"Turma de conselheiros tem participa\u00e7\u00e3o expressiva de mulheres - FIEMG","isPartOf":{"@id":"https:\/\/www.fiemg.com.br\/fiemg\/#website"},"primaryImageOfPage":{"@id":"https:\/\/www.fiemg.com.br\/fiemg\/noticias\/com-participacao-expressiva-de-mulheres-iel-comeca-18a-turma-do-programa-de-desenvolvimento-de-conselheiros\/#primaryimage"},"image":{"@id":"https:\/\/www.fiemg.com.br\/fiemg\/noticias\/com-participacao-expressiva-de-mulheres-iel-comeca-18a-turma-do-programa-de-desenvolvimento-de-conselheiros\/#primaryimage"},"thumbnailUrl":"https:\/\/www.fiemg.com.br\/fiemg\/wp-content\/uploads\/sites\/10\/2023\/10\/lancada-18-turma-de-conselheiros.jpeg","datePublished":"2023-10-03T17:45:31+00:00","dateModified":"2023-10-03T17:52:06+00:00","description":"Nova edi\u00e7\u00e3o de programa do IEL conta com cerca de 70% de participantes femininas e evidencia esfor\u00e7o do instituto pela diversidade em conselhos","breadcrumb":{"@id":"https:\/\/www.fiemg.com.br\/fiemg\/noticias\/com-participacao-expressiva-de-mulheres-iel-comeca-18a-turma-do-programa-de-desenvolvimento-de-conselheiros\/#breadcrumb"},"inLanguage":"pt-BR","potentialAction":[{"@type":"ReadAction","target":["https:\/\/www.fiemg.com.br\/fiemg\/noticias\/com-participacao-expressiva-de-mulheres-iel-comeca-18a-turma-do-programa-de-desenvolvimento-de-conselheiros\/"]}]},{"@type":"ImageObject","inLanguage":"pt-BR","@id":"https:\/\/www.fiemg.com.br\/fiemg\/noticias\/com-participacao-expressiva-de-mulheres-iel-comeca-18a-turma-do-programa-de-desenvolvimento-de-conselheiros\/#primaryimage","url":"https:\/\/www.fiemg.com.br\/fiemg\/wp-content\/uploads\/sites\/10\/2023\/10\/lancada-18-turma-de-conselheiros.jpeg","contentUrl":"https:\/\/www.fiemg.com.br\/fiemg\/wp-content\/uploads\/sites\/10\/2023\/10\/lancada-18-turma-de-conselheiros.jpeg","width":300,"height":200,"caption":"Com participa\u00e7\u00e3o expressiva de mulheres, IEL come\u00e7a 18\u00aa turma do Programa de Desenvolvimento de Conselheiros"},{"@type":"BreadcrumbList","@id":"https:\/\/www.fiemg.com.br\/fiemg\/noticias\/com-participacao-expressiva-de-mulheres-iel-comeca-18a-turma-do-programa-de-desenvolvimento-de-conselheiros\/#breadcrumb","itemListElement":[{"@type":"ListItem","position":1,"name":"In\u00edcio","item":"https:\/\/www.fiemg.com.br\/fiemg\/"},{"@type":"ListItem","position":2,"name":"Turma de conselheiros tem participa\u00e7\u00e3o expressiva de mulheres"}]},{"@type":"WebSite","@id":"https:\/\/www.fiemg.com.br\/fiemg\/#website","url":"https:\/\/www.fiemg.com.br\/fiemg\/","name":"FIEMG","description":"Federa\u00e7\u00e3o das Ind\u00fastrias do Estado de Minas Gerais","publisher":{"@id":"https:\/\/www.fiemg.com.br\/fiemg\/#organization"},"potentialAction":[{"@type":"SearchAction","target":{"@type":"EntryPoint","urlTemplate":"https:\/\/www.fiemg.com.br\/fiemg\/?s={search_term_string}"},"query-input":{"@type":"PropertyValueSpecification","valueRequired":true,"valueName":"search_term_string"}}],"inLanguage":"pt-BR"},{"@type":"Organization","@id":"https:\/\/www.fiemg.com.br\/fiemg\/#organization","name":"FIEMG","url":"https:\/\/www.fiemg.com.br\/fiemg\/","logo":{"@type":"ImageObject","inLanguage":"pt-BR","@id":"https:\/\/www.fiemg.com.br\/fiemg\/#\/schema\/logo\/image\/","url":"https:\/\/www.fiemg.com.br\/fiemg\/wp-content\/uploads\/sites\/10\/2023\/02\/fiemg_branco.svg","contentUrl":"https:\/\/www.fiemg.com.br\/fiemg\/wp-content\/uploads\/sites\/10\/2023\/02\/fiemg_branco.svg","width":561,"height":147,"caption":"FIEMG"},"image":{"@id":"https:\/\/www.fiemg.com.br\/fiemg\/#\/schema\/logo\/image\/"}}]}},"_links":{"self":[{"href":"https:\/\/www.fiemg.com.br\/fiemg\/wp-json\/wp\/v2\/noticias\/2646","targetHints":{"allow":["GET"]}}],"collection":[{"href":"https:\/\/www.fiemg.com.br\/fiemg\/wp-json\/wp\/v2\/noticias"}],"about":[{"href":"https:\/\/www.fiemg.com.br\/fiemg\/wp-json\/wp\/v2\/types\/noticias"}],"wp:featuredmedia":[{"embeddable":true,"href":"https:\/\/www.fiemg.com.br\/fiemg\/wp-json\/wp\/v2\/media\/2647"}],"wp:attachment":[{"href":"https:\/\/www.fiemg.com.br\/fiemg\/wp-json\/wp\/v2\/media?parent=2646"}],"wp:term":[{"taxonomy":"category","embeddable":true,"href":"https:\/\/www.fiemg.com.br\/fiemg\/wp-json\/wp\/v2\/categories?post=2646"},{"taxonomy":"post_tag","embeddable":true,"href":"https:\/\/www.fiemg.com.br\/fiemg\/wp-json\/wp\/v2\/tags?post=2646"}],"curies":[{"name":"wp","href":"https:\/\/api.w.org\/{rel}","templated":true}]}}