{"id":2795,"date":"2023-10-23T21:07:27","date_gmt":"2023-10-24T00:07:27","guid":{"rendered":"https:\/\/www.fiemg.com.br\/fiemg\/noticias\/fiemg-e-arcelormittal-anunciam-parceria-para-a-criacao-do-centro-cit-senai-de-descarbonizacao-industrial\/"},"modified":"2023-10-24T18:05:49","modified_gmt":"2023-10-24T21:05:49","slug":"fiemg-e-arcelormittal-anunciam-parceria-para-a-criacao-do-centro-cit-senai-de-descarbonizacao-industrial","status":"publish","type":"noticias","link":"https:\/\/www.fiemg.com.br\/fiemg\/noticias\/fiemg-e-arcelormittal-anunciam-parceria-para-a-criacao-do-centro-cit-senai-de-descarbonizacao-industrial\/","title":{"rendered":"FIEMG e ArcelorMittal anunciam parceria para a cria\u00e7\u00e3o do Centro CIT SENAI de Descarboniza\u00e7\u00e3o Industrial"},"content":{"rendered":"\n<p>A FIEMG, por meio do Centro de Inova\u00e7\u00e3o e Tecnologia CIT SENAI, e a ArcelorMittal firmaram um termo de coopera\u00e7\u00e3o para o Centro de Descarboniza\u00e7\u00e3o Industrial. A parceria foi oficializada nesta segunda-feira (23\/10) pelos presidentes da Federa\u00e7\u00e3o, Fl\u00e1vio Roscoe, e da empresa no Brasil, Jefferson De Paula, durante a abertura do Imers\u00e3o Ind\u00fastria, realizado at\u00e9 quinta-feira no Minascentro, em Belo Horizonte. A solenidade aconteceu durante a abertura do Imers\u00e3o Ind\u00fastria 2023.<\/p>\n\n\n\n<p>O Centro Descarboniza\u00e7\u00e3o Industrial no CIT SENAI \u00e9 uma iniciativa para apoiar a ind\u00fastria mineira no desenvolvimento de tecnologias viabilizadoras da descarboniza\u00e7\u00e3o, conforme Fl\u00e1vio Roscoe. \u201cEssa parceria com a ArcelorMittal Brasil est\u00e1 focada no desenvolvimento de tecnologias e solu\u00e7\u00f5es voltadas para o setor sider\u00fargico, especialmente no desenvolvimento de projetos pesquisa, desenvolvimento e inova\u00e7\u00e3o, visando \u00e0 redu\u00e7\u00e3o de emiss\u00f5es de gases de efeito estufa, sobretudo o CO2, e \u00e0 aplica\u00e7\u00e3o de fontes alternativas renov\u00e1veis de energia\u201d, destacou Roscoe.<\/p>\n\n\n\n<p>\u201cA cria\u00e7\u00e3o do Centro CIT\/SENAI de Descarboniza\u00e7\u00e3o Industrial \u00e9 mais um passo importante na nossa jornada de descarboniza\u00e7\u00e3o. Para n\u00f3s da ArcelorMittal, a parceria com a Fiemg \u00e9 muito relevante, tendo em vista que um dos principais desafios da nossa sociedade e da ind\u00fastria \u00e9 alcan\u00e7ar a neutralidade do carbono. Este centro ser\u00e1 fundamental para desenvolvermos em conjunto novas tecnologias que ir\u00e3o garantir a sustentabilidade das nossas opera\u00e7\u00f5es\u201d, afirmou Jefferson De Paula.<\/p>\n\n\n\n<p>As principais \u00e1reas tem\u00e1ticas do Centro de Descarboniza\u00e7\u00e3o se concentram no desenvolvimento e aplica\u00e7\u00e3o de combust\u00edveis sustent\u00e1veis, execu\u00e7\u00e3o de tecnologias para uso do hidrog\u00eanio, de captura e uso do CO2 e novas tecnologias de produ\u00e7\u00e3o de a\u00e7o.<\/p>\n\n\n\n<p>O l\u00edder empresarial frisou tamb\u00e9m que o centro vai funcionar de \u201cforma sin\u00e9rgica e complementar aos institutos CIT SENAI para potencializar e ampliar o atendimento de demandas tecnol\u00f3gicas\u201d.<\/p>\n\n\n\n<p>A estrutura do Centro de Descarboniza\u00e7\u00e3o ter\u00e1 equipamentos que permitem a realiza\u00e7\u00e3o de testes e condu\u00e7\u00e3o inicial de projetos de descarboniza\u00e7\u00e3o e aqueles complementares \u00e0 infraestrutura dos Institutos do CIT SENAI. O plano de investimento aprovado \u00e9 de R$ 34 milh\u00f5es, com previs\u00e3o de realiza\u00e7\u00e3o dos gastos at\u00e9 o final de 2024, quando \u00e9 planejado que a infraestrutura esteja em pleno funcionamento.<\/p>\n\n\n\n<p>O Imers\u00e3o Ind\u00fastria \u00e9 realizado pela FIEMG, com o patroc\u00ednio master da Gerdau, Herculano Minera\u00e7\u00e3o, ArcelorMittal, Matrix Energia e Cedro Minera\u00e7\u00e3o. Usiminas, Sicoob Credifiemg, Sicoob Crediminas, Gasmig, Vale e Copasa s\u00e3o os patrocinadores ouro. BAT, Cemig, BEMISA, Shell, os patrocinadores prata. O apoio \u00e9 da Unimed-BH, (Re) Energisa, J Mendes Minera\u00e7\u00e3o, CMU Energia, Rede 98, Itatiaia, Rede Minas, R\u00e1dio Inconfid\u00eancia, UNA e Sebrae.<br><br>Clique <a href=\"https:\/\/www.flickr.com\/photos\/sistemafiemg\/53280828801\/in\/album-72177720312170834\/\"><strong>aqui<\/strong><\/a> e veja outras fotos <br><br><em>Rafael Passos<br><\/em><strong>Imprensa FIEMG<\/strong><\/p>\n","protected":false},"featured_media":2796,"template":"","categories":[15],"tags":[426,427,253,78,104,428],"class_list":["post-2795","noticias","type-noticias","status-publish","has-post-thumbnail","hentry","category-desenvolvimento-industrial","tag-arcelormittal","tag-centro-de-descarbonizacao","tag-cit-senai","tag-fiemg","tag-industria","tag-siderurgia"],"acf":[],"yoast_head":"<!-- This site is optimized with the Yoast SEO plugin v26.2 - https:\/\/yoast.com\/wordpress\/plugins\/seo\/ -->\n<title>FIEMG e ArcelorMittal anunciam parceria para a cria\u00e7\u00e3o do Centro CIT SENAI de Descarboniza\u00e7\u00e3o Industrial - FIEMG<\/title>\n<meta name=\"description\" content=\"Termo de coopera\u00e7\u00e3o, firmado na abertura do Imers\u00e3o Ind\u00fastria, prev\u00ea o desenvolvimento de projetos de pesquisa e outras iniciativas\" \/>\n<meta name=\"robots\" content=\"index, follow, max-snippet:-1, max-image-preview:large, max-video-preview:-1\" \/>\n<link rel=\"canonical\" href=\"https:\/\/www.fiemg.com.br\/fiemg\/noticias\/fiemg-e-arcelormittal-anunciam-parceria-para-a-criacao-do-centro-cit-senai-de-descarbonizacao-industrial\/\" \/>\n<meta property=\"og:locale\" content=\"pt_BR\" \/>\n<meta property=\"og:type\" content=\"article\" \/>\n<meta property=\"og:title\" content=\"FIEMG e ArcelorMittal anunciam parceria para a cria\u00e7\u00e3o do Centro CIT SENAI de Descarboniza\u00e7\u00e3o Industrial - FIEMG\" \/>\n<meta property=\"og:description\" content=\"Termo de coopera\u00e7\u00e3o, firmado na abertura do Imers\u00e3o Ind\u00fastria, prev\u00ea o desenvolvimento de projetos de pesquisa e outras iniciativas\" \/>\n<meta property=\"og:url\" content=\"https:\/\/www.fiemg.com.br\/fiemg\/noticias\/fiemg-e-arcelormittal-anunciam-parceria-para-a-criacao-do-centro-cit-senai-de-descarbonizacao-industrial\/\" \/>\n<meta property=\"og:site_name\" content=\"FIEMG\" \/>\n<meta property=\"article:modified_time\" content=\"2023-10-24T21:05:49+00:00\" \/>\n<meta property=\"og:image\" content=\"https:\/\/www.fiemg.com.br\/fiemg\/wp-content\/uploads\/sites\/10\/2023\/10\/parceria-arcelor-e-fiemg.jpeg\" \/>\n\t<meta property=\"og:image:width\" content=\"300\" \/>\n\t<meta property=\"og:image:height\" content=\"200\" \/>\n\t<meta property=\"og:image:type\" content=\"image\/jpeg\" \/>\n<meta name=\"twitter:card\" content=\"summary_large_image\" \/>\n<meta name=\"twitter:label1\" content=\"Est. tempo de leitura\" \/>\n\t<meta name=\"twitter:data1\" content=\"2 minutos\" \/>\n<script type=\"application\/ld+json\" class=\"yoast-schema-graph\">{\"@context\":\"https:\/\/schema.org\",\"@graph\":[{\"@type\":\"WebPage\",\"@id\":\"https:\/\/www.fiemg.com.br\/fiemg\/noticias\/fiemg-e-arcelormittal-anunciam-parceria-para-a-criacao-do-centro-cit-senai-de-descarbonizacao-industrial\/\",\"url\":\"https:\/\/www.fiemg.com.br\/fiemg\/noticias\/fiemg-e-arcelormittal-anunciam-parceria-para-a-criacao-do-centro-cit-senai-de-descarbonizacao-industrial\/\",\"name\":\"FIEMG e ArcelorMittal anunciam parceria para a cria\u00e7\u00e3o do Centro CIT SENAI de Descarboniza\u00e7\u00e3o Industrial - FIEMG\",\"isPartOf\":{\"@id\":\"https:\/\/www.fiemg.com.br\/fiemg\/#website\"},\"primaryImageOfPage\":{\"@id\":\"https:\/\/www.fiemg.com.br\/fiemg\/noticias\/fiemg-e-arcelormittal-anunciam-parceria-para-a-criacao-do-centro-cit-senai-de-descarbonizacao-industrial\/#primaryimage\"},\"image\":{\"@id\":\"https:\/\/www.fiemg.com.br\/fiemg\/noticias\/fiemg-e-arcelormittal-anunciam-parceria-para-a-criacao-do-centro-cit-senai-de-descarbonizacao-industrial\/#primaryimage\"},\"thumbnailUrl\":\"https:\/\/www.fiemg.com.br\/fiemg\/wp-content\/uploads\/sites\/10\/2023\/10\/parceria-arcelor-e-fiemg.jpeg\",\"datePublished\":\"2023-10-24T00:07:27+00:00\",\"dateModified\":\"2023-10-24T21:05:49+00:00\",\"description\":\"Termo de coopera\u00e7\u00e3o, firmado na abertura do Imers\u00e3o Ind\u00fastria, prev\u00ea o desenvolvimento de projetos de pesquisa e outras iniciativas\",\"breadcrumb\":{\"@id\":\"https:\/\/www.fiemg.com.br\/fiemg\/noticias\/fiemg-e-arcelormittal-anunciam-parceria-para-a-criacao-do-centro-cit-senai-de-descarbonizacao-industrial\/#breadcrumb\"},\"inLanguage\":\"pt-BR\",\"potentialAction\":[{\"@type\":\"ReadAction\",\"target\":[\"https:\/\/www.fiemg.com.br\/fiemg\/noticias\/fiemg-e-arcelormittal-anunciam-parceria-para-a-criacao-do-centro-cit-senai-de-descarbonizacao-industrial\/\"]}]},{\"@type\":\"ImageObject\",\"inLanguage\":\"pt-BR\",\"@id\":\"https:\/\/www.fiemg.com.br\/fiemg\/noticias\/fiemg-e-arcelormittal-anunciam-parceria-para-a-criacao-do-centro-cit-senai-de-descarbonizacao-industrial\/#primaryimage\",\"url\":\"https:\/\/www.fiemg.com.br\/fiemg\/wp-content\/uploads\/sites\/10\/2023\/10\/parceria-arcelor-e-fiemg.jpeg\",\"contentUrl\":\"https:\/\/www.fiemg.com.br\/fiemg\/wp-content\/uploads\/sites\/10\/2023\/10\/parceria-arcelor-e-fiemg.jpeg\",\"width\":300,\"height\":200,\"caption\":\"FIEMG e ArcelorMittal anunciam parceria para a cria\u00e7\u00e3o do Centro CIT SENAI de Descarboniza\u00e7\u00e3o Industrial\"},{\"@type\":\"BreadcrumbList\",\"@id\":\"https:\/\/www.fiemg.com.br\/fiemg\/noticias\/fiemg-e-arcelormittal-anunciam-parceria-para-a-criacao-do-centro-cit-senai-de-descarbonizacao-industrial\/#breadcrumb\",\"itemListElement\":[{\"@type\":\"ListItem\",\"position\":1,\"name\":\"In\u00edcio\",\"item\":\"https:\/\/www.fiemg.com.br\/fiemg\/\"},{\"@type\":\"ListItem\",\"position\":2,\"name\":\"FIEMG e ArcelorMittal anunciam parceria para a cria\u00e7\u00e3o do Centro CIT SENAI de Descarboniza\u00e7\u00e3o Industrial\"}]},{\"@type\":\"WebSite\",\"@id\":\"https:\/\/www.fiemg.com.br\/fiemg\/#website\",\"url\":\"https:\/\/www.fiemg.com.br\/fiemg\/\",\"name\":\"FIEMG\",\"description\":\"Federa\u00e7\u00e3o das Ind\u00fastrias do Estado de Minas Gerais\",\"publisher\":{\"@id\":\"https:\/\/www.fiemg.com.br\/fiemg\/#organization\"},\"potentialAction\":[{\"@type\":\"SearchAction\",\"target\":{\"@type\":\"EntryPoint\",\"urlTemplate\":\"https:\/\/www.fiemg.com.br\/fiemg\/?s={search_term_string}\"},\"query-input\":{\"@type\":\"PropertyValueSpecification\",\"valueRequired\":true,\"valueName\":\"search_term_string\"}}],\"inLanguage\":\"pt-BR\"},{\"@type\":\"Organization\",\"@id\":\"https:\/\/www.fiemg.com.br\/fiemg\/#organization\",\"name\":\"FIEMG\",\"url\":\"https:\/\/www.fiemg.com.br\/fiemg\/\",\"logo\":{\"@type\":\"ImageObject\",\"inLanguage\":\"pt-BR\",\"@id\":\"https:\/\/www.fiemg.com.br\/fiemg\/#\/schema\/logo\/image\/\",\"url\":\"https:\/\/www.fiemg.com.br\/fiemg\/wp-content\/uploads\/sites\/10\/2023\/02\/fiemg_branco.svg\",\"contentUrl\":\"https:\/\/www.fiemg.com.br\/fiemg\/wp-content\/uploads\/sites\/10\/2023\/02\/fiemg_branco.svg\",\"width\":561,\"height\":147,\"caption\":\"FIEMG\"},\"image\":{\"@id\":\"https:\/\/www.fiemg.com.br\/fiemg\/#\/schema\/logo\/image\/\"}}]}<\/script>\n<!-- \/ Yoast SEO plugin. -->","yoast_head_json":{"title":"FIEMG e ArcelorMittal anunciam parceria para a cria\u00e7\u00e3o do Centro CIT SENAI de Descarboniza\u00e7\u00e3o Industrial - FIEMG","description":"Termo de coopera\u00e7\u00e3o, firmado na abertura do Imers\u00e3o Ind\u00fastria, prev\u00ea o desenvolvimento de projetos de pesquisa e outras iniciativas","robots":{"index":"index","follow":"follow","max-snippet":"max-snippet:-1","max-image-preview":"max-image-preview:large","max-video-preview":"max-video-preview:-1"},"canonical":"https:\/\/www.fiemg.com.br\/fiemg\/noticias\/fiemg-e-arcelormittal-anunciam-parceria-para-a-criacao-do-centro-cit-senai-de-descarbonizacao-industrial\/","og_locale":"pt_BR","og_type":"article","og_title":"FIEMG e ArcelorMittal anunciam parceria para a cria\u00e7\u00e3o do Centro CIT SENAI de Descarboniza\u00e7\u00e3o Industrial - FIEMG","og_description":"Termo de coopera\u00e7\u00e3o, firmado na abertura do Imers\u00e3o Ind\u00fastria, prev\u00ea o desenvolvimento de projetos de pesquisa e outras iniciativas","og_url":"https:\/\/www.fiemg.com.br\/fiemg\/noticias\/fiemg-e-arcelormittal-anunciam-parceria-para-a-criacao-do-centro-cit-senai-de-descarbonizacao-industrial\/","og_site_name":"FIEMG","article_modified_time":"2023-10-24T21:05:49+00:00","og_image":[{"width":300,"height":200,"url":"https:\/\/www.fiemg.com.br\/fiemg\/wp-content\/uploads\/sites\/10\/2023\/10\/parceria-arcelor-e-fiemg.jpeg","type":"image\/jpeg"}],"twitter_card":"summary_large_image","twitter_misc":{"Est. tempo de leitura":"2 minutos"},"schema":{"@context":"https:\/\/schema.org","@graph":[{"@type":"WebPage","@id":"https:\/\/www.fiemg.com.br\/fiemg\/noticias\/fiemg-e-arcelormittal-anunciam-parceria-para-a-criacao-do-centro-cit-senai-de-descarbonizacao-industrial\/","url":"https:\/\/www.fiemg.com.br\/fiemg\/noticias\/fiemg-e-arcelormittal-anunciam-parceria-para-a-criacao-do-centro-cit-senai-de-descarbonizacao-industrial\/","name":"FIEMG e ArcelorMittal anunciam parceria para a cria\u00e7\u00e3o do Centro CIT SENAI de Descarboniza\u00e7\u00e3o Industrial - FIEMG","isPartOf":{"@id":"https:\/\/www.fiemg.com.br\/fiemg\/#website"},"primaryImageOfPage":{"@id":"https:\/\/www.fiemg.com.br\/fiemg\/noticias\/fiemg-e-arcelormittal-anunciam-parceria-para-a-criacao-do-centro-cit-senai-de-descarbonizacao-industrial\/#primaryimage"},"image":{"@id":"https:\/\/www.fiemg.com.br\/fiemg\/noticias\/fiemg-e-arcelormittal-anunciam-parceria-para-a-criacao-do-centro-cit-senai-de-descarbonizacao-industrial\/#primaryimage"},"thumbnailUrl":"https:\/\/www.fiemg.com.br\/fiemg\/wp-content\/uploads\/sites\/10\/2023\/10\/parceria-arcelor-e-fiemg.jpeg","datePublished":"2023-10-24T00:07:27+00:00","dateModified":"2023-10-24T21:05:49+00:00","description":"Termo de coopera\u00e7\u00e3o, firmado na abertura do Imers\u00e3o Ind\u00fastria, prev\u00ea o desenvolvimento de projetos de pesquisa e outras iniciativas","breadcrumb":{"@id":"https:\/\/www.fiemg.com.br\/fiemg\/noticias\/fiemg-e-arcelormittal-anunciam-parceria-para-a-criacao-do-centro-cit-senai-de-descarbonizacao-industrial\/#breadcrumb"},"inLanguage":"pt-BR","potentialAction":[{"@type":"ReadAction","target":["https:\/\/www.fiemg.com.br\/fiemg\/noticias\/fiemg-e-arcelormittal-anunciam-parceria-para-a-criacao-do-centro-cit-senai-de-descarbonizacao-industrial\/"]}]},{"@type":"ImageObject","inLanguage":"pt-BR","@id":"https:\/\/www.fiemg.com.br\/fiemg\/noticias\/fiemg-e-arcelormittal-anunciam-parceria-para-a-criacao-do-centro-cit-senai-de-descarbonizacao-industrial\/#primaryimage","url":"https:\/\/www.fiemg.com.br\/fiemg\/wp-content\/uploads\/sites\/10\/2023\/10\/parceria-arcelor-e-fiemg.jpeg","contentUrl":"https:\/\/www.fiemg.com.br\/fiemg\/wp-content\/uploads\/sites\/10\/2023\/10\/parceria-arcelor-e-fiemg.jpeg","width":300,"height":200,"caption":"FIEMG e ArcelorMittal anunciam parceria para a cria\u00e7\u00e3o do Centro CIT SENAI de Descarboniza\u00e7\u00e3o Industrial"},{"@type":"BreadcrumbList","@id":"https:\/\/www.fiemg.com.br\/fiemg\/noticias\/fiemg-e-arcelormittal-anunciam-parceria-para-a-criacao-do-centro-cit-senai-de-descarbonizacao-industrial\/#breadcrumb","itemListElement":[{"@type":"ListItem","position":1,"name":"In\u00edcio","item":"https:\/\/www.fiemg.com.br\/fiemg\/"},{"@type":"ListItem","position":2,"name":"FIEMG e ArcelorMittal anunciam parceria para a cria\u00e7\u00e3o do Centro CIT SENAI de Descarboniza\u00e7\u00e3o Industrial"}]},{"@type":"WebSite","@id":"https:\/\/www.fiemg.com.br\/fiemg\/#website","url":"https:\/\/www.fiemg.com.br\/fiemg\/","name":"FIEMG","description":"Federa\u00e7\u00e3o das Ind\u00fastrias do Estado de Minas Gerais","publisher":{"@id":"https:\/\/www.fiemg.com.br\/fiemg\/#organization"},"potentialAction":[{"@type":"SearchAction","target":{"@type":"EntryPoint","urlTemplate":"https:\/\/www.fiemg.com.br\/fiemg\/?s={search_term_string}"},"query-input":{"@type":"PropertyValueSpecification","valueRequired":true,"valueName":"search_term_string"}}],"inLanguage":"pt-BR"},{"@type":"Organization","@id":"https:\/\/www.fiemg.com.br\/fiemg\/#organization","name":"FIEMG","url":"https:\/\/www.fiemg.com.br\/fiemg\/","logo":{"@type":"ImageObject","inLanguage":"pt-BR","@id":"https:\/\/www.fiemg.com.br\/fiemg\/#\/schema\/logo\/image\/","url":"https:\/\/www.fiemg.com.br\/fiemg\/wp-content\/uploads\/sites\/10\/2023\/02\/fiemg_branco.svg","contentUrl":"https:\/\/www.fiemg.com.br\/fiemg\/wp-content\/uploads\/sites\/10\/2023\/02\/fiemg_branco.svg","width":561,"height":147,"caption":"FIEMG"},"image":{"@id":"https:\/\/www.fiemg.com.br\/fiemg\/#\/schema\/logo\/image\/"}}]}},"_links":{"self":[{"href":"https:\/\/www.fiemg.com.br\/fiemg\/wp-json\/wp\/v2\/noticias\/2795","targetHints":{"allow":["GET"]}}],"collection":[{"href":"https:\/\/www.fiemg.com.br\/fiemg\/wp-json\/wp\/v2\/noticias"}],"about":[{"href":"https:\/\/www.fiemg.com.br\/fiemg\/wp-json\/wp\/v2\/types\/noticias"}],"wp:featuredmedia":[{"embeddable":true,"href":"https:\/\/www.fiemg.com.br\/fiemg\/wp-json\/wp\/v2\/media\/2796"}],"wp:attachment":[{"href":"https:\/\/www.fiemg.com.br\/fiemg\/wp-json\/wp\/v2\/media?parent=2795"}],"wp:term":[{"taxonomy":"category","embeddable":true,"href":"https:\/\/www.fiemg.com.br\/fiemg\/wp-json\/wp\/v2\/categories?post=2795"},{"taxonomy":"post_tag","embeddable":true,"href":"https:\/\/www.fiemg.com.br\/fiemg\/wp-json\/wp\/v2\/tags?post=2795"}],"curies":[{"name":"wp","href":"https:\/\/api.w.org\/{rel}","templated":true}]}}