{"id":2867,"date":"2023-10-27T08:24:19","date_gmt":"2023-10-27T11:24:19","guid":{"rendered":"https:\/\/www.fiemg.com.br\/fiemg\/noticias\/danilo-gentili-leva-humor-e-insights-empresariais-para-o-imersao-industria\/"},"modified":"2023-10-27T08:32:33","modified_gmt":"2023-10-27T11:32:33","slug":"danilo-gentili-leva-humor-e-insights-empresariais-para-o-imersao-industria","status":"publish","type":"noticias","link":"https:\/\/www.fiemg.com.br\/fiemg\/noticias\/danilo-gentili-leva-humor-e-insights-empresariais-para-o-imersao-industria\/","title":{"rendered":"Danilo Gentili leva humor e insights empresariais para o Imers\u00e3o Ind\u00fastria"},"content":{"rendered":"\n<p>Na noite do seu encerramento, o maior f\u00f3rum para ind\u00fastria mineira recebeu o renomado comediante e empres\u00e1rio brasileiro, Danilo Gentili, para palestrar sobre \u201cEmpreendedorismo Criativo\u201d. O Imers\u00e3o Ind\u00fastria, realizado pela FIEMG, entre os dias 23 e 26 de outubro, no Minascentro, em Belo Horizonte, reuniu uma plateia predominantemente composta por empres\u00e1rios do setor industrial mineiro.<\/p>\n\n\n\n<p>Gentili iniciou sua apresenta\u00e7\u00e3o compartilhando suas origens em Santo Andr\u00e9, na regi\u00e3o do ABC Paulista, destacando que, em suas pr\u00f3prias palavras, partiu \u201cdo nada, com zero na conta que nem existia, sem heran\u00e7a de fam\u00edlia\u201d, para trilhar e pavimentar o caminho do stand-up comedy no Brasil, at\u00e9 se tornar um empreendedor de sucesso. E ent\u00e3o informou que sua palestra se concentraria em responder as d\u00favidas da plateia relacionadas ao empreendedorismo, deixando-os \u00e0 vontade para lhe fazer perguntas pessoais tamb\u00e9m.<\/p>\n\n\n\n<p>A primeira pergunta vinda da plateia abordou os desafios legais que Gentili enfrenta por conta de suas declara\u00e7\u00f5es p\u00fablicas. \u201cQuantos processos voc\u00ea tem por falar?\u201d, perguntou um senhor no audit\u00f3rio. Ent\u00e3o, o comediante mencionou seu estabelecimento em S\u00e3o Paulo, o &#8220;<em>My F* Comedy Club<\/em>&#8220;, onde exibe processos judiciais como trof\u00e9us, incluindo medalhas para os comediantes mais processados e um quadro do &#8220;cancelado do m\u00eas&#8221;, que ironicamente apontou para si mesmo ap\u00f3s criticar o Ministro da Justi\u00e7a e Seguran\u00e7a P\u00fablica, Fl\u00e1vio Dino, h\u00e1 alguns dias. Gentili revelou que enfrenta 85 processos, tr\u00eas pedidos de pris\u00e3o e uma condena\u00e7\u00e3o em primeira inst\u00e2ncia. Sobre isso, aconselhou a plateia a ressignificar a adversidade. \u201cUse o que fazem contra voc\u00ea como publicidade, n\u00e3o se dobre, use a seu favor\u201d, informa o palestrante.<\/p>\n\n\n\n<p>As perguntas seguintes exploraram os v\u00e1rios empreendimentos de Gentili, que incluem neg\u00f3cios relacionados a charutos, vinhos, bar de com\u00e9dia, ag\u00eancia de influenciadores, programa de entrevistas, stand-up comedy e muito mais. Ele tamb\u00e9m compartilhou sua recente declara\u00e7\u00e3o sobre o diagn\u00f3stico de Transtorno do Espectro Autista (TEA) e seu in\u00edcio no programa CQC \u2013 Custe o Que Custar \u2013 lan\u00e7ado pela Rede Bandeirantes no fim dos anos 2000.<\/p>\n\n\n\n<p>Em resumo, o comediante e empres\u00e1rio incentivou a plateia de empres\u00e1rios a se envolver em empreendimentos que genuinamente apreciem. \u201cEngajem em neg\u00f3cios que voc\u00eas gostem e se coloquem no lugar dos seus consumidores, de alguma forma isso faz com que voc\u00eas evoluam\u201d, destacando que essa abordagem \u00e9 fundamental para o crescimento como empreendedores e essa \u00e9 a mensagem geral que Gentili quis transmitir para o seu p\u00fablico no Imers\u00e3o Ind\u00fastria.<\/p>\n\n\n\n<p>O Imers\u00e3o Ind\u00fastria \u00e9 realizado pela FIEMG, com o patroc\u00ednio master da Gerdau, Herculano Minera\u00e7\u00e3o, ArcelorMittal, Matrix Energia e Cedro Minera\u00e7\u00e3o. Usiminas, Sicoob Credifiemg, Sicoob Crediminas, Gasmig, Vale e Copasa s\u00e3o os patrocinadores ouro. BAT, Cemig, BEMISA, Shell, os patrocinadores prata. O apoio \u00e9 da Unimed-BH, (Re) Energisa, J Mendes Minera\u00e7\u00e3o, CMU Energia, Rede 98, Itatiaia, Rede Minas, R\u00e1dio Inconfid\u00eancia, UNA e Sebrae.<\/p>\n\n\n\n<p><em>Ana Paula Motta<\/em><br><strong>Imprensa FIEMG<\/strong><\/p>\n","protected":false},"featured_media":2868,"template":"","categories":[13],"tags":[476,477,478],"class_list":["post-2867","noticias","type-noticias","status-publish","has-post-thumbnail","hentry","category-destaques","tag-danilo-gentili-empreendedorismo-criativo","tag-danilo-gentili-no-imersao-industria","tag-palestra-danilo-gentili-fiemg"],"acf":[],"yoast_head":"<!-- This site is optimized with the Yoast SEO plugin v26.2 - https:\/\/yoast.com\/wordpress\/plugins\/seo\/ -->\n<title>Danilo Gentili leva humor e insights empresariais para o Imers\u00e3o Ind\u00fastria - FIEMG<\/title>\n<meta name=\"description\" content=\"O comediante falou sobre empreendedorismo criativo em uma palestra interativa no encerramento do evento\" \/>\n<meta name=\"robots\" content=\"index, follow, max-snippet:-1, max-image-preview:large, max-video-preview:-1\" \/>\n<link rel=\"canonical\" href=\"https:\/\/www.fiemg.com.br\/fiemg\/noticias\/danilo-gentili-leva-humor-e-insights-empresariais-para-o-imersao-industria\/\" \/>\n<meta property=\"og:locale\" content=\"pt_BR\" \/>\n<meta property=\"og:type\" content=\"article\" \/>\n<meta property=\"og:title\" content=\"Danilo Gentili leva humor e insights empresariais para o Imers\u00e3o Ind\u00fastria - FIEMG\" \/>\n<meta property=\"og:description\" content=\"O comediante falou sobre empreendedorismo criativo em uma palestra interativa no encerramento do evento\" \/>\n<meta property=\"og:url\" content=\"https:\/\/www.fiemg.com.br\/fiemg\/noticias\/danilo-gentili-leva-humor-e-insights-empresariais-para-o-imersao-industria\/\" \/>\n<meta property=\"og:site_name\" content=\"FIEMG\" \/>\n<meta property=\"article:modified_time\" content=\"2023-10-27T11:32:33+00:00\" \/>\n<meta property=\"og:image\" content=\"https:\/\/www.fiemg.com.br\/fiemg\/wp-content\/uploads\/sites\/10\/2023\/10\/danilo-gentili-imersao-industria-palestra.jpg\" \/>\n\t<meta property=\"og:image:width\" content=\"300\" \/>\n\t<meta property=\"og:image:height\" content=\"200\" \/>\n\t<meta property=\"og:image:type\" content=\"image\/jpeg\" \/>\n<meta name=\"twitter:card\" content=\"summary_large_image\" \/>\n<meta name=\"twitter:label1\" content=\"Est. tempo de leitura\" \/>\n\t<meta name=\"twitter:data1\" content=\"3 minutos\" \/>\n<script type=\"application\/ld+json\" class=\"yoast-schema-graph\">{\"@context\":\"https:\/\/schema.org\",\"@graph\":[{\"@type\":\"WebPage\",\"@id\":\"https:\/\/www.fiemg.com.br\/fiemg\/noticias\/danilo-gentili-leva-humor-e-insights-empresariais-para-o-imersao-industria\/\",\"url\":\"https:\/\/www.fiemg.com.br\/fiemg\/noticias\/danilo-gentili-leva-humor-e-insights-empresariais-para-o-imersao-industria\/\",\"name\":\"Danilo Gentili leva humor e insights empresariais para o Imers\u00e3o Ind\u00fastria - FIEMG\",\"isPartOf\":{\"@id\":\"https:\/\/www.fiemg.com.br\/fiemg\/#website\"},\"primaryImageOfPage\":{\"@id\":\"https:\/\/www.fiemg.com.br\/fiemg\/noticias\/danilo-gentili-leva-humor-e-insights-empresariais-para-o-imersao-industria\/#primaryimage\"},\"image\":{\"@id\":\"https:\/\/www.fiemg.com.br\/fiemg\/noticias\/danilo-gentili-leva-humor-e-insights-empresariais-para-o-imersao-industria\/#primaryimage\"},\"thumbnailUrl\":\"https:\/\/www.fiemg.com.br\/fiemg\/wp-content\/uploads\/sites\/10\/2023\/10\/danilo-gentili-imersao-industria-palestra.jpg\",\"datePublished\":\"2023-10-27T11:24:19+00:00\",\"dateModified\":\"2023-10-27T11:32:33+00:00\",\"description\":\"O comediante falou sobre empreendedorismo criativo em uma palestra interativa no encerramento do evento\",\"breadcrumb\":{\"@id\":\"https:\/\/www.fiemg.com.br\/fiemg\/noticias\/danilo-gentili-leva-humor-e-insights-empresariais-para-o-imersao-industria\/#breadcrumb\"},\"inLanguage\":\"pt-BR\",\"potentialAction\":[{\"@type\":\"ReadAction\",\"target\":[\"https:\/\/www.fiemg.com.br\/fiemg\/noticias\/danilo-gentili-leva-humor-e-insights-empresariais-para-o-imersao-industria\/\"]}]},{\"@type\":\"ImageObject\",\"inLanguage\":\"pt-BR\",\"@id\":\"https:\/\/www.fiemg.com.br\/fiemg\/noticias\/danilo-gentili-leva-humor-e-insights-empresariais-para-o-imersao-industria\/#primaryimage\",\"url\":\"https:\/\/www.fiemg.com.br\/fiemg\/wp-content\/uploads\/sites\/10\/2023\/10\/danilo-gentili-imersao-industria-palestra.jpg\",\"contentUrl\":\"https:\/\/www.fiemg.com.br\/fiemg\/wp-content\/uploads\/sites\/10\/2023\/10\/danilo-gentili-imersao-industria-palestra.jpg\",\"width\":300,\"height\":200,\"caption\":\"Danilo Gentili leva humor e insights empresariais para o Imers\u00e3o Ind\u00fastria\"},{\"@type\":\"BreadcrumbList\",\"@id\":\"https:\/\/www.fiemg.com.br\/fiemg\/noticias\/danilo-gentili-leva-humor-e-insights-empresariais-para-o-imersao-industria\/#breadcrumb\",\"itemListElement\":[{\"@type\":\"ListItem\",\"position\":1,\"name\":\"In\u00edcio\",\"item\":\"https:\/\/www.fiemg.com.br\/fiemg\/\"},{\"@type\":\"ListItem\",\"position\":2,\"name\":\"Danilo Gentili leva humor e insights empresariais para o Imers\u00e3o Ind\u00fastria\"}]},{\"@type\":\"WebSite\",\"@id\":\"https:\/\/www.fiemg.com.br\/fiemg\/#website\",\"url\":\"https:\/\/www.fiemg.com.br\/fiemg\/\",\"name\":\"FIEMG\",\"description\":\"Federa\u00e7\u00e3o das Ind\u00fastrias do Estado de Minas Gerais\",\"publisher\":{\"@id\":\"https:\/\/www.fiemg.com.br\/fiemg\/#organization\"},\"potentialAction\":[{\"@type\":\"SearchAction\",\"target\":{\"@type\":\"EntryPoint\",\"urlTemplate\":\"https:\/\/www.fiemg.com.br\/fiemg\/?s={search_term_string}\"},\"query-input\":{\"@type\":\"PropertyValueSpecification\",\"valueRequired\":true,\"valueName\":\"search_term_string\"}}],\"inLanguage\":\"pt-BR\"},{\"@type\":\"Organization\",\"@id\":\"https:\/\/www.fiemg.com.br\/fiemg\/#organization\",\"name\":\"FIEMG\",\"url\":\"https:\/\/www.fiemg.com.br\/fiemg\/\",\"logo\":{\"@type\":\"ImageObject\",\"inLanguage\":\"pt-BR\",\"@id\":\"https:\/\/www.fiemg.com.br\/fiemg\/#\/schema\/logo\/image\/\",\"url\":\"https:\/\/www.fiemg.com.br\/fiemg\/wp-content\/uploads\/sites\/10\/2023\/02\/fiemg_branco.svg\",\"contentUrl\":\"https:\/\/www.fiemg.com.br\/fiemg\/wp-content\/uploads\/sites\/10\/2023\/02\/fiemg_branco.svg\",\"width\":561,\"height\":147,\"caption\":\"FIEMG\"},\"image\":{\"@id\":\"https:\/\/www.fiemg.com.br\/fiemg\/#\/schema\/logo\/image\/\"}}]}<\/script>\n<!-- \/ Yoast SEO plugin. -->","yoast_head_json":{"title":"Danilo Gentili leva humor e insights empresariais para o Imers\u00e3o Ind\u00fastria - FIEMG","description":"O comediante falou sobre empreendedorismo criativo em uma palestra interativa no encerramento do evento","robots":{"index":"index","follow":"follow","max-snippet":"max-snippet:-1","max-image-preview":"max-image-preview:large","max-video-preview":"max-video-preview:-1"},"canonical":"https:\/\/www.fiemg.com.br\/fiemg\/noticias\/danilo-gentili-leva-humor-e-insights-empresariais-para-o-imersao-industria\/","og_locale":"pt_BR","og_type":"article","og_title":"Danilo Gentili leva humor e insights empresariais para o Imers\u00e3o Ind\u00fastria - FIEMG","og_description":"O comediante falou sobre empreendedorismo criativo em uma palestra interativa no encerramento do evento","og_url":"https:\/\/www.fiemg.com.br\/fiemg\/noticias\/danilo-gentili-leva-humor-e-insights-empresariais-para-o-imersao-industria\/","og_site_name":"FIEMG","article_modified_time":"2023-10-27T11:32:33+00:00","og_image":[{"width":300,"height":200,"url":"https:\/\/www.fiemg.com.br\/fiemg\/wp-content\/uploads\/sites\/10\/2023\/10\/danilo-gentili-imersao-industria-palestra.jpg","type":"image\/jpeg"}],"twitter_card":"summary_large_image","twitter_misc":{"Est. tempo de leitura":"3 minutos"},"schema":{"@context":"https:\/\/schema.org","@graph":[{"@type":"WebPage","@id":"https:\/\/www.fiemg.com.br\/fiemg\/noticias\/danilo-gentili-leva-humor-e-insights-empresariais-para-o-imersao-industria\/","url":"https:\/\/www.fiemg.com.br\/fiemg\/noticias\/danilo-gentili-leva-humor-e-insights-empresariais-para-o-imersao-industria\/","name":"Danilo Gentili leva humor e insights empresariais para o Imers\u00e3o Ind\u00fastria - FIEMG","isPartOf":{"@id":"https:\/\/www.fiemg.com.br\/fiemg\/#website"},"primaryImageOfPage":{"@id":"https:\/\/www.fiemg.com.br\/fiemg\/noticias\/danilo-gentili-leva-humor-e-insights-empresariais-para-o-imersao-industria\/#primaryimage"},"image":{"@id":"https:\/\/www.fiemg.com.br\/fiemg\/noticias\/danilo-gentili-leva-humor-e-insights-empresariais-para-o-imersao-industria\/#primaryimage"},"thumbnailUrl":"https:\/\/www.fiemg.com.br\/fiemg\/wp-content\/uploads\/sites\/10\/2023\/10\/danilo-gentili-imersao-industria-palestra.jpg","datePublished":"2023-10-27T11:24:19+00:00","dateModified":"2023-10-27T11:32:33+00:00","description":"O comediante falou sobre empreendedorismo criativo em uma palestra interativa no encerramento do evento","breadcrumb":{"@id":"https:\/\/www.fiemg.com.br\/fiemg\/noticias\/danilo-gentili-leva-humor-e-insights-empresariais-para-o-imersao-industria\/#breadcrumb"},"inLanguage":"pt-BR","potentialAction":[{"@type":"ReadAction","target":["https:\/\/www.fiemg.com.br\/fiemg\/noticias\/danilo-gentili-leva-humor-e-insights-empresariais-para-o-imersao-industria\/"]}]},{"@type":"ImageObject","inLanguage":"pt-BR","@id":"https:\/\/www.fiemg.com.br\/fiemg\/noticias\/danilo-gentili-leva-humor-e-insights-empresariais-para-o-imersao-industria\/#primaryimage","url":"https:\/\/www.fiemg.com.br\/fiemg\/wp-content\/uploads\/sites\/10\/2023\/10\/danilo-gentili-imersao-industria-palestra.jpg","contentUrl":"https:\/\/www.fiemg.com.br\/fiemg\/wp-content\/uploads\/sites\/10\/2023\/10\/danilo-gentili-imersao-industria-palestra.jpg","width":300,"height":200,"caption":"Danilo Gentili leva humor e insights empresariais para o Imers\u00e3o Ind\u00fastria"},{"@type":"BreadcrumbList","@id":"https:\/\/www.fiemg.com.br\/fiemg\/noticias\/danilo-gentili-leva-humor-e-insights-empresariais-para-o-imersao-industria\/#breadcrumb","itemListElement":[{"@type":"ListItem","position":1,"name":"In\u00edcio","item":"https:\/\/www.fiemg.com.br\/fiemg\/"},{"@type":"ListItem","position":2,"name":"Danilo Gentili leva humor e insights empresariais para o Imers\u00e3o Ind\u00fastria"}]},{"@type":"WebSite","@id":"https:\/\/www.fiemg.com.br\/fiemg\/#website","url":"https:\/\/www.fiemg.com.br\/fiemg\/","name":"FIEMG","description":"Federa\u00e7\u00e3o das Ind\u00fastrias do Estado de Minas Gerais","publisher":{"@id":"https:\/\/www.fiemg.com.br\/fiemg\/#organization"},"potentialAction":[{"@type":"SearchAction","target":{"@type":"EntryPoint","urlTemplate":"https:\/\/www.fiemg.com.br\/fiemg\/?s={search_term_string}"},"query-input":{"@type":"PropertyValueSpecification","valueRequired":true,"valueName":"search_term_string"}}],"inLanguage":"pt-BR"},{"@type":"Organization","@id":"https:\/\/www.fiemg.com.br\/fiemg\/#organization","name":"FIEMG","url":"https:\/\/www.fiemg.com.br\/fiemg\/","logo":{"@type":"ImageObject","inLanguage":"pt-BR","@id":"https:\/\/www.fiemg.com.br\/fiemg\/#\/schema\/logo\/image\/","url":"https:\/\/www.fiemg.com.br\/fiemg\/wp-content\/uploads\/sites\/10\/2023\/02\/fiemg_branco.svg","contentUrl":"https:\/\/www.fiemg.com.br\/fiemg\/wp-content\/uploads\/sites\/10\/2023\/02\/fiemg_branco.svg","width":561,"height":147,"caption":"FIEMG"},"image":{"@id":"https:\/\/www.fiemg.com.br\/fiemg\/#\/schema\/logo\/image\/"}}]}},"_links":{"self":[{"href":"https:\/\/www.fiemg.com.br\/fiemg\/wp-json\/wp\/v2\/noticias\/2867","targetHints":{"allow":["GET"]}}],"collection":[{"href":"https:\/\/www.fiemg.com.br\/fiemg\/wp-json\/wp\/v2\/noticias"}],"about":[{"href":"https:\/\/www.fiemg.com.br\/fiemg\/wp-json\/wp\/v2\/types\/noticias"}],"wp:featuredmedia":[{"embeddable":true,"href":"https:\/\/www.fiemg.com.br\/fiemg\/wp-json\/wp\/v2\/media\/2868"}],"wp:attachment":[{"href":"https:\/\/www.fiemg.com.br\/fiemg\/wp-json\/wp\/v2\/media?parent=2867"}],"wp:term":[{"taxonomy":"category","embeddable":true,"href":"https:\/\/www.fiemg.com.br\/fiemg\/wp-json\/wp\/v2\/categories?post=2867"},{"taxonomy":"post_tag","embeddable":true,"href":"https:\/\/www.fiemg.com.br\/fiemg\/wp-json\/wp\/v2\/tags?post=2867"}],"curies":[{"name":"wp","href":"https:\/\/api.w.org\/{rel}","templated":true}]}}