{"id":2933,"date":"2023-11-10T08:39:59","date_gmt":"2023-11-10T11:39:59","guid":{"rendered":"https:\/\/www.fiemg.com.br\/fiemg\/noticias\/premio-band-cidades-excelentes-2023\/"},"modified":"2023-11-10T08:39:59","modified_gmt":"2023-11-10T11:39:59","slug":"premio-band-cidades-excelentes-2023","status":"publish","type":"noticias","link":"https:\/\/www.fiemg.com.br\/fiemg\/noticias\/premio-band-cidades-excelentes-2023\/","title":{"rendered":"Pr\u00eamio Band Cidades Excelentes 2023"},"content":{"rendered":"\n<figure class=\"wp-block-image size-full\"><img fetchpriority=\"high\" decoding=\"async\" width=\"1024\" height=\"768\" src=\"https:\/\/www.fiemg.com.br\/fiemg\/wp-content\/uploads\/sites\/10\/2023\/11\/WhatsApp-Image-2023-11-09-at-23.06.07-1.jpeg\" alt=\"\" class=\"wp-image-2934\" srcset=\"https:\/\/www.fiemg.com.br\/fiemg\/wp-content\/uploads\/sites\/10\/2023\/11\/WhatsApp-Image-2023-11-09-at-23.06.07-1.jpeg 1024w, https:\/\/www.fiemg.com.br\/fiemg\/wp-content\/uploads\/sites\/10\/2023\/11\/WhatsApp-Image-2023-11-09-at-23.06.07-1-300x225.jpeg 300w, https:\/\/www.fiemg.com.br\/fiemg\/wp-content\/uploads\/sites\/10\/2023\/11\/WhatsApp-Image-2023-11-09-at-23.06.07-1-768x576.jpeg 768w\" sizes=\"(max-width: 1024px) 100vw, 1024px\" \/><\/figure>\n\n\n\n<p><\/p>\n\n\n\n<p>O Presidente do Sindsucon-TAP, Pedro Spina, representou a Regional Vale do Parana\u00edba no Pr\u00eamio Band Cidades Execelentes 2023 na noite desta quinta-feira (09), em Belo Horizonte. <\/p>\n\n\n\n<p>Pedro Spina \u00e9 o atual Presidente em Ex\u00e9rcicio da FIEMG, ficando respons\u00e1vel pela abertura oficial da ocasi\u00e3o e entrega de premia\u00e7\u00f5es.<\/p>\n\n\n\n<p>Organizado pelo Grupo Bandeirantes de Comunica\u00e7\u00e3o, em parceria com o Instituto Aquila, o evento deste ano aconteceu na sede da C\u00e2mara de Dirigentes Lojistas de Belo Horizonte (CDL\/BH).<\/p>\n\n\n\n<p>Ao todo, seis pilares da gest\u00e3o p\u00fablica, dos 853 munic\u00edpios mineiros, foram avaliados, com base no \u00cdndice de Gest\u00e3o Municipal Aquila (Igma). Sendo eles: Governan\u00e7a, Efici\u00eancia fiscal e Transpar\u00eancia; Educa\u00e7\u00e3o; Sa\u00fade e Bem-Estar; Infraestrutura e Mobilidade Urbana; Sustentabilidade e Desenvolvimento Socioecon\u00f4mico e Ordem P\u00fablica.<\/p>\n\n\n\n<p>Uberl\u00e2ndia apresentou 10 projetos, nos pilares Sustentabilidade; Governan\u00e7a, Efici\u00eancia fiscal e Transpar\u00eancia; Sa\u00fade e Bem-Estar; Infraestrutura e Mobilidade Urbana e Desenvolvimento Socioecon\u00f4mico e Ordem P\u00fablica. Sendo eles: Prefeitura Digital; Programa Coleta Seletiva; Programa Buriti; Esta\u00e7\u00e3o de Tratamento de \u00c1gua Deputado Luiz Humberto Carneiro \u2013 Capim Branco; Parceria P\u00fablico-Privada (PPP) de Ilumina\u00e7\u00e3o P\u00fablica no Munic\u00edpio; Moderniza\u00e7\u00e3o Semaf\u00f3rica com foco na garantia de Acessibilidade no Munic\u00edpio de Uberl\u00e2ndia; Videomonitoramento Rural; Centro Vida: A Integralidade do Cuidado na Reabilita\u00e7\u00e3o P\u00f3s-Covid no Munic\u00edpio de Uberl\u00e2ndia; Centro de Refer\u00eancia em Transtorno do Espectro Autista; Plano Municipal de Integridade \u2013 Pol\u00edtica de Governan\u00e7a P\u00fablica e Compliance do Munic\u00edpio.<\/p>\n\n\n\n<p>A cidade de Uberl\u00e2ndia foi avaliada em tr\u00eas categorias, e levou a premia\u00e7\u00e3o de grande destaque da noite, saindo como vencedora geral da premia\u00e7\u00e3o.<\/p>\n","protected":false},"featured_media":2934,"template":"","categories":[15,13,14],"tags":[],"class_list":["post-2933","noticias","type-noticias","status-publish","has-post-thumbnail","hentry","category-desenvolvimento-industrial","category-destaques","category-noticias"],"acf":[],"yoast_head":"<!-- This site is optimized with the Yoast SEO plugin v26.2 - https:\/\/yoast.com\/wordpress\/plugins\/seo\/ -->\n<title>Pr\u00eamio Band Cidades Excelentes 2023 - FIEMG<\/title>\n<meta name=\"robots\" content=\"index, follow, max-snippet:-1, max-image-preview:large, max-video-preview:-1\" \/>\n<link rel=\"canonical\" href=\"https:\/\/www.fiemg.com.br\/fiemg\/noticias\/premio-band-cidades-excelentes-2023\/\" \/>\n<meta property=\"og:locale\" content=\"pt_BR\" \/>\n<meta property=\"og:type\" content=\"article\" \/>\n<meta property=\"og:title\" content=\"Pr\u00eamio Band Cidades Excelentes 2023 - FIEMG\" \/>\n<meta property=\"og:description\" content=\"O Presidente do Sindsucon-TAP, Pedro Spina, representou a Regional Vale do Parana\u00edba no Pr\u00eamio Band Cidades Execelentes 2023 na noite desta quinta-feira (09), em Belo Horizonte. Pedro Spina \u00e9 o atual Presidente em Ex\u00e9rcicio da FIEMG, ficando respons\u00e1vel pela abertura oficial da ocasi\u00e3o e entrega de premia\u00e7\u00f5es. Organizado pelo Grupo Bandeirantes de Comunica\u00e7\u00e3o, em parceria [&hellip;]\" \/>\n<meta property=\"og:url\" content=\"https:\/\/www.fiemg.com.br\/fiemg\/noticias\/premio-band-cidades-excelentes-2023\/\" \/>\n<meta property=\"og:site_name\" content=\"FIEMG\" \/>\n<meta property=\"og:image\" content=\"https:\/\/www.fiemg.com.br\/fiemg\/wp-content\/uploads\/sites\/10\/2023\/11\/WhatsApp-Image-2023-11-09-at-23.06.07-1.jpeg\" \/>\n\t<meta property=\"og:image:width\" content=\"1024\" \/>\n\t<meta property=\"og:image:height\" content=\"768\" \/>\n\t<meta property=\"og:image:type\" content=\"image\/jpeg\" \/>\n<meta name=\"twitter:card\" content=\"summary_large_image\" \/>\n<meta name=\"twitter:label1\" content=\"Est. tempo de leitura\" \/>\n\t<meta name=\"twitter:data1\" content=\"2 minutos\" \/>\n<script type=\"application\/ld+json\" class=\"yoast-schema-graph\">{\"@context\":\"https:\/\/schema.org\",\"@graph\":[{\"@type\":\"WebPage\",\"@id\":\"https:\/\/www.fiemg.com.br\/fiemg\/noticias\/premio-band-cidades-excelentes-2023\/\",\"url\":\"https:\/\/www.fiemg.com.br\/fiemg\/noticias\/premio-band-cidades-excelentes-2023\/\",\"name\":\"Pr\u00eamio Band Cidades Excelentes 2023 - FIEMG\",\"isPartOf\":{\"@id\":\"https:\/\/www.fiemg.com.br\/fiemg\/#website\"},\"primaryImageOfPage\":{\"@id\":\"https:\/\/www.fiemg.com.br\/fiemg\/noticias\/premio-band-cidades-excelentes-2023\/#primaryimage\"},\"image\":{\"@id\":\"https:\/\/www.fiemg.com.br\/fiemg\/noticias\/premio-band-cidades-excelentes-2023\/#primaryimage\"},\"thumbnailUrl\":\"https:\/\/www.fiemg.com.br\/fiemg\/wp-content\/uploads\/sites\/10\/2023\/11\/WhatsApp-Image-2023-11-09-at-23.06.07-1.jpeg\",\"datePublished\":\"2023-11-10T11:39:59+00:00\",\"breadcrumb\":{\"@id\":\"https:\/\/www.fiemg.com.br\/fiemg\/noticias\/premio-band-cidades-excelentes-2023\/#breadcrumb\"},\"inLanguage\":\"pt-BR\",\"potentialAction\":[{\"@type\":\"ReadAction\",\"target\":[\"https:\/\/www.fiemg.com.br\/fiemg\/noticias\/premio-band-cidades-excelentes-2023\/\"]}]},{\"@type\":\"ImageObject\",\"inLanguage\":\"pt-BR\",\"@id\":\"https:\/\/www.fiemg.com.br\/fiemg\/noticias\/premio-band-cidades-excelentes-2023\/#primaryimage\",\"url\":\"https:\/\/www.fiemg.com.br\/fiemg\/wp-content\/uploads\/sites\/10\/2023\/11\/WhatsApp-Image-2023-11-09-at-23.06.07-1.jpeg\",\"contentUrl\":\"https:\/\/www.fiemg.com.br\/fiemg\/wp-content\/uploads\/sites\/10\/2023\/11\/WhatsApp-Image-2023-11-09-at-23.06.07-1.jpeg\",\"width\":1024,\"height\":768},{\"@type\":\"BreadcrumbList\",\"@id\":\"https:\/\/www.fiemg.com.br\/fiemg\/noticias\/premio-band-cidades-excelentes-2023\/#breadcrumb\",\"itemListElement\":[{\"@type\":\"ListItem\",\"position\":1,\"name\":\"In\u00edcio\",\"item\":\"https:\/\/www.fiemg.com.br\/fiemg\/\"},{\"@type\":\"ListItem\",\"position\":2,\"name\":\"Pr\u00eamio Band Cidades Excelentes 2023\"}]},{\"@type\":\"WebSite\",\"@id\":\"https:\/\/www.fiemg.com.br\/fiemg\/#website\",\"url\":\"https:\/\/www.fiemg.com.br\/fiemg\/\",\"name\":\"FIEMG\",\"description\":\"Federa\u00e7\u00e3o das Ind\u00fastrias do Estado de Minas Gerais\",\"publisher\":{\"@id\":\"https:\/\/www.fiemg.com.br\/fiemg\/#organization\"},\"potentialAction\":[{\"@type\":\"SearchAction\",\"target\":{\"@type\":\"EntryPoint\",\"urlTemplate\":\"https:\/\/www.fiemg.com.br\/fiemg\/?s={search_term_string}\"},\"query-input\":{\"@type\":\"PropertyValueSpecification\",\"valueRequired\":true,\"valueName\":\"search_term_string\"}}],\"inLanguage\":\"pt-BR\"},{\"@type\":\"Organization\",\"@id\":\"https:\/\/www.fiemg.com.br\/fiemg\/#organization\",\"name\":\"FIEMG\",\"url\":\"https:\/\/www.fiemg.com.br\/fiemg\/\",\"logo\":{\"@type\":\"ImageObject\",\"inLanguage\":\"pt-BR\",\"@id\":\"https:\/\/www.fiemg.com.br\/fiemg\/#\/schema\/logo\/image\/\",\"url\":\"https:\/\/www.fiemg.com.br\/fiemg\/wp-content\/uploads\/sites\/10\/2023\/02\/fiemg_branco.svg\",\"contentUrl\":\"https:\/\/www.fiemg.com.br\/fiemg\/wp-content\/uploads\/sites\/10\/2023\/02\/fiemg_branco.svg\",\"width\":561,\"height\":147,\"caption\":\"FIEMG\"},\"image\":{\"@id\":\"https:\/\/www.fiemg.com.br\/fiemg\/#\/schema\/logo\/image\/\"}}]}<\/script>\n<!-- \/ Yoast SEO plugin. -->","yoast_head_json":{"title":"Pr\u00eamio Band Cidades Excelentes 2023 - FIEMG","robots":{"index":"index","follow":"follow","max-snippet":"max-snippet:-1","max-image-preview":"max-image-preview:large","max-video-preview":"max-video-preview:-1"},"canonical":"https:\/\/www.fiemg.com.br\/fiemg\/noticias\/premio-band-cidades-excelentes-2023\/","og_locale":"pt_BR","og_type":"article","og_title":"Pr\u00eamio Band Cidades Excelentes 2023 - FIEMG","og_description":"O Presidente do Sindsucon-TAP, Pedro Spina, representou a Regional Vale do Parana\u00edba no Pr\u00eamio Band Cidades Execelentes 2023 na noite desta quinta-feira (09), em Belo Horizonte. Pedro Spina \u00e9 o atual Presidente em Ex\u00e9rcicio da FIEMG, ficando respons\u00e1vel pela abertura oficial da ocasi\u00e3o e entrega de premia\u00e7\u00f5es. Organizado pelo Grupo Bandeirantes de Comunica\u00e7\u00e3o, em parceria [&hellip;]","og_url":"https:\/\/www.fiemg.com.br\/fiemg\/noticias\/premio-band-cidades-excelentes-2023\/","og_site_name":"FIEMG","og_image":[{"width":1024,"height":768,"url":"https:\/\/www.fiemg.com.br\/fiemg\/wp-content\/uploads\/sites\/10\/2023\/11\/WhatsApp-Image-2023-11-09-at-23.06.07-1.jpeg","type":"image\/jpeg"}],"twitter_card":"summary_large_image","twitter_misc":{"Est. tempo de leitura":"2 minutos"},"schema":{"@context":"https:\/\/schema.org","@graph":[{"@type":"WebPage","@id":"https:\/\/www.fiemg.com.br\/fiemg\/noticias\/premio-band-cidades-excelentes-2023\/","url":"https:\/\/www.fiemg.com.br\/fiemg\/noticias\/premio-band-cidades-excelentes-2023\/","name":"Pr\u00eamio Band Cidades Excelentes 2023 - FIEMG","isPartOf":{"@id":"https:\/\/www.fiemg.com.br\/fiemg\/#website"},"primaryImageOfPage":{"@id":"https:\/\/www.fiemg.com.br\/fiemg\/noticias\/premio-band-cidades-excelentes-2023\/#primaryimage"},"image":{"@id":"https:\/\/www.fiemg.com.br\/fiemg\/noticias\/premio-band-cidades-excelentes-2023\/#primaryimage"},"thumbnailUrl":"https:\/\/www.fiemg.com.br\/fiemg\/wp-content\/uploads\/sites\/10\/2023\/11\/WhatsApp-Image-2023-11-09-at-23.06.07-1.jpeg","datePublished":"2023-11-10T11:39:59+00:00","breadcrumb":{"@id":"https:\/\/www.fiemg.com.br\/fiemg\/noticias\/premio-band-cidades-excelentes-2023\/#breadcrumb"},"inLanguage":"pt-BR","potentialAction":[{"@type":"ReadAction","target":["https:\/\/www.fiemg.com.br\/fiemg\/noticias\/premio-band-cidades-excelentes-2023\/"]}]},{"@type":"ImageObject","inLanguage":"pt-BR","@id":"https:\/\/www.fiemg.com.br\/fiemg\/noticias\/premio-band-cidades-excelentes-2023\/#primaryimage","url":"https:\/\/www.fiemg.com.br\/fiemg\/wp-content\/uploads\/sites\/10\/2023\/11\/WhatsApp-Image-2023-11-09-at-23.06.07-1.jpeg","contentUrl":"https:\/\/www.fiemg.com.br\/fiemg\/wp-content\/uploads\/sites\/10\/2023\/11\/WhatsApp-Image-2023-11-09-at-23.06.07-1.jpeg","width":1024,"height":768},{"@type":"BreadcrumbList","@id":"https:\/\/www.fiemg.com.br\/fiemg\/noticias\/premio-band-cidades-excelentes-2023\/#breadcrumb","itemListElement":[{"@type":"ListItem","position":1,"name":"In\u00edcio","item":"https:\/\/www.fiemg.com.br\/fiemg\/"},{"@type":"ListItem","position":2,"name":"Pr\u00eamio Band Cidades Excelentes 2023"}]},{"@type":"WebSite","@id":"https:\/\/www.fiemg.com.br\/fiemg\/#website","url":"https:\/\/www.fiemg.com.br\/fiemg\/","name":"FIEMG","description":"Federa\u00e7\u00e3o das Ind\u00fastrias do Estado de Minas Gerais","publisher":{"@id":"https:\/\/www.fiemg.com.br\/fiemg\/#organization"},"potentialAction":[{"@type":"SearchAction","target":{"@type":"EntryPoint","urlTemplate":"https:\/\/www.fiemg.com.br\/fiemg\/?s={search_term_string}"},"query-input":{"@type":"PropertyValueSpecification","valueRequired":true,"valueName":"search_term_string"}}],"inLanguage":"pt-BR"},{"@type":"Organization","@id":"https:\/\/www.fiemg.com.br\/fiemg\/#organization","name":"FIEMG","url":"https:\/\/www.fiemg.com.br\/fiemg\/","logo":{"@type":"ImageObject","inLanguage":"pt-BR","@id":"https:\/\/www.fiemg.com.br\/fiemg\/#\/schema\/logo\/image\/","url":"https:\/\/www.fiemg.com.br\/fiemg\/wp-content\/uploads\/sites\/10\/2023\/02\/fiemg_branco.svg","contentUrl":"https:\/\/www.fiemg.com.br\/fiemg\/wp-content\/uploads\/sites\/10\/2023\/02\/fiemg_branco.svg","width":561,"height":147,"caption":"FIEMG"},"image":{"@id":"https:\/\/www.fiemg.com.br\/fiemg\/#\/schema\/logo\/image\/"}}]}},"_links":{"self":[{"href":"https:\/\/www.fiemg.com.br\/fiemg\/wp-json\/wp\/v2\/noticias\/2933","targetHints":{"allow":["GET"]}}],"collection":[{"href":"https:\/\/www.fiemg.com.br\/fiemg\/wp-json\/wp\/v2\/noticias"}],"about":[{"href":"https:\/\/www.fiemg.com.br\/fiemg\/wp-json\/wp\/v2\/types\/noticias"}],"wp:featuredmedia":[{"embeddable":true,"href":"https:\/\/www.fiemg.com.br\/fiemg\/wp-json\/wp\/v2\/media\/2934"}],"wp:attachment":[{"href":"https:\/\/www.fiemg.com.br\/fiemg\/wp-json\/wp\/v2\/media?parent=2933"}],"wp:term":[{"taxonomy":"category","embeddable":true,"href":"https:\/\/www.fiemg.com.br\/fiemg\/wp-json\/wp\/v2\/categories?post=2933"},{"taxonomy":"post_tag","embeddable":true,"href":"https:\/\/www.fiemg.com.br\/fiemg\/wp-json\/wp\/v2\/tags?post=2933"}],"curies":[{"name":"wp","href":"https:\/\/api.w.org\/{rel}","templated":true}]}}