{"id":3064,"date":"2023-12-04T16:01:24","date_gmt":"2023-12-04T19:01:24","guid":{"rendered":"https:\/\/www.fiemg.com.br\/fiemg\/noticias\/conselho-de-micro-e-pequenas-industrias-encerra-ano-com-certeza-de-dever-cumprido\/"},"modified":"2023-12-04T16:01:25","modified_gmt":"2023-12-04T19:01:25","slug":"conselho-de-micro-e-pequenas-industrias-encerra-ano-com-certeza-de-dever-cumprido","status":"publish","type":"noticias","link":"https:\/\/www.fiemg.com.br\/fiemg\/noticias\/conselho-de-micro-e-pequenas-industrias-encerra-ano-com-certeza-de-dever-cumprido\/","title":{"rendered":"Conselho de Micro e Pequenas Ind\u00fastrias encerra ano com certeza de dever cumprido"},"content":{"rendered":"\n<p>Na \u00faltima sexta-feira (1\/12), o Conselho de Micro e Pequenas Ind\u00fastrias realizou sua \u00faltima reuni\u00e3o do ano, na sede da Federa\u00e7\u00e3o das Ind\u00fastrias de Minas Gerais (FIEMG), em Belo Horizonte. Sob a lideran\u00e7a do presidente do conselho, Alexandre Mol, o evento reuniu industriais comprometidos com o fortalecimento desse segmento essencial para a economia.<\/p>\n\n\n\n<p>Alexandre Mol, ao abrir a reuni\u00e3o, destacou a import\u00e2ncia desses encontros ao longo do ano, ressaltando o compromisso de difundir informa\u00e7\u00f5es cruciais para o sucesso dos neg\u00f3cios. \u201cTivemos um ano proveitoso, com aproveitamento m\u00e1ximo em nossas proposi\u00e7\u00f5es\u201d, disse.<\/p>\n\n\n\n<p>Na pauta da reuni\u00e3o estavam diversos temas de relev\u00e2ncia para as micro e pequenas ind\u00fastrias, incluindo a atualiza\u00e7\u00e3o dos grupos de trabalho sobre liberdade econ\u00f4mica e reforma tribut\u00e1ria. Al\u00e9m disso, houve a apresenta\u00e7\u00e3o dos industriais agraciados com a Medalha do M\u00e9rito Industrial, na categoria \u201cDestaque Micro e Pequena Ind\u00fastria\u201d, honrando o trabalho not\u00e1vel desses empreendedores.<\/p>\n\n\n\n<p>A Ger\u00eancia Tribut\u00e1ria da FIEMG tamb\u00e9m teve espa\u00e7o para apresentar informa\u00e7\u00f5es essenciais sobre os casos de exclus\u00e3o do Simples Nacional e seus efeitos. Para esclarecer os temas complexos relacionados \u00e0 reforma tribut\u00e1ria e ao Simples Nacional, foram convidados especialistas da \u00e1rea tribut\u00e1ria, como o consultor Thiago \u00c1lvares Feital e a analista Fl\u00e1via Campos.<\/p>\n\n\n\n<p>Sobre o foco da palestra, o presidente do conselho, Alexandre Mol, refletiu: \u201cErros s\u00e3o cometidos, na maioria das vezes, por falta de informa\u00e7\u00e3o. \u00c9 por isso que buscamos esclarecer esses temas complexos que fazem parte do cotidiano do micro e pequeno industrial.&#8221;<\/p>\n\n\n\n<p>O evento refor\u00e7ou o compromisso do Conselho de Micro e Pequenas Ind\u00fastrias em fornecer orienta\u00e7\u00e3o, apoio e reconhecimento aos empreendedores desse setor fundamental para a economia, encerrando o ano com \u00eaxito e determina\u00e7\u00e3o para enfrentar os desafios futuros.<\/p>\n\n\n\n<p>Veja <a href=\"https:\/\/www.flickr.com\/photos\/sistemafiemg\/albums\/72177720313062477\/\" target=\"_blank\" rel=\"noreferrer noopener\">aqui<\/a> as imagens desse encontro.<\/p>\n\n\n\n<p><em>Ana Paula Motta<\/em><br><strong>Imprensa FIEMG<\/strong><\/p>\n","protected":false},"featured_media":3066,"template":"","categories":[15],"tags":[],"class_list":["post-3064","noticias","type-noticias","status-publish","has-post-thumbnail","hentry","category-desenvolvimento-industrial"],"acf":[],"yoast_head":"<!-- This site is optimized with the Yoast SEO plugin v26.2 - https:\/\/yoast.com\/wordpress\/plugins\/seo\/ -->\n<title>Conselho de Micro e Pequenas Ind\u00fastrias encerra ano com certeza de dever cumprido - FIEMG<\/title>\n<meta name=\"description\" content=\"\u00daltima reuni\u00e3o de 2023 destaca conquistas e faz esclarecimento sobre temas cruciais para micro e pequenas ind\u00fastrias\" \/>\n<meta name=\"robots\" content=\"index, follow, max-snippet:-1, max-image-preview:large, max-video-preview:-1\" \/>\n<link rel=\"canonical\" href=\"https:\/\/www.fiemg.com.br\/fiemg\/noticias\/conselho-de-micro-e-pequenas-industrias-encerra-ano-com-certeza-de-dever-cumprido\/\" \/>\n<meta property=\"og:locale\" content=\"pt_BR\" \/>\n<meta property=\"og:type\" content=\"article\" \/>\n<meta property=\"og:title\" content=\"Conselho de Micro e Pequenas Ind\u00fastrias encerra ano com certeza de dever cumprido - FIEMG\" \/>\n<meta property=\"og:description\" content=\"\u00daltima reuni\u00e3o de 2023 destaca conquistas e faz esclarecimento sobre temas cruciais para micro e pequenas ind\u00fastrias\" \/>\n<meta property=\"og:url\" content=\"https:\/\/www.fiemg.com.br\/fiemg\/noticias\/conselho-de-micro-e-pequenas-industrias-encerra-ano-com-certeza-de-dever-cumprido\/\" \/>\n<meta property=\"og:site_name\" content=\"FIEMG\" \/>\n<meta property=\"article:modified_time\" content=\"2023-12-04T19:01:25+00:00\" \/>\n<meta property=\"og:image\" content=\"https:\/\/www.fiemg.com.br\/fiemg\/wp-content\/uploads\/sites\/10\/2023\/12\/conselho-micro-pequena-ultima-reuniao-23.jpg\" \/>\n\t<meta property=\"og:image:width\" content=\"300\" \/>\n\t<meta property=\"og:image:height\" content=\"200\" \/>\n\t<meta property=\"og:image:type\" content=\"image\/jpeg\" \/>\n<meta name=\"twitter:card\" content=\"summary_large_image\" \/>\n<meta name=\"twitter:label1\" content=\"Est. tempo de leitura\" \/>\n\t<meta name=\"twitter:data1\" content=\"2 minutos\" \/>\n<script type=\"application\/ld+json\" class=\"yoast-schema-graph\">{\"@context\":\"https:\/\/schema.org\",\"@graph\":[{\"@type\":\"WebPage\",\"@id\":\"https:\/\/www.fiemg.com.br\/fiemg\/noticias\/conselho-de-micro-e-pequenas-industrias-encerra-ano-com-certeza-de-dever-cumprido\/\",\"url\":\"https:\/\/www.fiemg.com.br\/fiemg\/noticias\/conselho-de-micro-e-pequenas-industrias-encerra-ano-com-certeza-de-dever-cumprido\/\",\"name\":\"Conselho de Micro e Pequenas Ind\u00fastrias encerra ano com certeza de dever cumprido - FIEMG\",\"isPartOf\":{\"@id\":\"https:\/\/www.fiemg.com.br\/fiemg\/#website\"},\"primaryImageOfPage\":{\"@id\":\"https:\/\/www.fiemg.com.br\/fiemg\/noticias\/conselho-de-micro-e-pequenas-industrias-encerra-ano-com-certeza-de-dever-cumprido\/#primaryimage\"},\"image\":{\"@id\":\"https:\/\/www.fiemg.com.br\/fiemg\/noticias\/conselho-de-micro-e-pequenas-industrias-encerra-ano-com-certeza-de-dever-cumprido\/#primaryimage\"},\"thumbnailUrl\":\"https:\/\/www.fiemg.com.br\/fiemg\/wp-content\/uploads\/sites\/10\/2023\/12\/conselho-micro-pequena-ultima-reuniao-23.jpg\",\"datePublished\":\"2023-12-04T19:01:24+00:00\",\"dateModified\":\"2023-12-04T19:01:25+00:00\",\"description\":\"\u00daltima reuni\u00e3o de 2023 destaca conquistas e faz esclarecimento sobre temas cruciais para micro e pequenas ind\u00fastrias\",\"breadcrumb\":{\"@id\":\"https:\/\/www.fiemg.com.br\/fiemg\/noticias\/conselho-de-micro-e-pequenas-industrias-encerra-ano-com-certeza-de-dever-cumprido\/#breadcrumb\"},\"inLanguage\":\"pt-BR\",\"potentialAction\":[{\"@type\":\"ReadAction\",\"target\":[\"https:\/\/www.fiemg.com.br\/fiemg\/noticias\/conselho-de-micro-e-pequenas-industrias-encerra-ano-com-certeza-de-dever-cumprido\/\"]}]},{\"@type\":\"ImageObject\",\"inLanguage\":\"pt-BR\",\"@id\":\"https:\/\/www.fiemg.com.br\/fiemg\/noticias\/conselho-de-micro-e-pequenas-industrias-encerra-ano-com-certeza-de-dever-cumprido\/#primaryimage\",\"url\":\"https:\/\/www.fiemg.com.br\/fiemg\/wp-content\/uploads\/sites\/10\/2023\/12\/conselho-micro-pequena-ultima-reuniao-23.jpg\",\"contentUrl\":\"https:\/\/www.fiemg.com.br\/fiemg\/wp-content\/uploads\/sites\/10\/2023\/12\/conselho-micro-pequena-ultima-reuniao-23.jpg\",\"width\":300,\"height\":200},{\"@type\":\"BreadcrumbList\",\"@id\":\"https:\/\/www.fiemg.com.br\/fiemg\/noticias\/conselho-de-micro-e-pequenas-industrias-encerra-ano-com-certeza-de-dever-cumprido\/#breadcrumb\",\"itemListElement\":[{\"@type\":\"ListItem\",\"position\":1,\"name\":\"In\u00edcio\",\"item\":\"https:\/\/www.fiemg.com.br\/fiemg\/\"},{\"@type\":\"ListItem\",\"position\":2,\"name\":\"Conselho de Micro e Pequenas Ind\u00fastrias encerra ano com certeza de dever cumprido\"}]},{\"@type\":\"WebSite\",\"@id\":\"https:\/\/www.fiemg.com.br\/fiemg\/#website\",\"url\":\"https:\/\/www.fiemg.com.br\/fiemg\/\",\"name\":\"FIEMG\",\"description\":\"Federa\u00e7\u00e3o das Ind\u00fastrias do Estado de Minas Gerais\",\"publisher\":{\"@id\":\"https:\/\/www.fiemg.com.br\/fiemg\/#organization\"},\"potentialAction\":[{\"@type\":\"SearchAction\",\"target\":{\"@type\":\"EntryPoint\",\"urlTemplate\":\"https:\/\/www.fiemg.com.br\/fiemg\/?s={search_term_string}\"},\"query-input\":{\"@type\":\"PropertyValueSpecification\",\"valueRequired\":true,\"valueName\":\"search_term_string\"}}],\"inLanguage\":\"pt-BR\"},{\"@type\":\"Organization\",\"@id\":\"https:\/\/www.fiemg.com.br\/fiemg\/#organization\",\"name\":\"FIEMG\",\"url\":\"https:\/\/www.fiemg.com.br\/fiemg\/\",\"logo\":{\"@type\":\"ImageObject\",\"inLanguage\":\"pt-BR\",\"@id\":\"https:\/\/www.fiemg.com.br\/fiemg\/#\/schema\/logo\/image\/\",\"url\":\"https:\/\/www.fiemg.com.br\/fiemg\/wp-content\/uploads\/sites\/10\/2023\/02\/fiemg_branco.svg\",\"contentUrl\":\"https:\/\/www.fiemg.com.br\/fiemg\/wp-content\/uploads\/sites\/10\/2023\/02\/fiemg_branco.svg\",\"width\":561,\"height\":147,\"caption\":\"FIEMG\"},\"image\":{\"@id\":\"https:\/\/www.fiemg.com.br\/fiemg\/#\/schema\/logo\/image\/\"}}]}<\/script>\n<!-- \/ Yoast SEO plugin. -->","yoast_head_json":{"title":"Conselho de Micro e Pequenas Ind\u00fastrias encerra ano com certeza de dever cumprido - FIEMG","description":"\u00daltima reuni\u00e3o de 2023 destaca conquistas e faz esclarecimento sobre temas cruciais para micro e pequenas ind\u00fastrias","robots":{"index":"index","follow":"follow","max-snippet":"max-snippet:-1","max-image-preview":"max-image-preview:large","max-video-preview":"max-video-preview:-1"},"canonical":"https:\/\/www.fiemg.com.br\/fiemg\/noticias\/conselho-de-micro-e-pequenas-industrias-encerra-ano-com-certeza-de-dever-cumprido\/","og_locale":"pt_BR","og_type":"article","og_title":"Conselho de Micro e Pequenas Ind\u00fastrias encerra ano com certeza de dever cumprido - FIEMG","og_description":"\u00daltima reuni\u00e3o de 2023 destaca conquistas e faz esclarecimento sobre temas cruciais para micro e pequenas ind\u00fastrias","og_url":"https:\/\/www.fiemg.com.br\/fiemg\/noticias\/conselho-de-micro-e-pequenas-industrias-encerra-ano-com-certeza-de-dever-cumprido\/","og_site_name":"FIEMG","article_modified_time":"2023-12-04T19:01:25+00:00","og_image":[{"width":300,"height":200,"url":"https:\/\/www.fiemg.com.br\/fiemg\/wp-content\/uploads\/sites\/10\/2023\/12\/conselho-micro-pequena-ultima-reuniao-23.jpg","type":"image\/jpeg"}],"twitter_card":"summary_large_image","twitter_misc":{"Est. tempo de leitura":"2 minutos"},"schema":{"@context":"https:\/\/schema.org","@graph":[{"@type":"WebPage","@id":"https:\/\/www.fiemg.com.br\/fiemg\/noticias\/conselho-de-micro-e-pequenas-industrias-encerra-ano-com-certeza-de-dever-cumprido\/","url":"https:\/\/www.fiemg.com.br\/fiemg\/noticias\/conselho-de-micro-e-pequenas-industrias-encerra-ano-com-certeza-de-dever-cumprido\/","name":"Conselho de Micro e Pequenas Ind\u00fastrias encerra ano com certeza de dever cumprido - FIEMG","isPartOf":{"@id":"https:\/\/www.fiemg.com.br\/fiemg\/#website"},"primaryImageOfPage":{"@id":"https:\/\/www.fiemg.com.br\/fiemg\/noticias\/conselho-de-micro-e-pequenas-industrias-encerra-ano-com-certeza-de-dever-cumprido\/#primaryimage"},"image":{"@id":"https:\/\/www.fiemg.com.br\/fiemg\/noticias\/conselho-de-micro-e-pequenas-industrias-encerra-ano-com-certeza-de-dever-cumprido\/#primaryimage"},"thumbnailUrl":"https:\/\/www.fiemg.com.br\/fiemg\/wp-content\/uploads\/sites\/10\/2023\/12\/conselho-micro-pequena-ultima-reuniao-23.jpg","datePublished":"2023-12-04T19:01:24+00:00","dateModified":"2023-12-04T19:01:25+00:00","description":"\u00daltima reuni\u00e3o de 2023 destaca conquistas e faz esclarecimento sobre temas cruciais para micro e pequenas ind\u00fastrias","breadcrumb":{"@id":"https:\/\/www.fiemg.com.br\/fiemg\/noticias\/conselho-de-micro-e-pequenas-industrias-encerra-ano-com-certeza-de-dever-cumprido\/#breadcrumb"},"inLanguage":"pt-BR","potentialAction":[{"@type":"ReadAction","target":["https:\/\/www.fiemg.com.br\/fiemg\/noticias\/conselho-de-micro-e-pequenas-industrias-encerra-ano-com-certeza-de-dever-cumprido\/"]}]},{"@type":"ImageObject","inLanguage":"pt-BR","@id":"https:\/\/www.fiemg.com.br\/fiemg\/noticias\/conselho-de-micro-e-pequenas-industrias-encerra-ano-com-certeza-de-dever-cumprido\/#primaryimage","url":"https:\/\/www.fiemg.com.br\/fiemg\/wp-content\/uploads\/sites\/10\/2023\/12\/conselho-micro-pequena-ultima-reuniao-23.jpg","contentUrl":"https:\/\/www.fiemg.com.br\/fiemg\/wp-content\/uploads\/sites\/10\/2023\/12\/conselho-micro-pequena-ultima-reuniao-23.jpg","width":300,"height":200},{"@type":"BreadcrumbList","@id":"https:\/\/www.fiemg.com.br\/fiemg\/noticias\/conselho-de-micro-e-pequenas-industrias-encerra-ano-com-certeza-de-dever-cumprido\/#breadcrumb","itemListElement":[{"@type":"ListItem","position":1,"name":"In\u00edcio","item":"https:\/\/www.fiemg.com.br\/fiemg\/"},{"@type":"ListItem","position":2,"name":"Conselho de Micro e Pequenas Ind\u00fastrias encerra ano com certeza de dever cumprido"}]},{"@type":"WebSite","@id":"https:\/\/www.fiemg.com.br\/fiemg\/#website","url":"https:\/\/www.fiemg.com.br\/fiemg\/","name":"FIEMG","description":"Federa\u00e7\u00e3o das Ind\u00fastrias do Estado de Minas Gerais","publisher":{"@id":"https:\/\/www.fiemg.com.br\/fiemg\/#organization"},"potentialAction":[{"@type":"SearchAction","target":{"@type":"EntryPoint","urlTemplate":"https:\/\/www.fiemg.com.br\/fiemg\/?s={search_term_string}"},"query-input":{"@type":"PropertyValueSpecification","valueRequired":true,"valueName":"search_term_string"}}],"inLanguage":"pt-BR"},{"@type":"Organization","@id":"https:\/\/www.fiemg.com.br\/fiemg\/#organization","name":"FIEMG","url":"https:\/\/www.fiemg.com.br\/fiemg\/","logo":{"@type":"ImageObject","inLanguage":"pt-BR","@id":"https:\/\/www.fiemg.com.br\/fiemg\/#\/schema\/logo\/image\/","url":"https:\/\/www.fiemg.com.br\/fiemg\/wp-content\/uploads\/sites\/10\/2023\/02\/fiemg_branco.svg","contentUrl":"https:\/\/www.fiemg.com.br\/fiemg\/wp-content\/uploads\/sites\/10\/2023\/02\/fiemg_branco.svg","width":561,"height":147,"caption":"FIEMG"},"image":{"@id":"https:\/\/www.fiemg.com.br\/fiemg\/#\/schema\/logo\/image\/"}}]}},"_links":{"self":[{"href":"https:\/\/www.fiemg.com.br\/fiemg\/wp-json\/wp\/v2\/noticias\/3064","targetHints":{"allow":["GET"]}}],"collection":[{"href":"https:\/\/www.fiemg.com.br\/fiemg\/wp-json\/wp\/v2\/noticias"}],"about":[{"href":"https:\/\/www.fiemg.com.br\/fiemg\/wp-json\/wp\/v2\/types\/noticias"}],"wp:featuredmedia":[{"embeddable":true,"href":"https:\/\/www.fiemg.com.br\/fiemg\/wp-json\/wp\/v2\/media\/3066"}],"wp:attachment":[{"href":"https:\/\/www.fiemg.com.br\/fiemg\/wp-json\/wp\/v2\/media?parent=3064"}],"wp:term":[{"taxonomy":"category","embeddable":true,"href":"https:\/\/www.fiemg.com.br\/fiemg\/wp-json\/wp\/v2\/categories?post=3064"},{"taxonomy":"post_tag","embeddable":true,"href":"https:\/\/www.fiemg.com.br\/fiemg\/wp-json\/wp\/v2\/tags?post=3064"}],"curies":[{"name":"wp","href":"https:\/\/api.w.org\/{rel}","templated":true}]}}