{"id":3131,"date":"2023-12-12T09:47:20","date_gmt":"2023-12-12T12:47:20","guid":{"rendered":"https:\/\/www.fiemg.com.br\/fiemg\/noticias\/sinduscon-jf-reune-liderancas-empresariais-e-politicas-para-posse-da-nova-diretoria\/"},"modified":"2023-12-13T09:28:43","modified_gmt":"2023-12-13T12:28:43","slug":"sinduscon-jf-reune-liderancas-empresariais-e-politicas-para-posse-da-nova-diretoria","status":"publish","type":"noticias","link":"https:\/\/www.fiemg.com.br\/fiemg\/noticias\/sinduscon-jf-reune-liderancas-empresariais-e-politicas-para-posse-da-nova-diretoria\/","title":{"rendered":"Sinduscon-JF re\u00fane lideran\u00e7as empresariais e pol\u00edticas para Posse da nova Diretoria"},"content":{"rendered":"\n<p>Construtores da cidade estiveram reunidos no dia 7 de dezembro para a cerim\u00f4nia de posse da nova Diretoria do Sindicato da Ind\u00fastria da Constru\u00e7\u00e3o Civil de Juiz de Fora (Sinduscon-JF) \u2013 Gest\u00e3o 2023-2027. O evento, que tamb\u00e9m celebrou as conquistas deste ano, foi realizado na sede da FIEMG Regional Zona da Mata; contou com a presen\u00e7a de lideran\u00e7as pol\u00edticas, empresariais e institucionais; e mais uma vez reafirmou a uni\u00e3o dos empres\u00e1rios do setor e a representatividade e import\u00e2ncia da entidade para a sociedade em geral.<\/p>\n\n\n\n<p>Uma cerim\u00f4nia foi realizada, tendo na mesa de honra a participa\u00e7\u00e3o do presidente da gest\u00e3o anterior do Sinduscon-JF, Aur\u00e9lio Marangon Sobrinho; do presidente eleito, Carlos Eduardo Manera; do secret\u00e1rio municipal de Obras, Lincoln Lima, representando na ocasi\u00e3o a prefeita de Juiz de Fora, Margarida Salom\u00e3o; do presidente da FIEMG Regional ZM e do Sindipan-JF, Heveraldo Lima de Castro, representando o presidente da FIEMG, Fl\u00e1vio Roscoe; do presidente da C\u00e2mara Municipal, Jos\u00e9 M\u00e1rcio Lopes Guedes; e da presidente do Sindivest-JF e da C\u00e2mara da Moda da FIEMG, Mari\u00e2ngela Marcon, representando todos os presidentes de Sindicatos e entidades presentes.<\/p>\n\n\n\n<p>Os membros da nova Diretoria assinaram o Termo de Posse e, em seguida, o Sindicato fez uma homenagem a Aur\u00e9lio Marangon Sobrinho, que recebeu uma placa como reconhecimento por sua representativa atua\u00e7\u00e3o durante os per\u00edodos em que esteve \u00e0 frente da entidade e tamb\u00e9m nos quais colaborou como diretor, assim como por todo o seu trabalho voltado para o setor da Constru\u00e7\u00e3o Civil de Juiz de Fora e regi\u00e3o. A placa foi entregue por Carlos Eduardo Manera. Em seguida, a esposa de Aur\u00e9lio Marangon Sobrinho, Rosemary Marangon, entregou flores \u00e0 Cristiane Manera, como votos de sucesso \u00e0 nova Diretoria do Sinduscon-JF.<\/p>\n\n\n\n<p>Aur\u00e9lio Marangon Sobrinho agradeceu a presen\u00e7a de todos, ressaltando a relev\u00e2ncia deste momento para o Sinduscon-JF. \u201cEstou certo de que todas as conquistas e m\u00e9ritos que alcan\u00e7amos ao longo dos \u00faltimos oito anos, per\u00edodo mais recente em que estive \u00e0 frente da entidade, resultaram da colabora\u00e7\u00e3o e do empenho dos integrantes da Diretoria que hoje cede lugar a esta nova gest\u00e3o, com a qual eu pretendo continuar colaborando ativamente como primeiro vice-presidente\u201d, disse. Ele apresentou as a\u00e7\u00f5es de destaque realizadas por sua administra\u00e7\u00e3o em prol do setor e ressaltou que a representatividade da entidade, a participa\u00e7\u00e3o ativa que o Sindicato tem na sociedade e o sucesso de suas iniciativas se deve ao trabalho incans\u00e1vel da Diretoria, \u00e0 uni\u00e3o dos associados, bem como \u00e0 parceria com a FIEMG.<\/p>\n\n\n\n<p>Al\u00e9m disso, desejou muito sucesso ao novo presidente. \u201cSei que o que fizemos n\u00e3o basta, nosso desafio \u00e9 continuar a crescer e a dinamizar nossa cidade. Mas temos a certeza de que o Sinduscon-JF, atrav\u00e9s da forte e competente lideran\u00e7a de Carlos Eduardo Manera, continuar\u00e1 em busca da concretiza\u00e7\u00e3o do prop\u00f3sito de defender e fomentar o desenvolvimento da ind\u00fastria da Constru\u00e7\u00e3o Civil em Juiz de Fora. Acredito que os objetivos da entidade que representamos continuar\u00e3o pautados na \u00e9tica e responsabilidade\u201d, disse. Em seguida, o presidente Fl\u00e1vio Roscoe, por meio de um v\u00eddeo, parabenizou Aur\u00e9lio Marangon por todo o trabalho, pelo apoio que sempre deu \u00e0 FIEMG e pelas a\u00e7\u00f5es em prol da ind\u00fastria. \u201cDesejo ao Carlos muito sucesso e que se inspire no trabalho do Aur\u00e9lio para continuar transformando a Constru\u00e7\u00e3o Civil de Juiz de Fora\u201d, destacou.<\/p>\n\n\n\n<p>J\u00e1 Heveraldo Castro destacou que, atrav\u00e9s do associativismo e da coopera\u00e7\u00e3o m\u00fatua, a administra\u00e7\u00e3o de Aur\u00e9lio Marangon foi marcada pela busca do desenvolvimento e aperfei\u00e7oamento empresarial e pela qualidade e excel\u00eancia, fatores de fundamental import\u00e2ncia para o bom funcionamento do setor. \u201cNossos agradecimentos, pela parceria constante e pelo trabalho realizado, \u00e0 diretoria que hoje \u00e9 substitu\u00edda. Nossos votos de sucesso \u00e0 diretoria que assume o Sinduscon-JF. Nos colocamos \u00e0 disposi\u00e7\u00e3o para a manuten\u00e7\u00e3o do trabalho que temos desenvolvido pelo fomento da cadeia produtiva\u201d, disse. Em nome da prefeita Margarida Salom\u00e3o, o secret\u00e1rio Lincoln Lima parabenizou e desejou sucesso \u00e0 nova Diretoria do Sindicato, colocando a Prefeitura \u00e0 disposi\u00e7\u00e3o para trabalhar por uma cidade ainda melhor.&nbsp;<\/p>\n\n\n\n<p>Encerrando o evento, Carlos Eduardo Manera agradeceu a todos que depositaram nele a confian\u00e7a para liderar esta entidade t\u00e3o representativa. \u201c\u00c9 com grande satisfa\u00e7\u00e3o que assumo a presid\u00eancia do Sinduscon-JF e, nesta condi\u00e7\u00e3o, digo a todos que tenho plena consci\u00eancia dos desafios que me aguardam na miss\u00e3o honrosa de continuar lutando pelo crescimento da ind\u00fastria da Constru\u00e7\u00e3o Civil em Juiz de Fora e regi\u00e3o. Quero levar o Sindicato a avan\u00e7ar ainda mais, aproveitando tudo o que foi feito at\u00e9 agora por nossos presidentes e diretorias anteriores e, daqui para a frente, inovar. Acredito que quanto mais saud\u00e1vel, mais seguro e melhor o ambiente em que vivemos, maiores ser\u00e3o os benef\u00edcios para toda a comunidade\u201d, disse.<\/p>\n\n\n\n<p>Manera ressaltou ainda que a Constru\u00e7\u00e3o sempre colabora com a sociedade. \u201cN\u00e3o estamos aqui para prejudicar nada, ao contr\u00e1rio, trabalhamos por iniciativas que beneficiem a todos. Estamos com alguns projetos inovadores e transformadores na cidade. E precisamos avan\u00e7ar. N\u00e3o podemos ficar com o pensamento de que mudan\u00e7as n\u00e3o podem acontecer. N\u00e3o podemos ficar parados, pois isso atrasa a cidade. Temos que pensar grande, pensar em crescimento. Ao trabalharmos juntos, alinhados e caminhando lado a lado com as demais entidades representativas e o poder p\u00fablico, tenho a certeza de que vamos construir um ambiente favor\u00e1vel aos neg\u00f3cios, gerando emprego, renda e desenvolvimento para a regi\u00e3o\u201d, disse.<\/p>\n\n\n\n<p><em>Graciele Vianna<\/em><\/p>\n\n\n\n<p><strong>Imprensa FIEMG<\/strong><\/p>\n","protected":false},"featured_media":2185,"template":"","categories":[],"tags":[],"class_list":["post-3131","noticias","type-noticias","status-publish","has-post-thumbnail","hentry"],"acf":[],"yoast_head":"<!-- This site is optimized with the Yoast SEO plugin v26.2 - https:\/\/yoast.com\/wordpress\/plugins\/seo\/ -->\n<title>Sinduscon-JF re\u00fane lideran\u00e7as empresariais e pol\u00edticas para Posse da nova Diretoria - FIEMG<\/title>\n<meta name=\"robots\" content=\"index, follow, max-snippet:-1, max-image-preview:large, max-video-preview:-1\" \/>\n<link rel=\"canonical\" href=\"https:\/\/www.fiemg.com.br\/fiemg\/noticias\/sinduscon-jf-reune-liderancas-empresariais-e-politicas-para-posse-da-nova-diretoria\/\" \/>\n<meta property=\"og:locale\" content=\"pt_BR\" \/>\n<meta property=\"og:type\" content=\"article\" \/>\n<meta property=\"og:title\" content=\"Sinduscon-JF re\u00fane lideran\u00e7as empresariais e pol\u00edticas para Posse da nova Diretoria - FIEMG\" \/>\n<meta property=\"og:description\" content=\"Construtores da cidade estiveram reunidos no dia 7 de dezembro para a cerim\u00f4nia de posse da nova Diretoria do Sindicato da Ind\u00fastria da Constru\u00e7\u00e3o Civil de Juiz de Fora (Sinduscon-JF) \u2013 Gest\u00e3o 2023-2027. O evento, que tamb\u00e9m celebrou as conquistas deste ano, foi realizado na sede da FIEMG Regional Zona da Mata; contou com a [&hellip;]\" \/>\n<meta property=\"og:url\" content=\"https:\/\/www.fiemg.com.br\/fiemg\/noticias\/sinduscon-jf-reune-liderancas-empresariais-e-politicas-para-posse-da-nova-diretoria\/\" \/>\n<meta property=\"og:site_name\" content=\"FIEMG\" \/>\n<meta property=\"article:modified_time\" content=\"2023-12-13T12:28:43+00:00\" \/>\n<meta property=\"og:image\" content=\"https:\/\/www.fiemg.com.br\/fiemg\/wp-content\/uploads\/sites\/10\/2023\/08\/default.png\" \/>\n\t<meta property=\"og:image:width\" content=\"300\" \/>\n\t<meta property=\"og:image:height\" content=\"300\" \/>\n\t<meta property=\"og:image:type\" content=\"image\/png\" \/>\n<meta name=\"twitter:card\" content=\"summary_large_image\" \/>\n<meta name=\"twitter:label1\" content=\"Est. tempo de leitura\" \/>\n\t<meta name=\"twitter:data1\" content=\"5 minutos\" \/>\n<script type=\"application\/ld+json\" class=\"yoast-schema-graph\">{\"@context\":\"https:\/\/schema.org\",\"@graph\":[{\"@type\":\"WebPage\",\"@id\":\"https:\/\/www.fiemg.com.br\/fiemg\/noticias\/sinduscon-jf-reune-liderancas-empresariais-e-politicas-para-posse-da-nova-diretoria\/\",\"url\":\"https:\/\/www.fiemg.com.br\/fiemg\/noticias\/sinduscon-jf-reune-liderancas-empresariais-e-politicas-para-posse-da-nova-diretoria\/\",\"name\":\"Sinduscon-JF re\u00fane lideran\u00e7as empresariais e pol\u00edticas para Posse da nova Diretoria - FIEMG\",\"isPartOf\":{\"@id\":\"https:\/\/www.fiemg.com.br\/fiemg\/#website\"},\"primaryImageOfPage\":{\"@id\":\"https:\/\/www.fiemg.com.br\/fiemg\/noticias\/sinduscon-jf-reune-liderancas-empresariais-e-politicas-para-posse-da-nova-diretoria\/#primaryimage\"},\"image\":{\"@id\":\"https:\/\/www.fiemg.com.br\/fiemg\/noticias\/sinduscon-jf-reune-liderancas-empresariais-e-politicas-para-posse-da-nova-diretoria\/#primaryimage\"},\"thumbnailUrl\":\"https:\/\/www.fiemg.com.br\/fiemg\/wp-content\/uploads\/sites\/10\/2023\/08\/default.png\",\"datePublished\":\"2023-12-12T12:47:20+00:00\",\"dateModified\":\"2023-12-13T12:28:43+00:00\",\"breadcrumb\":{\"@id\":\"https:\/\/www.fiemg.com.br\/fiemg\/noticias\/sinduscon-jf-reune-liderancas-empresariais-e-politicas-para-posse-da-nova-diretoria\/#breadcrumb\"},\"inLanguage\":\"pt-BR\",\"potentialAction\":[{\"@type\":\"ReadAction\",\"target\":[\"https:\/\/www.fiemg.com.br\/fiemg\/noticias\/sinduscon-jf-reune-liderancas-empresariais-e-politicas-para-posse-da-nova-diretoria\/\"]}]},{\"@type\":\"ImageObject\",\"inLanguage\":\"pt-BR\",\"@id\":\"https:\/\/www.fiemg.com.br\/fiemg\/noticias\/sinduscon-jf-reune-liderancas-empresariais-e-politicas-para-posse-da-nova-diretoria\/#primaryimage\",\"url\":\"https:\/\/www.fiemg.com.br\/fiemg\/wp-content\/uploads\/sites\/10\/2023\/08\/default.png\",\"contentUrl\":\"https:\/\/www.fiemg.com.br\/fiemg\/wp-content\/uploads\/sites\/10\/2023\/08\/default.png\",\"width\":300,\"height\":300},{\"@type\":\"BreadcrumbList\",\"@id\":\"https:\/\/www.fiemg.com.br\/fiemg\/noticias\/sinduscon-jf-reune-liderancas-empresariais-e-politicas-para-posse-da-nova-diretoria\/#breadcrumb\",\"itemListElement\":[{\"@type\":\"ListItem\",\"position\":1,\"name\":\"In\u00edcio\",\"item\":\"https:\/\/www.fiemg.com.br\/fiemg\/\"},{\"@type\":\"ListItem\",\"position\":2,\"name\":\"Sinduscon-JF re\u00fane lideran\u00e7as empresariais e pol\u00edticas para Posse da nova Diretoria\"}]},{\"@type\":\"WebSite\",\"@id\":\"https:\/\/www.fiemg.com.br\/fiemg\/#website\",\"url\":\"https:\/\/www.fiemg.com.br\/fiemg\/\",\"name\":\"FIEMG\",\"description\":\"Federa\u00e7\u00e3o das Ind\u00fastrias do Estado de Minas Gerais\",\"publisher\":{\"@id\":\"https:\/\/www.fiemg.com.br\/fiemg\/#organization\"},\"potentialAction\":[{\"@type\":\"SearchAction\",\"target\":{\"@type\":\"EntryPoint\",\"urlTemplate\":\"https:\/\/www.fiemg.com.br\/fiemg\/?s={search_term_string}\"},\"query-input\":{\"@type\":\"PropertyValueSpecification\",\"valueRequired\":true,\"valueName\":\"search_term_string\"}}],\"inLanguage\":\"pt-BR\"},{\"@type\":\"Organization\",\"@id\":\"https:\/\/www.fiemg.com.br\/fiemg\/#organization\",\"name\":\"FIEMG\",\"url\":\"https:\/\/www.fiemg.com.br\/fiemg\/\",\"logo\":{\"@type\":\"ImageObject\",\"inLanguage\":\"pt-BR\",\"@id\":\"https:\/\/www.fiemg.com.br\/fiemg\/#\/schema\/logo\/image\/\",\"url\":\"https:\/\/www.fiemg.com.br\/fiemg\/wp-content\/uploads\/sites\/10\/2023\/02\/fiemg_branco.svg\",\"contentUrl\":\"https:\/\/www.fiemg.com.br\/fiemg\/wp-content\/uploads\/sites\/10\/2023\/02\/fiemg_branco.svg\",\"width\":561,\"height\":147,\"caption\":\"FIEMG\"},\"image\":{\"@id\":\"https:\/\/www.fiemg.com.br\/fiemg\/#\/schema\/logo\/image\/\"}}]}<\/script>\n<!-- \/ Yoast SEO plugin. -->","yoast_head_json":{"title":"Sinduscon-JF re\u00fane lideran\u00e7as empresariais e pol\u00edticas para Posse da nova Diretoria - FIEMG","robots":{"index":"index","follow":"follow","max-snippet":"max-snippet:-1","max-image-preview":"max-image-preview:large","max-video-preview":"max-video-preview:-1"},"canonical":"https:\/\/www.fiemg.com.br\/fiemg\/noticias\/sinduscon-jf-reune-liderancas-empresariais-e-politicas-para-posse-da-nova-diretoria\/","og_locale":"pt_BR","og_type":"article","og_title":"Sinduscon-JF re\u00fane lideran\u00e7as empresariais e pol\u00edticas para Posse da nova Diretoria - FIEMG","og_description":"Construtores da cidade estiveram reunidos no dia 7 de dezembro para a cerim\u00f4nia de posse da nova Diretoria do Sindicato da Ind\u00fastria da Constru\u00e7\u00e3o Civil de Juiz de Fora (Sinduscon-JF) \u2013 Gest\u00e3o 2023-2027. O evento, que tamb\u00e9m celebrou as conquistas deste ano, foi realizado na sede da FIEMG Regional Zona da Mata; contou com a [&hellip;]","og_url":"https:\/\/www.fiemg.com.br\/fiemg\/noticias\/sinduscon-jf-reune-liderancas-empresariais-e-politicas-para-posse-da-nova-diretoria\/","og_site_name":"FIEMG","article_modified_time":"2023-12-13T12:28:43+00:00","og_image":[{"width":300,"height":300,"url":"https:\/\/www.fiemg.com.br\/fiemg\/wp-content\/uploads\/sites\/10\/2023\/08\/default.png","type":"image\/png"}],"twitter_card":"summary_large_image","twitter_misc":{"Est. tempo de leitura":"5 minutos"},"schema":{"@context":"https:\/\/schema.org","@graph":[{"@type":"WebPage","@id":"https:\/\/www.fiemg.com.br\/fiemg\/noticias\/sinduscon-jf-reune-liderancas-empresariais-e-politicas-para-posse-da-nova-diretoria\/","url":"https:\/\/www.fiemg.com.br\/fiemg\/noticias\/sinduscon-jf-reune-liderancas-empresariais-e-politicas-para-posse-da-nova-diretoria\/","name":"Sinduscon-JF re\u00fane lideran\u00e7as empresariais e pol\u00edticas para Posse da nova Diretoria - FIEMG","isPartOf":{"@id":"https:\/\/www.fiemg.com.br\/fiemg\/#website"},"primaryImageOfPage":{"@id":"https:\/\/www.fiemg.com.br\/fiemg\/noticias\/sinduscon-jf-reune-liderancas-empresariais-e-politicas-para-posse-da-nova-diretoria\/#primaryimage"},"image":{"@id":"https:\/\/www.fiemg.com.br\/fiemg\/noticias\/sinduscon-jf-reune-liderancas-empresariais-e-politicas-para-posse-da-nova-diretoria\/#primaryimage"},"thumbnailUrl":"https:\/\/www.fiemg.com.br\/fiemg\/wp-content\/uploads\/sites\/10\/2023\/08\/default.png","datePublished":"2023-12-12T12:47:20+00:00","dateModified":"2023-12-13T12:28:43+00:00","breadcrumb":{"@id":"https:\/\/www.fiemg.com.br\/fiemg\/noticias\/sinduscon-jf-reune-liderancas-empresariais-e-politicas-para-posse-da-nova-diretoria\/#breadcrumb"},"inLanguage":"pt-BR","potentialAction":[{"@type":"ReadAction","target":["https:\/\/www.fiemg.com.br\/fiemg\/noticias\/sinduscon-jf-reune-liderancas-empresariais-e-politicas-para-posse-da-nova-diretoria\/"]}]},{"@type":"ImageObject","inLanguage":"pt-BR","@id":"https:\/\/www.fiemg.com.br\/fiemg\/noticias\/sinduscon-jf-reune-liderancas-empresariais-e-politicas-para-posse-da-nova-diretoria\/#primaryimage","url":"https:\/\/www.fiemg.com.br\/fiemg\/wp-content\/uploads\/sites\/10\/2023\/08\/default.png","contentUrl":"https:\/\/www.fiemg.com.br\/fiemg\/wp-content\/uploads\/sites\/10\/2023\/08\/default.png","width":300,"height":300},{"@type":"BreadcrumbList","@id":"https:\/\/www.fiemg.com.br\/fiemg\/noticias\/sinduscon-jf-reune-liderancas-empresariais-e-politicas-para-posse-da-nova-diretoria\/#breadcrumb","itemListElement":[{"@type":"ListItem","position":1,"name":"In\u00edcio","item":"https:\/\/www.fiemg.com.br\/fiemg\/"},{"@type":"ListItem","position":2,"name":"Sinduscon-JF re\u00fane lideran\u00e7as empresariais e pol\u00edticas para Posse da nova Diretoria"}]},{"@type":"WebSite","@id":"https:\/\/www.fiemg.com.br\/fiemg\/#website","url":"https:\/\/www.fiemg.com.br\/fiemg\/","name":"FIEMG","description":"Federa\u00e7\u00e3o das Ind\u00fastrias do Estado de Minas Gerais","publisher":{"@id":"https:\/\/www.fiemg.com.br\/fiemg\/#organization"},"potentialAction":[{"@type":"SearchAction","target":{"@type":"EntryPoint","urlTemplate":"https:\/\/www.fiemg.com.br\/fiemg\/?s={search_term_string}"},"query-input":{"@type":"PropertyValueSpecification","valueRequired":true,"valueName":"search_term_string"}}],"inLanguage":"pt-BR"},{"@type":"Organization","@id":"https:\/\/www.fiemg.com.br\/fiemg\/#organization","name":"FIEMG","url":"https:\/\/www.fiemg.com.br\/fiemg\/","logo":{"@type":"ImageObject","inLanguage":"pt-BR","@id":"https:\/\/www.fiemg.com.br\/fiemg\/#\/schema\/logo\/image\/","url":"https:\/\/www.fiemg.com.br\/fiemg\/wp-content\/uploads\/sites\/10\/2023\/02\/fiemg_branco.svg","contentUrl":"https:\/\/www.fiemg.com.br\/fiemg\/wp-content\/uploads\/sites\/10\/2023\/02\/fiemg_branco.svg","width":561,"height":147,"caption":"FIEMG"},"image":{"@id":"https:\/\/www.fiemg.com.br\/fiemg\/#\/schema\/logo\/image\/"}}]}},"_links":{"self":[{"href":"https:\/\/www.fiemg.com.br\/fiemg\/wp-json\/wp\/v2\/noticias\/3131","targetHints":{"allow":["GET"]}}],"collection":[{"href":"https:\/\/www.fiemg.com.br\/fiemg\/wp-json\/wp\/v2\/noticias"}],"about":[{"href":"https:\/\/www.fiemg.com.br\/fiemg\/wp-json\/wp\/v2\/types\/noticias"}],"wp:featuredmedia":[{"embeddable":true,"href":"https:\/\/www.fiemg.com.br\/fiemg\/wp-json\/wp\/v2\/media\/2185"}],"wp:attachment":[{"href":"https:\/\/www.fiemg.com.br\/fiemg\/wp-json\/wp\/v2\/media?parent=3131"}],"wp:term":[{"taxonomy":"category","embeddable":true,"href":"https:\/\/www.fiemg.com.br\/fiemg\/wp-json\/wp\/v2\/categories?post=3131"},{"taxonomy":"post_tag","embeddable":true,"href":"https:\/\/www.fiemg.com.br\/fiemg\/wp-json\/wp\/v2\/tags?post=3131"}],"curies":[{"name":"wp","href":"https:\/\/api.w.org\/{rel}","templated":true}]}}