{"id":3242,"date":"2024-01-24T15:00:33","date_gmt":"2024-01-24T18:00:33","guid":{"rendered":"https:\/\/www.fiemg.com.br\/fiemg\/noticias\/rascunho-automatice-o-que-aponta-a-pesquisa-sondagem-industrial-de-dezembro-realizada-pela-fiemgo\/"},"modified":"2024-01-24T15:15:48","modified_gmt":"2024-01-24T18:15:48","slug":"rascunho-automatice-o-que-aponta-a-pesquisa-sondagem-industrial-de-dezembro-realizada-pela-fiemgo","status":"publish","type":"noticias","link":"https:\/\/www.fiemg.com.br\/fiemg\/noticias\/rascunho-automatice-o-que-aponta-a-pesquisa-sondagem-industrial-de-dezembro-realizada-pela-fiemgo\/","title":{"rendered":"Elevada carga tribut\u00e1ria \u00e9 a principal dificuldade enfrentada pelos empres\u00e1rios"},"content":{"rendered":"\n<figure class=\"wp-block-image size-full\"><img fetchpriority=\"high\" decoding=\"async\" width=\"1920\" height=\"311\" src=\"https:\/\/www.fiemg.com.br\/fiemg\/wp-content\/uploads\/sites\/10\/2023\/07\/Banner-1.png\" alt=\"\" class=\"wp-image-1198\" srcset=\"https:\/\/www.fiemg.com.br\/fiemg\/wp-content\/uploads\/sites\/10\/2023\/07\/Banner-1.png 1920w, https:\/\/www.fiemg.com.br\/fiemg\/wp-content\/uploads\/sites\/10\/2023\/07\/Banner-1-300x49.png 300w, https:\/\/www.fiemg.com.br\/fiemg\/wp-content\/uploads\/sites\/10\/2023\/07\/Banner-1-1024x166.png 1024w, https:\/\/www.fiemg.com.br\/fiemg\/wp-content\/uploads\/sites\/10\/2023\/07\/Banner-1-768x124.png 768w, https:\/\/www.fiemg.com.br\/fiemg\/wp-content\/uploads\/sites\/10\/2023\/07\/Banner-1-1536x249.png 1536w\" sizes=\"(max-width: 1920px) 100vw, 1920px\" \/><\/figure>\n\n\n\n<p>A pesquisa Sondagem Industrial de dezembro apresentou queda da produ\u00e7\u00e3o e do emprego em rela\u00e7\u00e3o a novembro, o que j\u00e1 era esperado, devido \u00e0 sazonalidade de fim de ano. A utiliza\u00e7\u00e3o da capacidade instalada continuou abaixo da habitual para o m\u00eas, mostrando que a ind\u00fastria operou com ociosidade. Os estoques de produtos finais recuaram em dezembro, ap\u00f3s tr\u00eas meses de crescimento, e aproximaram-se do n\u00edvel planejado pelas empresas.<\/p>\n\n\n\n<p>Os empres\u00e1rios mineiros sinalizaram insatisfa\u00e7\u00e3o com as margens de lucro e com as condi\u00e7\u00f5es de acesso ao cr\u00e9dito no quarto trimestre do ano, embora menos intensa quando comparada \u00e0 do terceiro trimestre. Adicionalmente, os industriais mostraram maior satisfa\u00e7\u00e3o com a situa\u00e7\u00e3o financeira de seus neg\u00f3cios. Com rela\u00e7\u00e3o \u00e0s principais dificuldades enfrentadas pelo setor, a elevada carga tribut\u00e1ria voltou a assumir o primeiro lugar no ranking, seguida da demanda interna insuficiente e da falta ou alto custo de trabalhador qualificado.<\/p>\n\n\n\n<p>Nesse contexto, os empres\u00e1rios mostraram-se otimistas com rela\u00e7\u00e3o \u00e0 demanda, \u00e0 compra de mat\u00e9rias-primas e ao n\u00famero de empregados nos pr\u00f3ximos seis meses. As inten\u00e7\u00f5es de investimento avan\u00e7aram e atingiram o maior patamar desde setembro de 2022.<\/p>\n\n\n\n<p><strong>Produ\u00e7\u00e3o e emprego da ind\u00fastria recuam em dezembro<\/strong><\/p>\n\n\n\n<p>O \u00edndice de evolu\u00e7\u00e3o da produ\u00e7\u00e3o registrou 40,6 pontos em dezembro e sinalizou queda da produ\u00e7\u00e3o ao ficar abaixo dos 50 pontos \u2013 limite entre diminui\u00e7\u00e3o e aumento. Desde o in\u00edcio da s\u00e9rie hist\u00f3rica, em 2010, ocorreram recuos na produ\u00e7\u00e3o nos meses de dezembro, frente a novembro, devido \u00e0 sazonalidade de fim de ano. Na compara\u00e7\u00e3o com o indicador apurado em novembro (48,6 pontos), houve retra\u00e7\u00e3o de 8 pontos e, ante o verificado em dezembro de 2022 (43,4 pontos), houve diminui\u00e7\u00e3o de 2,8 pontos.<\/p>\n\n\n\n<p>J\u00e1 o \u00edndice de evolu\u00e7\u00e3o do n\u00famero de empregados marcou 47 pontos em dezembro, mostrando queda no emprego pelo segundo m\u00eas seguido. Em rela\u00e7\u00e3o ao indicador de novembro (48,8 pontos), caiu 1,8 ponto e, frente ao observado em dezembro de 2022 (48,1 pontos), decresceu 1,1 ponto, sendo o mais baixo para o m\u00eas em cinco anos.<\/p>\n\n\n\n<p><a href=\"https:\/\/www.fiemg.com.br\/fiemg\/area-de-interesse\/estudos-economicos\/sondagem-industrial-de-minas-gerais\/\">Clique aqui e confira a pesquisa completa<\/a>.<br><br>\u00a0<\/p>\n","protected":false},"featured_media":3246,"template":"","categories":[20],"tags":[88,89,118],"class_list":["post-3242","noticias","type-noticias","status-publish","has-post-thumbnail","hentry","category-estudos-economicos","tag-economia","tag-reforma-tributaria","tag-sondagem-industrial"],"acf":[],"yoast_head":"<!-- This site is optimized with the Yoast SEO plugin v26.2 - https:\/\/yoast.com\/wordpress\/plugins\/seo\/ -->\n<title>Elevada carga tribut\u00e1ria \u00e9 a principal dificuldade enfrentada pelos empres\u00e1rios - FIEMG<\/title>\n<meta name=\"description\" content=\"\u00c9 o que aponta a pesquisa Sondagem Industrial de dezembro, realizada pela FIEMG\" \/>\n<meta name=\"robots\" content=\"index, follow, max-snippet:-1, max-image-preview:large, max-video-preview:-1\" \/>\n<link rel=\"canonical\" href=\"https:\/\/www.fiemg.com.br\/fiemg\/noticias\/rascunho-automatice-o-que-aponta-a-pesquisa-sondagem-industrial-de-dezembro-realizada-pela-fiemgo\/\" \/>\n<meta property=\"og:locale\" content=\"pt_BR\" \/>\n<meta property=\"og:type\" content=\"article\" \/>\n<meta property=\"og:title\" content=\"Elevada carga tribut\u00e1ria \u00e9 a principal dificuldade enfrentada pelos empres\u00e1rios - FIEMG\" \/>\n<meta property=\"og:description\" content=\"\u00c9 o que aponta a pesquisa Sondagem Industrial de dezembro, realizada pela FIEMG\" \/>\n<meta property=\"og:url\" content=\"https:\/\/www.fiemg.com.br\/fiemg\/noticias\/rascunho-automatice-o-que-aponta-a-pesquisa-sondagem-industrial-de-dezembro-realizada-pela-fiemgo\/\" \/>\n<meta property=\"og:site_name\" content=\"FIEMG\" \/>\n<meta property=\"article:modified_time\" content=\"2024-01-24T18:15:48+00:00\" \/>\n<meta property=\"og:image\" content=\"https:\/\/www.fiemg.com.br\/fiemg\/wp-content\/uploads\/sites\/10\/2024\/01\/THUMB.png\" \/>\n\t<meta property=\"og:image:width\" content=\"300\" \/>\n\t<meta property=\"og:image:height\" content=\"200\" \/>\n\t<meta property=\"og:image:type\" content=\"image\/png\" \/>\n<meta name=\"twitter:card\" content=\"summary_large_image\" \/>\n<meta name=\"twitter:label1\" content=\"Est. tempo de leitura\" \/>\n\t<meta name=\"twitter:data1\" content=\"3 minutos\" \/>\n<script type=\"application\/ld+json\" class=\"yoast-schema-graph\">{\"@context\":\"https:\/\/schema.org\",\"@graph\":[{\"@type\":\"WebPage\",\"@id\":\"https:\/\/www.fiemg.com.br\/fiemg\/noticias\/rascunho-automatice-o-que-aponta-a-pesquisa-sondagem-industrial-de-dezembro-realizada-pela-fiemgo\/\",\"url\":\"https:\/\/www.fiemg.com.br\/fiemg\/noticias\/rascunho-automatice-o-que-aponta-a-pesquisa-sondagem-industrial-de-dezembro-realizada-pela-fiemgo\/\",\"name\":\"Elevada carga tribut\u00e1ria \u00e9 a principal dificuldade enfrentada pelos empres\u00e1rios - FIEMG\",\"isPartOf\":{\"@id\":\"https:\/\/www.fiemg.com.br\/fiemg\/#website\"},\"primaryImageOfPage\":{\"@id\":\"https:\/\/www.fiemg.com.br\/fiemg\/noticias\/rascunho-automatice-o-que-aponta-a-pesquisa-sondagem-industrial-de-dezembro-realizada-pela-fiemgo\/#primaryimage\"},\"image\":{\"@id\":\"https:\/\/www.fiemg.com.br\/fiemg\/noticias\/rascunho-automatice-o-que-aponta-a-pesquisa-sondagem-industrial-de-dezembro-realizada-pela-fiemgo\/#primaryimage\"},\"thumbnailUrl\":\"https:\/\/www.fiemg.com.br\/fiemg\/wp-content\/uploads\/sites\/10\/2024\/01\/THUMB-ok.png\",\"datePublished\":\"2024-01-24T18:00:33+00:00\",\"dateModified\":\"2024-01-24T18:15:48+00:00\",\"description\":\"\u00c9 o que aponta a pesquisa Sondagem Industrial de dezembro, realizada pela FIEMG\",\"inLanguage\":\"pt-BR\",\"potentialAction\":[{\"@type\":\"ReadAction\",\"target\":[\"https:\/\/www.fiemg.com.br\/fiemg\/noticias\/rascunho-automatice-o-que-aponta-a-pesquisa-sondagem-industrial-de-dezembro-realizada-pela-fiemgo\/\"]}]},{\"@type\":\"ImageObject\",\"inLanguage\":\"pt-BR\",\"@id\":\"https:\/\/www.fiemg.com.br\/fiemg\/noticias\/rascunho-automatice-o-que-aponta-a-pesquisa-sondagem-industrial-de-dezembro-realizada-pela-fiemgo\/#primaryimage\",\"url\":\"https:\/\/www.fiemg.com.br\/fiemg\/wp-content\/uploads\/sites\/10\/2024\/01\/THUMB-ok.png\",\"contentUrl\":\"https:\/\/www.fiemg.com.br\/fiemg\/wp-content\/uploads\/sites\/10\/2024\/01\/THUMB-ok.png\",\"width\":250,\"height\":200},{\"@type\":\"WebSite\",\"@id\":\"https:\/\/www.fiemg.com.br\/fiemg\/#website\",\"url\":\"https:\/\/www.fiemg.com.br\/fiemg\/\",\"name\":\"FIEMG\",\"description\":\"Federa\u00e7\u00e3o das Ind\u00fastrias do Estado de Minas Gerais\",\"publisher\":{\"@id\":\"https:\/\/www.fiemg.com.br\/fiemg\/#organization\"},\"potentialAction\":[{\"@type\":\"SearchAction\",\"target\":{\"@type\":\"EntryPoint\",\"urlTemplate\":\"https:\/\/www.fiemg.com.br\/fiemg\/?s={search_term_string}\"},\"query-input\":{\"@type\":\"PropertyValueSpecification\",\"valueRequired\":true,\"valueName\":\"search_term_string\"}}],\"inLanguage\":\"pt-BR\"},{\"@type\":\"Organization\",\"@id\":\"https:\/\/www.fiemg.com.br\/fiemg\/#organization\",\"name\":\"FIEMG\",\"url\":\"https:\/\/www.fiemg.com.br\/fiemg\/\",\"logo\":{\"@type\":\"ImageObject\",\"inLanguage\":\"pt-BR\",\"@id\":\"https:\/\/www.fiemg.com.br\/fiemg\/#\/schema\/logo\/image\/\",\"url\":\"https:\/\/www.fiemg.com.br\/fiemg\/wp-content\/uploads\/sites\/10\/2023\/02\/fiemg_branco.svg\",\"contentUrl\":\"https:\/\/www.fiemg.com.br\/fiemg\/wp-content\/uploads\/sites\/10\/2023\/02\/fiemg_branco.svg\",\"width\":561,\"height\":147,\"caption\":\"FIEMG\"},\"image\":{\"@id\":\"https:\/\/www.fiemg.com.br\/fiemg\/#\/schema\/logo\/image\/\"}}]}<\/script>\n<!-- \/ Yoast SEO plugin. -->","yoast_head_json":{"title":"Elevada carga tribut\u00e1ria \u00e9 a principal dificuldade enfrentada pelos empres\u00e1rios - FIEMG","description":"\u00c9 o que aponta a pesquisa Sondagem Industrial de dezembro, realizada pela FIEMG","robots":{"index":"index","follow":"follow","max-snippet":"max-snippet:-1","max-image-preview":"max-image-preview:large","max-video-preview":"max-video-preview:-1"},"canonical":"https:\/\/www.fiemg.com.br\/fiemg\/noticias\/rascunho-automatice-o-que-aponta-a-pesquisa-sondagem-industrial-de-dezembro-realizada-pela-fiemgo\/","og_locale":"pt_BR","og_type":"article","og_title":"Elevada carga tribut\u00e1ria \u00e9 a principal dificuldade enfrentada pelos empres\u00e1rios - FIEMG","og_description":"\u00c9 o que aponta a pesquisa Sondagem Industrial de dezembro, realizada pela FIEMG","og_url":"https:\/\/www.fiemg.com.br\/fiemg\/noticias\/rascunho-automatice-o-que-aponta-a-pesquisa-sondagem-industrial-de-dezembro-realizada-pela-fiemgo\/","og_site_name":"FIEMG","article_modified_time":"2024-01-24T18:15:48+00:00","og_image":[{"width":300,"height":200,"url":"https:\/\/www.fiemg.com.br\/fiemg\/wp-content\/uploads\/sites\/10\/2024\/01\/THUMB.png","type":"image\/png"}],"twitter_card":"summary_large_image","twitter_misc":{"Est. tempo de leitura":"3 minutos"},"schema":{"@context":"https:\/\/schema.org","@graph":[{"@type":"WebPage","@id":"https:\/\/www.fiemg.com.br\/fiemg\/noticias\/rascunho-automatice-o-que-aponta-a-pesquisa-sondagem-industrial-de-dezembro-realizada-pela-fiemgo\/","url":"https:\/\/www.fiemg.com.br\/fiemg\/noticias\/rascunho-automatice-o-que-aponta-a-pesquisa-sondagem-industrial-de-dezembro-realizada-pela-fiemgo\/","name":"Elevada carga tribut\u00e1ria \u00e9 a principal dificuldade enfrentada pelos empres\u00e1rios - FIEMG","isPartOf":{"@id":"https:\/\/www.fiemg.com.br\/fiemg\/#website"},"primaryImageOfPage":{"@id":"https:\/\/www.fiemg.com.br\/fiemg\/noticias\/rascunho-automatice-o-que-aponta-a-pesquisa-sondagem-industrial-de-dezembro-realizada-pela-fiemgo\/#primaryimage"},"image":{"@id":"https:\/\/www.fiemg.com.br\/fiemg\/noticias\/rascunho-automatice-o-que-aponta-a-pesquisa-sondagem-industrial-de-dezembro-realizada-pela-fiemgo\/#primaryimage"},"thumbnailUrl":"https:\/\/www.fiemg.com.br\/fiemg\/wp-content\/uploads\/sites\/10\/2024\/01\/THUMB-ok.png","datePublished":"2024-01-24T18:00:33+00:00","dateModified":"2024-01-24T18:15:48+00:00","description":"\u00c9 o que aponta a pesquisa Sondagem Industrial de dezembro, realizada pela FIEMG","inLanguage":"pt-BR","potentialAction":[{"@type":"ReadAction","target":["https:\/\/www.fiemg.com.br\/fiemg\/noticias\/rascunho-automatice-o-que-aponta-a-pesquisa-sondagem-industrial-de-dezembro-realizada-pela-fiemgo\/"]}]},{"@type":"ImageObject","inLanguage":"pt-BR","@id":"https:\/\/www.fiemg.com.br\/fiemg\/noticias\/rascunho-automatice-o-que-aponta-a-pesquisa-sondagem-industrial-de-dezembro-realizada-pela-fiemgo\/#primaryimage","url":"https:\/\/www.fiemg.com.br\/fiemg\/wp-content\/uploads\/sites\/10\/2024\/01\/THUMB-ok.png","contentUrl":"https:\/\/www.fiemg.com.br\/fiemg\/wp-content\/uploads\/sites\/10\/2024\/01\/THUMB-ok.png","width":250,"height":200},{"@type":"WebSite","@id":"https:\/\/www.fiemg.com.br\/fiemg\/#website","url":"https:\/\/www.fiemg.com.br\/fiemg\/","name":"FIEMG","description":"Federa\u00e7\u00e3o das Ind\u00fastrias do Estado de Minas Gerais","publisher":{"@id":"https:\/\/www.fiemg.com.br\/fiemg\/#organization"},"potentialAction":[{"@type":"SearchAction","target":{"@type":"EntryPoint","urlTemplate":"https:\/\/www.fiemg.com.br\/fiemg\/?s={search_term_string}"},"query-input":{"@type":"PropertyValueSpecification","valueRequired":true,"valueName":"search_term_string"}}],"inLanguage":"pt-BR"},{"@type":"Organization","@id":"https:\/\/www.fiemg.com.br\/fiemg\/#organization","name":"FIEMG","url":"https:\/\/www.fiemg.com.br\/fiemg\/","logo":{"@type":"ImageObject","inLanguage":"pt-BR","@id":"https:\/\/www.fiemg.com.br\/fiemg\/#\/schema\/logo\/image\/","url":"https:\/\/www.fiemg.com.br\/fiemg\/wp-content\/uploads\/sites\/10\/2023\/02\/fiemg_branco.svg","contentUrl":"https:\/\/www.fiemg.com.br\/fiemg\/wp-content\/uploads\/sites\/10\/2023\/02\/fiemg_branco.svg","width":561,"height":147,"caption":"FIEMG"},"image":{"@id":"https:\/\/www.fiemg.com.br\/fiemg\/#\/schema\/logo\/image\/"}}]}},"_links":{"self":[{"href":"https:\/\/www.fiemg.com.br\/fiemg\/wp-json\/wp\/v2\/noticias\/3242","targetHints":{"allow":["GET"]}}],"collection":[{"href":"https:\/\/www.fiemg.com.br\/fiemg\/wp-json\/wp\/v2\/noticias"}],"about":[{"href":"https:\/\/www.fiemg.com.br\/fiemg\/wp-json\/wp\/v2\/types\/noticias"}],"wp:featuredmedia":[{"embeddable":true,"href":"https:\/\/www.fiemg.com.br\/fiemg\/wp-json\/wp\/v2\/media\/3246"}],"wp:attachment":[{"href":"https:\/\/www.fiemg.com.br\/fiemg\/wp-json\/wp\/v2\/media?parent=3242"}],"wp:term":[{"taxonomy":"category","embeddable":true,"href":"https:\/\/www.fiemg.com.br\/fiemg\/wp-json\/wp\/v2\/categories?post=3242"},{"taxonomy":"post_tag","embeddable":true,"href":"https:\/\/www.fiemg.com.br\/fiemg\/wp-json\/wp\/v2\/tags?post=3242"}],"curies":[{"name":"wp","href":"https:\/\/api.w.org\/{rel}","templated":true}]}}