{"id":3431,"date":"2024-03-08T14:40:59","date_gmt":"2024-03-08T17:40:59","guid":{"rendered":"https:\/\/www.fiemg.com.br\/fiemg\/noticias\/times-mineiros-sao-premiados-em-etapa-nacional-do-festival-sesi-de-educacao\/"},"modified":"2024-03-08T14:41:01","modified_gmt":"2024-03-08T17:41:01","slug":"times-mineiros-sao-premiados-em-etapa-nacional-do-festival-sesi-de-educacao","status":"publish","type":"noticias","link":"https:\/\/www.fiemg.com.br\/fiemg\/noticias\/times-mineiros-sao-premiados-em-etapa-nacional-do-festival-sesi-de-educacao\/","title":{"rendered":"Times mineiros s\u00e3o premiados em etapa nacional do Festival SESI de Educa\u00e7\u00e3o\u00a0"},"content":{"rendered":"\n<p><em>Al\u00e9m da premia\u00e7\u00e3o, uma das equipes foi classificada para o World Championship, realizada em Houston, nos Estados Unidos<\/em><\/p>\n\n\n\n<p>Tr\u00eas times de rob\u00f3tica de Escolas SESI, de Minas Gerais, foram premiados em diversas categorias na etapa nacional do Festival SESI de Educa\u00e7\u00e3o, que aconteceu entre os dias 28 de fevereiro a 2 de mar\u00e7o, em Bras\u00edlia. Al\u00e9m disso, uma das equipes foi classificada para o World Championship, realizada em Houston, nos Estados Unidos.<\/p>\n\n\n\n<p>\u201cEstamos muito felizes com as conquistas e reconhecimentos obtidos nesta temporada nas diversas categorias. Nos enche de orgulho ver a garra e a dedica\u00e7\u00e3o de todas as equipes mineiras, dando sempre o melhor, independentemente de qualquer resultado, porque o esp\u00edrito da rob\u00f3tica vai muito al\u00e9m de levar algum trof\u00e9u para casa. Nossos competidores levam mem\u00f3rias inesquec\u00edveis, la\u00e7os de amizades, aprendizados, supera\u00e7\u00e3o e muito orgulho de fazerem parte desse universo\u201d, disse a coordenadora do N\u00facleo de Inova\u00e7\u00e3o e Tecnologias Educacionais (NITE) da Ger\u00eancia de Educa\u00e7\u00e3o B\u00e1sica do SESI Minas, Mariana Souza.<\/p>\n\n\n\n<p>Na categoria First Lego League Challenge (FLL) &#8211; em que rob\u00f4s feitos com Lego precisam cumprir miss\u00f5es de uma mesa de desafios &#8211; a Turma do Bob (SESI Governador Valadares) ficou em 1\u00ba lugar no Pr\u00eamio Design do Rob\u00f4. A equipe de Governador Valadares, bem como a Lego Bross (SESI S\u00e3o Gon\u00e7alo do Sapuca\u00ed), tamb\u00e9m ficaram como suplentes para eventos internacionais de rob\u00f3tica.<\/p>\n\n\n\n<p>J\u00e1 na categoria First Tech Challenge (FTC) &#8211; em que rob\u00f4s feitos com m\u00e1quinas e circuitos devem realizar tarefas em alian\u00e7as &#8211; a equipe TechZeus (SESI Barbacena) ficou em 1\u00b0 lugar no pr\u00eamio Capit\u00e3o da Alian\u00e7a vencedora e, tamb\u00e9m, foi classificada para o World Championship.&nbsp;<\/p>\n\n\n\n<p>\u201cA not\u00edcia de ter uma equipe classificada para representar o nosso pa\u00eds no torneio internacional em Houston foi uma feliz surpresa e tenho certeza de que eles n\u00e3o voltar\u00e3o os mesmos, ser\u00e1 uma jornada de crescimento t\u00e9cnico e pessoal, e o SESI Minas mais uma vez deixar\u00e1 sua marca pelo mundo\u201d, destacou Mariana Souza.&nbsp;<\/p>\n\n\n\n<p>Ainda na FTC, a TechZeus (SESI Barbacena) ficou em 2\u00b0 lugar Pr\u00eamio Controle e a Starbots FTC (SESI Betim) ficou em 1\u00b0 lugar Pr\u00eamio Inova\u00e7\u00e3o.&nbsp;<\/p>\n\n\n\n<p>E na First Robotics Competition (FRC) &#8211; em que rob\u00f4s de tamanho industrial demonstram suas habilidades em uma arena &#8211; a Starbots FTC tamb\u00e9m venceu o Pr\u00eamio de Qualidade do Rob\u00f4.<\/p>\n\n\n\n<p>Ao todo participaram quase 2 mil competidores e 27,8 mil visitantes passaram pela etapa nacional do Festival SESI de Educa\u00e7\u00e3o.<\/p>\n\n\n\n<p><strong>Rob\u00f3tica em Minas<\/strong><\/p>\n\n\n\n<p>O SESI Minas vem apresentando resultados cada vez mais relevantes nas competi\u00e7\u00f5es de rob\u00f3tica e acabou se tornando uma refer\u00eancia para outros estados. \u201cH\u00e1 mais de 10 anos nossos alunos est\u00e3o envolvidos com a rob\u00f3tica com os recursos LEGO\u00ae, desenvolvendo habilidades t\u00e9cnicas, como programa\u00e7\u00e3o e tamb\u00e9m o trabalho em equipe, estimulando a criatividade, fomentando o pensamento cr\u00edtico e sendo preparados para os desafios do futuro\u201d, disse Mariana Souza.&nbsp;<\/p>\n\n\n\n<p>As habilidades STEAM (Ci\u00eancia, Tecnologia, Engenharia, Artes e Matem\u00e1tica) s\u00e3o desenvolvidas nas escolas, estimulando os alunos o tempo todo a buscar suas pr\u00f3prias solu\u00e7\u00f5es de acordo com as situa\u00e7\u00f5es-problema dos seus cotidianos. E a rob\u00f3tica pode ajudar a melhorar a resolu\u00e7\u00e3o desses problemas, aumentando a confian\u00e7a e a autoestima dos alunos, e proporcionando experi\u00eancias pr\u00e1ticas, inovadoras e interativas de aprendizado.&nbsp;<\/p>\n\n\n\n<p>\u201cPara al\u00e9m dos reconhecimentos e premia\u00e7\u00f5es nacionais e internacionais, a rob\u00f3tica no SESI Minas visa entregar ao mercado alunos mais maduros e preparados para os desafios do mundo atual\u201d, completou a coordenadora do N\u00facleo de Inova\u00e7\u00e3o e Tecnologias Educacionais (NITE) da Ger\u00eancia de Educa\u00e7\u00e3o B\u00e1sica do SESI Minas.<\/p>\n\n\n\n<p><em>Tha\u00eds Mota<\/em><br><strong>Imprensa FIEMG<\/strong><\/p>\n","protected":false},"featured_media":3433,"template":"","categories":[16],"tags":[553,78,601,602,560],"class_list":["post-3431","noticias","type-noticias","status-publish","has-post-thumbnail","hentry","category-educacao","tag-festival-sesi-de-educacao","tag-fiemg","tag-sesi-minas","tag-times-mineiros","tag-torneio-de-robotica"],"acf":[],"yoast_head":"<!-- This site is optimized with the Yoast SEO plugin v26.2 - https:\/\/yoast.com\/wordpress\/plugins\/seo\/ -->\n<title>Times mineiros s\u00e3o premiados em etapa nacional do Festival SESI de Educa\u00e7\u00e3o\u00a0 - FIEMG<\/title>\n<meta name=\"description\" content=\"Al\u00e9m da premia\u00e7\u00e3o, uma das equipes foi classificada para o World Championship, realizada em Houston, nos Estados Unidos\" \/>\n<meta name=\"robots\" content=\"index, follow, max-snippet:-1, max-image-preview:large, max-video-preview:-1\" \/>\n<link rel=\"canonical\" href=\"https:\/\/www.fiemg.com.br\/fiemg\/noticias\/times-mineiros-sao-premiados-em-etapa-nacional-do-festival-sesi-de-educacao\/\" \/>\n<meta property=\"og:locale\" content=\"pt_BR\" \/>\n<meta property=\"og:type\" content=\"article\" \/>\n<meta property=\"og:title\" content=\"Times mineiros s\u00e3o premiados em etapa nacional do Festival SESI de Educa\u00e7\u00e3o\u00a0 - FIEMG\" \/>\n<meta property=\"og:description\" content=\"Al\u00e9m da premia\u00e7\u00e3o, uma das equipes foi classificada para o World Championship, realizada em Houston, nos Estados Unidos\" \/>\n<meta property=\"og:url\" content=\"https:\/\/www.fiemg.com.br\/fiemg\/noticias\/times-mineiros-sao-premiados-em-etapa-nacional-do-festival-sesi-de-educacao\/\" \/>\n<meta property=\"og:site_name\" content=\"FIEMG\" \/>\n<meta property=\"article:modified_time\" content=\"2024-03-08T17:41:01+00:00\" \/>\n<meta property=\"og:image\" content=\"https:\/\/www.fiemg.com.br\/fiemg\/wp-content\/uploads\/sites\/10\/2024\/03\/torneio-sesi-educacao-etapa-nacional-1.jpg\" \/>\n\t<meta property=\"og:image:width\" content=\"512\" \/>\n\t<meta property=\"og:image:height\" content=\"512\" \/>\n\t<meta property=\"og:image:type\" content=\"image\/jpeg\" \/>\n<meta name=\"twitter:card\" content=\"summary_large_image\" \/>\n<meta name=\"twitter:label1\" content=\"Est. tempo de leitura\" \/>\n\t<meta name=\"twitter:data1\" content=\"4 minutos\" \/>\n<script type=\"application\/ld+json\" class=\"yoast-schema-graph\">{\"@context\":\"https:\/\/schema.org\",\"@graph\":[{\"@type\":\"WebPage\",\"@id\":\"https:\/\/www.fiemg.com.br\/fiemg\/noticias\/times-mineiros-sao-premiados-em-etapa-nacional-do-festival-sesi-de-educacao\/\",\"url\":\"https:\/\/www.fiemg.com.br\/fiemg\/noticias\/times-mineiros-sao-premiados-em-etapa-nacional-do-festival-sesi-de-educacao\/\",\"name\":\"Times mineiros s\u00e3o premiados em etapa nacional do Festival SESI de Educa\u00e7\u00e3o\u00a0 - FIEMG\",\"isPartOf\":{\"@id\":\"https:\/\/www.fiemg.com.br\/fiemg\/#website\"},\"primaryImageOfPage\":{\"@id\":\"https:\/\/www.fiemg.com.br\/fiemg\/noticias\/times-mineiros-sao-premiados-em-etapa-nacional-do-festival-sesi-de-educacao\/#primaryimage\"},\"image\":{\"@id\":\"https:\/\/www.fiemg.com.br\/fiemg\/noticias\/times-mineiros-sao-premiados-em-etapa-nacional-do-festival-sesi-de-educacao\/#primaryimage\"},\"thumbnailUrl\":\"https:\/\/www.fiemg.com.br\/fiemg\/wp-content\/uploads\/sites\/10\/2024\/03\/torneio-sesi-educacao-etapa-nacional-1.jpg\",\"datePublished\":\"2024-03-08T17:40:59+00:00\",\"dateModified\":\"2024-03-08T17:41:01+00:00\",\"description\":\"Al\u00e9m da premia\u00e7\u00e3o, uma das equipes foi classificada para o World Championship, realizada em Houston, nos Estados Unidos\",\"breadcrumb\":{\"@id\":\"https:\/\/www.fiemg.com.br\/fiemg\/noticias\/times-mineiros-sao-premiados-em-etapa-nacional-do-festival-sesi-de-educacao\/#breadcrumb\"},\"inLanguage\":\"pt-BR\",\"potentialAction\":[{\"@type\":\"ReadAction\",\"target\":[\"https:\/\/www.fiemg.com.br\/fiemg\/noticias\/times-mineiros-sao-premiados-em-etapa-nacional-do-festival-sesi-de-educacao\/\"]}]},{\"@type\":\"ImageObject\",\"inLanguage\":\"pt-BR\",\"@id\":\"https:\/\/www.fiemg.com.br\/fiemg\/noticias\/times-mineiros-sao-premiados-em-etapa-nacional-do-festival-sesi-de-educacao\/#primaryimage\",\"url\":\"https:\/\/www.fiemg.com.br\/fiemg\/wp-content\/uploads\/sites\/10\/2024\/03\/torneio-sesi-educacao-etapa-nacional-1.jpg\",\"contentUrl\":\"https:\/\/www.fiemg.com.br\/fiemg\/wp-content\/uploads\/sites\/10\/2024\/03\/torneio-sesi-educacao-etapa-nacional-1.jpg\",\"width\":512,\"height\":512,\"caption\":\"Times mineiros s\u00e3o premiados em etapa nacional do Festival SESI de Educa\u00e7\u00e3o\"},{\"@type\":\"BreadcrumbList\",\"@id\":\"https:\/\/www.fiemg.com.br\/fiemg\/noticias\/times-mineiros-sao-premiados-em-etapa-nacional-do-festival-sesi-de-educacao\/#breadcrumb\",\"itemListElement\":[{\"@type\":\"ListItem\",\"position\":1,\"name\":\"In\u00edcio\",\"item\":\"https:\/\/www.fiemg.com.br\/fiemg\/\"},{\"@type\":\"ListItem\",\"position\":2,\"name\":\"Times mineiros s\u00e3o premiados em etapa nacional do Festival SESI de Educa\u00e7\u00e3o\u00a0\"}]},{\"@type\":\"WebSite\",\"@id\":\"https:\/\/www.fiemg.com.br\/fiemg\/#website\",\"url\":\"https:\/\/www.fiemg.com.br\/fiemg\/\",\"name\":\"FIEMG\",\"description\":\"Federa\u00e7\u00e3o das Ind\u00fastrias do Estado de Minas Gerais\",\"publisher\":{\"@id\":\"https:\/\/www.fiemg.com.br\/fiemg\/#organization\"},\"potentialAction\":[{\"@type\":\"SearchAction\",\"target\":{\"@type\":\"EntryPoint\",\"urlTemplate\":\"https:\/\/www.fiemg.com.br\/fiemg\/?s={search_term_string}\"},\"query-input\":{\"@type\":\"PropertyValueSpecification\",\"valueRequired\":true,\"valueName\":\"search_term_string\"}}],\"inLanguage\":\"pt-BR\"},{\"@type\":\"Organization\",\"@id\":\"https:\/\/www.fiemg.com.br\/fiemg\/#organization\",\"name\":\"FIEMG\",\"url\":\"https:\/\/www.fiemg.com.br\/fiemg\/\",\"logo\":{\"@type\":\"ImageObject\",\"inLanguage\":\"pt-BR\",\"@id\":\"https:\/\/www.fiemg.com.br\/fiemg\/#\/schema\/logo\/image\/\",\"url\":\"https:\/\/www.fiemg.com.br\/fiemg\/wp-content\/uploads\/sites\/10\/2023\/02\/fiemg_branco.svg\",\"contentUrl\":\"https:\/\/www.fiemg.com.br\/fiemg\/wp-content\/uploads\/sites\/10\/2023\/02\/fiemg_branco.svg\",\"width\":561,\"height\":147,\"caption\":\"FIEMG\"},\"image\":{\"@id\":\"https:\/\/www.fiemg.com.br\/fiemg\/#\/schema\/logo\/image\/\"}}]}<\/script>\n<!-- \/ Yoast SEO plugin. -->","yoast_head_json":{"title":"Times mineiros s\u00e3o premiados em etapa nacional do Festival SESI de Educa\u00e7\u00e3o\u00a0 - FIEMG","description":"Al\u00e9m da premia\u00e7\u00e3o, uma das equipes foi classificada para o World Championship, realizada em Houston, nos Estados Unidos","robots":{"index":"index","follow":"follow","max-snippet":"max-snippet:-1","max-image-preview":"max-image-preview:large","max-video-preview":"max-video-preview:-1"},"canonical":"https:\/\/www.fiemg.com.br\/fiemg\/noticias\/times-mineiros-sao-premiados-em-etapa-nacional-do-festival-sesi-de-educacao\/","og_locale":"pt_BR","og_type":"article","og_title":"Times mineiros s\u00e3o premiados em etapa nacional do Festival SESI de Educa\u00e7\u00e3o\u00a0 - FIEMG","og_description":"Al\u00e9m da premia\u00e7\u00e3o, uma das equipes foi classificada para o World Championship, realizada em Houston, nos Estados Unidos","og_url":"https:\/\/www.fiemg.com.br\/fiemg\/noticias\/times-mineiros-sao-premiados-em-etapa-nacional-do-festival-sesi-de-educacao\/","og_site_name":"FIEMG","article_modified_time":"2024-03-08T17:41:01+00:00","og_image":[{"width":512,"height":512,"url":"https:\/\/www.fiemg.com.br\/fiemg\/wp-content\/uploads\/sites\/10\/2024\/03\/torneio-sesi-educacao-etapa-nacional-1.jpg","type":"image\/jpeg"}],"twitter_card":"summary_large_image","twitter_misc":{"Est. tempo de leitura":"4 minutos"},"schema":{"@context":"https:\/\/schema.org","@graph":[{"@type":"WebPage","@id":"https:\/\/www.fiemg.com.br\/fiemg\/noticias\/times-mineiros-sao-premiados-em-etapa-nacional-do-festival-sesi-de-educacao\/","url":"https:\/\/www.fiemg.com.br\/fiemg\/noticias\/times-mineiros-sao-premiados-em-etapa-nacional-do-festival-sesi-de-educacao\/","name":"Times mineiros s\u00e3o premiados em etapa nacional do Festival SESI de Educa\u00e7\u00e3o\u00a0 - FIEMG","isPartOf":{"@id":"https:\/\/www.fiemg.com.br\/fiemg\/#website"},"primaryImageOfPage":{"@id":"https:\/\/www.fiemg.com.br\/fiemg\/noticias\/times-mineiros-sao-premiados-em-etapa-nacional-do-festival-sesi-de-educacao\/#primaryimage"},"image":{"@id":"https:\/\/www.fiemg.com.br\/fiemg\/noticias\/times-mineiros-sao-premiados-em-etapa-nacional-do-festival-sesi-de-educacao\/#primaryimage"},"thumbnailUrl":"https:\/\/www.fiemg.com.br\/fiemg\/wp-content\/uploads\/sites\/10\/2024\/03\/torneio-sesi-educacao-etapa-nacional-1.jpg","datePublished":"2024-03-08T17:40:59+00:00","dateModified":"2024-03-08T17:41:01+00:00","description":"Al\u00e9m da premia\u00e7\u00e3o, uma das equipes foi classificada para o World Championship, realizada em Houston, nos Estados Unidos","breadcrumb":{"@id":"https:\/\/www.fiemg.com.br\/fiemg\/noticias\/times-mineiros-sao-premiados-em-etapa-nacional-do-festival-sesi-de-educacao\/#breadcrumb"},"inLanguage":"pt-BR","potentialAction":[{"@type":"ReadAction","target":["https:\/\/www.fiemg.com.br\/fiemg\/noticias\/times-mineiros-sao-premiados-em-etapa-nacional-do-festival-sesi-de-educacao\/"]}]},{"@type":"ImageObject","inLanguage":"pt-BR","@id":"https:\/\/www.fiemg.com.br\/fiemg\/noticias\/times-mineiros-sao-premiados-em-etapa-nacional-do-festival-sesi-de-educacao\/#primaryimage","url":"https:\/\/www.fiemg.com.br\/fiemg\/wp-content\/uploads\/sites\/10\/2024\/03\/torneio-sesi-educacao-etapa-nacional-1.jpg","contentUrl":"https:\/\/www.fiemg.com.br\/fiemg\/wp-content\/uploads\/sites\/10\/2024\/03\/torneio-sesi-educacao-etapa-nacional-1.jpg","width":512,"height":512,"caption":"Times mineiros s\u00e3o premiados em etapa nacional do Festival SESI de Educa\u00e7\u00e3o"},{"@type":"BreadcrumbList","@id":"https:\/\/www.fiemg.com.br\/fiemg\/noticias\/times-mineiros-sao-premiados-em-etapa-nacional-do-festival-sesi-de-educacao\/#breadcrumb","itemListElement":[{"@type":"ListItem","position":1,"name":"In\u00edcio","item":"https:\/\/www.fiemg.com.br\/fiemg\/"},{"@type":"ListItem","position":2,"name":"Times mineiros s\u00e3o premiados em etapa nacional do Festival SESI de Educa\u00e7\u00e3o\u00a0"}]},{"@type":"WebSite","@id":"https:\/\/www.fiemg.com.br\/fiemg\/#website","url":"https:\/\/www.fiemg.com.br\/fiemg\/","name":"FIEMG","description":"Federa\u00e7\u00e3o das Ind\u00fastrias do Estado de Minas Gerais","publisher":{"@id":"https:\/\/www.fiemg.com.br\/fiemg\/#organization"},"potentialAction":[{"@type":"SearchAction","target":{"@type":"EntryPoint","urlTemplate":"https:\/\/www.fiemg.com.br\/fiemg\/?s={search_term_string}"},"query-input":{"@type":"PropertyValueSpecification","valueRequired":true,"valueName":"search_term_string"}}],"inLanguage":"pt-BR"},{"@type":"Organization","@id":"https:\/\/www.fiemg.com.br\/fiemg\/#organization","name":"FIEMG","url":"https:\/\/www.fiemg.com.br\/fiemg\/","logo":{"@type":"ImageObject","inLanguage":"pt-BR","@id":"https:\/\/www.fiemg.com.br\/fiemg\/#\/schema\/logo\/image\/","url":"https:\/\/www.fiemg.com.br\/fiemg\/wp-content\/uploads\/sites\/10\/2023\/02\/fiemg_branco.svg","contentUrl":"https:\/\/www.fiemg.com.br\/fiemg\/wp-content\/uploads\/sites\/10\/2023\/02\/fiemg_branco.svg","width":561,"height":147,"caption":"FIEMG"},"image":{"@id":"https:\/\/www.fiemg.com.br\/fiemg\/#\/schema\/logo\/image\/"}}]}},"_links":{"self":[{"href":"https:\/\/www.fiemg.com.br\/fiemg\/wp-json\/wp\/v2\/noticias\/3431","targetHints":{"allow":["GET"]}}],"collection":[{"href":"https:\/\/www.fiemg.com.br\/fiemg\/wp-json\/wp\/v2\/noticias"}],"about":[{"href":"https:\/\/www.fiemg.com.br\/fiemg\/wp-json\/wp\/v2\/types\/noticias"}],"wp:featuredmedia":[{"embeddable":true,"href":"https:\/\/www.fiemg.com.br\/fiemg\/wp-json\/wp\/v2\/media\/3433"}],"wp:attachment":[{"href":"https:\/\/www.fiemg.com.br\/fiemg\/wp-json\/wp\/v2\/media?parent=3431"}],"wp:term":[{"taxonomy":"category","embeddable":true,"href":"https:\/\/www.fiemg.com.br\/fiemg\/wp-json\/wp\/v2\/categories?post=3431"},{"taxonomy":"post_tag","embeddable":true,"href":"https:\/\/www.fiemg.com.br\/fiemg\/wp-json\/wp\/v2\/tags?post=3431"}],"curies":[{"name":"wp","href":"https:\/\/api.w.org\/{rel}","templated":true}]}}