{"id":3446,"date":"2024-03-14T11:38:58","date_gmt":"2024-03-14T14:38:58","guid":{"rendered":"https:\/\/www.fiemg.com.br\/fiemg\/noticias\/codemge-e-rodaanel-foram-temas-de-reuniao-na-fiemg\/"},"modified":"2024-03-14T13:37:45","modified_gmt":"2024-03-14T16:37:45","slug":"codemge-e-rodaanel-foram-temas-de-reuniao-na-fiemg","status":"publish","type":"noticias","link":"https:\/\/www.fiemg.com.br\/fiemg\/noticias\/codemge-e-rodaanel-foram-temas-de-reuniao-na-fiemg\/","title":{"rendered":"Codemge e Rodoanel foram temas de reuni\u00e3o na FIEMG"},"content":{"rendered":"\n<figure class=\"wp-block-image alignleft size-full is-resized\"><img fetchpriority=\"high\" decoding=\"async\" width=\"884\" height=\"786\" src=\"https:\/\/www.fiemg.com.br\/fiemg\/wp-content\/uploads\/sites\/10\/2024\/03\/WhatsApp-Image-2024-03-14-at-10.29.19.jpeg\" alt=\"\" class=\"wp-image-3447\" style=\"width:664px;height:auto\" srcset=\"https:\/\/www.fiemg.com.br\/fiemg\/wp-content\/uploads\/sites\/10\/2024\/03\/WhatsApp-Image-2024-03-14-at-10.29.19.jpeg 884w, https:\/\/www.fiemg.com.br\/fiemg\/wp-content\/uploads\/sites\/10\/2024\/03\/WhatsApp-Image-2024-03-14-at-10.29.19-300x267.jpeg 300w, https:\/\/www.fiemg.com.br\/fiemg\/wp-content\/uploads\/sites\/10\/2024\/03\/WhatsApp-Image-2024-03-14-at-10.29.19-768x683.jpeg 768w\" sizes=\"(max-width: 884px) 100vw, 884px\" \/><\/figure>\n\n\n\n<p>Presidido por Emir Cadar, o Conselho de Infraestrutura da FIEMG se reuniu, no dia 14 de mar\u00e7o, para tratar de assuntos de interesse do setor. O evento foi realizado na sede da Federa\u00e7\u00e3o mineira, em Belo Horizonte, e Cadar ressaltou, na abertura, que o colegiado vem se tornando uma ferramenta do Estado. \u201cPor meio dele, estamos fortalecendo a uni\u00e3o entre o setor p\u00fablico e privado. A infraestrutura \u00e9 um setor muito grande. Minas Gerais depois de muitos anos se tornou um celeiro de obras e nosso grupo tem muito para contribuir para que esse celeiro cres\u00e7a ainda mais\u201d, ressaltou.&nbsp;<\/p>\n\n\n\n<p>O encontro contou com as presen\u00e7as de Diogo Prosdocimi e Leandro Rodrigues e Silva, representantes da Companhia de Desenvolvimento de Minas Gerais (Codemge). Prosdocimi destacou a import\u00e2ncia da parceria entre as esferas p\u00fablica e privada.<\/p>\n\n\n\n<p>&nbsp;J\u00e1 Rodrigues e Silva&nbsp; apresentou o planejamento estrat\u00e9gico de transportes &#8211; Plano Estadual de Log\u00edstica e Transportes de Minas Gerais (PELT-MG). \u201c\u00c9 um projeto que tem uma vis\u00e3o de Estado, n\u00e3o de governo, que ficar\u00e1 de legado para as pr\u00f3ximas gest\u00f5es. \u00c9 um planejamento de longo prazo, com dura\u00e7\u00e3o at\u00e9 2055\u201d.<\/p>\n\n\n\n<p>As a\u00e7\u00f5es do PELT-MG podem ser de Empreendimentos, com a agrega\u00e7\u00e3o de obras e servi\u00e7os atrelados a um respons\u00e1vel contendo um ou mais tipos de infraestrutura, ou de Iniciativas, que s\u00e3o a\u00e7\u00f5es que impactam o sistema de transporte que n\u00e3o sejam obras.<\/p>\n\n\n\n<p>Segundo Rodrigues e Silva, o PELT-MG tem como diferenciais de metodologia:&nbsp; Organiza\u00e7\u00e3o das a\u00e7\u00f5es dos diferentes atores e crit\u00e9rios de governan\u00e7a, Planejamento voltado para resultados sociais e econ\u00f4micos, Simula\u00e7\u00e3o e resultados integrados, Aplica\u00e7\u00e3o do 5G e o Uso de Big Data e Data Science.<\/p>\n\n\n\n<p>Outra apresenta\u00e7\u00e3o realizada foi a do projeto Rodoanel, por seu CEO Celso Paes. \u201c\u00c9 um projeto essencial para Minas Gerais e para a Regi\u00e3o Metropolitana de Belo Horizonte\u201d, disse, explicando que o RodoAnel \u00e9 uma concess\u00e3o patrocinada por 30 anos, que acabou de conseguir o licenciamento ambiental e est\u00e1 na fase de desapropria\u00e7\u00e3o. O investimento total \u00e9 de R$ 5 bilh\u00f5es.\u00a0 \u201cO Rodoanel, com seus 100 quil\u00f4metros de malha rodovi\u00e1ria e suas cinco al\u00e7as, ir\u00e1 ligar 11 cidades da RMBH. \u00c9 um projeto de grande envergadura que impulsionar\u00e1 a mobilidade e a economia na regi\u00e3o\u201d, afirmou.<br><br><em>Denise Lucas<\/em><br><strong>Imprensa FIEMG<\/strong><\/p>\n","protected":false},"featured_media":3447,"template":"","categories":[15],"tags":[108,78,104,611],"class_list":["post-3446","noticias","type-noticias","status-publish","has-post-thumbnail","hentry","category-desenvolvimento-industrial","tag-construcao-civil","tag-fiemg","tag-industria","tag-infraestrutura"],"acf":[],"yoast_head":"<!-- This site is optimized with the Yoast SEO plugin v26.2 - https:\/\/yoast.com\/wordpress\/plugins\/seo\/ -->\n<title>Codemge e Rodoanel foram temas de reuni\u00e3o na FIEMG - FIEMG<\/title>\n<meta name=\"description\" content=\"Assuntos foram debatidos durante a reuni\u00e3o do Conselho de Infraestrutura da institui\u00e7\u00e3o\" \/>\n<meta name=\"robots\" content=\"index, follow, max-snippet:-1, max-image-preview:large, max-video-preview:-1\" \/>\n<link rel=\"canonical\" href=\"https:\/\/www.fiemg.com.br\/fiemg\/noticias\/codemge-e-rodaanel-foram-temas-de-reuniao-na-fiemg\/\" \/>\n<meta property=\"og:locale\" content=\"pt_BR\" \/>\n<meta property=\"og:type\" content=\"article\" \/>\n<meta property=\"og:title\" content=\"Codemge e Rodoanel foram temas de reuni\u00e3o na FIEMG - FIEMG\" \/>\n<meta property=\"og:description\" content=\"Assuntos foram debatidos durante a reuni\u00e3o do Conselho de Infraestrutura da institui\u00e7\u00e3o\" \/>\n<meta property=\"og:url\" content=\"https:\/\/www.fiemg.com.br\/fiemg\/noticias\/codemge-e-rodaanel-foram-temas-de-reuniao-na-fiemg\/\" \/>\n<meta property=\"og:site_name\" content=\"FIEMG\" \/>\n<meta property=\"article:modified_time\" content=\"2024-03-14T16:37:45+00:00\" \/>\n<meta property=\"og:image\" content=\"https:\/\/www.fiemg.com.br\/fiemg\/wp-content\/uploads\/sites\/10\/2023\/08\/default.png\" \/>\n\t<meta property=\"og:image:width\" content=\"300\" \/>\n\t<meta property=\"og:image:height\" content=\"300\" \/>\n\t<meta property=\"og:image:type\" content=\"image\/png\" \/>\n<meta name=\"twitter:card\" content=\"summary_large_image\" \/>\n<meta name=\"twitter:label1\" content=\"Est. tempo de leitura\" \/>\n\t<meta name=\"twitter:data1\" content=\"3 minutos\" \/>\n<script type=\"application\/ld+json\" class=\"yoast-schema-graph\">{\"@context\":\"https:\/\/schema.org\",\"@graph\":[{\"@type\":\"WebPage\",\"@id\":\"https:\/\/www.fiemg.com.br\/fiemg\/noticias\/codemge-e-rodaanel-foram-temas-de-reuniao-na-fiemg\/\",\"url\":\"https:\/\/www.fiemg.com.br\/fiemg\/noticias\/codemge-e-rodaanel-foram-temas-de-reuniao-na-fiemg\/\",\"name\":\"Codemge e Rodoanel foram temas de reuni\u00e3o na FIEMG - FIEMG\",\"isPartOf\":{\"@id\":\"https:\/\/www.fiemg.com.br\/fiemg\/#website\"},\"primaryImageOfPage\":{\"@id\":\"https:\/\/www.fiemg.com.br\/fiemg\/noticias\/codemge-e-rodaanel-foram-temas-de-reuniao-na-fiemg\/#primaryimage\"},\"image\":{\"@id\":\"https:\/\/www.fiemg.com.br\/fiemg\/noticias\/codemge-e-rodaanel-foram-temas-de-reuniao-na-fiemg\/#primaryimage\"},\"thumbnailUrl\":\"https:\/\/www.fiemg.com.br\/fiemg\/wp-content\/uploads\/sites\/10\/2024\/03\/WhatsApp-Image-2024-03-14-at-10.29.19.jpeg\",\"datePublished\":\"2024-03-14T14:38:58+00:00\",\"dateModified\":\"2024-03-14T16:37:45+00:00\",\"description\":\"Assuntos foram debatidos durante a reuni\u00e3o do Conselho de Infraestrutura da institui\u00e7\u00e3o\",\"breadcrumb\":{\"@id\":\"https:\/\/www.fiemg.com.br\/fiemg\/noticias\/codemge-e-rodaanel-foram-temas-de-reuniao-na-fiemg\/#breadcrumb\"},\"inLanguage\":\"pt-BR\",\"potentialAction\":[{\"@type\":\"ReadAction\",\"target\":[\"https:\/\/www.fiemg.com.br\/fiemg\/noticias\/codemge-e-rodaanel-foram-temas-de-reuniao-na-fiemg\/\"]}]},{\"@type\":\"ImageObject\",\"inLanguage\":\"pt-BR\",\"@id\":\"https:\/\/www.fiemg.com.br\/fiemg\/noticias\/codemge-e-rodaanel-foram-temas-de-reuniao-na-fiemg\/#primaryimage\",\"url\":\"https:\/\/www.fiemg.com.br\/fiemg\/wp-content\/uploads\/sites\/10\/2024\/03\/WhatsApp-Image-2024-03-14-at-10.29.19.jpeg\",\"contentUrl\":\"https:\/\/www.fiemg.com.br\/fiemg\/wp-content\/uploads\/sites\/10\/2024\/03\/WhatsApp-Image-2024-03-14-at-10.29.19.jpeg\",\"width\":884,\"height\":786},{\"@type\":\"BreadcrumbList\",\"@id\":\"https:\/\/www.fiemg.com.br\/fiemg\/noticias\/codemge-e-rodaanel-foram-temas-de-reuniao-na-fiemg\/#breadcrumb\",\"itemListElement\":[{\"@type\":\"ListItem\",\"position\":1,\"name\":\"In\u00edcio\",\"item\":\"https:\/\/www.fiemg.com.br\/fiemg\/\"},{\"@type\":\"ListItem\",\"position\":2,\"name\":\"Codemge e RodaAnel foram temas de reuni\u00e3o na FIEMG\"}]},{\"@type\":\"WebSite\",\"@id\":\"https:\/\/www.fiemg.com.br\/fiemg\/#website\",\"url\":\"https:\/\/www.fiemg.com.br\/fiemg\/\",\"name\":\"FIEMG\",\"description\":\"Federa\u00e7\u00e3o das Ind\u00fastrias do Estado de Minas Gerais\",\"publisher\":{\"@id\":\"https:\/\/www.fiemg.com.br\/fiemg\/#organization\"},\"potentialAction\":[{\"@type\":\"SearchAction\",\"target\":{\"@type\":\"EntryPoint\",\"urlTemplate\":\"https:\/\/www.fiemg.com.br\/fiemg\/?s={search_term_string}\"},\"query-input\":{\"@type\":\"PropertyValueSpecification\",\"valueRequired\":true,\"valueName\":\"search_term_string\"}}],\"inLanguage\":\"pt-BR\"},{\"@type\":\"Organization\",\"@id\":\"https:\/\/www.fiemg.com.br\/fiemg\/#organization\",\"name\":\"FIEMG\",\"url\":\"https:\/\/www.fiemg.com.br\/fiemg\/\",\"logo\":{\"@type\":\"ImageObject\",\"inLanguage\":\"pt-BR\",\"@id\":\"https:\/\/www.fiemg.com.br\/fiemg\/#\/schema\/logo\/image\/\",\"url\":\"https:\/\/www.fiemg.com.br\/fiemg\/wp-content\/uploads\/sites\/10\/2023\/02\/fiemg_branco.svg\",\"contentUrl\":\"https:\/\/www.fiemg.com.br\/fiemg\/wp-content\/uploads\/sites\/10\/2023\/02\/fiemg_branco.svg\",\"width\":561,\"height\":147,\"caption\":\"FIEMG\"},\"image\":{\"@id\":\"https:\/\/www.fiemg.com.br\/fiemg\/#\/schema\/logo\/image\/\"}}]}<\/script>\n<!-- \/ Yoast SEO plugin. -->","yoast_head_json":{"title":"Codemge e Rodoanel foram temas de reuni\u00e3o na FIEMG - FIEMG","description":"Assuntos foram debatidos durante a reuni\u00e3o do Conselho de Infraestrutura da institui\u00e7\u00e3o","robots":{"index":"index","follow":"follow","max-snippet":"max-snippet:-1","max-image-preview":"max-image-preview:large","max-video-preview":"max-video-preview:-1"},"canonical":"https:\/\/www.fiemg.com.br\/fiemg\/noticias\/codemge-e-rodaanel-foram-temas-de-reuniao-na-fiemg\/","og_locale":"pt_BR","og_type":"article","og_title":"Codemge e Rodoanel foram temas de reuni\u00e3o na FIEMG - FIEMG","og_description":"Assuntos foram debatidos durante a reuni\u00e3o do Conselho de Infraestrutura da institui\u00e7\u00e3o","og_url":"https:\/\/www.fiemg.com.br\/fiemg\/noticias\/codemge-e-rodaanel-foram-temas-de-reuniao-na-fiemg\/","og_site_name":"FIEMG","article_modified_time":"2024-03-14T16:37:45+00:00","og_image":[{"width":300,"height":300,"url":"https:\/\/www.fiemg.com.br\/fiemg\/wp-content\/uploads\/sites\/10\/2023\/08\/default.png","type":"image\/png"}],"twitter_card":"summary_large_image","twitter_misc":{"Est. tempo de leitura":"3 minutos"},"schema":{"@context":"https:\/\/schema.org","@graph":[{"@type":"WebPage","@id":"https:\/\/www.fiemg.com.br\/fiemg\/noticias\/codemge-e-rodaanel-foram-temas-de-reuniao-na-fiemg\/","url":"https:\/\/www.fiemg.com.br\/fiemg\/noticias\/codemge-e-rodaanel-foram-temas-de-reuniao-na-fiemg\/","name":"Codemge e Rodoanel foram temas de reuni\u00e3o na FIEMG - FIEMG","isPartOf":{"@id":"https:\/\/www.fiemg.com.br\/fiemg\/#website"},"primaryImageOfPage":{"@id":"https:\/\/www.fiemg.com.br\/fiemg\/noticias\/codemge-e-rodaanel-foram-temas-de-reuniao-na-fiemg\/#primaryimage"},"image":{"@id":"https:\/\/www.fiemg.com.br\/fiemg\/noticias\/codemge-e-rodaanel-foram-temas-de-reuniao-na-fiemg\/#primaryimage"},"thumbnailUrl":"https:\/\/www.fiemg.com.br\/fiemg\/wp-content\/uploads\/sites\/10\/2024\/03\/WhatsApp-Image-2024-03-14-at-10.29.19.jpeg","datePublished":"2024-03-14T14:38:58+00:00","dateModified":"2024-03-14T16:37:45+00:00","description":"Assuntos foram debatidos durante a reuni\u00e3o do Conselho de Infraestrutura da institui\u00e7\u00e3o","breadcrumb":{"@id":"https:\/\/www.fiemg.com.br\/fiemg\/noticias\/codemge-e-rodaanel-foram-temas-de-reuniao-na-fiemg\/#breadcrumb"},"inLanguage":"pt-BR","potentialAction":[{"@type":"ReadAction","target":["https:\/\/www.fiemg.com.br\/fiemg\/noticias\/codemge-e-rodaanel-foram-temas-de-reuniao-na-fiemg\/"]}]},{"@type":"ImageObject","inLanguage":"pt-BR","@id":"https:\/\/www.fiemg.com.br\/fiemg\/noticias\/codemge-e-rodaanel-foram-temas-de-reuniao-na-fiemg\/#primaryimage","url":"https:\/\/www.fiemg.com.br\/fiemg\/wp-content\/uploads\/sites\/10\/2024\/03\/WhatsApp-Image-2024-03-14-at-10.29.19.jpeg","contentUrl":"https:\/\/www.fiemg.com.br\/fiemg\/wp-content\/uploads\/sites\/10\/2024\/03\/WhatsApp-Image-2024-03-14-at-10.29.19.jpeg","width":884,"height":786},{"@type":"BreadcrumbList","@id":"https:\/\/www.fiemg.com.br\/fiemg\/noticias\/codemge-e-rodaanel-foram-temas-de-reuniao-na-fiemg\/#breadcrumb","itemListElement":[{"@type":"ListItem","position":1,"name":"In\u00edcio","item":"https:\/\/www.fiemg.com.br\/fiemg\/"},{"@type":"ListItem","position":2,"name":"Codemge e RodaAnel foram temas de reuni\u00e3o na FIEMG"}]},{"@type":"WebSite","@id":"https:\/\/www.fiemg.com.br\/fiemg\/#website","url":"https:\/\/www.fiemg.com.br\/fiemg\/","name":"FIEMG","description":"Federa\u00e7\u00e3o das Ind\u00fastrias do Estado de Minas Gerais","publisher":{"@id":"https:\/\/www.fiemg.com.br\/fiemg\/#organization"},"potentialAction":[{"@type":"SearchAction","target":{"@type":"EntryPoint","urlTemplate":"https:\/\/www.fiemg.com.br\/fiemg\/?s={search_term_string}"},"query-input":{"@type":"PropertyValueSpecification","valueRequired":true,"valueName":"search_term_string"}}],"inLanguage":"pt-BR"},{"@type":"Organization","@id":"https:\/\/www.fiemg.com.br\/fiemg\/#organization","name":"FIEMG","url":"https:\/\/www.fiemg.com.br\/fiemg\/","logo":{"@type":"ImageObject","inLanguage":"pt-BR","@id":"https:\/\/www.fiemg.com.br\/fiemg\/#\/schema\/logo\/image\/","url":"https:\/\/www.fiemg.com.br\/fiemg\/wp-content\/uploads\/sites\/10\/2023\/02\/fiemg_branco.svg","contentUrl":"https:\/\/www.fiemg.com.br\/fiemg\/wp-content\/uploads\/sites\/10\/2023\/02\/fiemg_branco.svg","width":561,"height":147,"caption":"FIEMG"},"image":{"@id":"https:\/\/www.fiemg.com.br\/fiemg\/#\/schema\/logo\/image\/"}}]}},"_links":{"self":[{"href":"https:\/\/www.fiemg.com.br\/fiemg\/wp-json\/wp\/v2\/noticias\/3446","targetHints":{"allow":["GET"]}}],"collection":[{"href":"https:\/\/www.fiemg.com.br\/fiemg\/wp-json\/wp\/v2\/noticias"}],"about":[{"href":"https:\/\/www.fiemg.com.br\/fiemg\/wp-json\/wp\/v2\/types\/noticias"}],"wp:featuredmedia":[{"embeddable":true,"href":"https:\/\/www.fiemg.com.br\/fiemg\/wp-json\/wp\/v2\/media\/3447"}],"wp:attachment":[{"href":"https:\/\/www.fiemg.com.br\/fiemg\/wp-json\/wp\/v2\/media?parent=3446"}],"wp:term":[{"taxonomy":"category","embeddable":true,"href":"https:\/\/www.fiemg.com.br\/fiemg\/wp-json\/wp\/v2\/categories?post=3446"},{"taxonomy":"post_tag","embeddable":true,"href":"https:\/\/www.fiemg.com.br\/fiemg\/wp-json\/wp\/v2\/tags?post=3446"}],"curies":[{"name":"wp","href":"https:\/\/api.w.org\/{rel}","templated":true}]}}