{"id":3480,"date":"2024-03-20T15:44:41","date_gmt":"2024-03-20T18:44:41","guid":{"rendered":"https:\/\/www.fiemg.com.br\/fiemg\/noticias\/uberlandia-vai-receber-workshop-sobre-inovacao-aberta-para-industrias\/"},"modified":"2024-03-20T16:04:32","modified_gmt":"2024-03-20T19:04:32","slug":"uberlandia-vai-receber-workshop-sobre-inovacao-aberta-para-industrias","status":"publish","type":"noticias","link":"https:\/\/www.fiemg.com.br\/fiemg\/noticias\/uberlandia-vai-receber-workshop-sobre-inovacao-aberta-para-industrias\/","title":{"rendered":"Uberl\u00e2ndia vai receber workshop sobre inova\u00e7\u00e3o aberta para ind\u00fastrias"},"content":{"rendered":"\n<p>A inova\u00e7\u00e3o como impulsionadora da ind\u00fastria. Esse ser\u00e1 um dos assuntos debatidos no \u201cWorkshop Futuro da Ind\u00fastria &#8211; Descobrindo e solucionando dores\u201d, que ser\u00e1 realizado pelo programa FIEMG LAb em parceria com a Brain Inova\u00e7\u00e3o, em 2 de abril, em Uberl\u00e2ndia, no Tri\u00e2ngulo Mineiro. O evento ser\u00e1 gratuito e os interessados podem fazer a inscri\u00e7\u00e3o <a href=\"https:\/\/www.sympla.com.br\/evento\/workshop-futuro-da-industria\/2321327?_gl=1*1emnrus*_ga*Nzk3NjcxMTI1LjE2NzUxNzMyNDM.*_ga_KXH10SQTZF*MTcwODYwOTQ0MS41NS4wLjE3MDg2MDk0NDEuNjAuMS4xMTMxODYyMzAy\"><strong>neste link<\/strong><\/a>.<\/p>\n\n\n\n<p>&#8220;Nosso prop\u00f3sito com o evento \u00e9 apoiar ind\u00fastrias a entenderem como a inova\u00e7\u00e3o aberta pode impulsionar a estrat\u00e9gia dos seus neg\u00f3cios, trazendo maior competividade, efici\u00eancia e resultados. Al\u00e9m disso, elas ter\u00e3o oportunidade de se conectar com startups que resolvem os desafios que a ind\u00fastria enfrenta no dia a dia, com solu\u00e7\u00f5es tecnol\u00f3gicas de alta qualidade&#8221;, explica a coordenadora do FIEMG Lab, Bruna Pereira.<\/p>\n\n\n\n<p>A programa\u00e7\u00e3o do evento prev\u00ea \u00e0s 9h uma palestra com tema \u201cComo descobrir a dor de sua ind\u00fastria\u201d, cujo expositor ser\u00e1 Flavio Augusto, especialista em inova\u00e7\u00e3o e educa\u00e7\u00e3o na Brain Inova\u00e7\u00e3o.<\/p>\n\n\n\n<p>Em seguida, haver\u00e1 um painel que vai abordar as vantagens de negociar com startups, que ter\u00e1 a participa\u00e7\u00e3o da head de inova\u00e7\u00e3o na Scala Latic\u00ednios, Larissa Sarmento Macedo, e do co-founder da Infinite Foundry e especialista em gest\u00e3o industrial e processos automobil\u00edsticos, Bruno Eisinger, e o agente de conex\u00f5es e l\u00edder de comunidade do FIEMG Lab, Yuri Souza.<\/p>\n\n\n\n<p>A segunda etapa do evento vai acontecer em 25 de abril, das 9h \u00e0s 12h, com uma rodada de neg\u00f3cios on-line, chamada de Speed Dating. O workshop ser\u00e1 no Brain &#8211; Centro de Inova\u00e7\u00e3o em Neg\u00f3cios Digitais &#8211; Avenida Maria Silva Garcia, 385, 3 \u00ba andar (pr\u00e9dio CSC Algar), bairro Granja Marileusa.<br><br><em>Rafael Passos<br><\/em><strong>Imprensa FIEMG<\/strong><\/p>\n","protected":false},"featured_media":3481,"template":"","categories":[15],"tags":[144,104,331,634,571,635],"class_list":["post-3480","noticias","type-noticias","status-publish","has-post-thumbnail","hentry","category-desenvolvimento-industrial","tag-fiemg-lab","tag-industria","tag-inovacao","tag-startups","tag-uberlandia","tag-wrokshop"],"acf":[],"yoast_head":"<!-- This site is optimized with the Yoast SEO plugin v26.2 - https:\/\/yoast.com\/wordpress\/plugins\/seo\/ -->\n<title>Uberl\u00e2ndia vai receber workshop sobre inova\u00e7\u00e3o aberta para ind\u00fastrias - FIEMG<\/title>\n<meta name=\"description\" content=\"Com a participa\u00e7\u00e3o de especialistas do mercado, evento vai conectar startups a empresas da regi\u00e3o\" \/>\n<meta name=\"robots\" content=\"index, follow, max-snippet:-1, max-image-preview:large, max-video-preview:-1\" \/>\n<link rel=\"canonical\" href=\"https:\/\/www.fiemg.com.br\/fiemg\/noticias\/uberlandia-vai-receber-workshop-sobre-inovacao-aberta-para-industrias\/\" \/>\n<meta property=\"og:locale\" content=\"pt_BR\" \/>\n<meta property=\"og:type\" content=\"article\" \/>\n<meta property=\"og:title\" content=\"Uberl\u00e2ndia vai receber workshop sobre inova\u00e7\u00e3o aberta para ind\u00fastrias - FIEMG\" \/>\n<meta property=\"og:description\" content=\"Com a participa\u00e7\u00e3o de especialistas do mercado, evento vai conectar startups a empresas da regi\u00e3o\" \/>\n<meta property=\"og:url\" content=\"https:\/\/www.fiemg.com.br\/fiemg\/noticias\/uberlandia-vai-receber-workshop-sobre-inovacao-aberta-para-industrias\/\" \/>\n<meta property=\"og:site_name\" content=\"FIEMG\" \/>\n<meta property=\"article:modified_time\" content=\"2024-03-20T19:04:32+00:00\" \/>\n<meta property=\"og:image\" content=\"https:\/\/www.fiemg.com.br\/fiemg\/wp-content\/uploads\/sites\/10\/2024\/03\/speed_interna.jpeg\" \/>\n\t<meta property=\"og:image:width\" content=\"512\" \/>\n\t<meta property=\"og:image:height\" content=\"512\" \/>\n\t<meta property=\"og:image:type\" content=\"image\/jpeg\" \/>\n<meta name=\"twitter:card\" content=\"summary_large_image\" \/>\n<meta name=\"twitter:label1\" content=\"Est. tempo de leitura\" \/>\n\t<meta name=\"twitter:data1\" content=\"2 minutos\" \/>\n<script type=\"application\/ld+json\" class=\"yoast-schema-graph\">{\"@context\":\"https:\/\/schema.org\",\"@graph\":[{\"@type\":\"WebPage\",\"@id\":\"https:\/\/www.fiemg.com.br\/fiemg\/noticias\/uberlandia-vai-receber-workshop-sobre-inovacao-aberta-para-industrias\/\",\"url\":\"https:\/\/www.fiemg.com.br\/fiemg\/noticias\/uberlandia-vai-receber-workshop-sobre-inovacao-aberta-para-industrias\/\",\"name\":\"Uberl\u00e2ndia vai receber workshop sobre inova\u00e7\u00e3o aberta para ind\u00fastrias - FIEMG\",\"isPartOf\":{\"@id\":\"https:\/\/www.fiemg.com.br\/fiemg\/#website\"},\"primaryImageOfPage\":{\"@id\":\"https:\/\/www.fiemg.com.br\/fiemg\/noticias\/uberlandia-vai-receber-workshop-sobre-inovacao-aberta-para-industrias\/#primaryimage\"},\"image\":{\"@id\":\"https:\/\/www.fiemg.com.br\/fiemg\/noticias\/uberlandia-vai-receber-workshop-sobre-inovacao-aberta-para-industrias\/#primaryimage\"},\"thumbnailUrl\":\"https:\/\/www.fiemg.com.br\/fiemg\/wp-content\/uploads\/sites\/10\/2024\/03\/speed_interna.jpeg\",\"datePublished\":\"2024-03-20T18:44:41+00:00\",\"dateModified\":\"2024-03-20T19:04:32+00:00\",\"description\":\"Com a participa\u00e7\u00e3o de especialistas do mercado, evento vai conectar startups a empresas da regi\u00e3o\",\"breadcrumb\":{\"@id\":\"https:\/\/www.fiemg.com.br\/fiemg\/noticias\/uberlandia-vai-receber-workshop-sobre-inovacao-aberta-para-industrias\/#breadcrumb\"},\"inLanguage\":\"pt-BR\",\"potentialAction\":[{\"@type\":\"ReadAction\",\"target\":[\"https:\/\/www.fiemg.com.br\/fiemg\/noticias\/uberlandia-vai-receber-workshop-sobre-inovacao-aberta-para-industrias\/\"]}]},{\"@type\":\"ImageObject\",\"inLanguage\":\"pt-BR\",\"@id\":\"https:\/\/www.fiemg.com.br\/fiemg\/noticias\/uberlandia-vai-receber-workshop-sobre-inovacao-aberta-para-industrias\/#primaryimage\",\"url\":\"https:\/\/www.fiemg.com.br\/fiemg\/wp-content\/uploads\/sites\/10\/2024\/03\/speed_interna.jpeg\",\"contentUrl\":\"https:\/\/www.fiemg.com.br\/fiemg\/wp-content\/uploads\/sites\/10\/2024\/03\/speed_interna.jpeg\",\"width\":512,\"height\":512,\"caption\":\"Uberl\u00e2ndia vai receber workshop sobre inova\u00e7\u00e3o aberta para ind\u00fastrias\"},{\"@type\":\"BreadcrumbList\",\"@id\":\"https:\/\/www.fiemg.com.br\/fiemg\/noticias\/uberlandia-vai-receber-workshop-sobre-inovacao-aberta-para-industrias\/#breadcrumb\",\"itemListElement\":[{\"@type\":\"ListItem\",\"position\":1,\"name\":\"In\u00edcio\",\"item\":\"https:\/\/www.fiemg.com.br\/fiemg\/\"},{\"@type\":\"ListItem\",\"position\":2,\"name\":\"Uberl\u00e2ndia vai receber workshop sobre inova\u00e7\u00e3o aberta para ind\u00fastrias\"}]},{\"@type\":\"WebSite\",\"@id\":\"https:\/\/www.fiemg.com.br\/fiemg\/#website\",\"url\":\"https:\/\/www.fiemg.com.br\/fiemg\/\",\"name\":\"FIEMG\",\"description\":\"Federa\u00e7\u00e3o das Ind\u00fastrias do Estado de Minas Gerais\",\"publisher\":{\"@id\":\"https:\/\/www.fiemg.com.br\/fiemg\/#organization\"},\"potentialAction\":[{\"@type\":\"SearchAction\",\"target\":{\"@type\":\"EntryPoint\",\"urlTemplate\":\"https:\/\/www.fiemg.com.br\/fiemg\/?s={search_term_string}\"},\"query-input\":{\"@type\":\"PropertyValueSpecification\",\"valueRequired\":true,\"valueName\":\"search_term_string\"}}],\"inLanguage\":\"pt-BR\"},{\"@type\":\"Organization\",\"@id\":\"https:\/\/www.fiemg.com.br\/fiemg\/#organization\",\"name\":\"FIEMG\",\"url\":\"https:\/\/www.fiemg.com.br\/fiemg\/\",\"logo\":{\"@type\":\"ImageObject\",\"inLanguage\":\"pt-BR\",\"@id\":\"https:\/\/www.fiemg.com.br\/fiemg\/#\/schema\/logo\/image\/\",\"url\":\"https:\/\/www.fiemg.com.br\/fiemg\/wp-content\/uploads\/sites\/10\/2023\/02\/fiemg_branco.svg\",\"contentUrl\":\"https:\/\/www.fiemg.com.br\/fiemg\/wp-content\/uploads\/sites\/10\/2023\/02\/fiemg_branco.svg\",\"width\":561,\"height\":147,\"caption\":\"FIEMG\"},\"image\":{\"@id\":\"https:\/\/www.fiemg.com.br\/fiemg\/#\/schema\/logo\/image\/\"}}]}<\/script>\n<!-- \/ Yoast SEO plugin. -->","yoast_head_json":{"title":"Uberl\u00e2ndia vai receber workshop sobre inova\u00e7\u00e3o aberta para ind\u00fastrias - FIEMG","description":"Com a participa\u00e7\u00e3o de especialistas do mercado, evento vai conectar startups a empresas da regi\u00e3o","robots":{"index":"index","follow":"follow","max-snippet":"max-snippet:-1","max-image-preview":"max-image-preview:large","max-video-preview":"max-video-preview:-1"},"canonical":"https:\/\/www.fiemg.com.br\/fiemg\/noticias\/uberlandia-vai-receber-workshop-sobre-inovacao-aberta-para-industrias\/","og_locale":"pt_BR","og_type":"article","og_title":"Uberl\u00e2ndia vai receber workshop sobre inova\u00e7\u00e3o aberta para ind\u00fastrias - FIEMG","og_description":"Com a participa\u00e7\u00e3o de especialistas do mercado, evento vai conectar startups a empresas da regi\u00e3o","og_url":"https:\/\/www.fiemg.com.br\/fiemg\/noticias\/uberlandia-vai-receber-workshop-sobre-inovacao-aberta-para-industrias\/","og_site_name":"FIEMG","article_modified_time":"2024-03-20T19:04:32+00:00","og_image":[{"width":512,"height":512,"url":"https:\/\/www.fiemg.com.br\/fiemg\/wp-content\/uploads\/sites\/10\/2024\/03\/speed_interna.jpeg","type":"image\/jpeg"}],"twitter_card":"summary_large_image","twitter_misc":{"Est. tempo de leitura":"2 minutos"},"schema":{"@context":"https:\/\/schema.org","@graph":[{"@type":"WebPage","@id":"https:\/\/www.fiemg.com.br\/fiemg\/noticias\/uberlandia-vai-receber-workshop-sobre-inovacao-aberta-para-industrias\/","url":"https:\/\/www.fiemg.com.br\/fiemg\/noticias\/uberlandia-vai-receber-workshop-sobre-inovacao-aberta-para-industrias\/","name":"Uberl\u00e2ndia vai receber workshop sobre inova\u00e7\u00e3o aberta para ind\u00fastrias - FIEMG","isPartOf":{"@id":"https:\/\/www.fiemg.com.br\/fiemg\/#website"},"primaryImageOfPage":{"@id":"https:\/\/www.fiemg.com.br\/fiemg\/noticias\/uberlandia-vai-receber-workshop-sobre-inovacao-aberta-para-industrias\/#primaryimage"},"image":{"@id":"https:\/\/www.fiemg.com.br\/fiemg\/noticias\/uberlandia-vai-receber-workshop-sobre-inovacao-aberta-para-industrias\/#primaryimage"},"thumbnailUrl":"https:\/\/www.fiemg.com.br\/fiemg\/wp-content\/uploads\/sites\/10\/2024\/03\/speed_interna.jpeg","datePublished":"2024-03-20T18:44:41+00:00","dateModified":"2024-03-20T19:04:32+00:00","description":"Com a participa\u00e7\u00e3o de especialistas do mercado, evento vai conectar startups a empresas da regi\u00e3o","breadcrumb":{"@id":"https:\/\/www.fiemg.com.br\/fiemg\/noticias\/uberlandia-vai-receber-workshop-sobre-inovacao-aberta-para-industrias\/#breadcrumb"},"inLanguage":"pt-BR","potentialAction":[{"@type":"ReadAction","target":["https:\/\/www.fiemg.com.br\/fiemg\/noticias\/uberlandia-vai-receber-workshop-sobre-inovacao-aberta-para-industrias\/"]}]},{"@type":"ImageObject","inLanguage":"pt-BR","@id":"https:\/\/www.fiemg.com.br\/fiemg\/noticias\/uberlandia-vai-receber-workshop-sobre-inovacao-aberta-para-industrias\/#primaryimage","url":"https:\/\/www.fiemg.com.br\/fiemg\/wp-content\/uploads\/sites\/10\/2024\/03\/speed_interna.jpeg","contentUrl":"https:\/\/www.fiemg.com.br\/fiemg\/wp-content\/uploads\/sites\/10\/2024\/03\/speed_interna.jpeg","width":512,"height":512,"caption":"Uberl\u00e2ndia vai receber workshop sobre inova\u00e7\u00e3o aberta para ind\u00fastrias"},{"@type":"BreadcrumbList","@id":"https:\/\/www.fiemg.com.br\/fiemg\/noticias\/uberlandia-vai-receber-workshop-sobre-inovacao-aberta-para-industrias\/#breadcrumb","itemListElement":[{"@type":"ListItem","position":1,"name":"In\u00edcio","item":"https:\/\/www.fiemg.com.br\/fiemg\/"},{"@type":"ListItem","position":2,"name":"Uberl\u00e2ndia vai receber workshop sobre inova\u00e7\u00e3o aberta para ind\u00fastrias"}]},{"@type":"WebSite","@id":"https:\/\/www.fiemg.com.br\/fiemg\/#website","url":"https:\/\/www.fiemg.com.br\/fiemg\/","name":"FIEMG","description":"Federa\u00e7\u00e3o das Ind\u00fastrias do Estado de Minas Gerais","publisher":{"@id":"https:\/\/www.fiemg.com.br\/fiemg\/#organization"},"potentialAction":[{"@type":"SearchAction","target":{"@type":"EntryPoint","urlTemplate":"https:\/\/www.fiemg.com.br\/fiemg\/?s={search_term_string}"},"query-input":{"@type":"PropertyValueSpecification","valueRequired":true,"valueName":"search_term_string"}}],"inLanguage":"pt-BR"},{"@type":"Organization","@id":"https:\/\/www.fiemg.com.br\/fiemg\/#organization","name":"FIEMG","url":"https:\/\/www.fiemg.com.br\/fiemg\/","logo":{"@type":"ImageObject","inLanguage":"pt-BR","@id":"https:\/\/www.fiemg.com.br\/fiemg\/#\/schema\/logo\/image\/","url":"https:\/\/www.fiemg.com.br\/fiemg\/wp-content\/uploads\/sites\/10\/2023\/02\/fiemg_branco.svg","contentUrl":"https:\/\/www.fiemg.com.br\/fiemg\/wp-content\/uploads\/sites\/10\/2023\/02\/fiemg_branco.svg","width":561,"height":147,"caption":"FIEMG"},"image":{"@id":"https:\/\/www.fiemg.com.br\/fiemg\/#\/schema\/logo\/image\/"}}]}},"_links":{"self":[{"href":"https:\/\/www.fiemg.com.br\/fiemg\/wp-json\/wp\/v2\/noticias\/3480","targetHints":{"allow":["GET"]}}],"collection":[{"href":"https:\/\/www.fiemg.com.br\/fiemg\/wp-json\/wp\/v2\/noticias"}],"about":[{"href":"https:\/\/www.fiemg.com.br\/fiemg\/wp-json\/wp\/v2\/types\/noticias"}],"wp:featuredmedia":[{"embeddable":true,"href":"https:\/\/www.fiemg.com.br\/fiemg\/wp-json\/wp\/v2\/media\/3481"}],"wp:attachment":[{"href":"https:\/\/www.fiemg.com.br\/fiemg\/wp-json\/wp\/v2\/media?parent=3480"}],"wp:term":[{"taxonomy":"category","embeddable":true,"href":"https:\/\/www.fiemg.com.br\/fiemg\/wp-json\/wp\/v2\/categories?post=3480"},{"taxonomy":"post_tag","embeddable":true,"href":"https:\/\/www.fiemg.com.br\/fiemg\/wp-json\/wp\/v2\/tags?post=3480"}],"curies":[{"name":"wp","href":"https:\/\/api.w.org\/{rel}","templated":true}]}}