{"id":3529,"date":"2024-03-25T16:47:02","date_gmt":"2024-03-25T19:47:02","guid":{"rendered":"https:\/\/www.fiemg.com.br\/fiemg\/noticias\/empossada-nova-diretoria-do-sindsorvete\/"},"modified":"2024-03-25T18:10:42","modified_gmt":"2024-03-25T21:10:42","slug":"empossada-nova-diretoria-do-sindsorvete","status":"publish","type":"noticias","link":"https:\/\/www.fiemg.com.br\/fiemg\/noticias\/empossada-nova-diretoria-do-sindsorvete\/","title":{"rendered":"Empossada nova diretoria do Sindsorvete"},"content":{"rendered":"\n<p>A nova diretoria do Sindicato da Ind\u00fastria de Sorvetes e Gelados Comest\u00edveis de Minas Gerais (Sindsorvete-MG) tomou posse oficialmente na sexta-feira (22\/3) para o tri\u00eanio 2024-2026, em uma solenidade na sede da FIEMG, em Belo Horizonte. O evento teve a participa\u00e7\u00e3o do presidente da Federa\u00e7\u00e3o, Fl\u00e1vio Roscoe, e reuniu dirigentes sindicais, empres\u00e1rios e parceiros.<\/p>\n\n\n\n<p>Ao discursar, Roscoe elogiou o trabalho desenvolvido por Vagnaldo Fonseca \u00e0 frente do Sindsorvete em prol do desenvolvimento do setor. Fonseca antecedeu Wander de Carvalho, rec\u00e9m-empossado na presid\u00eancia da entidade.<\/p>\n\n\n\n<p>Fl\u00e1vio Roscoe tamb\u00e9m falou dos desafios enfrentados pela ind\u00fastria em diferentes pautas, por\u00e9m ele se mostrou otimista com o setor, citando os bons resultados alcan\u00e7ados pelo segmento mineiro nos \u00faltimos anos. Em 2023, o PIB industrial regional cresceu acima da m\u00e9dia nacional, com alta de aproximadamente 3,5%.<\/p>\n\n\n\n<p>\u201cA FIEMG \u00e9 uma parceira da ind\u00fastria de sorvetes e gelados comest\u00edveis. Aqui voc\u00eas encontram servi\u00e7os e solu\u00e7\u00f5es que v\u00e3o ajud\u00e1-los a resolver os problemas comuns das empresas e a tornar o neg\u00f3cio de voc\u00eas mais competitivos\u201d, afirmou Roscoe ao se referir aos benef\u00edcios do associativismo.<\/p>\n\n\n\n<figure class=\"wp-block-image aligncenter size-large\"><img fetchpriority=\"high\" decoding=\"async\" width=\"1024\" height=\"396\" src=\"https:\/\/www.fiemg.com.br\/fiemg\/wp-content\/uploads\/sites\/10\/2024\/03\/sorvete_interna_1-1024x396.jpeg\" alt=\"Nova diretoria Sindsorvete-MG toma posse\" class=\"wp-image-3531\" srcset=\"https:\/\/www.fiemg.com.br\/fiemg\/wp-content\/uploads\/sites\/10\/2024\/03\/sorvete_interna_1-1024x396.jpeg 1024w, https:\/\/www.fiemg.com.br\/fiemg\/wp-content\/uploads\/sites\/10\/2024\/03\/sorvete_interna_1-300x116.jpeg 300w, https:\/\/www.fiemg.com.br\/fiemg\/wp-content\/uploads\/sites\/10\/2024\/03\/sorvete_interna_1-768x297.jpeg 768w, https:\/\/www.fiemg.com.br\/fiemg\/wp-content\/uploads\/sites\/10\/2024\/03\/sorvete_interna_1.jpeg 1080w\" sizes=\"(max-width: 1024px) 100vw, 1024px\" \/><\/figure>\n\n\n\n<p><\/p>\n\n\n\n<p>Em coro com Fl\u00e1vio Roscoe, Wander de Carvalho, falou da import\u00e2ncia da participa\u00e7\u00e3o dos empres\u00e1rios na atividade sindical. \u201cSomos mais fortes quando estamos juntos e, por isso, temos que debater os assuntos que envolvem o segmento\u201d, observou.<\/p>\n\n\n\n<p>Carvalho enalteceu o trabalho dos \u00faltimos dos ex-dirigentes do Sindsorvete e afirmou que a entidade vai seguir atuando pelo desenvolvimento do setor, formado majoritariamente por micro e pequenas empresas. Wander de Carvalho disse ainda que o sindicato j\u00e1 est\u00e1 atento a algumas pautas, como assist\u00eancia t\u00e9cnica sanit\u00e1ria, pre\u00e7o de mat\u00e9ria-prima e guia de fornecedores.<\/p>\n\n\n\n<p>Al\u00e9m da posse, o Sindsorvete realizou a primeira reuni\u00e3o do ano da nova diretoria e do Sindsorvete, recentemente formado, homenageou Vagnaldo Fonseca.<br><br>Clique <a href=\"https:\/\/www.flickr.com\/photos\/sistemafiemg\/albums\/72177720315660302\/with\/53610421890\" target=\"_blank\" rel=\"noreferrer noopener\"><strong>aqui<\/strong><\/a> e veja mais fotos do evento.<br><br><em>Rafael Passos<br><\/em><strong>Imprensa FIEMG<\/strong><\/p>\n","protected":false},"featured_media":3530,"template":"","categories":[15],"tags":[306,78,654,308],"class_list":["post-3529","noticias","type-noticias","status-publish","has-post-thumbnail","hentry","category-desenvolvimento-industrial","tag-associativismo","tag-fiemg","tag-posse","tag-sindsorvete"],"acf":[],"yoast_head":"<!-- This site is optimized with the Yoast SEO plugin v26.2 - https:\/\/yoast.com\/wordpress\/plugins\/seo\/ -->\n<title>Empossada nova diretoria do Sindsorvete - FIEMG<\/title>\n<meta name=\"robots\" content=\"index, follow, max-snippet:-1, max-image-preview:large, max-video-preview:-1\" \/>\n<link rel=\"canonical\" href=\"https:\/\/www.fiemg.com.br\/fiemg\/noticias\/empossada-nova-diretoria-do-sindsorvete\/\" \/>\n<meta property=\"og:locale\" content=\"pt_BR\" \/>\n<meta property=\"og:type\" content=\"article\" \/>\n<meta property=\"og:title\" content=\"Empossada nova diretoria do Sindsorvete - FIEMG\" \/>\n<meta property=\"og:description\" content=\"A nova diretoria do Sindicato da Ind\u00fastria de Sorvetes e Gelados Comest\u00edveis de Minas Gerais (Sindsorvete-MG) tomou posse oficialmente na sexta-feira (22\/3) para o tri\u00eanio 2024-2026, em uma solenidade na sede da FIEMG, em Belo Horizonte. O evento teve a participa\u00e7\u00e3o do presidente da Federa\u00e7\u00e3o, Fl\u00e1vio Roscoe, e reuniu dirigentes sindicais, empres\u00e1rios e parceiros. Ao [&hellip;]\" \/>\n<meta property=\"og:url\" content=\"https:\/\/www.fiemg.com.br\/fiemg\/noticias\/empossada-nova-diretoria-do-sindsorvete\/\" \/>\n<meta property=\"og:site_name\" content=\"FIEMG\" \/>\n<meta property=\"article:modified_time\" content=\"2024-03-25T21:10:42+00:00\" \/>\n<meta property=\"og:image\" content=\"https:\/\/www.fiemg.com.br\/fiemg\/wp-content\/uploads\/sites\/10\/2024\/03\/sorvete_thumb.jpeg\" \/>\n\t<meta property=\"og:image:width\" content=\"512\" \/>\n\t<meta property=\"og:image:height\" content=\"512\" \/>\n\t<meta property=\"og:image:type\" content=\"image\/jpeg\" \/>\n<meta name=\"twitter:card\" content=\"summary_large_image\" \/>\n<meta name=\"twitter:label1\" content=\"Est. tempo de leitura\" \/>\n\t<meta name=\"twitter:data1\" content=\"2 minutos\" \/>\n<script type=\"application\/ld+json\" class=\"yoast-schema-graph\">{\"@context\":\"https:\/\/schema.org\",\"@graph\":[{\"@type\":\"WebPage\",\"@id\":\"https:\/\/www.fiemg.com.br\/fiemg\/noticias\/empossada-nova-diretoria-do-sindsorvete\/\",\"url\":\"https:\/\/www.fiemg.com.br\/fiemg\/noticias\/empossada-nova-diretoria-do-sindsorvete\/\",\"name\":\"Empossada nova diretoria do Sindsorvete - FIEMG\",\"isPartOf\":{\"@id\":\"https:\/\/www.fiemg.com.br\/fiemg\/#website\"},\"primaryImageOfPage\":{\"@id\":\"https:\/\/www.fiemg.com.br\/fiemg\/noticias\/empossada-nova-diretoria-do-sindsorvete\/#primaryimage\"},\"image\":{\"@id\":\"https:\/\/www.fiemg.com.br\/fiemg\/noticias\/empossada-nova-diretoria-do-sindsorvete\/#primaryimage\"},\"thumbnailUrl\":\"https:\/\/www.fiemg.com.br\/fiemg\/wp-content\/uploads\/sites\/10\/2024\/03\/sorvete_thumb.jpeg\",\"datePublished\":\"2024-03-25T19:47:02+00:00\",\"dateModified\":\"2024-03-25T21:10:42+00:00\",\"breadcrumb\":{\"@id\":\"https:\/\/www.fiemg.com.br\/fiemg\/noticias\/empossada-nova-diretoria-do-sindsorvete\/#breadcrumb\"},\"inLanguage\":\"pt-BR\",\"potentialAction\":[{\"@type\":\"ReadAction\",\"target\":[\"https:\/\/www.fiemg.com.br\/fiemg\/noticias\/empossada-nova-diretoria-do-sindsorvete\/\"]}]},{\"@type\":\"ImageObject\",\"inLanguage\":\"pt-BR\",\"@id\":\"https:\/\/www.fiemg.com.br\/fiemg\/noticias\/empossada-nova-diretoria-do-sindsorvete\/#primaryimage\",\"url\":\"https:\/\/www.fiemg.com.br\/fiemg\/wp-content\/uploads\/sites\/10\/2024\/03\/sorvete_thumb.jpeg\",\"contentUrl\":\"https:\/\/www.fiemg.com.br\/fiemg\/wp-content\/uploads\/sites\/10\/2024\/03\/sorvete_thumb.jpeg\",\"width\":512,\"height\":512,\"caption\":\"Nova diretoria Sindsorvete-MG toma posse\"},{\"@type\":\"BreadcrumbList\",\"@id\":\"https:\/\/www.fiemg.com.br\/fiemg\/noticias\/empossada-nova-diretoria-do-sindsorvete\/#breadcrumb\",\"itemListElement\":[{\"@type\":\"ListItem\",\"position\":1,\"name\":\"In\u00edcio\",\"item\":\"https:\/\/www.fiemg.com.br\/fiemg\/\"},{\"@type\":\"ListItem\",\"position\":2,\"name\":\"Empossada nova diretoria do Sindsorvete\"}]},{\"@type\":\"WebSite\",\"@id\":\"https:\/\/www.fiemg.com.br\/fiemg\/#website\",\"url\":\"https:\/\/www.fiemg.com.br\/fiemg\/\",\"name\":\"FIEMG\",\"description\":\"Federa\u00e7\u00e3o das Ind\u00fastrias do Estado de Minas Gerais\",\"publisher\":{\"@id\":\"https:\/\/www.fiemg.com.br\/fiemg\/#organization\"},\"potentialAction\":[{\"@type\":\"SearchAction\",\"target\":{\"@type\":\"EntryPoint\",\"urlTemplate\":\"https:\/\/www.fiemg.com.br\/fiemg\/?s={search_term_string}\"},\"query-input\":{\"@type\":\"PropertyValueSpecification\",\"valueRequired\":true,\"valueName\":\"search_term_string\"}}],\"inLanguage\":\"pt-BR\"},{\"@type\":\"Organization\",\"@id\":\"https:\/\/www.fiemg.com.br\/fiemg\/#organization\",\"name\":\"FIEMG\",\"url\":\"https:\/\/www.fiemg.com.br\/fiemg\/\",\"logo\":{\"@type\":\"ImageObject\",\"inLanguage\":\"pt-BR\",\"@id\":\"https:\/\/www.fiemg.com.br\/fiemg\/#\/schema\/logo\/image\/\",\"url\":\"https:\/\/www.fiemg.com.br\/fiemg\/wp-content\/uploads\/sites\/10\/2023\/02\/fiemg_branco.svg\",\"contentUrl\":\"https:\/\/www.fiemg.com.br\/fiemg\/wp-content\/uploads\/sites\/10\/2023\/02\/fiemg_branco.svg\",\"width\":561,\"height\":147,\"caption\":\"FIEMG\"},\"image\":{\"@id\":\"https:\/\/www.fiemg.com.br\/fiemg\/#\/schema\/logo\/image\/\"}}]}<\/script>\n<!-- \/ Yoast SEO plugin. -->","yoast_head_json":{"title":"Empossada nova diretoria do Sindsorvete - FIEMG","robots":{"index":"index","follow":"follow","max-snippet":"max-snippet:-1","max-image-preview":"max-image-preview:large","max-video-preview":"max-video-preview:-1"},"canonical":"https:\/\/www.fiemg.com.br\/fiemg\/noticias\/empossada-nova-diretoria-do-sindsorvete\/","og_locale":"pt_BR","og_type":"article","og_title":"Empossada nova diretoria do Sindsorvete - FIEMG","og_description":"A nova diretoria do Sindicato da Ind\u00fastria de Sorvetes e Gelados Comest\u00edveis de Minas Gerais (Sindsorvete-MG) tomou posse oficialmente na sexta-feira (22\/3) para o tri\u00eanio 2024-2026, em uma solenidade na sede da FIEMG, em Belo Horizonte. O evento teve a participa\u00e7\u00e3o do presidente da Federa\u00e7\u00e3o, Fl\u00e1vio Roscoe, e reuniu dirigentes sindicais, empres\u00e1rios e parceiros. Ao [&hellip;]","og_url":"https:\/\/www.fiemg.com.br\/fiemg\/noticias\/empossada-nova-diretoria-do-sindsorvete\/","og_site_name":"FIEMG","article_modified_time":"2024-03-25T21:10:42+00:00","og_image":[{"width":512,"height":512,"url":"https:\/\/www.fiemg.com.br\/fiemg\/wp-content\/uploads\/sites\/10\/2024\/03\/sorvete_thumb.jpeg","type":"image\/jpeg"}],"twitter_card":"summary_large_image","twitter_misc":{"Est. tempo de leitura":"2 minutos"},"schema":{"@context":"https:\/\/schema.org","@graph":[{"@type":"WebPage","@id":"https:\/\/www.fiemg.com.br\/fiemg\/noticias\/empossada-nova-diretoria-do-sindsorvete\/","url":"https:\/\/www.fiemg.com.br\/fiemg\/noticias\/empossada-nova-diretoria-do-sindsorvete\/","name":"Empossada nova diretoria do Sindsorvete - FIEMG","isPartOf":{"@id":"https:\/\/www.fiemg.com.br\/fiemg\/#website"},"primaryImageOfPage":{"@id":"https:\/\/www.fiemg.com.br\/fiemg\/noticias\/empossada-nova-diretoria-do-sindsorvete\/#primaryimage"},"image":{"@id":"https:\/\/www.fiemg.com.br\/fiemg\/noticias\/empossada-nova-diretoria-do-sindsorvete\/#primaryimage"},"thumbnailUrl":"https:\/\/www.fiemg.com.br\/fiemg\/wp-content\/uploads\/sites\/10\/2024\/03\/sorvete_thumb.jpeg","datePublished":"2024-03-25T19:47:02+00:00","dateModified":"2024-03-25T21:10:42+00:00","breadcrumb":{"@id":"https:\/\/www.fiemg.com.br\/fiemg\/noticias\/empossada-nova-diretoria-do-sindsorvete\/#breadcrumb"},"inLanguage":"pt-BR","potentialAction":[{"@type":"ReadAction","target":["https:\/\/www.fiemg.com.br\/fiemg\/noticias\/empossada-nova-diretoria-do-sindsorvete\/"]}]},{"@type":"ImageObject","inLanguage":"pt-BR","@id":"https:\/\/www.fiemg.com.br\/fiemg\/noticias\/empossada-nova-diretoria-do-sindsorvete\/#primaryimage","url":"https:\/\/www.fiemg.com.br\/fiemg\/wp-content\/uploads\/sites\/10\/2024\/03\/sorvete_thumb.jpeg","contentUrl":"https:\/\/www.fiemg.com.br\/fiemg\/wp-content\/uploads\/sites\/10\/2024\/03\/sorvete_thumb.jpeg","width":512,"height":512,"caption":"Nova diretoria Sindsorvete-MG toma posse"},{"@type":"BreadcrumbList","@id":"https:\/\/www.fiemg.com.br\/fiemg\/noticias\/empossada-nova-diretoria-do-sindsorvete\/#breadcrumb","itemListElement":[{"@type":"ListItem","position":1,"name":"In\u00edcio","item":"https:\/\/www.fiemg.com.br\/fiemg\/"},{"@type":"ListItem","position":2,"name":"Empossada nova diretoria do Sindsorvete"}]},{"@type":"WebSite","@id":"https:\/\/www.fiemg.com.br\/fiemg\/#website","url":"https:\/\/www.fiemg.com.br\/fiemg\/","name":"FIEMG","description":"Federa\u00e7\u00e3o das Ind\u00fastrias do Estado de Minas Gerais","publisher":{"@id":"https:\/\/www.fiemg.com.br\/fiemg\/#organization"},"potentialAction":[{"@type":"SearchAction","target":{"@type":"EntryPoint","urlTemplate":"https:\/\/www.fiemg.com.br\/fiemg\/?s={search_term_string}"},"query-input":{"@type":"PropertyValueSpecification","valueRequired":true,"valueName":"search_term_string"}}],"inLanguage":"pt-BR"},{"@type":"Organization","@id":"https:\/\/www.fiemg.com.br\/fiemg\/#organization","name":"FIEMG","url":"https:\/\/www.fiemg.com.br\/fiemg\/","logo":{"@type":"ImageObject","inLanguage":"pt-BR","@id":"https:\/\/www.fiemg.com.br\/fiemg\/#\/schema\/logo\/image\/","url":"https:\/\/www.fiemg.com.br\/fiemg\/wp-content\/uploads\/sites\/10\/2023\/02\/fiemg_branco.svg","contentUrl":"https:\/\/www.fiemg.com.br\/fiemg\/wp-content\/uploads\/sites\/10\/2023\/02\/fiemg_branco.svg","width":561,"height":147,"caption":"FIEMG"},"image":{"@id":"https:\/\/www.fiemg.com.br\/fiemg\/#\/schema\/logo\/image\/"}}]}},"_links":{"self":[{"href":"https:\/\/www.fiemg.com.br\/fiemg\/wp-json\/wp\/v2\/noticias\/3529","targetHints":{"allow":["GET"]}}],"collection":[{"href":"https:\/\/www.fiemg.com.br\/fiemg\/wp-json\/wp\/v2\/noticias"}],"about":[{"href":"https:\/\/www.fiemg.com.br\/fiemg\/wp-json\/wp\/v2\/types\/noticias"}],"wp:featuredmedia":[{"embeddable":true,"href":"https:\/\/www.fiemg.com.br\/fiemg\/wp-json\/wp\/v2\/media\/3530"}],"wp:attachment":[{"href":"https:\/\/www.fiemg.com.br\/fiemg\/wp-json\/wp\/v2\/media?parent=3529"}],"wp:term":[{"taxonomy":"category","embeddable":true,"href":"https:\/\/www.fiemg.com.br\/fiemg\/wp-json\/wp\/v2\/categories?post=3529"},{"taxonomy":"post_tag","embeddable":true,"href":"https:\/\/www.fiemg.com.br\/fiemg\/wp-json\/wp\/v2\/tags?post=3529"}],"curies":[{"name":"wp","href":"https:\/\/api.w.org\/{rel}","templated":true}]}}