{"id":3603,"date":"2024-04-05T16:18:00","date_gmt":"2024-04-05T19:18:00","guid":{"rendered":"https:\/\/www.fiemg.com.br\/fiemg\/noticias\/fiemg-faemg-e-fecomercio-se-unem-para-fortalecimento-do-setor-produtivo\/"},"modified":"2024-04-05T18:47:50","modified_gmt":"2024-04-05T21:47:50","slug":"fiemg-faemg-e-fecomercio-se-unem-para-fortalecimento-do-setor-produtivo","status":"publish","type":"noticias","link":"https:\/\/www.fiemg.com.br\/fiemg\/noticias\/fiemg-faemg-e-fecomercio-se-unem-para-fortalecimento-do-setor-produtivo\/","title":{"rendered":"FIEMG, Faemg e Fecom\u00e9rcio se unem para fortalecimento do setor produtivo"},"content":{"rendered":"\n<p>\u201cMinas Gerais sai na frente, mais uma vez, mostrando que \u00e9 poss\u00edvel o setor produtivo se juntar para ter uma converg\u00eancia positiva para que toda a sociedade, seja ela do campo ou da cidade, venha a ter uma vida melhor. Esse alinhamento gera for\u00e7a, ganho pol\u00edtico, melhores neg\u00f3cios e oportunidades para todos. A classe produtora da agropecu\u00e1ria fica muito feliz com este primeiro encontro\u201d, disse o presidente do Sistema Faemg Senar, Ant\u00f4nio Pitangui de Salvo, durante a edi\u00e7\u00e3o especial do Inova Varejo. Este foi o primeiro evento conjunto entre as Federa\u00e7\u00f5es do Com\u00e9rcio (Fecom\u00e9rcio MG), Ind\u00fastria (FIEMG) e Agricultura (Faemg) de Minas Gerais e reuniu lideran\u00e7as dos setores produtivos, empres\u00e1rios e produtores rurais, em Uberaba, na noite de quinta-feira (04\/04).<\/p>\n\n\n\n<p>O presidente da Fecom\u00e9rcio MG, Nadim Donato, destacou que o evento \u00e9 inovador \u00e0 medida que integra todos os setores que sustentam a atividade produtiva no estado. \u201cNosso intuito \u00e9 trazer conhecimento e entendimento sobre o setor produtivo. N\u00f3s nos complementamos e estamos, pela primeira vez na hist\u00f3ria, reunindo tr\u00eas grandes federa\u00e7\u00f5es para fazer este trabalho\u201d, afirmou.<\/p>\n\n\n\n<p>O presidente da FIEMG, Fl\u00e1vio Roscoe, ressaltou que a inten\u00e7\u00e3o \u00e9 ampliar a voz do setor produtivo e empoderar esse segmento que \u00e9 portador de futuro para a nossa sociedade. \u201cN\u00f3s acreditamos que essa uni\u00e3o de tr\u00eas entidades do Sistema S tem potencial grande de transforma\u00e7\u00e3o social. H\u00e1 muito em comum entre as tr\u00eas federa\u00e7\u00f5es e isso deve ser explorado ao m\u00e1ximo\u201d, completou.<\/p>\n\n\n\n<p><strong>A\u00e7\u00f5es na pr\u00e1tica<\/strong><\/p>\n\n\n\n<p>Os presidentes apontaram algumas a\u00e7\u00f5es que podem ser desenvolvidas em conjunto como proposi\u00e7\u00f5es e defesa de pautas junto ao poder p\u00fablico, inclusive em rela\u00e7\u00e3o \u00e0 reforma tribut\u00e1ria. Outro ponto destacado foi a uni\u00e3o de a\u00e7\u00f5es para atender cidades de menor porte. \u201cPodemos pensar em unidades em conjunto para acessar cidades onde ainda n\u00e3o temos participa\u00e7\u00e3o efetiva, reduzindo custos desta forma e multiplicando as oportunidades oferecidas pelo Sistema S, como na forma\u00e7\u00e3o profissional e social\u201d, explicou Roscoe.<\/p>\n\n\n\n<figure class=\"wp-block-image alignright size-full is-resized\"><img fetchpriority=\"high\" decoding=\"async\" width=\"512\" height=\"512\" src=\"https:\/\/www.fiemg.com.br\/fiemg\/wp-content\/uploads\/sites\/10\/2024\/04\/uberaba_thumb.jpeg\" alt=\"Faemg, Fiemg e Fecom\u00e9rcio se unem para fortalecimento do setor produtivo\" class=\"wp-image-3604\" style=\"width:259px;height:auto\" srcset=\"https:\/\/www.fiemg.com.br\/fiemg\/wp-content\/uploads\/sites\/10\/2024\/04\/uberaba_thumb.jpeg 512w, https:\/\/www.fiemg.com.br\/fiemg\/wp-content\/uploads\/sites\/10\/2024\/04\/uberaba_thumb-300x300.jpeg 300w, https:\/\/www.fiemg.com.br\/fiemg\/wp-content\/uploads\/sites\/10\/2024\/04\/uberaba_thumb-150x150.jpeg 150w\" sizes=\"(max-width: 512px) 100vw, 512px\" \/><\/figure>\n\n\n\n<p>O presidente do Sistema Faemg Senar exemplificou que essa uni\u00e3o com o com\u00e9rcio e ind\u00fastria vai permitir o incremento da produ\u00e7\u00e3o no campo do que est\u00e1 sendo mais bem vendido. \u201cNa pr\u00e1tica, esse acesso vai facilitar para encaixar os nossos produtos de forma mais assertiva e atender o consumidor final de forma plena. Isso serve para v\u00e1rios produtos, como o queijo, o caf\u00e9, o mel e outros\u201d, afirmou Salvo.<\/p>\n\n\n\n<p><strong>Programa\u00e7\u00e3o<\/strong><\/p>\n\n\n\n<p>Durante o evento, os presidentes apresentaram as a\u00e7\u00f5es desenvolvidas por cada federa\u00e7\u00e3o e responderam perguntas do p\u00fablico. A abertura foi feita pelo presidente do Sindicom\u00e9rcio Uberaba, Luciano Ciabotti, o gerente do Sebrae Minas, William Rodrigues, e a prefeita de Uberaba, Elisa Ara\u00fajo. O evento contou com palestra do especialista em varejo, Juarez Le\u00e3o.<\/p>\n\n\n\n<p>Tamb\u00e9m estiveram presentes o vice-presidente do Sistema Faemg Senar e presidente do Instituto Ant\u00f4nio Ernesto de Salvo (Inaes), Renato Laguardia, o gerente executivo do Inaes, Bruno Rocha, o presidente da Comiss\u00e3o T\u00e9cnica do Leite, Jonadan Ma, o presidente do N\u00facleo dos Sindicatos Rurais do Tri\u00e2ngulo Mineiro e Alto Parana\u00edba, M\u00e1rcio Guapo, o gerente regional do Sistema Faemg Senar, Ricardo Tuller, entre outras autoridades.<br><br><em>Fonte: Juliana Fidelis, de Uberaba &#8211; Sistema FAEMG, SENAR, FAEMG<\/em><\/p>\n","protected":false},"featured_media":3604,"template":"","categories":[528],"tags":[674,675,78,676],"class_list":["post-3603","noticias","type-noticias","status-publish","has-post-thumbnail","hentry","category-associativismo","tag-faemg","tag-fecomercio","tag-fiemg","tag-setor-produtivo"],"acf":[],"yoast_head":"<!-- This site is optimized with the Yoast SEO plugin v26.2 - https:\/\/yoast.com\/wordpress\/plugins\/seo\/ -->\n<title>FIEMG, Faemg e Fecom\u00e9rcio se unem para fortalecimento do setor produtivo - FIEMG<\/title>\n<meta name=\"description\" content=\"Inova Varejo foi realizado em Uberaba; uni\u00e3o dos tr\u00eas setores \u00e9 in\u00e9dita\" \/>\n<meta name=\"robots\" content=\"index, follow, max-snippet:-1, max-image-preview:large, max-video-preview:-1\" \/>\n<link rel=\"canonical\" href=\"https:\/\/www.fiemg.com.br\/fiemg\/noticias\/fiemg-faemg-e-fecomercio-se-unem-para-fortalecimento-do-setor-produtivo\/\" \/>\n<meta property=\"og:locale\" content=\"pt_BR\" \/>\n<meta property=\"og:type\" content=\"article\" \/>\n<meta property=\"og:title\" content=\"FIEMG, Faemg e Fecom\u00e9rcio se unem para fortalecimento do setor produtivo - FIEMG\" \/>\n<meta property=\"og:description\" content=\"Inova Varejo foi realizado em Uberaba; uni\u00e3o dos tr\u00eas setores \u00e9 in\u00e9dita\" \/>\n<meta property=\"og:url\" content=\"https:\/\/www.fiemg.com.br\/fiemg\/noticias\/fiemg-faemg-e-fecomercio-se-unem-para-fortalecimento-do-setor-produtivo\/\" \/>\n<meta property=\"og:site_name\" content=\"FIEMG\" \/>\n<meta property=\"article:modified_time\" content=\"2024-04-05T21:47:50+00:00\" \/>\n<meta property=\"og:image\" content=\"https:\/\/www.fiemg.com.br\/fiemg\/wp-content\/uploads\/sites\/10\/2024\/04\/uberaba_thumb.jpeg\" \/>\n\t<meta property=\"og:image:width\" content=\"512\" \/>\n\t<meta property=\"og:image:height\" content=\"512\" \/>\n\t<meta property=\"og:image:type\" content=\"image\/jpeg\" \/>\n<meta name=\"twitter:card\" content=\"summary_large_image\" \/>\n<meta name=\"twitter:label1\" content=\"Est. tempo de leitura\" \/>\n\t<meta name=\"twitter:data1\" content=\"3 minutos\" \/>\n<script type=\"application\/ld+json\" class=\"yoast-schema-graph\">{\"@context\":\"https:\/\/schema.org\",\"@graph\":[{\"@type\":\"WebPage\",\"@id\":\"https:\/\/www.fiemg.com.br\/fiemg\/noticias\/fiemg-faemg-e-fecomercio-se-unem-para-fortalecimento-do-setor-produtivo\/\",\"url\":\"https:\/\/www.fiemg.com.br\/fiemg\/noticias\/fiemg-faemg-e-fecomercio-se-unem-para-fortalecimento-do-setor-produtivo\/\",\"name\":\"FIEMG, Faemg e Fecom\u00e9rcio se unem para fortalecimento do setor produtivo - FIEMG\",\"isPartOf\":{\"@id\":\"https:\/\/www.fiemg.com.br\/fiemg\/#website\"},\"primaryImageOfPage\":{\"@id\":\"https:\/\/www.fiemg.com.br\/fiemg\/noticias\/fiemg-faemg-e-fecomercio-se-unem-para-fortalecimento-do-setor-produtivo\/#primaryimage\"},\"image\":{\"@id\":\"https:\/\/www.fiemg.com.br\/fiemg\/noticias\/fiemg-faemg-e-fecomercio-se-unem-para-fortalecimento-do-setor-produtivo\/#primaryimage\"},\"thumbnailUrl\":\"https:\/\/www.fiemg.com.br\/fiemg\/wp-content\/uploads\/sites\/10\/2024\/04\/uberaba_thumb.jpeg\",\"datePublished\":\"2024-04-05T19:18:00+00:00\",\"dateModified\":\"2024-04-05T21:47:50+00:00\",\"description\":\"Inova Varejo foi realizado em Uberaba; uni\u00e3o dos tr\u00eas setores \u00e9 in\u00e9dita\",\"breadcrumb\":{\"@id\":\"https:\/\/www.fiemg.com.br\/fiemg\/noticias\/fiemg-faemg-e-fecomercio-se-unem-para-fortalecimento-do-setor-produtivo\/#breadcrumb\"},\"inLanguage\":\"pt-BR\",\"potentialAction\":[{\"@type\":\"ReadAction\",\"target\":[\"https:\/\/www.fiemg.com.br\/fiemg\/noticias\/fiemg-faemg-e-fecomercio-se-unem-para-fortalecimento-do-setor-produtivo\/\"]}]},{\"@type\":\"ImageObject\",\"inLanguage\":\"pt-BR\",\"@id\":\"https:\/\/www.fiemg.com.br\/fiemg\/noticias\/fiemg-faemg-e-fecomercio-se-unem-para-fortalecimento-do-setor-produtivo\/#primaryimage\",\"url\":\"https:\/\/www.fiemg.com.br\/fiemg\/wp-content\/uploads\/sites\/10\/2024\/04\/uberaba_thumb.jpeg\",\"contentUrl\":\"https:\/\/www.fiemg.com.br\/fiemg\/wp-content\/uploads\/sites\/10\/2024\/04\/uberaba_thumb.jpeg\",\"width\":512,\"height\":512,\"caption\":\"Faemg, Fiemg e Fecom\u00e9rcio se unem para fortalecimento do setor produtivo\"},{\"@type\":\"BreadcrumbList\",\"@id\":\"https:\/\/www.fiemg.com.br\/fiemg\/noticias\/fiemg-faemg-e-fecomercio-se-unem-para-fortalecimento-do-setor-produtivo\/#breadcrumb\",\"itemListElement\":[{\"@type\":\"ListItem\",\"position\":1,\"name\":\"In\u00edcio\",\"item\":\"https:\/\/www.fiemg.com.br\/fiemg\/\"},{\"@type\":\"ListItem\",\"position\":2,\"name\":\"FIEMG, Faemg e Fecom\u00e9rcio se unem para fortalecimento do setor produtivo\"}]},{\"@type\":\"WebSite\",\"@id\":\"https:\/\/www.fiemg.com.br\/fiemg\/#website\",\"url\":\"https:\/\/www.fiemg.com.br\/fiemg\/\",\"name\":\"FIEMG\",\"description\":\"Federa\u00e7\u00e3o das Ind\u00fastrias do Estado de Minas Gerais\",\"publisher\":{\"@id\":\"https:\/\/www.fiemg.com.br\/fiemg\/#organization\"},\"potentialAction\":[{\"@type\":\"SearchAction\",\"target\":{\"@type\":\"EntryPoint\",\"urlTemplate\":\"https:\/\/www.fiemg.com.br\/fiemg\/?s={search_term_string}\"},\"query-input\":{\"@type\":\"PropertyValueSpecification\",\"valueRequired\":true,\"valueName\":\"search_term_string\"}}],\"inLanguage\":\"pt-BR\"},{\"@type\":\"Organization\",\"@id\":\"https:\/\/www.fiemg.com.br\/fiemg\/#organization\",\"name\":\"FIEMG\",\"url\":\"https:\/\/www.fiemg.com.br\/fiemg\/\",\"logo\":{\"@type\":\"ImageObject\",\"inLanguage\":\"pt-BR\",\"@id\":\"https:\/\/www.fiemg.com.br\/fiemg\/#\/schema\/logo\/image\/\",\"url\":\"https:\/\/www.fiemg.com.br\/fiemg\/wp-content\/uploads\/sites\/10\/2023\/02\/fiemg_branco.svg\",\"contentUrl\":\"https:\/\/www.fiemg.com.br\/fiemg\/wp-content\/uploads\/sites\/10\/2023\/02\/fiemg_branco.svg\",\"width\":561,\"height\":147,\"caption\":\"FIEMG\"},\"image\":{\"@id\":\"https:\/\/www.fiemg.com.br\/fiemg\/#\/schema\/logo\/image\/\"}}]}<\/script>\n<!-- \/ Yoast SEO plugin. -->","yoast_head_json":{"title":"FIEMG, Faemg e Fecom\u00e9rcio se unem para fortalecimento do setor produtivo - FIEMG","description":"Inova Varejo foi realizado em Uberaba; uni\u00e3o dos tr\u00eas setores \u00e9 in\u00e9dita","robots":{"index":"index","follow":"follow","max-snippet":"max-snippet:-1","max-image-preview":"max-image-preview:large","max-video-preview":"max-video-preview:-1"},"canonical":"https:\/\/www.fiemg.com.br\/fiemg\/noticias\/fiemg-faemg-e-fecomercio-se-unem-para-fortalecimento-do-setor-produtivo\/","og_locale":"pt_BR","og_type":"article","og_title":"FIEMG, Faemg e Fecom\u00e9rcio se unem para fortalecimento do setor produtivo - FIEMG","og_description":"Inova Varejo foi realizado em Uberaba; uni\u00e3o dos tr\u00eas setores \u00e9 in\u00e9dita","og_url":"https:\/\/www.fiemg.com.br\/fiemg\/noticias\/fiemg-faemg-e-fecomercio-se-unem-para-fortalecimento-do-setor-produtivo\/","og_site_name":"FIEMG","article_modified_time":"2024-04-05T21:47:50+00:00","og_image":[{"width":512,"height":512,"url":"https:\/\/www.fiemg.com.br\/fiemg\/wp-content\/uploads\/sites\/10\/2024\/04\/uberaba_thumb.jpeg","type":"image\/jpeg"}],"twitter_card":"summary_large_image","twitter_misc":{"Est. tempo de leitura":"3 minutos"},"schema":{"@context":"https:\/\/schema.org","@graph":[{"@type":"WebPage","@id":"https:\/\/www.fiemg.com.br\/fiemg\/noticias\/fiemg-faemg-e-fecomercio-se-unem-para-fortalecimento-do-setor-produtivo\/","url":"https:\/\/www.fiemg.com.br\/fiemg\/noticias\/fiemg-faemg-e-fecomercio-se-unem-para-fortalecimento-do-setor-produtivo\/","name":"FIEMG, Faemg e Fecom\u00e9rcio se unem para fortalecimento do setor produtivo - FIEMG","isPartOf":{"@id":"https:\/\/www.fiemg.com.br\/fiemg\/#website"},"primaryImageOfPage":{"@id":"https:\/\/www.fiemg.com.br\/fiemg\/noticias\/fiemg-faemg-e-fecomercio-se-unem-para-fortalecimento-do-setor-produtivo\/#primaryimage"},"image":{"@id":"https:\/\/www.fiemg.com.br\/fiemg\/noticias\/fiemg-faemg-e-fecomercio-se-unem-para-fortalecimento-do-setor-produtivo\/#primaryimage"},"thumbnailUrl":"https:\/\/www.fiemg.com.br\/fiemg\/wp-content\/uploads\/sites\/10\/2024\/04\/uberaba_thumb.jpeg","datePublished":"2024-04-05T19:18:00+00:00","dateModified":"2024-04-05T21:47:50+00:00","description":"Inova Varejo foi realizado em Uberaba; uni\u00e3o dos tr\u00eas setores \u00e9 in\u00e9dita","breadcrumb":{"@id":"https:\/\/www.fiemg.com.br\/fiemg\/noticias\/fiemg-faemg-e-fecomercio-se-unem-para-fortalecimento-do-setor-produtivo\/#breadcrumb"},"inLanguage":"pt-BR","potentialAction":[{"@type":"ReadAction","target":["https:\/\/www.fiemg.com.br\/fiemg\/noticias\/fiemg-faemg-e-fecomercio-se-unem-para-fortalecimento-do-setor-produtivo\/"]}]},{"@type":"ImageObject","inLanguage":"pt-BR","@id":"https:\/\/www.fiemg.com.br\/fiemg\/noticias\/fiemg-faemg-e-fecomercio-se-unem-para-fortalecimento-do-setor-produtivo\/#primaryimage","url":"https:\/\/www.fiemg.com.br\/fiemg\/wp-content\/uploads\/sites\/10\/2024\/04\/uberaba_thumb.jpeg","contentUrl":"https:\/\/www.fiemg.com.br\/fiemg\/wp-content\/uploads\/sites\/10\/2024\/04\/uberaba_thumb.jpeg","width":512,"height":512,"caption":"Faemg, Fiemg e Fecom\u00e9rcio se unem para fortalecimento do setor produtivo"},{"@type":"BreadcrumbList","@id":"https:\/\/www.fiemg.com.br\/fiemg\/noticias\/fiemg-faemg-e-fecomercio-se-unem-para-fortalecimento-do-setor-produtivo\/#breadcrumb","itemListElement":[{"@type":"ListItem","position":1,"name":"In\u00edcio","item":"https:\/\/www.fiemg.com.br\/fiemg\/"},{"@type":"ListItem","position":2,"name":"FIEMG, Faemg e Fecom\u00e9rcio se unem para fortalecimento do setor produtivo"}]},{"@type":"WebSite","@id":"https:\/\/www.fiemg.com.br\/fiemg\/#website","url":"https:\/\/www.fiemg.com.br\/fiemg\/","name":"FIEMG","description":"Federa\u00e7\u00e3o das Ind\u00fastrias do Estado de Minas Gerais","publisher":{"@id":"https:\/\/www.fiemg.com.br\/fiemg\/#organization"},"potentialAction":[{"@type":"SearchAction","target":{"@type":"EntryPoint","urlTemplate":"https:\/\/www.fiemg.com.br\/fiemg\/?s={search_term_string}"},"query-input":{"@type":"PropertyValueSpecification","valueRequired":true,"valueName":"search_term_string"}}],"inLanguage":"pt-BR"},{"@type":"Organization","@id":"https:\/\/www.fiemg.com.br\/fiemg\/#organization","name":"FIEMG","url":"https:\/\/www.fiemg.com.br\/fiemg\/","logo":{"@type":"ImageObject","inLanguage":"pt-BR","@id":"https:\/\/www.fiemg.com.br\/fiemg\/#\/schema\/logo\/image\/","url":"https:\/\/www.fiemg.com.br\/fiemg\/wp-content\/uploads\/sites\/10\/2023\/02\/fiemg_branco.svg","contentUrl":"https:\/\/www.fiemg.com.br\/fiemg\/wp-content\/uploads\/sites\/10\/2023\/02\/fiemg_branco.svg","width":561,"height":147,"caption":"FIEMG"},"image":{"@id":"https:\/\/www.fiemg.com.br\/fiemg\/#\/schema\/logo\/image\/"}}]}},"_links":{"self":[{"href":"https:\/\/www.fiemg.com.br\/fiemg\/wp-json\/wp\/v2\/noticias\/3603","targetHints":{"allow":["GET"]}}],"collection":[{"href":"https:\/\/www.fiemg.com.br\/fiemg\/wp-json\/wp\/v2\/noticias"}],"about":[{"href":"https:\/\/www.fiemg.com.br\/fiemg\/wp-json\/wp\/v2\/types\/noticias"}],"wp:featuredmedia":[{"embeddable":true,"href":"https:\/\/www.fiemg.com.br\/fiemg\/wp-json\/wp\/v2\/media\/3604"}],"wp:attachment":[{"href":"https:\/\/www.fiemg.com.br\/fiemg\/wp-json\/wp\/v2\/media?parent=3603"}],"wp:term":[{"taxonomy":"category","embeddable":true,"href":"https:\/\/www.fiemg.com.br\/fiemg\/wp-json\/wp\/v2\/categories?post=3603"},{"taxonomy":"post_tag","embeddable":true,"href":"https:\/\/www.fiemg.com.br\/fiemg\/wp-json\/wp\/v2\/tags?post=3603"}],"curies":[{"name":"wp","href":"https:\/\/api.w.org\/{rel}","templated":true}]}}