{"id":3655,"date":"2024-04-11T18:38:06","date_gmt":"2024-04-11T21:38:06","guid":{"rendered":"https:\/\/www.fiemg.com.br\/fiemg\/noticias\/impacto-da-reforma-tributaria-nas-industrias-e-tema-do-imersao\/"},"modified":"2024-04-12T11:56:18","modified_gmt":"2024-04-12T14:56:18","slug":"impacto-da-reforma-tributaria-nas-industrias-e-tema-do-imersao","status":"publish","type":"noticias","link":"https:\/\/www.fiemg.com.br\/fiemg\/noticias\/impacto-da-reforma-tributaria-nas-industrias-e-tema-do-imersao\/","title":{"rendered":"Impacto da Reforma Tribut\u00e1ria nas ind\u00fastrias \u00e9 tema do Imers\u00e3o"},"content":{"rendered":"\n<p>Os impactos da Reforma Tribut\u00e1ria aprovada no final do ano passado foi tema de um dos pain\u00e9is do segundo dia do Imers\u00e3o Ind\u00fastria, um dos maiores eventos do setor em Minas Gerais. O deputado federal Reginaldo Lopes, que coordenou o grupo de trabalho da reforma no Congresso Nacional, foi um dos participantes e falou sobre a import\u00e2ncia da nova legisla\u00e7\u00e3o.<\/p>\n\n\n\n<p>\u201cDemos um passo importante para avan\u00e7ar o Brasil com essa Reforma Tribut\u00e1ria. N\u00e3o foi o \u00faltimo, precisamos de um conjunto de a\u00e7\u00f5es: precisa de uma boa regulamenta\u00e7\u00e3o, precisa avan\u00e7ar mais na inova\u00e7\u00e3o, precisa fazer uma op\u00e7\u00e3o de formar nossa juventude do ponto de vista da escola b\u00e1sica e ensino m\u00e9dio tecnol\u00f3gico, mas tudo passa por essa grande mudan\u00e7a estruturante que fizemos com a Emenda Constitucional 132\/2023. E agora temos o compromisso de manter a mesma postura e buscar evid\u00eancias e boas pr\u00e1ticas internacionais para fazer o final dessa reforma que \u00e9 a regulamenta\u00e7\u00e3o\u201d, afirmou.<\/p>\n\n\n\n<p>A Reforma Tribut\u00e1ria extingue o PIS\/Cofins, o Imposto sobre Produtos Industrializados (IPI), o Imposto sobre Circula\u00e7\u00e3o de Mercadorias e Servi\u00e7os (ICMS) e o Imposto Sobre Servi\u00e7os (ISS) para cria\u00e7\u00e3o de dois impostos \u00fanicos, a Contribui\u00e7\u00e3o sobre Bens e Servi\u00e7os (CBS), a ser arrecadada pela Uni\u00e3o, e o Imposto sobre Opera\u00e7\u00f5es com Bens e Servi\u00e7os (IBS), a ser arrecadado por Estados e munic\u00edpios. No entanto, alguns pontos da nova legisla\u00e7\u00e3o ainda ser\u00e3o regulamentados por meio de projetos de lei.<\/p>\n\n\n\n<p>Ainda em sua fala, Reginaldo Lopes comentou os impactos da reforma para a ind\u00fastria. \u201cA gente escuta muito que essa reforma beneficiou mais a ind\u00fastria. Mas, a pergunta deveria ser o contr\u00e1rio: qual setor mais prejudicado com o sistema de cumulatividade tribut\u00e1ria, que cobre em todas as etapas, que o imposto \u00e9 base de incid\u00eancia tribut\u00e1ria? \u00c9 o setor que tem mais cadeia produtiva, ou seja, a ind\u00fastria. Portanto, a ind\u00fastria n\u00e3o \u00e9 a mais beneficiada, e sim a mais prejudicada. E sendo a mais prejudicada, evidentemente que ela se tornar\u00e1 a mais beneficiada com um imposto de valor agregado, onde vai ter creditamento e devolu\u00e7\u00e3o de cr\u00e9ditos. Ent\u00e3o, \u00e9 evidente que a ind\u00fastria vai ter um sistema tribut\u00e1rio mais justo. Mas existem servi\u00e7os sem ind\u00fastria?\u201d, afirmou.<\/p>\n\n\n\n<p>O deputado completou dizendo ainda que o desenvolvimento da ind\u00fastria nacional \u00e9 fundamental para o crescimento do Brasil. \u201cNenhuma na\u00e7\u00e3o se torna na\u00e7\u00e3o verdadeira sem ind\u00fastria. N\u00f3s temos que ter uma ind\u00fastria nova, sustent\u00e1vel, moderna, digital. O primeiro passo \u00e9 ter um sistema tribut\u00e1rio que n\u00e3o tire da ind\u00fastria e do setor de transforma\u00e7\u00e3o a competitividade. Se pud\u00e9ssemos traduzir a reforma em poucas palavras: ganho de competitividade e efici\u00eancia produtiva. Talvez, pela primeira vez, o Brasil vai ter condi\u00e7\u00e3o de ter ganho de produtividade. Nunca no Brasil, n\u00f3s tivemos ganho de produtividade\u201d, disse.&nbsp;<\/p>\n\n\n\n<p>Al\u00e9m de Reginaldo Lopes, tamb\u00e9m participou do painel o s\u00f3cio da Ernst Young, l\u00edder de tax para o segmento de minera\u00e7\u00e3o e metais, Jos\u00e9 Peixe, que tamb\u00e9m levantou os pontos positivos da Reforma Tribut\u00e1ria, como a expectativa de simplifica\u00e7\u00e3o e perspetiva de c\u00e1lculo por fora, ou seja, sobre o valor l\u00edquido, mas tamb\u00e9m abordou os principais pontos de d\u00favida em rela\u00e7\u00e3o \u00e0 nova legisla\u00e7\u00e3o e que ainda ser\u00e3o tratados pelo Congresso na regulamenta\u00e7\u00e3o. Entre elas: a forma como ser\u00e1 viabilizado o cr\u00e9dito financeiro e como ser\u00e1 operacionalizado o creditamento de um pagamento realizado em etapa anterior; como ser\u00e3o tratadas as exce\u00e7\u00f5es ao regime geral; a abrang\u00eancia do Imposto Seletivo (IS) &#8211; que foi criado para incidir sobre bens e servi\u00e7os prejudiciais \u00e0 sa\u00fade ou ao meio ambiente; o per\u00edodo de transi\u00e7\u00e3o do regime atual para o novo regime, onde as empresas ter\u00e3o que conviver com 2 ou 3 sistemas em um mesmo per\u00edodo.<\/p>\n\n\n\n<p>Ele tamb\u00e9m apresentou alguns dos poss\u00edveis impactos da Reforma Tribut\u00e1ria na \u00e1rea de neg\u00f3cios e como as empresas podem se preparar para a mudan\u00e7a. &#8220;\u00c9 essencial que as empresas comecem a mobilizar recursos e adotar medidas preparat\u00f3rias para o novo sistema, considerando efeitos do per\u00edodo de transi\u00e7\u00e3o que j\u00e1 se inicia em 2026&#8221;, disse. Ele destacou, por exemplo, estudos de modelagem tribut\u00e1ria comparando o regime que se tem hoje com proje\u00e7\u00f5es do que prev\u00ea a reforma, levantamento e monetiza\u00e7\u00e3o de cr\u00e9ditos fiscais, an\u00e1lise dos impactos em pricing, revis\u00e3o de estruturas de distribui\u00e7\u00e3o e das estruturas societ\u00e1ria e operacionais, entre outras.<\/p>\n\n\n\n<p>O debate foi mediado pelo gerente Executivo de Economia da Confedera\u00e7\u00e3o Nacional das Ind\u00fastrias (CNI), M\u00e1rio S\u00e9rgio Telles, que pontuou que o grande ponto da reforma \u00e9 seu potencial para reduzir distor\u00e7\u00f5es, seja na elimina\u00e7\u00e3o da cumulatividade de tributos, seja na possibilidade de recebimento de cr\u00e9ditos acumulados, ou na redu\u00e7\u00e3o de custos administrativos e operacionais que devem ser verificados ap\u00f3s o per\u00edodo de transi\u00e7\u00e3o. \u201cTemos uma vis\u00e3o muito boa do que foi aprovado, mas precisa ser ratificado pela regulamenta\u00e7\u00e3o, o que ser\u00e1 fundamental\u201d, pontuou.<\/p>\n\n\n\n<p><strong>Leia tamb\u00e9m: <\/strong><\/p>\n\n\n\n<p><a href=\"https:\/\/www.fiemg.com.br\/noticias\/inovacao-e-destaque-no-imersao-industria\/\">Inova\u00e7\u00e3o \u00e9 destaque no Imers\u00e3o Ind\u00fastria<br><\/a><a href=\"https:\/\/www.fiemg.com.br\/noticias\/internet-das-coisas-e-produtividade\/\">Internet das coisas e produtividade<\/a><br><a href=\"https:\/\/www.fiemg.com.br\/wp-admin\/post.php?post=13817&amp;action=edit\">Marco Ornellas destaca a import\u00e2ncia do design organizacional para enfrentar desafios complexos<\/a><br><a href=\"https:\/\/www.fiemg.com.br\/noticias\/rascunho-autoinfluenciadora-patricia-ramos-francisco-mattos-da-formula-1-e-rafael-simas-da-gerdau-foram-os-convidados-da-noite-de-abertura-do-eventomatico\/\">A import\u00e2ncia da presen\u00e7a digital&nbsp; e F\u00f3rmula 1 marcam abertura do Imers\u00e3o Ind\u00fastria<\/a><br><a href=\"https:\/\/www.fiemg.com.br\/noticias\/oportunidades-e-desafios-do-setor-produtivo-diz-flavio-roscoe-ao-abrir-o-imersao-industria\/\">\u201cOportunidades e desafios do setor produtivo\u201d, diz Fl\u00e1vio Roscoe ao abrir o Imers\u00e3o Ind\u00fastria<\/a><br><a href=\"https:\/\/www.fiemg.com.br\/noticias\/defesa-do-setor-produtivo-em-pauta-no-imersao-industria\/\">Defesa do setor produtivo em pauta no Imers\u00e3o Ind\u00fastria<\/a><\/p>\n\n\n\n<p>O Imers\u00e3o Ind\u00fastria \u00e9 realizado pela FIEMG, pelo SESI e pelo SENAI, com patroc\u00ednio m\u00e1ster da Gerdau, Vale, Gasmig, Cemig, Codemge, CNI e ArcelorMittal. O patroc\u00ednio ouro \u00e9 da Herculano Minera\u00e7\u00e3o, Sicoob Credfiemg e Sicoob Credminas, Barbosa Mello e Caixa Econ\u00f4mica Federal. O patroc\u00ednio prata \u00e9 da Bemisa, Localiza Gest\u00e3o de Frotas, Vallourec e IVECO Group. O apoio m\u00e1ster \u00e9 do Sebrae e apoio da RMMG, Mason Holdings, JMendes, Pfizer, (Re)energisa, Una, IEL e CIEMG.<\/p>\n\n\n\n<p><em>Tha\u00eds Mota<\/em><br><strong>Imprensa FIEMG<\/strong><\/p>\n","protected":false},"featured_media":3656,"template":"","categories":[15],"tags":[78,150,104,167],"class_list":["post-3655","noticias","type-noticias","status-publish","has-post-thumbnail","hentry","category-desenvolvimento-industrial","tag-fiemg","tag-imersao-industria","tag-industria","tag-minas-gerais"],"acf":[],"yoast_head":"<!-- This site is optimized with the Yoast SEO plugin v26.2 - https:\/\/yoast.com\/wordpress\/plugins\/seo\/ -->\n<title>Impacto da Reforma Tribut\u00e1ria nas ind\u00fastrias \u00e9 tema do Imers\u00e3o - FIEMG<\/title>\n<meta name=\"description\" content=\"Deputado Reginaldo Lopes, que coordenou o grupo de trabalho da reforma, foi um dos palestrantes do evento\" \/>\n<meta name=\"robots\" content=\"index, follow, max-snippet:-1, max-image-preview:large, max-video-preview:-1\" \/>\n<link rel=\"canonical\" href=\"https:\/\/www.fiemg.com.br\/fiemg\/noticias\/impacto-da-reforma-tributaria-nas-industrias-e-tema-do-imersao\/\" \/>\n<meta property=\"og:locale\" content=\"pt_BR\" \/>\n<meta property=\"og:type\" content=\"article\" \/>\n<meta property=\"og:title\" content=\"Impacto da Reforma Tribut\u00e1ria nas ind\u00fastrias \u00e9 tema do Imers\u00e3o - FIEMG\" \/>\n<meta property=\"og:description\" content=\"Deputado Reginaldo Lopes, que coordenou o grupo de trabalho da reforma, foi um dos palestrantes do evento\" \/>\n<meta property=\"og:url\" content=\"https:\/\/www.fiemg.com.br\/fiemg\/noticias\/impacto-da-reforma-tributaria-nas-industrias-e-tema-do-imersao\/\" \/>\n<meta property=\"og:site_name\" content=\"FIEMG\" \/>\n<meta property=\"article:modified_time\" content=\"2024-04-12T14:56:18+00:00\" \/>\n<meta property=\"og:image\" content=\"https:\/\/www.fiemg.com.br\/fiemg\/wp-content\/uploads\/sites\/10\/2024\/04\/512-x-512-3.jpg\" \/>\n\t<meta property=\"og:image:width\" content=\"512\" \/>\n\t<meta property=\"og:image:height\" content=\"512\" \/>\n\t<meta property=\"og:image:type\" content=\"image\/jpeg\" \/>\n<meta name=\"twitter:card\" content=\"summary_large_image\" \/>\n<meta name=\"twitter:label1\" content=\"Est. tempo de leitura\" \/>\n\t<meta name=\"twitter:data1\" content=\"6 minutos\" \/>\n<script type=\"application\/ld+json\" class=\"yoast-schema-graph\">{\"@context\":\"https:\/\/schema.org\",\"@graph\":[{\"@type\":\"WebPage\",\"@id\":\"https:\/\/www.fiemg.com.br\/fiemg\/noticias\/impacto-da-reforma-tributaria-nas-industrias-e-tema-do-imersao\/\",\"url\":\"https:\/\/www.fiemg.com.br\/fiemg\/noticias\/impacto-da-reforma-tributaria-nas-industrias-e-tema-do-imersao\/\",\"name\":\"Impacto da Reforma Tribut\u00e1ria nas ind\u00fastrias \u00e9 tema do Imers\u00e3o - FIEMG\",\"isPartOf\":{\"@id\":\"https:\/\/www.fiemg.com.br\/fiemg\/#website\"},\"primaryImageOfPage\":{\"@id\":\"https:\/\/www.fiemg.com.br\/fiemg\/noticias\/impacto-da-reforma-tributaria-nas-industrias-e-tema-do-imersao\/#primaryimage\"},\"image\":{\"@id\":\"https:\/\/www.fiemg.com.br\/fiemg\/noticias\/impacto-da-reforma-tributaria-nas-industrias-e-tema-do-imersao\/#primaryimage\"},\"thumbnailUrl\":\"https:\/\/www.fiemg.com.br\/fiemg\/wp-content\/uploads\/sites\/10\/2024\/04\/512-x-512-3.jpg\",\"datePublished\":\"2024-04-11T21:38:06+00:00\",\"dateModified\":\"2024-04-12T14:56:18+00:00\",\"description\":\"Deputado Reginaldo Lopes, que coordenou o grupo de trabalho da reforma, foi um dos palestrantes do evento\",\"breadcrumb\":{\"@id\":\"https:\/\/www.fiemg.com.br\/fiemg\/noticias\/impacto-da-reforma-tributaria-nas-industrias-e-tema-do-imersao\/#breadcrumb\"},\"inLanguage\":\"pt-BR\",\"potentialAction\":[{\"@type\":\"ReadAction\",\"target\":[\"https:\/\/www.fiemg.com.br\/fiemg\/noticias\/impacto-da-reforma-tributaria-nas-industrias-e-tema-do-imersao\/\"]}]},{\"@type\":\"ImageObject\",\"inLanguage\":\"pt-BR\",\"@id\":\"https:\/\/www.fiemg.com.br\/fiemg\/noticias\/impacto-da-reforma-tributaria-nas-industrias-e-tema-do-imersao\/#primaryimage\",\"url\":\"https:\/\/www.fiemg.com.br\/fiemg\/wp-content\/uploads\/sites\/10\/2024\/04\/512-x-512-3.jpg\",\"contentUrl\":\"https:\/\/www.fiemg.com.br\/fiemg\/wp-content\/uploads\/sites\/10\/2024\/04\/512-x-512-3.jpg\",\"width\":512,\"height\":512,\"caption\":\"Impacto da Reforma Tribut\u00e1ria nas ind\u00fastrias \u00e9 tema do Imers\u00e3o\"},{\"@type\":\"BreadcrumbList\",\"@id\":\"https:\/\/www.fiemg.com.br\/fiemg\/noticias\/impacto-da-reforma-tributaria-nas-industrias-e-tema-do-imersao\/#breadcrumb\",\"itemListElement\":[{\"@type\":\"ListItem\",\"position\":1,\"name\":\"In\u00edcio\",\"item\":\"https:\/\/www.fiemg.com.br\/fiemg\/\"},{\"@type\":\"ListItem\",\"position\":2,\"name\":\"Impacto da Reforma Tribut\u00e1ria nas ind\u00fastrias \u00e9 tema do Imers\u00e3o\"}]},{\"@type\":\"WebSite\",\"@id\":\"https:\/\/www.fiemg.com.br\/fiemg\/#website\",\"url\":\"https:\/\/www.fiemg.com.br\/fiemg\/\",\"name\":\"FIEMG\",\"description\":\"Federa\u00e7\u00e3o das Ind\u00fastrias do Estado de Minas Gerais\",\"publisher\":{\"@id\":\"https:\/\/www.fiemg.com.br\/fiemg\/#organization\"},\"potentialAction\":[{\"@type\":\"SearchAction\",\"target\":{\"@type\":\"EntryPoint\",\"urlTemplate\":\"https:\/\/www.fiemg.com.br\/fiemg\/?s={search_term_string}\"},\"query-input\":{\"@type\":\"PropertyValueSpecification\",\"valueRequired\":true,\"valueName\":\"search_term_string\"}}],\"inLanguage\":\"pt-BR\"},{\"@type\":\"Organization\",\"@id\":\"https:\/\/www.fiemg.com.br\/fiemg\/#organization\",\"name\":\"FIEMG\",\"url\":\"https:\/\/www.fiemg.com.br\/fiemg\/\",\"logo\":{\"@type\":\"ImageObject\",\"inLanguage\":\"pt-BR\",\"@id\":\"https:\/\/www.fiemg.com.br\/fiemg\/#\/schema\/logo\/image\/\",\"url\":\"https:\/\/www.fiemg.com.br\/fiemg\/wp-content\/uploads\/sites\/10\/2023\/02\/fiemg_branco.svg\",\"contentUrl\":\"https:\/\/www.fiemg.com.br\/fiemg\/wp-content\/uploads\/sites\/10\/2023\/02\/fiemg_branco.svg\",\"width\":561,\"height\":147,\"caption\":\"FIEMG\"},\"image\":{\"@id\":\"https:\/\/www.fiemg.com.br\/fiemg\/#\/schema\/logo\/image\/\"}}]}<\/script>\n<!-- \/ Yoast SEO plugin. -->","yoast_head_json":{"title":"Impacto da Reforma Tribut\u00e1ria nas ind\u00fastrias \u00e9 tema do Imers\u00e3o - FIEMG","description":"Deputado Reginaldo Lopes, que coordenou o grupo de trabalho da reforma, foi um dos palestrantes do evento","robots":{"index":"index","follow":"follow","max-snippet":"max-snippet:-1","max-image-preview":"max-image-preview:large","max-video-preview":"max-video-preview:-1"},"canonical":"https:\/\/www.fiemg.com.br\/fiemg\/noticias\/impacto-da-reforma-tributaria-nas-industrias-e-tema-do-imersao\/","og_locale":"pt_BR","og_type":"article","og_title":"Impacto da Reforma Tribut\u00e1ria nas ind\u00fastrias \u00e9 tema do Imers\u00e3o - FIEMG","og_description":"Deputado Reginaldo Lopes, que coordenou o grupo de trabalho da reforma, foi um dos palestrantes do evento","og_url":"https:\/\/www.fiemg.com.br\/fiemg\/noticias\/impacto-da-reforma-tributaria-nas-industrias-e-tema-do-imersao\/","og_site_name":"FIEMG","article_modified_time":"2024-04-12T14:56:18+00:00","og_image":[{"width":512,"height":512,"url":"https:\/\/www.fiemg.com.br\/fiemg\/wp-content\/uploads\/sites\/10\/2024\/04\/512-x-512-3.jpg","type":"image\/jpeg"}],"twitter_card":"summary_large_image","twitter_misc":{"Est. tempo de leitura":"6 minutos"},"schema":{"@context":"https:\/\/schema.org","@graph":[{"@type":"WebPage","@id":"https:\/\/www.fiemg.com.br\/fiemg\/noticias\/impacto-da-reforma-tributaria-nas-industrias-e-tema-do-imersao\/","url":"https:\/\/www.fiemg.com.br\/fiemg\/noticias\/impacto-da-reforma-tributaria-nas-industrias-e-tema-do-imersao\/","name":"Impacto da Reforma Tribut\u00e1ria nas ind\u00fastrias \u00e9 tema do Imers\u00e3o - FIEMG","isPartOf":{"@id":"https:\/\/www.fiemg.com.br\/fiemg\/#website"},"primaryImageOfPage":{"@id":"https:\/\/www.fiemg.com.br\/fiemg\/noticias\/impacto-da-reforma-tributaria-nas-industrias-e-tema-do-imersao\/#primaryimage"},"image":{"@id":"https:\/\/www.fiemg.com.br\/fiemg\/noticias\/impacto-da-reforma-tributaria-nas-industrias-e-tema-do-imersao\/#primaryimage"},"thumbnailUrl":"https:\/\/www.fiemg.com.br\/fiemg\/wp-content\/uploads\/sites\/10\/2024\/04\/512-x-512-3.jpg","datePublished":"2024-04-11T21:38:06+00:00","dateModified":"2024-04-12T14:56:18+00:00","description":"Deputado Reginaldo Lopes, que coordenou o grupo de trabalho da reforma, foi um dos palestrantes do evento","breadcrumb":{"@id":"https:\/\/www.fiemg.com.br\/fiemg\/noticias\/impacto-da-reforma-tributaria-nas-industrias-e-tema-do-imersao\/#breadcrumb"},"inLanguage":"pt-BR","potentialAction":[{"@type":"ReadAction","target":["https:\/\/www.fiemg.com.br\/fiemg\/noticias\/impacto-da-reforma-tributaria-nas-industrias-e-tema-do-imersao\/"]}]},{"@type":"ImageObject","inLanguage":"pt-BR","@id":"https:\/\/www.fiemg.com.br\/fiemg\/noticias\/impacto-da-reforma-tributaria-nas-industrias-e-tema-do-imersao\/#primaryimage","url":"https:\/\/www.fiemg.com.br\/fiemg\/wp-content\/uploads\/sites\/10\/2024\/04\/512-x-512-3.jpg","contentUrl":"https:\/\/www.fiemg.com.br\/fiemg\/wp-content\/uploads\/sites\/10\/2024\/04\/512-x-512-3.jpg","width":512,"height":512,"caption":"Impacto da Reforma Tribut\u00e1ria nas ind\u00fastrias \u00e9 tema do Imers\u00e3o"},{"@type":"BreadcrumbList","@id":"https:\/\/www.fiemg.com.br\/fiemg\/noticias\/impacto-da-reforma-tributaria-nas-industrias-e-tema-do-imersao\/#breadcrumb","itemListElement":[{"@type":"ListItem","position":1,"name":"In\u00edcio","item":"https:\/\/www.fiemg.com.br\/fiemg\/"},{"@type":"ListItem","position":2,"name":"Impacto da Reforma Tribut\u00e1ria nas ind\u00fastrias \u00e9 tema do Imers\u00e3o"}]},{"@type":"WebSite","@id":"https:\/\/www.fiemg.com.br\/fiemg\/#website","url":"https:\/\/www.fiemg.com.br\/fiemg\/","name":"FIEMG","description":"Federa\u00e7\u00e3o das Ind\u00fastrias do Estado de Minas Gerais","publisher":{"@id":"https:\/\/www.fiemg.com.br\/fiemg\/#organization"},"potentialAction":[{"@type":"SearchAction","target":{"@type":"EntryPoint","urlTemplate":"https:\/\/www.fiemg.com.br\/fiemg\/?s={search_term_string}"},"query-input":{"@type":"PropertyValueSpecification","valueRequired":true,"valueName":"search_term_string"}}],"inLanguage":"pt-BR"},{"@type":"Organization","@id":"https:\/\/www.fiemg.com.br\/fiemg\/#organization","name":"FIEMG","url":"https:\/\/www.fiemg.com.br\/fiemg\/","logo":{"@type":"ImageObject","inLanguage":"pt-BR","@id":"https:\/\/www.fiemg.com.br\/fiemg\/#\/schema\/logo\/image\/","url":"https:\/\/www.fiemg.com.br\/fiemg\/wp-content\/uploads\/sites\/10\/2023\/02\/fiemg_branco.svg","contentUrl":"https:\/\/www.fiemg.com.br\/fiemg\/wp-content\/uploads\/sites\/10\/2023\/02\/fiemg_branco.svg","width":561,"height":147,"caption":"FIEMG"},"image":{"@id":"https:\/\/www.fiemg.com.br\/fiemg\/#\/schema\/logo\/image\/"}}]}},"_links":{"self":[{"href":"https:\/\/www.fiemg.com.br\/fiemg\/wp-json\/wp\/v2\/noticias\/3655","targetHints":{"allow":["GET"]}}],"collection":[{"href":"https:\/\/www.fiemg.com.br\/fiemg\/wp-json\/wp\/v2\/noticias"}],"about":[{"href":"https:\/\/www.fiemg.com.br\/fiemg\/wp-json\/wp\/v2\/types\/noticias"}],"wp:featuredmedia":[{"embeddable":true,"href":"https:\/\/www.fiemg.com.br\/fiemg\/wp-json\/wp\/v2\/media\/3656"}],"wp:attachment":[{"href":"https:\/\/www.fiemg.com.br\/fiemg\/wp-json\/wp\/v2\/media?parent=3655"}],"wp:term":[{"taxonomy":"category","embeddable":true,"href":"https:\/\/www.fiemg.com.br\/fiemg\/wp-json\/wp\/v2\/categories?post=3655"},{"taxonomy":"post_tag","embeddable":true,"href":"https:\/\/www.fiemg.com.br\/fiemg\/wp-json\/wp\/v2\/tags?post=3655"}],"curies":[{"name":"wp","href":"https:\/\/api.w.org\/{rel}","templated":true}]}}