{"id":3666,"date":"2024-04-11T11:21:14","date_gmt":"2024-04-11T14:21:14","guid":{"rendered":"https:\/\/www.fiemg.com.br\/fiemg\/noticias\/metal-jf-promove-palestra-tecnica-em-parceria-com-a-bastos-juntas\/"},"modified":"2024-04-12T11:22:37","modified_gmt":"2024-04-12T14:22:37","slug":"metal-jf-promove-palestra-tecnica-em-parceria-com-a-bastos-juntas","status":"publish","type":"noticias","link":"https:\/\/www.fiemg.com.br\/fiemg\/noticias\/metal-jf-promove-palestra-tecnica-em-parceria-com-a-bastos-juntas\/","title":{"rendered":"Metal JF promove palestra t\u00e9cnica em parceria com a Bastos Juntas"},"content":{"rendered":"\n<figure class=\"wp-block-image aligncenter size-full\"><img fetchpriority=\"high\" decoding=\"async\" width=\"1024\" height=\"389\" src=\"https:\/\/www.fiemg.com.br\/fiemg\/wp-content\/uploads\/sites\/10\/2024\/04\/JF-OK.jpg\" alt=\"\" class=\"wp-image-3667\" srcset=\"https:\/\/www.fiemg.com.br\/fiemg\/wp-content\/uploads\/sites\/10\/2024\/04\/JF-OK.jpg 1024w, https:\/\/www.fiemg.com.br\/fiemg\/wp-content\/uploads\/sites\/10\/2024\/04\/JF-OK-300x114.jpg 300w, https:\/\/www.fiemg.com.br\/fiemg\/wp-content\/uploads\/sites\/10\/2024\/04\/JF-OK-768x292.jpg 768w\" sizes=\"(max-width: 1024px) 100vw, 1024px\" \/><\/figure>\n\n\n\n<p><\/p>\n\n\n\n<p>No \u00faltimo dia 28 de mar\u00e7o, a FIEMG Regional Zona da Mata, em Juiz de Fora, foi palco de uma palestra t\u00e9cnica da Bastos Juntas, promovida pelo Metal JF (Sindicato das Ind\u00fastrias Metal\u00fargicas, Mec\u00e2nicas e de Material El\u00e9trico de Juiz de Fora). Com a participa\u00e7\u00e3o dos palestrantes Edson, Oc\u00e9lio e Moacir Bastos, o evento, voltado para o setor automotivo, n\u00e3o apenas proporcionou insights valiosos sobre tecnologia e inova\u00e7\u00e3o, mas tamb\u00e9m teve car\u00e1ter solid\u00e1rio, arrecadando leite para causas sociais.<\/p>\n\n\n\n<p>A Bastos Juntas atua hoje na produ\u00e7\u00e3o e distribui\u00e7\u00e3o de juntas e retentores para motores comerciais, leves e pesados nas linhas nacional e importada, e tem uma hist\u00f3ria de sucesso que remonta a 1989, quando foi fundada por Joaquim Bastos e seus irm\u00e3os Oc\u00e9lio e Moacir. O que come\u00e7ou como uma opera\u00e7\u00e3o rudimentar e artesanal na resid\u00eancia da fam\u00edlia, se transformou em uma das maiores ind\u00fastrias de juntas e retentores do Brasil. Sua sede em Fortaleza (CE) \u00e9 o epicentro de uma opera\u00e7\u00e3o que abrange produ\u00e7\u00e3o e distribui\u00e7\u00e3o em n\u00edvel nacional e internacional.<\/p>\n\n\n\n<p>Atualmente, a empresa conta com mais de 500 colaboradores diretos e indiretos, distribu\u00eddos em cinco plantas com uma \u00e1rea total de mais de 70 mil metros quadrados. Al\u00e9m disso, sua rede de tr\u00eas centros de distribui\u00e7\u00e3o garante um atendimento \u00e1gil e estrat\u00e9gico em todo o pa\u00eds.<\/p>\n\n\n\n<p>Um dos pilares do sucesso da Bastos Juntas \u00e9 o compromisso com a qualidade. Com fornecedores de mat\u00e9ria-prima situados em mercados europeus e asi\u00e1ticos, seus produtos atendem \u00e0s mais altas exig\u00eancias mundiais. Mas a empresa n\u00e3o se contenta em apenas atender \u00e0s normas; ela busca constantemente aprimorar-se e antecipar as demandas do mercado. Seu Centro de Tecnologia \u00e9 um verdadeiro catalisador de inova\u00e7\u00e3o, garantindo que estejam sempre \u00e0 frente das tend\u00eancias e necessidades do setor, prezando tecnologia a alta performance.<\/p>\n\n\n\n<p>Nos \u00faltimos anos a empresa fez investimentos pesados em maquin\u00e1rio e melhorias na infraestrutura, principalmente para o desenvolvimento e projetos das novas matrizes &#8220;ferramentas&#8221;, para confec\u00e7\u00e3o de novos produtos. Sendo assim, hoje tem um grande portf\u00f3lio para atender \u00e0s necessidades do mercado nacional e internacional, e isso se deve a constantes pesquisas.<\/p>\n\n\n\n<p>Durante a palestra, os participantes puderam ter uma vis\u00e3o privilegiada dos bastidores dessa trajet\u00f3ria de sucesso. Edson e Oc\u00e9lio Bastos compartilharam informa\u00e7\u00f5es sobre os produtos da empresa e suas estrat\u00e9gias para se manter competitiva em um mercado em constante evolu\u00e7\u00e3o. Al\u00e9m disso, destacaram os investimentos em tecnologia e pesquisa como fundamentais para o cont\u00ednuo crescimento da Bastos Juntas.<\/p>\n\n\n\n<p>Mas o evento n\u00e3o foi apenas sobre neg\u00f3cios; tamb\u00e9m teve um prop\u00f3sito nobre. A arrecada\u00e7\u00e3o de leite, parte integrante da a\u00e7\u00e3o, demonstra o compromisso do Metal JF, conduzido pela presidente Ana L\u00facia Machado Sabino, com a quest\u00e3o da responsabilidade social. Essa iniciativa solid\u00e1ria reflete os valores da entidade, que busca n\u00e3o apenas a defesa de interesses de seus associados, mas tamb\u00e9m contribuir positivamente para a comunidade. Um exemplo inspirador de como \u00e9 poss\u00edvel aliar representatividade empresarial e responsabilidade social em uma trajet\u00f3ria de crescimento sustent\u00e1vel.<\/p>\n\n\n\n<p><em>Graciele Vianna<\/em><br><strong>Imprensa FIEMG<\/strong><\/p>\n","protected":false},"featured_media":3670,"template":"","categories":[5],"tags":[],"class_list":["post-3666","noticias","type-noticias","status-publish","has-post-thumbnail","hentry","category-capacitacao-empresarial"],"acf":[],"yoast_head":"<!-- This site is optimized with the Yoast SEO plugin v26.2 - https:\/\/yoast.com\/wordpress\/plugins\/seo\/ -->\n<title>Metal JF promove palestra t\u00e9cnica em parceria com a Bastos Juntas - FIEMG<\/title>\n<meta name=\"robots\" content=\"index, follow, max-snippet:-1, max-image-preview:large, max-video-preview:-1\" \/>\n<link rel=\"canonical\" href=\"https:\/\/www.fiemg.com.br\/fiemg\/noticias\/metal-jf-promove-palestra-tecnica-em-parceria-com-a-bastos-juntas\/\" \/>\n<meta property=\"og:locale\" content=\"pt_BR\" \/>\n<meta property=\"og:type\" content=\"article\" \/>\n<meta property=\"og:title\" content=\"Metal JF promove palestra t\u00e9cnica em parceria com a Bastos Juntas - FIEMG\" \/>\n<meta property=\"og:description\" content=\"No \u00faltimo dia 28 de mar\u00e7o, a FIEMG Regional Zona da Mata, em Juiz de Fora, foi palco de uma palestra t\u00e9cnica da Bastos Juntas, promovida pelo Metal JF (Sindicato das Ind\u00fastrias Metal\u00fargicas, Mec\u00e2nicas e de Material El\u00e9trico de Juiz de Fora). Com a participa\u00e7\u00e3o dos palestrantes Edson, Oc\u00e9lio e Moacir Bastos, o evento, voltado [&hellip;]\" \/>\n<meta property=\"og:url\" content=\"https:\/\/www.fiemg.com.br\/fiemg\/noticias\/metal-jf-promove-palestra-tecnica-em-parceria-com-a-bastos-juntas\/\" \/>\n<meta property=\"og:site_name\" content=\"FIEMG\" \/>\n<meta property=\"article:modified_time\" content=\"2024-04-12T14:22:37+00:00\" \/>\n<meta property=\"og:image\" content=\"https:\/\/www.fiemg.com.br\/fiemg\/wp-content\/uploads\/sites\/10\/2024\/04\/palestra-metal-bastos-juntas-1.jpg\" \/>\n\t<meta property=\"og:image:width\" content=\"1600\" \/>\n\t<meta property=\"og:image:height\" content=\"1200\" \/>\n\t<meta property=\"og:image:type\" content=\"image\/jpeg\" \/>\n<meta name=\"twitter:card\" content=\"summary_large_image\" \/>\n<meta name=\"twitter:label1\" content=\"Est. tempo de leitura\" \/>\n\t<meta name=\"twitter:data1\" content=\"3 minutos\" \/>\n<script type=\"application\/ld+json\" class=\"yoast-schema-graph\">{\"@context\":\"https:\/\/schema.org\",\"@graph\":[{\"@type\":\"WebPage\",\"@id\":\"https:\/\/www.fiemg.com.br\/fiemg\/noticias\/metal-jf-promove-palestra-tecnica-em-parceria-com-a-bastos-juntas\/\",\"url\":\"https:\/\/www.fiemg.com.br\/fiemg\/noticias\/metal-jf-promove-palestra-tecnica-em-parceria-com-a-bastos-juntas\/\",\"name\":\"Metal JF promove palestra t\u00e9cnica em parceria com a Bastos Juntas - FIEMG\",\"isPartOf\":{\"@id\":\"https:\/\/www.fiemg.com.br\/fiemg\/#website\"},\"primaryImageOfPage\":{\"@id\":\"https:\/\/www.fiemg.com.br\/fiemg\/noticias\/metal-jf-promove-palestra-tecnica-em-parceria-com-a-bastos-juntas\/#primaryimage\"},\"image\":{\"@id\":\"https:\/\/www.fiemg.com.br\/fiemg\/noticias\/metal-jf-promove-palestra-tecnica-em-parceria-com-a-bastos-juntas\/#primaryimage\"},\"thumbnailUrl\":\"https:\/\/www.fiemg.com.br\/fiemg\/wp-content\/uploads\/sites\/10\/2024\/04\/palestra-metal-bastos-juntas-1.jpg\",\"datePublished\":\"2024-04-11T14:21:14+00:00\",\"dateModified\":\"2024-04-12T14:22:37+00:00\",\"breadcrumb\":{\"@id\":\"https:\/\/www.fiemg.com.br\/fiemg\/noticias\/metal-jf-promove-palestra-tecnica-em-parceria-com-a-bastos-juntas\/#breadcrumb\"},\"inLanguage\":\"pt-BR\",\"potentialAction\":[{\"@type\":\"ReadAction\",\"target\":[\"https:\/\/www.fiemg.com.br\/fiemg\/noticias\/metal-jf-promove-palestra-tecnica-em-parceria-com-a-bastos-juntas\/\"]}]},{\"@type\":\"ImageObject\",\"inLanguage\":\"pt-BR\",\"@id\":\"https:\/\/www.fiemg.com.br\/fiemg\/noticias\/metal-jf-promove-palestra-tecnica-em-parceria-com-a-bastos-juntas\/#primaryimage\",\"url\":\"https:\/\/www.fiemg.com.br\/fiemg\/wp-content\/uploads\/sites\/10\/2024\/04\/palestra-metal-bastos-juntas-1.jpg\",\"contentUrl\":\"https:\/\/www.fiemg.com.br\/fiemg\/wp-content\/uploads\/sites\/10\/2024\/04\/palestra-metal-bastos-juntas-1.jpg\",\"width\":1600,\"height\":1200},{\"@type\":\"BreadcrumbList\",\"@id\":\"https:\/\/www.fiemg.com.br\/fiemg\/noticias\/metal-jf-promove-palestra-tecnica-em-parceria-com-a-bastos-juntas\/#breadcrumb\",\"itemListElement\":[{\"@type\":\"ListItem\",\"position\":1,\"name\":\"In\u00edcio\",\"item\":\"https:\/\/www.fiemg.com.br\/fiemg\/\"},{\"@type\":\"ListItem\",\"position\":2,\"name\":\"Metal JF promove palestra t\u00e9cnica em parceria com a Bastos Juntas\"}]},{\"@type\":\"WebSite\",\"@id\":\"https:\/\/www.fiemg.com.br\/fiemg\/#website\",\"url\":\"https:\/\/www.fiemg.com.br\/fiemg\/\",\"name\":\"FIEMG\",\"description\":\"Federa\u00e7\u00e3o das Ind\u00fastrias do Estado de Minas Gerais\",\"publisher\":{\"@id\":\"https:\/\/www.fiemg.com.br\/fiemg\/#organization\"},\"potentialAction\":[{\"@type\":\"SearchAction\",\"target\":{\"@type\":\"EntryPoint\",\"urlTemplate\":\"https:\/\/www.fiemg.com.br\/fiemg\/?s={search_term_string}\"},\"query-input\":{\"@type\":\"PropertyValueSpecification\",\"valueRequired\":true,\"valueName\":\"search_term_string\"}}],\"inLanguage\":\"pt-BR\"},{\"@type\":\"Organization\",\"@id\":\"https:\/\/www.fiemg.com.br\/fiemg\/#organization\",\"name\":\"FIEMG\",\"url\":\"https:\/\/www.fiemg.com.br\/fiemg\/\",\"logo\":{\"@type\":\"ImageObject\",\"inLanguage\":\"pt-BR\",\"@id\":\"https:\/\/www.fiemg.com.br\/fiemg\/#\/schema\/logo\/image\/\",\"url\":\"https:\/\/www.fiemg.com.br\/fiemg\/wp-content\/uploads\/sites\/10\/2023\/02\/fiemg_branco.svg\",\"contentUrl\":\"https:\/\/www.fiemg.com.br\/fiemg\/wp-content\/uploads\/sites\/10\/2023\/02\/fiemg_branco.svg\",\"width\":561,\"height\":147,\"caption\":\"FIEMG\"},\"image\":{\"@id\":\"https:\/\/www.fiemg.com.br\/fiemg\/#\/schema\/logo\/image\/\"}}]}<\/script>\n<!-- \/ Yoast SEO plugin. -->","yoast_head_json":{"title":"Metal JF promove palestra t\u00e9cnica em parceria com a Bastos Juntas - FIEMG","robots":{"index":"index","follow":"follow","max-snippet":"max-snippet:-1","max-image-preview":"max-image-preview:large","max-video-preview":"max-video-preview:-1"},"canonical":"https:\/\/www.fiemg.com.br\/fiemg\/noticias\/metal-jf-promove-palestra-tecnica-em-parceria-com-a-bastos-juntas\/","og_locale":"pt_BR","og_type":"article","og_title":"Metal JF promove palestra t\u00e9cnica em parceria com a Bastos Juntas - FIEMG","og_description":"No \u00faltimo dia 28 de mar\u00e7o, a FIEMG Regional Zona da Mata, em Juiz de Fora, foi palco de uma palestra t\u00e9cnica da Bastos Juntas, promovida pelo Metal JF (Sindicato das Ind\u00fastrias Metal\u00fargicas, Mec\u00e2nicas e de Material El\u00e9trico de Juiz de Fora). Com a participa\u00e7\u00e3o dos palestrantes Edson, Oc\u00e9lio e Moacir Bastos, o evento, voltado [&hellip;]","og_url":"https:\/\/www.fiemg.com.br\/fiemg\/noticias\/metal-jf-promove-palestra-tecnica-em-parceria-com-a-bastos-juntas\/","og_site_name":"FIEMG","article_modified_time":"2024-04-12T14:22:37+00:00","og_image":[{"width":1600,"height":1200,"url":"https:\/\/www.fiemg.com.br\/fiemg\/wp-content\/uploads\/sites\/10\/2024\/04\/palestra-metal-bastos-juntas-1.jpg","type":"image\/jpeg"}],"twitter_card":"summary_large_image","twitter_misc":{"Est. tempo de leitura":"3 minutos"},"schema":{"@context":"https:\/\/schema.org","@graph":[{"@type":"WebPage","@id":"https:\/\/www.fiemg.com.br\/fiemg\/noticias\/metal-jf-promove-palestra-tecnica-em-parceria-com-a-bastos-juntas\/","url":"https:\/\/www.fiemg.com.br\/fiemg\/noticias\/metal-jf-promove-palestra-tecnica-em-parceria-com-a-bastos-juntas\/","name":"Metal JF promove palestra t\u00e9cnica em parceria com a Bastos Juntas - FIEMG","isPartOf":{"@id":"https:\/\/www.fiemg.com.br\/fiemg\/#website"},"primaryImageOfPage":{"@id":"https:\/\/www.fiemg.com.br\/fiemg\/noticias\/metal-jf-promove-palestra-tecnica-em-parceria-com-a-bastos-juntas\/#primaryimage"},"image":{"@id":"https:\/\/www.fiemg.com.br\/fiemg\/noticias\/metal-jf-promove-palestra-tecnica-em-parceria-com-a-bastos-juntas\/#primaryimage"},"thumbnailUrl":"https:\/\/www.fiemg.com.br\/fiemg\/wp-content\/uploads\/sites\/10\/2024\/04\/palestra-metal-bastos-juntas-1.jpg","datePublished":"2024-04-11T14:21:14+00:00","dateModified":"2024-04-12T14:22:37+00:00","breadcrumb":{"@id":"https:\/\/www.fiemg.com.br\/fiemg\/noticias\/metal-jf-promove-palestra-tecnica-em-parceria-com-a-bastos-juntas\/#breadcrumb"},"inLanguage":"pt-BR","potentialAction":[{"@type":"ReadAction","target":["https:\/\/www.fiemg.com.br\/fiemg\/noticias\/metal-jf-promove-palestra-tecnica-em-parceria-com-a-bastos-juntas\/"]}]},{"@type":"ImageObject","inLanguage":"pt-BR","@id":"https:\/\/www.fiemg.com.br\/fiemg\/noticias\/metal-jf-promove-palestra-tecnica-em-parceria-com-a-bastos-juntas\/#primaryimage","url":"https:\/\/www.fiemg.com.br\/fiemg\/wp-content\/uploads\/sites\/10\/2024\/04\/palestra-metal-bastos-juntas-1.jpg","contentUrl":"https:\/\/www.fiemg.com.br\/fiemg\/wp-content\/uploads\/sites\/10\/2024\/04\/palestra-metal-bastos-juntas-1.jpg","width":1600,"height":1200},{"@type":"BreadcrumbList","@id":"https:\/\/www.fiemg.com.br\/fiemg\/noticias\/metal-jf-promove-palestra-tecnica-em-parceria-com-a-bastos-juntas\/#breadcrumb","itemListElement":[{"@type":"ListItem","position":1,"name":"In\u00edcio","item":"https:\/\/www.fiemg.com.br\/fiemg\/"},{"@type":"ListItem","position":2,"name":"Metal JF promove palestra t\u00e9cnica em parceria com a Bastos Juntas"}]},{"@type":"WebSite","@id":"https:\/\/www.fiemg.com.br\/fiemg\/#website","url":"https:\/\/www.fiemg.com.br\/fiemg\/","name":"FIEMG","description":"Federa\u00e7\u00e3o das Ind\u00fastrias do Estado de Minas Gerais","publisher":{"@id":"https:\/\/www.fiemg.com.br\/fiemg\/#organization"},"potentialAction":[{"@type":"SearchAction","target":{"@type":"EntryPoint","urlTemplate":"https:\/\/www.fiemg.com.br\/fiemg\/?s={search_term_string}"},"query-input":{"@type":"PropertyValueSpecification","valueRequired":true,"valueName":"search_term_string"}}],"inLanguage":"pt-BR"},{"@type":"Organization","@id":"https:\/\/www.fiemg.com.br\/fiemg\/#organization","name":"FIEMG","url":"https:\/\/www.fiemg.com.br\/fiemg\/","logo":{"@type":"ImageObject","inLanguage":"pt-BR","@id":"https:\/\/www.fiemg.com.br\/fiemg\/#\/schema\/logo\/image\/","url":"https:\/\/www.fiemg.com.br\/fiemg\/wp-content\/uploads\/sites\/10\/2023\/02\/fiemg_branco.svg","contentUrl":"https:\/\/www.fiemg.com.br\/fiemg\/wp-content\/uploads\/sites\/10\/2023\/02\/fiemg_branco.svg","width":561,"height":147,"caption":"FIEMG"},"image":{"@id":"https:\/\/www.fiemg.com.br\/fiemg\/#\/schema\/logo\/image\/"}}]}},"_links":{"self":[{"href":"https:\/\/www.fiemg.com.br\/fiemg\/wp-json\/wp\/v2\/noticias\/3666","targetHints":{"allow":["GET"]}}],"collection":[{"href":"https:\/\/www.fiemg.com.br\/fiemg\/wp-json\/wp\/v2\/noticias"}],"about":[{"href":"https:\/\/www.fiemg.com.br\/fiemg\/wp-json\/wp\/v2\/types\/noticias"}],"wp:featuredmedia":[{"embeddable":true,"href":"https:\/\/www.fiemg.com.br\/fiemg\/wp-json\/wp\/v2\/media\/3670"}],"wp:attachment":[{"href":"https:\/\/www.fiemg.com.br\/fiemg\/wp-json\/wp\/v2\/media?parent=3666"}],"wp:term":[{"taxonomy":"category","embeddable":true,"href":"https:\/\/www.fiemg.com.br\/fiemg\/wp-json\/wp\/v2\/categories?post=3666"},{"taxonomy":"post_tag","embeddable":true,"href":"https:\/\/www.fiemg.com.br\/fiemg\/wp-json\/wp\/v2\/tags?post=3666"}],"curies":[{"name":"wp","href":"https:\/\/api.w.org\/{rel}","templated":true}]}}