{"id":4074,"date":"2024-05-15T15:05:30","date_gmt":"2024-05-15T18:05:30","guid":{"rendered":"https:\/\/www.fiemg.com.br\/fiemg\/noticias\/fiemg-participa-de-missao-do-governo-de-minas-aos-estados-unidos\/"},"modified":"2024-05-15T15:05:37","modified_gmt":"2024-05-15T18:05:37","slug":"fiemg-participa-de-missao-do-governo-de-minas-aos-estados-unidos","status":"publish","type":"noticias","link":"https:\/\/www.fiemg.com.br\/fiemg\/noticias\/fiemg-participa-de-missao-do-governo-de-minas-aos-estados-unidos\/","title":{"rendered":"FIEMG participa de miss\u00e3o do governo de Minas aos Estados Unidos"},"content":{"rendered":"\n<p><\/p>\n\n\n\n<p>A Federa\u00e7\u00e3o das Ind\u00fastrias do Estado de Minas Gerais (FIEMG) participa nesta semana da miss\u00e3o do governo de Minas aos Estados Unidos. Com objetivo de atrair investimentos para o Estado, gerando emprego e renda para os mineiros, a comitiva est\u00e1 apresentando a investidores os potenciais de Minas Gerais.<\/p>\n\n\n\n<p>Na ter\u00e7a-feira (14\/05), em Nova Iorque, o presidente da FIEMG, Fl\u00e1vio Roscoe, acompanhou a comitiva do governo do Estado em uma visita \u00e0 New York Stock Exchange (NYSE) para uma reuni\u00e3o com investidores e fundos internacionais que aportam recursos em infraestrutura. Na ocasi\u00e3o, Roscoe destacou as mudan\u00e7as promovidas pela atual gest\u00e3o no ambiente de neg\u00f3cios no Estado, e a import\u00e2ncia do governo na atra\u00e7\u00e3o de investimentos e no desenvolvimento econ\u00f4mico de Minas Gerais. Tamb\u00e9m ressaltou as oportunidades de neg\u00f3cios em infraestrutura e energia limpa no Estado.<\/p>\n\n\n\n<p>\u201cEssas mudan\u00e7as \u00e0s vezes levam tempo para gerar efeito, mas o que podemos ver \u00e9 a confian\u00e7a se construindo e o volume de investimentos crescendo a cada ano. E as consequ\u00eancias est\u00e3o em toda a economia. E existe uma capacidade muito grande de crescimento em Minas Gerais nos pr\u00f3ximos anos, especialmente em energia limpa e materiais estrat\u00e9gicos para a transi\u00e7\u00e3o\u201d, afirmou aos investidores.&nbsp;<\/p>\n\n\n\n<p>Al\u00e9m disso, Roscoe tamb\u00e9m acompanhou a 14\u00aa edi\u00e7\u00e3o do Lide Investment Forum Nova York, onde o governador Romeu Zema e outros 8 governadores de estados brasileiros, al\u00e9m de deputados federais, senadores e empres\u00e1rios, debateram o cen\u00e1rio pol\u00edtico e econ\u00f4mico do Brasil, o potencial de investimentos no pa\u00eds e o Pacto Federativo.<\/p>\n\n\n\n<p>\u201cEm rela\u00e7\u00e3o a esse tema, \u00e9 premente a rediscuss\u00e3o do Pacto Federativo porque aqueles estados que produzem s\u00e3o respons\u00e1veis por 80% da arrecada\u00e7\u00e3o, e carregam 93% das d\u00edvidas. Precisamos corrigir isso e dar oportunidade para que os estados que n\u00e3o t\u00eam capacidade de produzir, sejam inclu\u00eddos em um processo de desenvolvimento, eliminando a rela\u00e7\u00e3o de depend\u00eancia permanente da Uni\u00e3o\u201d, comentou o presidente Fl\u00e1vio Roscoe.<\/p>\n\n\n\n<p>Na \u00faltima segunda-feira (13\/5), a comitiva chefiada pelo governador Romeu Zema esteve no Bank of Am\u00e9rica, onde apresentou a carteira de investimentos em infraestrutura no Estado. Tamb\u00e9m se reuniu com a diretoria da Wabtec, empresa l\u00edder na ind\u00fastria ferrovi\u00e1ria h\u00e1 mais de 150 anos e que pretende alcan\u00e7ar um sistema ferrovi\u00e1rio de emiss\u00e3o zero de carbono nos EUA e no mundo.&nbsp;<\/p>\n\n\n\n<p>O presidente da FIEMG tamb\u00e9m acompanhou as duas agendas junto ao governo e destacou a import\u00e2ncia da miss\u00e3o. &#8220;Estamos aqui em Nova York visitando poss\u00edveis parceiros para Minas Gerais, \u00e0 procura de investimentos. Estivemos no Bank of Am\u00e9rica, onde o governador e sua equipe apresentaram as oportunidades, as concess\u00f5es p\u00fablicas e investimentos para esse banco que \u00e9 fundamental para esse processo de explora\u00e7\u00e3o e privatiza\u00e7\u00f5es. Depois estivemos com o CEO da Wabtec, que est\u00e1 procurando oportunidades para investir em Minas Gerais, inclusive com o centro de engenheiros, com oportunidade de empregar mais de 300 engenheiros&#8221;, disse.&nbsp;<\/p>\n\n\n\n<p>Tamb\u00e9m participam da Miss\u00e3o os secret\u00e1rios de Estado da Casa Civil (SCC), Marcelo Aro, de Desenvolvimento Econ\u00f4mico (Sede), Fernando Passalio; de Infraestrutura, Mobilidade e Parcerias (Seinfra), Pedro Bruno; e o diretor-presidente da Invest Minas, Jo\u00e3o Paulo Braga.<\/p>\n\n\n\n<p><em>Tha\u00eds Mota<\/em><br><strong>Imprensa FIEMG<\/strong><\/p>\n","protected":false},"featured_media":4075,"template":"","categories":[15],"tags":[757,79,758,167,759,760,761,762],"class_list":["post-4074","noticias","type-noticias","status-publish","has-post-thumbnail","hentry","category-desenvolvimento-industrial","tag-atracao-de-investimentos","tag-flavio-roscoe","tag-litio","tag-minas-gerais","tag-missao-estados-unidos","tag-missao-eua","tag-new-york-stock-exchange","tag-romeu-zema"],"acf":[],"yoast_head":"<!-- This site is optimized with the Yoast SEO plugin v26.2 - https:\/\/yoast.com\/wordpress\/plugins\/seo\/ -->\n<title>FIEMG participa de miss\u00e3o do governo de Minas aos Estados Unidos - FIEMG<\/title>\n<meta name=\"description\" content=\"A\u00e7\u00e3o visa a busca de parcerias e investimentos para gerar empregos e renda para os mineiros\" \/>\n<meta name=\"robots\" content=\"index, follow, max-snippet:-1, max-image-preview:large, max-video-preview:-1\" \/>\n<link rel=\"canonical\" href=\"https:\/\/www.fiemg.com.br\/fiemg\/noticias\/fiemg-participa-de-missao-do-governo-de-minas-aos-estados-unidos\/\" \/>\n<meta property=\"og:locale\" content=\"pt_BR\" \/>\n<meta property=\"og:type\" content=\"article\" \/>\n<meta property=\"og:title\" content=\"FIEMG participa de miss\u00e3o do governo de Minas aos Estados Unidos - FIEMG\" \/>\n<meta property=\"og:description\" content=\"A\u00e7\u00e3o visa a busca de parcerias e investimentos para gerar empregos e renda para os mineiros\" \/>\n<meta property=\"og:url\" content=\"https:\/\/www.fiemg.com.br\/fiemg\/noticias\/fiemg-participa-de-missao-do-governo-de-minas-aos-estados-unidos\/\" \/>\n<meta property=\"og:site_name\" content=\"FIEMG\" \/>\n<meta property=\"article:modified_time\" content=\"2024-05-15T18:05:37+00:00\" \/>\n<meta property=\"og:image\" content=\"https:\/\/www.fiemg.com.br\/fiemg\/wp-content\/uploads\/sites\/10\/2024\/05\/Missao-EUA-site-1.jpg\" \/>\n\t<meta property=\"og:image:width\" content=\"512\" \/>\n\t<meta property=\"og:image:height\" content=\"512\" \/>\n\t<meta property=\"og:image:type\" content=\"image\/jpeg\" \/>\n<meta name=\"twitter:card\" content=\"summary_large_image\" \/>\n<meta name=\"twitter:label1\" content=\"Est. tempo de leitura\" \/>\n\t<meta name=\"twitter:data1\" content=\"3 minutos\" \/>\n<script type=\"application\/ld+json\" class=\"yoast-schema-graph\">{\"@context\":\"https:\/\/schema.org\",\"@graph\":[{\"@type\":\"WebPage\",\"@id\":\"https:\/\/www.fiemg.com.br\/fiemg\/noticias\/fiemg-participa-de-missao-do-governo-de-minas-aos-estados-unidos\/\",\"url\":\"https:\/\/www.fiemg.com.br\/fiemg\/noticias\/fiemg-participa-de-missao-do-governo-de-minas-aos-estados-unidos\/\",\"name\":\"FIEMG participa de miss\u00e3o do governo de Minas aos Estados Unidos - FIEMG\",\"isPartOf\":{\"@id\":\"https:\/\/www.fiemg.com.br\/fiemg\/#website\"},\"primaryImageOfPage\":{\"@id\":\"https:\/\/www.fiemg.com.br\/fiemg\/noticias\/fiemg-participa-de-missao-do-governo-de-minas-aos-estados-unidos\/#primaryimage\"},\"image\":{\"@id\":\"https:\/\/www.fiemg.com.br\/fiemg\/noticias\/fiemg-participa-de-missao-do-governo-de-minas-aos-estados-unidos\/#primaryimage\"},\"thumbnailUrl\":\"https:\/\/www.fiemg.com.br\/fiemg\/wp-content\/uploads\/sites\/10\/2024\/05\/Missao-EUA-site-1.jpg\",\"datePublished\":\"2024-05-15T18:05:30+00:00\",\"dateModified\":\"2024-05-15T18:05:37+00:00\",\"description\":\"A\u00e7\u00e3o visa a busca de parcerias e investimentos para gerar empregos e renda para os mineiros\",\"breadcrumb\":{\"@id\":\"https:\/\/www.fiemg.com.br\/fiemg\/noticias\/fiemg-participa-de-missao-do-governo-de-minas-aos-estados-unidos\/#breadcrumb\"},\"inLanguage\":\"pt-BR\",\"potentialAction\":[{\"@type\":\"ReadAction\",\"target\":[\"https:\/\/www.fiemg.com.br\/fiemg\/noticias\/fiemg-participa-de-missao-do-governo-de-minas-aos-estados-unidos\/\"]}]},{\"@type\":\"ImageObject\",\"inLanguage\":\"pt-BR\",\"@id\":\"https:\/\/www.fiemg.com.br\/fiemg\/noticias\/fiemg-participa-de-missao-do-governo-de-minas-aos-estados-unidos\/#primaryimage\",\"url\":\"https:\/\/www.fiemg.com.br\/fiemg\/wp-content\/uploads\/sites\/10\/2024\/05\/Missao-EUA-site-1.jpg\",\"contentUrl\":\"https:\/\/www.fiemg.com.br\/fiemg\/wp-content\/uploads\/sites\/10\/2024\/05\/Missao-EUA-site-1.jpg\",\"width\":512,\"height\":512,\"caption\":\"Miss\u00e3o EUA\"},{\"@type\":\"BreadcrumbList\",\"@id\":\"https:\/\/www.fiemg.com.br\/fiemg\/noticias\/fiemg-participa-de-missao-do-governo-de-minas-aos-estados-unidos\/#breadcrumb\",\"itemListElement\":[{\"@type\":\"ListItem\",\"position\":1,\"name\":\"In\u00edcio\",\"item\":\"https:\/\/www.fiemg.com.br\/fiemg\/\"},{\"@type\":\"ListItem\",\"position\":2,\"name\":\"FIEMG participa de miss\u00e3o do governo de Minas aos Estados Unidos\"}]},{\"@type\":\"WebSite\",\"@id\":\"https:\/\/www.fiemg.com.br\/fiemg\/#website\",\"url\":\"https:\/\/www.fiemg.com.br\/fiemg\/\",\"name\":\"FIEMG\",\"description\":\"Federa\u00e7\u00e3o das Ind\u00fastrias do Estado de Minas Gerais\",\"publisher\":{\"@id\":\"https:\/\/www.fiemg.com.br\/fiemg\/#organization\"},\"potentialAction\":[{\"@type\":\"SearchAction\",\"target\":{\"@type\":\"EntryPoint\",\"urlTemplate\":\"https:\/\/www.fiemg.com.br\/fiemg\/?s={search_term_string}\"},\"query-input\":{\"@type\":\"PropertyValueSpecification\",\"valueRequired\":true,\"valueName\":\"search_term_string\"}}],\"inLanguage\":\"pt-BR\"},{\"@type\":\"Organization\",\"@id\":\"https:\/\/www.fiemg.com.br\/fiemg\/#organization\",\"name\":\"FIEMG\",\"url\":\"https:\/\/www.fiemg.com.br\/fiemg\/\",\"logo\":{\"@type\":\"ImageObject\",\"inLanguage\":\"pt-BR\",\"@id\":\"https:\/\/www.fiemg.com.br\/fiemg\/#\/schema\/logo\/image\/\",\"url\":\"https:\/\/www.fiemg.com.br\/fiemg\/wp-content\/uploads\/sites\/10\/2023\/02\/fiemg_branco.svg\",\"contentUrl\":\"https:\/\/www.fiemg.com.br\/fiemg\/wp-content\/uploads\/sites\/10\/2023\/02\/fiemg_branco.svg\",\"width\":561,\"height\":147,\"caption\":\"FIEMG\"},\"image\":{\"@id\":\"https:\/\/www.fiemg.com.br\/fiemg\/#\/schema\/logo\/image\/\"}}]}<\/script>\n<!-- \/ Yoast SEO plugin. -->","yoast_head_json":{"title":"FIEMG participa de miss\u00e3o do governo de Minas aos Estados Unidos - FIEMG","description":"A\u00e7\u00e3o visa a busca de parcerias e investimentos para gerar empregos e renda para os mineiros","robots":{"index":"index","follow":"follow","max-snippet":"max-snippet:-1","max-image-preview":"max-image-preview:large","max-video-preview":"max-video-preview:-1"},"canonical":"https:\/\/www.fiemg.com.br\/fiemg\/noticias\/fiemg-participa-de-missao-do-governo-de-minas-aos-estados-unidos\/","og_locale":"pt_BR","og_type":"article","og_title":"FIEMG participa de miss\u00e3o do governo de Minas aos Estados Unidos - FIEMG","og_description":"A\u00e7\u00e3o visa a busca de parcerias e investimentos para gerar empregos e renda para os mineiros","og_url":"https:\/\/www.fiemg.com.br\/fiemg\/noticias\/fiemg-participa-de-missao-do-governo-de-minas-aos-estados-unidos\/","og_site_name":"FIEMG","article_modified_time":"2024-05-15T18:05:37+00:00","og_image":[{"width":512,"height":512,"url":"https:\/\/www.fiemg.com.br\/fiemg\/wp-content\/uploads\/sites\/10\/2024\/05\/Missao-EUA-site-1.jpg","type":"image\/jpeg"}],"twitter_card":"summary_large_image","twitter_misc":{"Est. tempo de leitura":"3 minutos"},"schema":{"@context":"https:\/\/schema.org","@graph":[{"@type":"WebPage","@id":"https:\/\/www.fiemg.com.br\/fiemg\/noticias\/fiemg-participa-de-missao-do-governo-de-minas-aos-estados-unidos\/","url":"https:\/\/www.fiemg.com.br\/fiemg\/noticias\/fiemg-participa-de-missao-do-governo-de-minas-aos-estados-unidos\/","name":"FIEMG participa de miss\u00e3o do governo de Minas aos Estados Unidos - FIEMG","isPartOf":{"@id":"https:\/\/www.fiemg.com.br\/fiemg\/#website"},"primaryImageOfPage":{"@id":"https:\/\/www.fiemg.com.br\/fiemg\/noticias\/fiemg-participa-de-missao-do-governo-de-minas-aos-estados-unidos\/#primaryimage"},"image":{"@id":"https:\/\/www.fiemg.com.br\/fiemg\/noticias\/fiemg-participa-de-missao-do-governo-de-minas-aos-estados-unidos\/#primaryimage"},"thumbnailUrl":"https:\/\/www.fiemg.com.br\/fiemg\/wp-content\/uploads\/sites\/10\/2024\/05\/Missao-EUA-site-1.jpg","datePublished":"2024-05-15T18:05:30+00:00","dateModified":"2024-05-15T18:05:37+00:00","description":"A\u00e7\u00e3o visa a busca de parcerias e investimentos para gerar empregos e renda para os mineiros","breadcrumb":{"@id":"https:\/\/www.fiemg.com.br\/fiemg\/noticias\/fiemg-participa-de-missao-do-governo-de-minas-aos-estados-unidos\/#breadcrumb"},"inLanguage":"pt-BR","potentialAction":[{"@type":"ReadAction","target":["https:\/\/www.fiemg.com.br\/fiemg\/noticias\/fiemg-participa-de-missao-do-governo-de-minas-aos-estados-unidos\/"]}]},{"@type":"ImageObject","inLanguage":"pt-BR","@id":"https:\/\/www.fiemg.com.br\/fiemg\/noticias\/fiemg-participa-de-missao-do-governo-de-minas-aos-estados-unidos\/#primaryimage","url":"https:\/\/www.fiemg.com.br\/fiemg\/wp-content\/uploads\/sites\/10\/2024\/05\/Missao-EUA-site-1.jpg","contentUrl":"https:\/\/www.fiemg.com.br\/fiemg\/wp-content\/uploads\/sites\/10\/2024\/05\/Missao-EUA-site-1.jpg","width":512,"height":512,"caption":"Miss\u00e3o EUA"},{"@type":"BreadcrumbList","@id":"https:\/\/www.fiemg.com.br\/fiemg\/noticias\/fiemg-participa-de-missao-do-governo-de-minas-aos-estados-unidos\/#breadcrumb","itemListElement":[{"@type":"ListItem","position":1,"name":"In\u00edcio","item":"https:\/\/www.fiemg.com.br\/fiemg\/"},{"@type":"ListItem","position":2,"name":"FIEMG participa de miss\u00e3o do governo de Minas aos Estados Unidos"}]},{"@type":"WebSite","@id":"https:\/\/www.fiemg.com.br\/fiemg\/#website","url":"https:\/\/www.fiemg.com.br\/fiemg\/","name":"FIEMG","description":"Federa\u00e7\u00e3o das Ind\u00fastrias do Estado de Minas Gerais","publisher":{"@id":"https:\/\/www.fiemg.com.br\/fiemg\/#organization"},"potentialAction":[{"@type":"SearchAction","target":{"@type":"EntryPoint","urlTemplate":"https:\/\/www.fiemg.com.br\/fiemg\/?s={search_term_string}"},"query-input":{"@type":"PropertyValueSpecification","valueRequired":true,"valueName":"search_term_string"}}],"inLanguage":"pt-BR"},{"@type":"Organization","@id":"https:\/\/www.fiemg.com.br\/fiemg\/#organization","name":"FIEMG","url":"https:\/\/www.fiemg.com.br\/fiemg\/","logo":{"@type":"ImageObject","inLanguage":"pt-BR","@id":"https:\/\/www.fiemg.com.br\/fiemg\/#\/schema\/logo\/image\/","url":"https:\/\/www.fiemg.com.br\/fiemg\/wp-content\/uploads\/sites\/10\/2023\/02\/fiemg_branco.svg","contentUrl":"https:\/\/www.fiemg.com.br\/fiemg\/wp-content\/uploads\/sites\/10\/2023\/02\/fiemg_branco.svg","width":561,"height":147,"caption":"FIEMG"},"image":{"@id":"https:\/\/www.fiemg.com.br\/fiemg\/#\/schema\/logo\/image\/"}}]}},"_links":{"self":[{"href":"https:\/\/www.fiemg.com.br\/fiemg\/wp-json\/wp\/v2\/noticias\/4074","targetHints":{"allow":["GET"]}}],"collection":[{"href":"https:\/\/www.fiemg.com.br\/fiemg\/wp-json\/wp\/v2\/noticias"}],"about":[{"href":"https:\/\/www.fiemg.com.br\/fiemg\/wp-json\/wp\/v2\/types\/noticias"}],"wp:featuredmedia":[{"embeddable":true,"href":"https:\/\/www.fiemg.com.br\/fiemg\/wp-json\/wp\/v2\/media\/4075"}],"wp:attachment":[{"href":"https:\/\/www.fiemg.com.br\/fiemg\/wp-json\/wp\/v2\/media?parent=4074"}],"wp:term":[{"taxonomy":"category","embeddable":true,"href":"https:\/\/www.fiemg.com.br\/fiemg\/wp-json\/wp\/v2\/categories?post=4074"},{"taxonomy":"post_tag","embeddable":true,"href":"https:\/\/www.fiemg.com.br\/fiemg\/wp-json\/wp\/v2\/tags?post=4074"}],"curies":[{"name":"wp","href":"https:\/\/api.w.org\/{rel}","templated":true}]}}